{"id":19493,"date":"2011-05-12T08:38:28","date_gmt":"2011-05-12T11:38:28","guid":{"rendered":"http:\/\/www.inclusive.org.br\/?p=19493"},"modified":"2011-05-12T08:38:28","modified_gmt":"2011-05-12T11:38:28","slug":"direitos-humanos-apoia-aposentadoria-especial-para-pessoas-com-deficiencia","status":"publish","type":"post","link":"https:\/\/inclusivenews.com.br\/?p=19493","title":{"rendered":"Direitos Humanos ap\u00f3ia aposentadoria especial para pessoas com defici\u00eancia"},"content":{"rendered":"<p><a href=\"http:\/\/www.inclusivenews.com.br\/wp-content\/uploads\/2009\/11\/6dadf6c0dd20091123101804.jpg\"><img loading=\"lazy\" decoding=\"async\" class=\"alignleft size-full wp-image-12671\" title=\"Acessibilidade arquitet\u00f4nica\" src=\"http:\/\/inclusivenews.com.br\/wp-content\/uploads\/2009\/11\/6dadf6c0dd20091123101804.jpg\" alt=\"\" width=\"200\" height=\"201\" srcset=\"https:\/\/inclusivenews.com.br\/wp-content\/uploads\/2009\/11\/6dadf6c0dd20091123101804.jpg 200w, https:\/\/inclusivenews.com.br\/wp-content\/uploads\/2009\/11\/6dadf6c0dd20091123101804-150x150.jpg 150w\" sizes=\"auto, (max-width: 200px) 100vw, 200px\" \/><\/a><\/p>\n<p>A secret\u00e1ria em exerc\u00edcio\u00a0da Secretaria Nacional de Promo\u00e7\u00e3o dos  Direitos da Pessoa com Defici\u00eancia, Ana Paula Crosara de Resende,  representou a Secretaria de Direitos Humanos (SDH\/PR) na Subcomiss\u00e3o  Permanente das Pessoas com Defici\u00eancia, da Comiss\u00e3o de Assuntos Sociais  (CAS), realizada na quinta-feira passada (5). A pauta abordou temas  relativos \u00e0 aposentadoria especial no Regime Geral de Previd\u00eancia Social  e no servi\u00e7o p\u00fablico, ao Benef\u00edcio da Presta\u00e7\u00e3o Continuada e \u00e0 pens\u00e3o  por morte.<\/p>\n<p>A aprova\u00e7\u00e3o do projeto que garante aposentadoria  especial \u00e0s pessoas com defici\u00eancia vinculadas ao Regime Geral de  Previd\u00eancia Social (PLC 40\/10) \u201ctem condi\u00e7\u00f5es de ser aprovada no senado,  de acordo com o senador Lindbergh Farias (PT-RJ), que \u00e9 presidente da  subcomiss\u00e3o e relator do projeto na Comiss\u00e3o de Assuntos Econ\u00f4micos  (CAE). Ele j\u00e1 conversou com os segmentos envolvidos e com o ministro da  Previd\u00eancia Social, Garibaldi Alves Filho.<\/p>\n<p>O PLC 40\/10 j\u00e1 foi  aprovado na C\u00e2mara, na Comiss\u00e3o de Direitos Humanos (CDH) e na CAS.  Autor da proposta, o ex-deputado Leonardo Mattos disse estar preocupado  quanto \u00e0 indefini\u00e7\u00e3o das categorias de pessoas com defici\u00eancia.<\/p>\n<p>A  diretora do Departamento de Benef\u00edcios Assistenciais do Minist\u00e9rio do  Desenvolvimento Social, Maria Jos\u00e9 de Freitas, ressaltou que o crit\u00e9rio  para concess\u00e3o do BPC \u00e9 o sugerido pela Organiza\u00e7\u00e3o Mundial da Sa\u00fade,  que incorpora fatores socioambientais para caracterizar as pessoas com  defici\u00eancia.<\/p>\n<p>Para a subprocuradora-geral do Trabalho Maria  Aparecida Gugel, as regras devem ser aperfei\u00e7oadas para assegurar  reabilita\u00e7\u00e3o, acesso a pr\u00f3teses e habilita\u00e7\u00e3o ao trabalho.<\/p>\n<p>\u201c\u00c9  importante que a Secretaria de Direitos Humanos participe de todas as  discuss\u00f5es que envolvam as pessoas com defici\u00eancia. Os temas tratados na  Audi\u00eancia P\u00fablica merecem reflex\u00f5es, como as proporcionadas neste  evento.\u201d assegura Ana Paula.<\/p>\n<p>Fonte: Ag\u00eancia Senado<\/p>\n","protected":false},"excerpt":{"rendered":"<p>O PLC 40\/10 j\u00e1 foi aprovado na C\u00e2mara, na Comiss\u00e3o de Direitos Humanos (CDH) e na CAS. <\/p>\n","protected":false},"author":1,"featured_media":0,"comment_status":"open","ping_status":"open","sticky":false,"template":"","format":"standard","meta":{"site-container-style":"default","site-container-layout":"default","site-sidebar-layout":"default","disable-article-header":"default","disable-site-header":"default","disable-site-footer":"default","disable-content-area-spacing":"default","footnotes":""},"categories":[38,26,4],"tags":[],"class_list":["post-19493","post","type-post","status-publish","format-standard","hentry","category-deficiencia","category-legislacao","category-noticias"],"yoast_head":"<!-- This site is optimized with the Yoast SEO plugin v27.4 - https:\/\/yoast.com\/product\/yoast-seo-wordpress\/ -->\n<title>Direitos Humanos ap\u00f3ia aposentadoria especial para pessoas com defici\u00eancia -<\/title>\n<meta name=\"robots\" content=\"index, follow, max-snippet:-1, max-image-preview:large, max-video-preview:-1\" \/>\n<link rel=\"canonical\" href=\"https:\/\/inclusivenews.com.br\/?p=19493\" \/>\n<meta property=\"og:locale\" content=\"pt_PT\" \/>\n<meta property=\"og:type\" content=\"article\" \/>\n<meta property=\"og:title\" content=\"Direitos Humanos ap\u00f3ia aposentadoria especial para pessoas com defici\u00eancia -\" \/>\n<meta property=\"og:description\" content=\"O PLC 40\/10 j\u00e1 foi aprovado na C\u00e2mara, na Comiss\u00e3o de Direitos Humanos (CDH) e na CAS.\" \/>\n<meta property=\"og:url\" content=\"https:\/\/inclusivenews.com.br\/?p=19493\" \/>\n<meta property=\"article:publisher\" content=\"https:\/\/www.facebook.com\/agenciainclusive\/\" \/>\n<meta property=\"article:published_time\" content=\"2011-05-12T11:38:28+00:00\" \/>\n<meta property=\"og:image\" content=\"http:\/\/inclusivenews.com.br\/wp-content\/uploads\/2009\/11\/6dadf6c0dd20091123101804.jpg\" \/>\n<meta name=\"author\" content=\"inclusivenews2024\" \/>\n<meta name=\"twitter:card\" content=\"summary_large_image\" \/>\n<meta name=\"twitter:label1\" content=\"Escrito por\" \/>\n\t<meta name=\"twitter:data1\" content=\"inclusivenews2024\" \/>\n\t<meta name=\"twitter:label2\" content=\"Tempo estimado de leitura\" \/>\n\t<meta name=\"twitter:data2\" content=\"2 minutos\" \/>\n<script type=\"application\/ld+json\" class=\"yoast-schema-graph\">{\"@context\":\"https:\\\/\\\/schema.org\",\"@graph\":[{\"@type\":\"Article\",\"@id\":\"https:\\\/\\\/inclusivenews.com.br\\\/?p=19493#article\",\"isPartOf\":{\"@id\":\"https:\\\/\\\/inclusivenews.com.br\\\/?p=19493\"},\"author\":{\"name\":\"inclusivenews2024\",\"@id\":\"https:\\\/\\\/inclusivenews.com.br\\\/#\\\/schema\\\/person\\\/ae4ec7087559b8692fb33b6fffd2273b\"},\"headline\":\"Direitos Humanos ap\u00f3ia aposentadoria especial para pessoas com defici\u00eancia\",\"datePublished\":\"2011-05-12T11:38:28+00:00\",\"mainEntityOfPage\":{\"@id\":\"https:\\\/\\\/inclusivenews.com.br\\\/?p=19493\"},\"wordCount\":325,\"commentCount\":0,\"publisher\":{\"@id\":\"https:\\\/\\\/inclusivenews.com.br\\\/#organization\"},\"image\":{\"@id\":\"https:\\\/\\\/inclusivenews.com.br\\\/?p=19493#primaryimage\"},\"thumbnailUrl\":\"http:\\\/\\\/inclusivenews.com.br\\\/wp-content\\\/uploads\\\/2009\\\/11\\\/6dadf6c0dd20091123101804.jpg\",\"articleSection\":[\"Defici\u00eancia\",\"Legisla\u00e7\u00e3o ...\",\"NOT\u00cdCIAS\"],\"inLanguage\":\"pt-PT\",\"potentialAction\":[{\"@type\":\"CommentAction\",\"name\":\"Comment\",\"target\":[\"https:\\\/\\\/inclusivenews.com.br\\\/?p=19493#respond\"]}]},{\"@type\":\"WebPage\",\"@id\":\"https:\\\/\\\/inclusivenews.com.br\\\/?p=19493\",\"url\":\"https:\\\/\\\/inclusivenews.com.br\\\/?p=19493\",\"name\":\"Direitos Humanos ap\u00f3ia aposentadoria especial para pessoas com defici\u00eancia -\",\"isPartOf\":{\"@id\":\"https:\\\/\\\/inclusivenews.com.br\\\/#website\"},\"primaryImageOfPage\":{\"@id\":\"https:\\\/\\\/inclusivenews.com.br\\\/?p=19493#primaryimage\"},\"image\":{\"@id\":\"https:\\\/\\\/inclusivenews.com.br\\\/?p=19493#primaryimage\"},\"thumbnailUrl\":\"http:\\\/\\\/inclusivenews.com.br\\\/wp-content\\\/uploads\\\/2009\\\/11\\\/6dadf6c0dd20091123101804.jpg\",\"datePublished\":\"2011-05-12T11:38:28+00:00\",\"breadcrumb\":{\"@id\":\"https:\\\/\\\/inclusivenews.com.br\\\/?p=19493#breadcrumb\"},\"inLanguage\":\"pt-PT\",\"potentialAction\":[{\"@type\":\"ReadAction\",\"target\":[\"https:\\\/\\\/inclusivenews.com.br\\\/?p=19493\"]}]},{\"@type\":\"ImageObject\",\"inLanguage\":\"pt-PT\",\"@id\":\"https:\\\/\\\/inclusivenews.com.br\\\/?p=19493#primaryimage\",\"url\":\"https:\\\/\\\/inclusivenews.com.br\\\/wp-content\\\/uploads\\\/2009\\\/11\\\/6dadf6c0dd20091123101804.jpg\",\"contentUrl\":\"https:\\\/\\\/inclusivenews.com.br\\\/wp-content\\\/uploads\\\/2009\\\/11\\\/6dadf6c0dd20091123101804.jpg\",\"width\":200,\"height\":201},{\"@type\":\"BreadcrumbList\",\"@id\":\"https:\\\/\\\/inclusivenews.com.br\\\/?p=19493#breadcrumb\",\"itemListElement\":[{\"@type\":\"ListItem\",\"position\":1,\"name\":\"In\u00edcio\",\"item\":\"https:\\\/\\\/inclusivenews.com.br\\\/\"},{\"@type\":\"ListItem\",\"position\":2,\"name\":\"Direitos Humanos ap\u00f3ia aposentadoria especial para pessoas com defici\u00eancia\"}]},{\"@type\":\"WebSite\",\"@id\":\"https:\\\/\\\/inclusivenews.com.br\\\/#website\",\"url\":\"https:\\\/\\\/inclusivenews.com.br\\\/\",\"name\":\"Inclusive News\",\"description\":\"Inclusive News\",\"publisher\":{\"@id\":\"https:\\\/\\\/inclusivenews.com.br\\\/#organization\"},\"potentialAction\":[{\"@type\":\"SearchAction\",\"target\":{\"@type\":\"EntryPoint\",\"urlTemplate\":\"https:\\\/\\\/inclusivenews.com.br\\\/?s={search_term_string}\"},\"query-input\":{\"@type\":\"PropertyValueSpecification\",\"valueRequired\":true,\"valueName\":\"search_term_string\"}}],\"inLanguage\":\"pt-PT\"},{\"@type\":\"Organization\",\"@id\":\"https:\\\/\\\/inclusivenews.com.br\\\/#organization\",\"name\":\"Inclusive - inclus\u00e3o e cidadania\",\"url\":\"https:\\\/\\\/inclusivenews.com.br\\\/\",\"logo\":{\"@type\":\"ImageObject\",\"inLanguage\":\"pt-PT\",\"@id\":\"https:\\\/\\\/inclusivenews.com.br\\\/#\\\/schema\\\/logo\\\/image\\\/\",\"url\":\"https:\\\/\\\/inclusivenews.com.br\\\/wp-content\\\/uploads\\\/2024\\\/03\\\/@grandesite.png\",\"contentUrl\":\"https:\\\/\\\/inclusivenews.com.br\\\/wp-content\\\/uploads\\\/2024\\\/03\\\/@grandesite.png\",\"width\":1080,\"height\":1080,\"caption\":\"Inclusive - inclus\u00e3o e cidadania\"},\"image\":{\"@id\":\"https:\\\/\\\/inclusivenews.com.br\\\/#\\\/schema\\\/logo\\\/image\\\/\"},\"sameAs\":[\"https:\\\/\\\/www.facebook.com\\\/agenciainclusive\\\/\",\"https:\\\/\\\/www.instagram.com\\\/newsinclusive\\\/\"]},{\"@type\":\"Person\",\"@id\":\"https:\\\/\\\/inclusivenews.com.br\\\/#\\\/schema\\\/person\\\/ae4ec7087559b8692fb33b6fffd2273b\",\"name\":\"inclusivenews2024\",\"image\":{\"@type\":\"ImageObject\",\"inLanguage\":\"pt-PT\",\"@id\":\"https:\\\/\\\/secure.gravatar.com\\\/avatar\\\/c5a7ef84c66fa914f55bc4f7ce26cfa275a3b9a1c5568b907bd184fb4dde7b40?s=96&d=mm&r=g\",\"url\":\"https:\\\/\\\/secure.gravatar.com\\\/avatar\\\/c5a7ef84c66fa914f55bc4f7ce26cfa275a3b9a1c5568b907bd184fb4dde7b40?s=96&d=mm&r=g\",\"contentUrl\":\"https:\\\/\\\/secure.gravatar.com\\\/avatar\\\/c5a7ef84c66fa914f55bc4f7ce26cfa275a3b9a1c5568b907bd184fb4dde7b40?s=96&d=mm&r=g\",\"caption\":\"inclusivenews2024\"},\"sameAs\":[\"https:\\\/\\\/inclusivenews.com.br\"],\"url\":\"https:\\\/\\\/inclusivenews.com.br\\\/?author=1\"}]}<\/script>\n<!-- \/ Yoast SEO plugin. -->","yoast_head_json":{"title":"Direitos Humanos ap\u00f3ia aposentadoria especial para pessoas com defici\u00eancia -","robots":{"index":"index","follow":"follow","max-snippet":"max-snippet:-1","max-image-preview":"max-image-preview:large","max-video-preview":"max-video-preview:-1"},"canonical":"https:\/\/inclusivenews.com.br\/?p=19493","og_locale":"pt_PT","og_type":"article","og_title":"Direitos Humanos ap\u00f3ia aposentadoria especial para pessoas com defici\u00eancia -","og_description":"O PLC 40\/10 j\u00e1 foi aprovado na C\u00e2mara, na Comiss\u00e3o de Direitos Humanos (CDH) e na CAS.","og_url":"https:\/\/inclusivenews.com.br\/?p=19493","article_publisher":"https:\/\/www.facebook.com\/agenciainclusive\/","article_published_time":"2011-05-12T11:38:28+00:00","og_image":[{"url":"http:\/\/inclusivenews.com.br\/wp-content\/uploads\/2009\/11\/6dadf6c0dd20091123101804.jpg","type":"","width":"","height":""}],"author":"inclusivenews2024","twitter_card":"summary_large_image","twitter_misc":{"Escrito por":"inclusivenews2024","Tempo estimado de leitura":"2 minutos"},"schema":{"@context":"https:\/\/schema.org","@graph":[{"@type":"Article","@id":"https:\/\/inclusivenews.com.br\/?p=19493#article","isPartOf":{"@id":"https:\/\/inclusivenews.com.br\/?p=19493"},"author":{"name":"inclusivenews2024","@id":"https:\/\/inclusivenews.com.br\/#\/schema\/person\/ae4ec7087559b8692fb33b6fffd2273b"},"headline":"Direitos Humanos ap\u00f3ia aposentadoria especial para pessoas com defici\u00eancia","datePublished":"2011-05-12T11:38:28+00:00","mainEntityOfPage":{"@id":"https:\/\/inclusivenews.com.br\/?p=19493"},"wordCount":325,"commentCount":0,"publisher":{"@id":"https:\/\/inclusivenews.com.br\/#organization"},"image":{"@id":"https:\/\/inclusivenews.com.br\/?p=19493#primaryimage"},"thumbnailUrl":"http:\/\/inclusivenews.com.br\/wp-content\/uploads\/2009\/11\/6dadf6c0dd20091123101804.jpg","articleSection":["Defici\u00eancia","Legisla\u00e7\u00e3o ...","NOT\u00cdCIAS"],"inLanguage":"pt-PT","potentialAction":[{"@type":"CommentAction","name":"Comment","target":["https:\/\/inclusivenews.com.br\/?p=19493#respond"]}]},{"@type":"WebPage","@id":"https:\/\/inclusivenews.com.br\/?p=19493","url":"https:\/\/inclusivenews.com.br\/?p=19493","name":"Direitos Humanos ap\u00f3ia aposentadoria especial para pessoas com defici\u00eancia -","isPartOf":{"@id":"https:\/\/inclusivenews.com.br\/#website"},"primaryImageOfPage":{"@id":"https:\/\/inclusivenews.com.br\/?p=19493#primaryimage"},"image":{"@id":"https:\/\/inclusivenews.com.br\/?p=19493#primaryimage"},"thumbnailUrl":"http:\/\/inclusivenews.com.br\/wp-content\/uploads\/2009\/11\/6dadf6c0dd20091123101804.jpg","datePublished":"2011-05-12T11:38:28+00:00","breadcrumb":{"@id":"https:\/\/inclusivenews.com.br\/?p=19493#breadcrumb"},"inLanguage":"pt-PT","potentialAction":[{"@type":"ReadAction","target":["https:\/\/inclusivenews.com.br\/?p=19493"]}]},{"@type":"ImageObject","inLanguage":"pt-PT","@id":"https:\/\/inclusivenews.com.br\/?p=19493#primaryimage","url":"https:\/\/inclusivenews.com.br\/wp-content\/uploads\/2009\/11\/6dadf6c0dd20091123101804.jpg","contentUrl":"https:\/\/inclusivenews.com.br\/wp-content\/uploads\/2009\/11\/6dadf6c0dd20091123101804.jpg","width":200,"height":201},{"@type":"BreadcrumbList","@id":"https:\/\/inclusivenews.com.br\/?p=19493#breadcrumb","itemListElement":[{"@type":"ListItem","position":1,"name":"In\u00edcio","item":"https:\/\/inclusivenews.com.br\/"},{"@type":"ListItem","position":2,"name":"Direitos Humanos ap\u00f3ia aposentadoria especial para pessoas com defici\u00eancia"}]},{"@type":"WebSite","@id":"https:\/\/inclusivenews.com.br\/#website","url":"https:\/\/inclusivenews.com.br\/","name":"Inclusive News","description":"Inclusive News","publisher":{"@id":"https:\/\/inclusivenews.com.br\/#organization"},"potentialAction":[{"@type":"SearchAction","target":{"@type":"EntryPoint","urlTemplate":"https:\/\/inclusivenews.com.br\/?s={search_term_string}"},"query-input":{"@type":"PropertyValueSpecification","valueRequired":true,"valueName":"search_term_string"}}],"inLanguage":"pt-PT"},{"@type":"Organization","@id":"https:\/\/inclusivenews.com.br\/#organization","name":"Inclusive - inclus\u00e3o e cidadania","url":"https:\/\/inclusivenews.com.br\/","logo":{"@type":"ImageObject","inLanguage":"pt-PT","@id":"https:\/\/inclusivenews.com.br\/#\/schema\/logo\/image\/","url":"https:\/\/inclusivenews.com.br\/wp-content\/uploads\/2024\/03\/@grandesite.png","contentUrl":"https:\/\/inclusivenews.com.br\/wp-content\/uploads\/2024\/03\/@grandesite.png","width":1080,"height":1080,"caption":"Inclusive - inclus\u00e3o e cidadania"},"image":{"@id":"https:\/\/inclusivenews.com.br\/#\/schema\/logo\/image\/"},"sameAs":["https:\/\/www.facebook.com\/agenciainclusive\/","https:\/\/www.instagram.com\/newsinclusive\/"]},{"@type":"Person","@id":"https:\/\/inclusivenews.com.br\/#\/schema\/person\/ae4ec7087559b8692fb33b6fffd2273b","name":"inclusivenews2024","image":{"@type":"ImageObject","inLanguage":"pt-PT","@id":"https:\/\/secure.gravatar.com\/avatar\/c5a7ef84c66fa914f55bc4f7ce26cfa275a3b9a1c5568b907bd184fb4dde7b40?s=96&d=mm&r=g","url":"https:\/\/secure.gravatar.com\/avatar\/c5a7ef84c66fa914f55bc4f7ce26cfa275a3b9a1c5568b907bd184fb4dde7b40?s=96&d=mm&r=g","contentUrl":"https:\/\/secure.gravatar.com\/avatar\/c5a7ef84c66fa914f55bc4f7ce26cfa275a3b9a1c5568b907bd184fb4dde7b40?s=96&d=mm&r=g","caption":"inclusivenews2024"},"sameAs":["https:\/\/inclusivenews.com.br"],"url":"https:\/\/inclusivenews.com.br\/?author=1"}]}},"_links":{"self":[{"href":"https:\/\/inclusivenews.com.br\/index.php?rest_route=\/wp\/v2\/posts\/19493","targetHints":{"allow":["GET"]}}],"collection":[{"href":"https:\/\/inclusivenews.com.br\/index.php?rest_route=\/wp\/v2\/posts"}],"about":[{"href":"https:\/\/inclusivenews.com.br\/index.php?rest_route=\/wp\/v2\/types\/post"}],"author":[{"embeddable":true,"href":"https:\/\/inclusivenews.com.br\/index.php?rest_route=\/wp\/v2\/users\/1"}],"replies":[{"embeddable":true,"href":"https:\/\/inclusivenews.com.br\/index.php?rest_route=%2Fwp%2Fv2%2Fcomments&post=19493"}],"version-history":[{"count":0,"href":"https:\/\/inclusivenews.com.br\/index.php?rest_route=\/wp\/v2\/posts\/19493\/revisions"}],"wp:attachment":[{"href":"https:\/\/inclusivenews.com.br\/index.php?rest_route=%2Fwp%2Fv2%2Fmedia&parent=19493"}],"wp:term":[{"taxonomy":"category","embeddable":true,"href":"https:\/\/inclusivenews.com.br\/index.php?rest_route=%2Fwp%2Fv2%2Fcategories&post=19493"},{"taxonomy":"post_tag","embeddable":true,"href":"https:\/\/inclusivenews.com.br\/index.php?rest_route=%2Fwp%2Fv2%2Ftags&post=19493"}],"curies":[{"name":"wp","href":"https:\/\/api.w.org\/{rel}","templated":true}]}}