{"id":19559,"date":"2011-05-19T11:27:17","date_gmt":"2011-05-19T14:27:17","guid":{"rendered":"http:\/\/www.inclusive.org.br\/?p=19559"},"modified":"2011-05-19T11:27:17","modified_gmt":"2011-05-19T14:27:17","slug":"seminario-debate-a-politica-nacional-de-educacao-inclusiva-em-umaruama","status":"publish","type":"post","link":"https:\/\/inclusivenews.com.br\/?p=19559","title":{"rendered":"Semin\u00e1rio debate a Pol\u00edtica Nacional de Educa\u00e7\u00e3o Inclusiva em Umaruama"},"content":{"rendered":"<p><img loading=\"lazy\" decoding=\"async\" class=\"alignleft size-full wp-image-12981\" title=\"Inclusive - alunos fazendo arte e pinturas no ch\u00e3o.\" src=\"http:\/\/inclusivenews.com.br\/wp-content\/uploads\/2009\/12\/participacao.jpg\" alt=\"Inclusive - alunos fazendo arte e pinturas no ch\u00e3o.\" width=\"226\" height=\"168\" \/>O V Semin\u00e1rio do Programa Educa\u00e7\u00e3o Inclusiva: Direito \u00e0 Diversidade teve abertura no dia 09, pela manh\u00e3, no anfiteatro do Hotel Spazio, em Umuarama. Na abertura, a secret\u00e1ria municipal de Educa\u00e7\u00e3o, Elisangela Pierin dos Santos, destacou a import\u00e2ncia do semin\u00e1rio.<\/p>\n<p>\u201c\u00c9 preciso garantir a todos, a seguran\u00e7a nas escolas, e esta \u00e9 uma das metas a serem alcan\u00e7adas atrav\u00e9s deste semin\u00e1rio. Acredito que a educa\u00e7\u00e3o tem papel fundamental para que isso que aconte\u00e7a\u201d, ressaltou.<\/p>\n<p>O chefe do N\u00facleo Regional de Educa\u00e7\u00e3o (NRE), Adalberto Carlos Rigobelo, falou do valor potencial de um evento do g\u00eanero para a cidade e finalizou com uma cita\u00e7\u00e3o de Zilda Arns: \u201cP\u00e1ssaro pequeno que voa alto e longe\u201d.<\/p>\n<p>J\u00e1 a secret\u00e1ria municipal de Araruna, Maria Ferreira dos Santos, afirmou que a inclus\u00e3o nos dias de hoje \u00e9 um fato e n\u00e3o uma possibilidade.<\/p>\n<p>\u201cVamos encarar com for\u00e7a e responsabilidade para que a realidade desejada seja alcan\u00e7ada\u201d, disse.<\/p>\n<p>A palestrante da manh\u00e3, Naira Rodrigues Gaspar, consultora para o programa Educa\u00e7\u00e3o Inclusiva: Direito \u00e0 Diversidade, do Minist\u00e9rio de Educa\u00e7\u00e3o, fez uma breve explana\u00e7\u00e3o sobre o acordo da Declara\u00e7\u00e3o de Salamandra da UNESCO de 1994, que assegura que as escolas devem ajustar-se a todas as crian\u00e7as, independentemente das suas condi\u00e7\u00f5es f\u00edsicas, sociais, lingu\u00edsticas ou outras. Neste conceito devem incluir-se crian\u00e7as com defici\u00eancia, superdotadas e crian\u00e7as de \u00e1reas ou grupos desfavorecidos ou marginalizados.<\/p>\n<p>A partir disso, percebe-se que a inclus\u00e3o no contexto escolar \u00e9 um direito de qualquer indiv\u00edduo e a escola necessita urgentemente elaborar estrat\u00e9gias que propiciem um desenvolvimento integral de todas as crian\u00e7as de acordo com o potencial de desenvolvimento e aprendizagem que cada uma pode alcan\u00e7ar. \u201cNunca haver\u00e1 inclus\u00e3o no trabalho se n\u00e3o existir inclus\u00e3o na escola, tudo come\u00e7a l\u00e1,\u201d falou a palestrante.<\/p>\n<p>Abrang\u00eancia<\/p>\n<p>Participam representantes de 41 munic\u00edpios. O evento congrega coordenadores das escolas municipais e Centros Municipais de Educa\u00e7\u00e3o Infantil, professores especialistas em educa\u00e7\u00e3o especial que atuam nas salas de recursos e salas de recursos multifuncionais da rede municipal de ensino.<\/p>\n<p>O semin\u00e1rio segue at\u00e9 a pr\u00f3xima sexta-feira, sempre com abertura \u00e0s 9h.<br \/>\nJornalista Respons\u00e1vel Patricia Steinbach &#8211; MTB 6768<br \/>\nCr\u00e9ditos Fotos: Jos\u00e9 Anselmo Sabino<br \/>\n_________________________________<\/p>\n<p><strong>Fonte:<\/strong> <a href=\"http:\/\/www.portalumuarama.com.br\/noticia.php?id=1657\">Prefeitura Municipal de Umuarama<\/a><\/p>\n","protected":false},"excerpt":{"rendered":"<p>A secret\u00e1ria municipal de Araruna, Maria Ferreira dos Santos, afirmou que a inclus\u00e3o nos dias de hoje \u00e9 um fato e n\u00e3o mais uma possibilidade.<\/p>\n","protected":false},"author":1,"featured_media":0,"comment_status":"open","ping_status":"open","sticky":false,"template":"","format":"standard","meta":{"site-container-style":"default","site-container-layout":"default","site-sidebar-layout":"default","disable-article-header":"default","disable-site-header":"default","disable-site-footer":"default","disable-content-area-spacing":"default","footnotes":""},"categories":[38,6,48,4],"tags":[],"class_list":["post-19559","post","type-post","status-publish","format-standard","hentry","category-deficiencia","category-educacao","category-inclusao","category-noticias"],"yoast_head":"<!-- This site is optimized with the Yoast SEO plugin v27.4 - https:\/\/yoast.com\/product\/yoast-seo-wordpress\/ -->\n<title>Semin\u00e1rio debate a Pol\u00edtica Nacional de Educa\u00e7\u00e3o Inclusiva em Umaruama -<\/title>\n<meta name=\"robots\" content=\"index, follow, max-snippet:-1, max-image-preview:large, max-video-preview:-1\" \/>\n<link rel=\"canonical\" href=\"https:\/\/inclusivenews.com.br\/?p=19559\" \/>\n<meta property=\"og:locale\" content=\"pt_PT\" \/>\n<meta property=\"og:type\" content=\"article\" \/>\n<meta property=\"og:title\" content=\"Semin\u00e1rio debate a Pol\u00edtica Nacional de Educa\u00e7\u00e3o Inclusiva em Umaruama -\" \/>\n<meta property=\"og:description\" content=\"A secret\u00e1ria municipal de Araruna, Maria Ferreira dos Santos, afirmou que a inclus\u00e3o nos dias de hoje \u00e9 um fato e n\u00e3o mais uma possibilidade.\" \/>\n<meta property=\"og:url\" content=\"https:\/\/inclusivenews.com.br\/?p=19559\" \/>\n<meta property=\"article:publisher\" content=\"https:\/\/www.facebook.com\/agenciainclusive\/\" \/>\n<meta property=\"article:published_time\" content=\"2011-05-19T14:27:17+00:00\" \/>\n<meta property=\"og:image\" content=\"http:\/\/inclusivenews.com.br\/wp-content\/uploads\/2009\/12\/participacao.jpg\" \/>\n<meta name=\"author\" content=\"inclusivenews2024\" \/>\n<meta name=\"twitter:card\" content=\"summary_large_image\" \/>\n<meta name=\"twitter:label1\" content=\"Escrito por\" \/>\n\t<meta name=\"twitter:data1\" content=\"inclusivenews2024\" \/>\n\t<meta name=\"twitter:label2\" content=\"Tempo estimado de leitura\" \/>\n\t<meta name=\"twitter:data2\" content=\"2 minutos\" \/>\n<script type=\"application\/ld+json\" class=\"yoast-schema-graph\">{\"@context\":\"https:\\\/\\\/schema.org\",\"@graph\":[{\"@type\":\"Article\",\"@id\":\"https:\\\/\\\/inclusivenews.com.br\\\/?p=19559#article\",\"isPartOf\":{\"@id\":\"https:\\\/\\\/inclusivenews.com.br\\\/?p=19559\"},\"author\":{\"name\":\"inclusivenews2024\",\"@id\":\"https:\\\/\\\/inclusivenews.com.br\\\/#\\\/schema\\\/person\\\/ae4ec7087559b8692fb33b6fffd2273b\"},\"headline\":\"Semin\u00e1rio debate a Pol\u00edtica Nacional de Educa\u00e7\u00e3o Inclusiva em Umaruama\",\"datePublished\":\"2011-05-19T14:27:17+00:00\",\"mainEntityOfPage\":{\"@id\":\"https:\\\/\\\/inclusivenews.com.br\\\/?p=19559\"},\"wordCount\":409,\"commentCount\":0,\"publisher\":{\"@id\":\"https:\\\/\\\/inclusivenews.com.br\\\/#organization\"},\"image\":{\"@id\":\"https:\\\/\\\/inclusivenews.com.br\\\/?p=19559#primaryimage\"},\"thumbnailUrl\":\"http:\\\/\\\/inclusivenews.com.br\\\/wp-content\\\/uploads\\\/2009\\\/12\\\/participacao.jpg\",\"articleSection\":[\"Defici\u00eancia\",\"EDUCA\u00c7\u00c3O\",\"INCLUS\u00c3O SOCIAL\",\"NOT\u00cdCIAS\"],\"inLanguage\":\"pt-PT\",\"potentialAction\":[{\"@type\":\"CommentAction\",\"name\":\"Comment\",\"target\":[\"https:\\\/\\\/inclusivenews.com.br\\\/?p=19559#respond\"]}]},{\"@type\":\"WebPage\",\"@id\":\"https:\\\/\\\/inclusivenews.com.br\\\/?p=19559\",\"url\":\"https:\\\/\\\/inclusivenews.com.br\\\/?p=19559\",\"name\":\"Semin\u00e1rio debate a Pol\u00edtica Nacional de Educa\u00e7\u00e3o Inclusiva em Umaruama -\",\"isPartOf\":{\"@id\":\"https:\\\/\\\/inclusivenews.com.br\\\/#website\"},\"primaryImageOfPage\":{\"@id\":\"https:\\\/\\\/inclusivenews.com.br\\\/?p=19559#primaryimage\"},\"image\":{\"@id\":\"https:\\\/\\\/inclusivenews.com.br\\\/?p=19559#primaryimage\"},\"thumbnailUrl\":\"http:\\\/\\\/inclusivenews.com.br\\\/wp-content\\\/uploads\\\/2009\\\/12\\\/participacao.jpg\",\"datePublished\":\"2011-05-19T14:27:17+00:00\",\"breadcrumb\":{\"@id\":\"https:\\\/\\\/inclusivenews.com.br\\\/?p=19559#breadcrumb\"},\"inLanguage\":\"pt-PT\",\"potentialAction\":[{\"@type\":\"ReadAction\",\"target\":[\"https:\\\/\\\/inclusivenews.com.br\\\/?p=19559\"]}]},{\"@type\":\"ImageObject\",\"inLanguage\":\"pt-PT\",\"@id\":\"https:\\\/\\\/inclusivenews.com.br\\\/?p=19559#primaryimage\",\"url\":\"\",\"contentUrl\":\"\"},{\"@type\":\"BreadcrumbList\",\"@id\":\"https:\\\/\\\/inclusivenews.com.br\\\/?p=19559#breadcrumb\",\"itemListElement\":[{\"@type\":\"ListItem\",\"position\":1,\"name\":\"In\u00edcio\",\"item\":\"https:\\\/\\\/inclusivenews.com.br\\\/\"},{\"@type\":\"ListItem\",\"position\":2,\"name\":\"Semin\u00e1rio debate a Pol\u00edtica Nacional de Educa\u00e7\u00e3o Inclusiva em Umaruama\"}]},{\"@type\":\"WebSite\",\"@id\":\"https:\\\/\\\/inclusivenews.com.br\\\/#website\",\"url\":\"https:\\\/\\\/inclusivenews.com.br\\\/\",\"name\":\"Inclusive News\",\"description\":\"Inclusive News\",\"publisher\":{\"@id\":\"https:\\\/\\\/inclusivenews.com.br\\\/#organization\"},\"potentialAction\":[{\"@type\":\"SearchAction\",\"target\":{\"@type\":\"EntryPoint\",\"urlTemplate\":\"https:\\\/\\\/inclusivenews.com.br\\\/?s={search_term_string}\"},\"query-input\":{\"@type\":\"PropertyValueSpecification\",\"valueRequired\":true,\"valueName\":\"search_term_string\"}}],\"inLanguage\":\"pt-PT\"},{\"@type\":\"Organization\",\"@id\":\"https:\\\/\\\/inclusivenews.com.br\\\/#organization\",\"name\":\"Inclusive - inclus\u00e3o e cidadania\",\"url\":\"https:\\\/\\\/inclusivenews.com.br\\\/\",\"logo\":{\"@type\":\"ImageObject\",\"inLanguage\":\"pt-PT\",\"@id\":\"https:\\\/\\\/inclusivenews.com.br\\\/#\\\/schema\\\/logo\\\/image\\\/\",\"url\":\"https:\\\/\\\/inclusivenews.com.br\\\/wp-content\\\/uploads\\\/2024\\\/03\\\/@grandesite.png\",\"contentUrl\":\"https:\\\/\\\/inclusivenews.com.br\\\/wp-content\\\/uploads\\\/2024\\\/03\\\/@grandesite.png\",\"width\":1080,\"height\":1080,\"caption\":\"Inclusive - inclus\u00e3o e cidadania\"},\"image\":{\"@id\":\"https:\\\/\\\/inclusivenews.com.br\\\/#\\\/schema\\\/logo\\\/image\\\/\"},\"sameAs\":[\"https:\\\/\\\/www.facebook.com\\\/agenciainclusive\\\/\",\"https:\\\/\\\/www.instagram.com\\\/newsinclusive\\\/\"]},{\"@type\":\"Person\",\"@id\":\"https:\\\/\\\/inclusivenews.com.br\\\/#\\\/schema\\\/person\\\/ae4ec7087559b8692fb33b6fffd2273b\",\"name\":\"inclusivenews2024\",\"image\":{\"@type\":\"ImageObject\",\"inLanguage\":\"pt-PT\",\"@id\":\"https:\\\/\\\/secure.gravatar.com\\\/avatar\\\/c5a7ef84c66fa914f55bc4f7ce26cfa275a3b9a1c5568b907bd184fb4dde7b40?s=96&d=mm&r=g\",\"url\":\"https:\\\/\\\/secure.gravatar.com\\\/avatar\\\/c5a7ef84c66fa914f55bc4f7ce26cfa275a3b9a1c5568b907bd184fb4dde7b40?s=96&d=mm&r=g\",\"contentUrl\":\"https:\\\/\\\/secure.gravatar.com\\\/avatar\\\/c5a7ef84c66fa914f55bc4f7ce26cfa275a3b9a1c5568b907bd184fb4dde7b40?s=96&d=mm&r=g\",\"caption\":\"inclusivenews2024\"},\"sameAs\":[\"https:\\\/\\\/inclusivenews.com.br\"],\"url\":\"https:\\\/\\\/inclusivenews.com.br\\\/?author=1\"}]}<\/script>\n<!-- \/ Yoast SEO plugin. -->","yoast_head_json":{"title":"Semin\u00e1rio debate a Pol\u00edtica Nacional de Educa\u00e7\u00e3o Inclusiva em Umaruama -","robots":{"index":"index","follow":"follow","max-snippet":"max-snippet:-1","max-image-preview":"max-image-preview:large","max-video-preview":"max-video-preview:-1"},"canonical":"https:\/\/inclusivenews.com.br\/?p=19559","og_locale":"pt_PT","og_type":"article","og_title":"Semin\u00e1rio debate a Pol\u00edtica Nacional de Educa\u00e7\u00e3o Inclusiva em Umaruama -","og_description":"A secret\u00e1ria municipal de Araruna, Maria Ferreira dos Santos, afirmou que a inclus\u00e3o nos dias de hoje \u00e9 um fato e n\u00e3o mais uma possibilidade.","og_url":"https:\/\/inclusivenews.com.br\/?p=19559","article_publisher":"https:\/\/www.facebook.com\/agenciainclusive\/","article_published_time":"2011-05-19T14:27:17+00:00","og_image":[{"url":"http:\/\/inclusivenews.com.br\/wp-content\/uploads\/2009\/12\/participacao.jpg","type":"","width":"","height":""}],"author":"inclusivenews2024","twitter_card":"summary_large_image","twitter_misc":{"Escrito por":"inclusivenews2024","Tempo estimado de leitura":"2 minutos"},"schema":{"@context":"https:\/\/schema.org","@graph":[{"@type":"Article","@id":"https:\/\/inclusivenews.com.br\/?p=19559#article","isPartOf":{"@id":"https:\/\/inclusivenews.com.br\/?p=19559"},"author":{"name":"inclusivenews2024","@id":"https:\/\/inclusivenews.com.br\/#\/schema\/person\/ae4ec7087559b8692fb33b6fffd2273b"},"headline":"Semin\u00e1rio debate a Pol\u00edtica Nacional de Educa\u00e7\u00e3o Inclusiva em Umaruama","datePublished":"2011-05-19T14:27:17+00:00","mainEntityOfPage":{"@id":"https:\/\/inclusivenews.com.br\/?p=19559"},"wordCount":409,"commentCount":0,"publisher":{"@id":"https:\/\/inclusivenews.com.br\/#organization"},"image":{"@id":"https:\/\/inclusivenews.com.br\/?p=19559#primaryimage"},"thumbnailUrl":"http:\/\/inclusivenews.com.br\/wp-content\/uploads\/2009\/12\/participacao.jpg","articleSection":["Defici\u00eancia","EDUCA\u00c7\u00c3O","INCLUS\u00c3O SOCIAL","NOT\u00cdCIAS"],"inLanguage":"pt-PT","potentialAction":[{"@type":"CommentAction","name":"Comment","target":["https:\/\/inclusivenews.com.br\/?p=19559#respond"]}]},{"@type":"WebPage","@id":"https:\/\/inclusivenews.com.br\/?p=19559","url":"https:\/\/inclusivenews.com.br\/?p=19559","name":"Semin\u00e1rio debate a Pol\u00edtica Nacional de Educa\u00e7\u00e3o Inclusiva em Umaruama -","isPartOf":{"@id":"https:\/\/inclusivenews.com.br\/#website"},"primaryImageOfPage":{"@id":"https:\/\/inclusivenews.com.br\/?p=19559#primaryimage"},"image":{"@id":"https:\/\/inclusivenews.com.br\/?p=19559#primaryimage"},"thumbnailUrl":"http:\/\/inclusivenews.com.br\/wp-content\/uploads\/2009\/12\/participacao.jpg","datePublished":"2011-05-19T14:27:17+00:00","breadcrumb":{"@id":"https:\/\/inclusivenews.com.br\/?p=19559#breadcrumb"},"inLanguage":"pt-PT","potentialAction":[{"@type":"ReadAction","target":["https:\/\/inclusivenews.com.br\/?p=19559"]}]},{"@type":"ImageObject","inLanguage":"pt-PT","@id":"https:\/\/inclusivenews.com.br\/?p=19559#primaryimage","url":"","contentUrl":""},{"@type":"BreadcrumbList","@id":"https:\/\/inclusivenews.com.br\/?p=19559#breadcrumb","itemListElement":[{"@type":"ListItem","position":1,"name":"In\u00edcio","item":"https:\/\/inclusivenews.com.br\/"},{"@type":"ListItem","position":2,"name":"Semin\u00e1rio debate a Pol\u00edtica Nacional de Educa\u00e7\u00e3o Inclusiva em Umaruama"}]},{"@type":"WebSite","@id":"https:\/\/inclusivenews.com.br\/#website","url":"https:\/\/inclusivenews.com.br\/","name":"Inclusive News","description":"Inclusive News","publisher":{"@id":"https:\/\/inclusivenews.com.br\/#organization"},"potentialAction":[{"@type":"SearchAction","target":{"@type":"EntryPoint","urlTemplate":"https:\/\/inclusivenews.com.br\/?s={search_term_string}"},"query-input":{"@type":"PropertyValueSpecification","valueRequired":true,"valueName":"search_term_string"}}],"inLanguage":"pt-PT"},{"@type":"Organization","@id":"https:\/\/inclusivenews.com.br\/#organization","name":"Inclusive - inclus\u00e3o e cidadania","url":"https:\/\/inclusivenews.com.br\/","logo":{"@type":"ImageObject","inLanguage":"pt-PT","@id":"https:\/\/inclusivenews.com.br\/#\/schema\/logo\/image\/","url":"https:\/\/inclusivenews.com.br\/wp-content\/uploads\/2024\/03\/@grandesite.png","contentUrl":"https:\/\/inclusivenews.com.br\/wp-content\/uploads\/2024\/03\/@grandesite.png","width":1080,"height":1080,"caption":"Inclusive - inclus\u00e3o e cidadania"},"image":{"@id":"https:\/\/inclusivenews.com.br\/#\/schema\/logo\/image\/"},"sameAs":["https:\/\/www.facebook.com\/agenciainclusive\/","https:\/\/www.instagram.com\/newsinclusive\/"]},{"@type":"Person","@id":"https:\/\/inclusivenews.com.br\/#\/schema\/person\/ae4ec7087559b8692fb33b6fffd2273b","name":"inclusivenews2024","image":{"@type":"ImageObject","inLanguage":"pt-PT","@id":"https:\/\/secure.gravatar.com\/avatar\/c5a7ef84c66fa914f55bc4f7ce26cfa275a3b9a1c5568b907bd184fb4dde7b40?s=96&d=mm&r=g","url":"https:\/\/secure.gravatar.com\/avatar\/c5a7ef84c66fa914f55bc4f7ce26cfa275a3b9a1c5568b907bd184fb4dde7b40?s=96&d=mm&r=g","contentUrl":"https:\/\/secure.gravatar.com\/avatar\/c5a7ef84c66fa914f55bc4f7ce26cfa275a3b9a1c5568b907bd184fb4dde7b40?s=96&d=mm&r=g","caption":"inclusivenews2024"},"sameAs":["https:\/\/inclusivenews.com.br"],"url":"https:\/\/inclusivenews.com.br\/?author=1"}]}},"_links":{"self":[{"href":"https:\/\/inclusivenews.com.br\/index.php?rest_route=\/wp\/v2\/posts\/19559","targetHints":{"allow":["GET"]}}],"collection":[{"href":"https:\/\/inclusivenews.com.br\/index.php?rest_route=\/wp\/v2\/posts"}],"about":[{"href":"https:\/\/inclusivenews.com.br\/index.php?rest_route=\/wp\/v2\/types\/post"}],"author":[{"embeddable":true,"href":"https:\/\/inclusivenews.com.br\/index.php?rest_route=\/wp\/v2\/users\/1"}],"replies":[{"embeddable":true,"href":"https:\/\/inclusivenews.com.br\/index.php?rest_route=%2Fwp%2Fv2%2Fcomments&post=19559"}],"version-history":[{"count":0,"href":"https:\/\/inclusivenews.com.br\/index.php?rest_route=\/wp\/v2\/posts\/19559\/revisions"}],"wp:attachment":[{"href":"https:\/\/inclusivenews.com.br\/index.php?rest_route=%2Fwp%2Fv2%2Fmedia&parent=19559"}],"wp:term":[{"taxonomy":"category","embeddable":true,"href":"https:\/\/inclusivenews.com.br\/index.php?rest_route=%2Fwp%2Fv2%2Fcategories&post=19559"},{"taxonomy":"post_tag","embeddable":true,"href":"https:\/\/inclusivenews.com.br\/index.php?rest_route=%2Fwp%2Fv2%2Ftags&post=19559"}],"curies":[{"name":"wp","href":"https:\/\/api.w.org\/{rel}","templated":true}]}}