{"id":19655,"date":"2011-05-25T21:56:35","date_gmt":"2011-05-26T00:56:35","guid":{"rendered":"http:\/\/www.inclusive.org.br\/?p=19655"},"modified":"2011-05-25T21:56:35","modified_gmt":"2011-05-26T00:56:35","slug":"campanha-familia-para-todos-marca-o-dia-nacional-da-adocao","status":"publish","type":"post","link":"https:\/\/inclusivenews.com.br\/?p=19655","title":{"rendered":"Campanha \u201cFam\u00edlia para todos\u201d marca o Dia Nacional da Ado\u00e7\u00e3o"},"content":{"rendered":"<div>\n<figure id=\"attachment_19656\" aria-describedby=\"caption-attachment-19656\" style=\"width: 300px\" class=\"wp-caption alignleft\"><img loading=\"lazy\" decoding=\"async\" class=\"size-medium wp-image-19656\" title=\"miguek\" src=\"http:\/\/inclusivenews.com.br\/wp-content\/uploads\/miguek-300x225.jpg\" alt=\"O menino Miguel Gadelha, sentado no alto de um escorrega\" width=\"300\" height=\"225\" \/><figcaption id=\"caption-attachment-19656\" class=\"wp-caption-text\">O menino Miguel Gadelha, sentado no alto de um escorrega<\/figcaption><\/figure>\n<p>Crian\u00e7as brancas, rec\u00e9m nascidas e saud\u00e1veis ainda s\u00e3o maioria no <em>ranking <\/em>de ado\u00e7\u00e3o no Pa\u00eds. Para tentar reverter este paradigma, a ONG Aconchego lan\u00e7ou esta semana a campanha <strong>&#8220;Ado\u00e7\u00e3o: Fam\u00edlia para todos&#8221;<\/strong>,  em comemora\u00e7\u00e3o ao Dia Nacional da Ado\u00e7\u00e3o (25\/05), em solenidade no audit\u00f3rio do Pal\u00e1cio do Planalto, em Bras\u00edlia (DF). O evento  teve como objetivo sensibilizar a sociedade para a import\u00e2ncia da ado\u00e7\u00e3o  de crian\u00e7as e adolescentes exclu\u00eddos pelos perfis idealizados pela maior  parte dos pais adotivos. Dos cerca de 29 mil meninos e meninas que  vivem em abrigos no Brasil, apenas 4 mil est\u00e3o aptos para ado\u00e7\u00e3o. Desse  total, aproximadamente a metade \u00e9 de ra\u00e7a negra e 21%\u00a0 possui problemas de sa\u00fade como defici\u00eancia f\u00edsica ou intelectual, segundo dados divulgados no \u00faltimo m\u00eas pelo Cadastro Nacional da Ado\u00e7\u00e3o.<\/p>\n<p><strong> <\/strong><\/p>\n<\/div>\n<p>A Presidente do projeto Aconchego, Soraya Rodrigues Pereira, afirma que a quantidade  de crian\u00e7as aptas para a ado\u00e7\u00e3o n\u00e3o corresponde \u00e0 realidade encontrada  nos abrigos. A Justi\u00e7a tamb\u00e9m enfrenta dificuldade em encaixar perfis  com idade acima dos 3 anos, do sexo masculino e crian\u00e7as que possuem  irm\u00e3os. &#8220;Escolhemos essa data justamente para chamar a aten\u00e7\u00e3o da  necessidade de tratar o tema como um direito da crian\u00e7a e n\u00e3o apenas  para atender um desejo dos adultos. Normalmente, ainda se pensa em  encontrar uma crian\u00e7a que se adapte ao filho imaginado pelos pais que se  candidatam \u00e0 ado\u00e7\u00e3o e essa crian\u00e7a idealizada \u00e9 o inverso da realidade  dos abrigos\u201d, diz.<\/p>\n<p>O  evento contou com a presen\u00e7a de lideran\u00e7as do governo como o  ministro-chefe da Secretaria-Geral da Presid\u00eancia da Rep\u00fablica, Gilberto  Carvalho, e da ministra-chefe da Secretaria de Direitos Humanos da  Presid\u00eancia da Rep\u00fablica, Maria do Ros\u00e1rio. Na ocasi\u00e3o, foi veiculado  um pequeno document\u00e1rio produzido pelo Aconchego em parceria com a  Universidade Cat\u00f3lica de Bras\u00edlia. O v\u00eddeo mostra hist\u00f3rias bem  sucedidas de ado\u00e7\u00f5es fora do padr\u00e3o, que acontecem no pa\u00eds inteiro como a  ado\u00e7\u00e3o de tardia (crian\u00e7as acima de 3 anos), inter-racial e com necessidades especiais (defici\u00eancias diversas, soropositivas, doen\u00e7as trat\u00e1veis).  O document\u00e1rio tamb\u00e9m ser\u00e1 disponibilizado na internet para os grupos  de apoio \u00e0 ado\u00e7\u00e3o de todo o pa\u00eds e veiculado em pequenos trechos em  algumas emissoras de tv. \u201cQueremos provocar o debate e a reflex\u00e3o sobre o  filho poss\u00edvel e o imaginado. E mostrar que a ado\u00e7\u00e3o \u00e9 uma maneira de  conceber uma fam\u00edlia onde os la\u00e7os se formam a partir do afeto, levando  em conta o direito que toda crian\u00e7a tem de crescer em fam\u00edlia e buscando  fazer disso uma prioridade\u201d, diz Soraya.<\/p>\n<div>\n<p>Atualmente,  o Distrito Federal (DF) conta com 295 fam\u00edlias habilitadas para a  ado\u00e7\u00e3o e 163 crian\u00e7as aptas para serem adotadas. Ou seja, s\u00e3o cerca de  2,5 fam\u00edlias para cada crian\u00e7a. No entanto, 100 desses menores t\u00eam idade  entre 12 e 18 anos.<\/p>\n<\/div>\n<p>O  interesse pela ado\u00e7\u00e3o sempre fez parte dos planos da advogada Fabiana  Gad\u00ealha, 33 anos. Em 2007, ela e o marido Leandro planejavam adotar uma crian\u00e7a dentro dos padr\u00f5es comuns ap\u00f3s o nascimento da \u00fanica filha biol\u00f3gica, Valentina.  Mas ao conhecer Paulinho, de apenas 3 anos de idade, em uma institui\u00e7\u00e3o  para crian\u00e7as com c\u00e2ncer em que Leandro trabalhava, tudo mudou.  Portador de leucemia, o menino ia ser entregue a um abrigo por n\u00e3o ter  acompanhante fixo para a realiza\u00e7\u00e3o do tratamento de qu\u00edmio-terapia.  Comovido, o casal resolveu acolher o mais novo ca\u00e7ula e experimentaram,  pela primeira vez, a emo\u00e7\u00e3o da ado\u00e7\u00e3o especial. &#8220;Compreendemos que ele  poderia ser esse filho que t\u00ednhamos tanta vontade de adotar. Procuramos a  Vara da Inf\u00e2ncia e Juventude para iniciarmos o processo legal de  ado\u00e7\u00e3o, que foi conclu\u00eddo em dezembro de 2007. Em fevereiro de 2008, o  Paulinho n\u00e3o estava muito bem e n\u00e3o resistiu a uma infec\u00e7\u00e3o  generalizada. Em menos de um m\u00eas, ele faleceu. Ao todo, foram 6 meses de  conviv\u00eancia e um curto tempo que senti a verdade desse amor&#8221;, conta.<\/p>\n<p>O que parecia ter dado fim ao sonho de ser m\u00e3e outra vez serviu, dois anos depois, de est\u00edmulo para que a advogada voltasse a pesquisar sobre  ado\u00e7\u00e3o em redes sociais e sites. Segundo Fabiana, o casal permaneceu na  fila para ado\u00e7\u00e3o desde 2007 e a ansiedade que sentia era como uma  esp\u00e9cie de gravidez &#8220;sem fim&#8221;. Foi a\u00ed que,\u00a0 ao entrar em contato com um  grupo online de incentivo a ado\u00e7\u00e3o especial , em 2009, que\u00a0 Leandro e  Fabiana tomaram a decis\u00e3o de inverter o perfil de uma crian\u00e7a dentro  dos padr\u00f5es comuns para o especial. &#8220;Uns dois meses depois, em 22 de  setembro de 2009, recebemos um e-mail sobre a exist\u00eancia do Miguel, que  dizia: &#8216;menino, 9 meses, portador de s\u00edndrome de Down, destitu\u00eddo, no  Paran\u00e1&#8217;. Isso me tocou de uma forma que eu n\u00e3o via s\u00edndrome, s\u00f3 a  crian\u00e7a. Em 6 dias me ligaram para busc\u00e1-lo e me apaixonei assim que o  vi&#8221;, relembra.<\/p>\n<p>Para Fabiana, o desinteresse na ado\u00e7\u00e3o de crian\u00e7as e adolescentes como Miguel ou Paulinho pelo Brasil a fora \u00e9 devido,  principalmente, \u00e0 falta de conhecimento. Por isto, ela destaca o papel  fundamental do projeto Aconchego. O grupo foi fundado em 1997, no  Distrito Federal, com o intuito de acompanhar e orientar pais e filhos  adotivos antes e depois da ado\u00e7\u00e3o. Hoje, Fabiana \u00e9 Diretora Jur\u00eddica da  ONG e realiza encontros eventuais com candidatos a pais adotivos  especiais para despertar a ado\u00e7\u00e3o consciente e respons\u00e1vel ao  compartilhar experi\u00eancias e informa\u00e7\u00e3o.\u00a0 \u201cO Miguel, hoje com 2 anos e meio,  se adaptou perfeitamente \u00e0 minha fam\u00edlia. Infelizmente, a sociedade \u00e9  muito preconceituosa e as pessoas acham que ter\u00e3o gastos ou que v\u00e3o dar  trabalho, pelo contr\u00e1rio. N\u00e3o \u00e9 porque ele possui necessidades especiais que quer dizer que \u00e9 deficiente. Se eu posso gerar um filho assim pela natureza, eu tamb\u00e9m posso ter\u201d, incentiva.<\/p>\n<p>Fonte &#8211; Aconchego<\/p>\n","protected":false},"excerpt":{"rendered":"<p>\u201cQueremos mostrar que a ado\u00e7\u00e3o \u00e9 uma maneira de conceber uma fam\u00edlia onde os la\u00e7os se formam a partir do afeto\u201d.<\/p>\n","protected":false},"author":1,"featured_media":0,"comment_status":"open","ping_status":"open","sticky":false,"template":"","format":"standard","meta":{"site-container-style":"default","site-container-layout":"default","site-sidebar-layout":"default","disable-article-header":"default","disable-site-header":"default","disable-site-footer":"default","disable-content-area-spacing":"default","footnotes":""},"categories":[38,48,4],"tags":[],"class_list":["post-19655","post","type-post","status-publish","format-standard","hentry","category-deficiencia","category-inclusao","category-noticias"],"yoast_head":"<!-- This site is optimized with the Yoast SEO plugin v27.4 - https:\/\/yoast.com\/product\/yoast-seo-wordpress\/ -->\n<title>Campanha \u201cFam\u00edlia para todos\u201d marca o Dia Nacional da Ado\u00e7\u00e3o -<\/title>\n<meta name=\"robots\" content=\"index, follow, max-snippet:-1, max-image-preview:large, max-video-preview:-1\" \/>\n<link rel=\"canonical\" href=\"https:\/\/inclusivenews.com.br\/?p=19655\" \/>\n<meta property=\"og:locale\" content=\"pt_PT\" \/>\n<meta property=\"og:type\" content=\"article\" \/>\n<meta property=\"og:title\" content=\"Campanha \u201cFam\u00edlia para todos\u201d marca o Dia Nacional da Ado\u00e7\u00e3o -\" \/>\n<meta property=\"og:description\" content=\"\u201cQueremos mostrar que a ado\u00e7\u00e3o \u00e9 uma maneira de conceber uma fam\u00edlia onde os la\u00e7os se formam a partir do afeto\u201d.\" \/>\n<meta property=\"og:url\" content=\"https:\/\/inclusivenews.com.br\/?p=19655\" \/>\n<meta property=\"article:publisher\" content=\"https:\/\/www.facebook.com\/agenciainclusive\/\" \/>\n<meta property=\"article:published_time\" content=\"2011-05-26T00:56:35+00:00\" \/>\n<meta property=\"og:image\" content=\"http:\/\/inclusivenews.com.br\/wp-content\/uploads\/miguek-300x225.jpg\" \/>\n<meta name=\"author\" content=\"inclusivenews2024\" \/>\n<meta name=\"twitter:card\" content=\"summary_large_image\" \/>\n<meta name=\"twitter:label1\" content=\"Escrito por\" \/>\n\t<meta name=\"twitter:data1\" content=\"inclusivenews2024\" \/>\n\t<meta name=\"twitter:label2\" content=\"Tempo estimado de leitura\" \/>\n\t<meta name=\"twitter:data2\" content=\"5 minutos\" \/>\n<script type=\"application\/ld+json\" class=\"yoast-schema-graph\">{\"@context\":\"https:\\\/\\\/schema.org\",\"@graph\":[{\"@type\":\"Article\",\"@id\":\"https:\\\/\\\/inclusivenews.com.br\\\/?p=19655#article\",\"isPartOf\":{\"@id\":\"https:\\\/\\\/inclusivenews.com.br\\\/?p=19655\"},\"author\":{\"name\":\"inclusivenews2024\",\"@id\":\"https:\\\/\\\/inclusivenews.com.br\\\/#\\\/schema\\\/person\\\/ae4ec7087559b8692fb33b6fffd2273b\"},\"headline\":\"Campanha \u201cFam\u00edlia para todos\u201d marca o Dia Nacional da Ado\u00e7\u00e3o\",\"datePublished\":\"2011-05-26T00:56:35+00:00\",\"mainEntityOfPage\":{\"@id\":\"https:\\\/\\\/inclusivenews.com.br\\\/?p=19655\"},\"wordCount\":1065,\"commentCount\":1,\"publisher\":{\"@id\":\"https:\\\/\\\/inclusivenews.com.br\\\/#organization\"},\"image\":{\"@id\":\"https:\\\/\\\/inclusivenews.com.br\\\/?p=19655#primaryimage\"},\"thumbnailUrl\":\"http:\\\/\\\/inclusivenews.com.br\\\/wp-content\\\/uploads\\\/miguek-300x225.jpg\",\"articleSection\":[\"Defici\u00eancia\",\"INCLUS\u00c3O SOCIAL\",\"NOT\u00cdCIAS\"],\"inLanguage\":\"pt-PT\",\"potentialAction\":[{\"@type\":\"CommentAction\",\"name\":\"Comment\",\"target\":[\"https:\\\/\\\/inclusivenews.com.br\\\/?p=19655#respond\"]}]},{\"@type\":\"WebPage\",\"@id\":\"https:\\\/\\\/inclusivenews.com.br\\\/?p=19655\",\"url\":\"https:\\\/\\\/inclusivenews.com.br\\\/?p=19655\",\"name\":\"Campanha \u201cFam\u00edlia para todos\u201d marca o Dia Nacional da Ado\u00e7\u00e3o -\",\"isPartOf\":{\"@id\":\"https:\\\/\\\/inclusivenews.com.br\\\/#website\"},\"primaryImageOfPage\":{\"@id\":\"https:\\\/\\\/inclusivenews.com.br\\\/?p=19655#primaryimage\"},\"image\":{\"@id\":\"https:\\\/\\\/inclusivenews.com.br\\\/?p=19655#primaryimage\"},\"thumbnailUrl\":\"http:\\\/\\\/inclusivenews.com.br\\\/wp-content\\\/uploads\\\/miguek-300x225.jpg\",\"datePublished\":\"2011-05-26T00:56:35+00:00\",\"breadcrumb\":{\"@id\":\"https:\\\/\\\/inclusivenews.com.br\\\/?p=19655#breadcrumb\"},\"inLanguage\":\"pt-PT\",\"potentialAction\":[{\"@type\":\"ReadAction\",\"target\":[\"https:\\\/\\\/inclusivenews.com.br\\\/?p=19655\"]}]},{\"@type\":\"ImageObject\",\"inLanguage\":\"pt-PT\",\"@id\":\"https:\\\/\\\/inclusivenews.com.br\\\/?p=19655#primaryimage\",\"url\":\"\",\"contentUrl\":\"\"},{\"@type\":\"BreadcrumbList\",\"@id\":\"https:\\\/\\\/inclusivenews.com.br\\\/?p=19655#breadcrumb\",\"itemListElement\":[{\"@type\":\"ListItem\",\"position\":1,\"name\":\"In\u00edcio\",\"item\":\"https:\\\/\\\/inclusivenews.com.br\\\/\"},{\"@type\":\"ListItem\",\"position\":2,\"name\":\"Campanha \u201cFam\u00edlia para todos\u201d marca o Dia Nacional da Ado\u00e7\u00e3o\"}]},{\"@type\":\"WebSite\",\"@id\":\"https:\\\/\\\/inclusivenews.com.br\\\/#website\",\"url\":\"https:\\\/\\\/inclusivenews.com.br\\\/\",\"name\":\"Inclusive News\",\"description\":\"Inclusive News\",\"publisher\":{\"@id\":\"https:\\\/\\\/inclusivenews.com.br\\\/#organization\"},\"potentialAction\":[{\"@type\":\"SearchAction\",\"target\":{\"@type\":\"EntryPoint\",\"urlTemplate\":\"https:\\\/\\\/inclusivenews.com.br\\\/?s={search_term_string}\"},\"query-input\":{\"@type\":\"PropertyValueSpecification\",\"valueRequired\":true,\"valueName\":\"search_term_string\"}}],\"inLanguage\":\"pt-PT\"},{\"@type\":\"Organization\",\"@id\":\"https:\\\/\\\/inclusivenews.com.br\\\/#organization\",\"name\":\"Inclusive - inclus\u00e3o e cidadania\",\"url\":\"https:\\\/\\\/inclusivenews.com.br\\\/\",\"logo\":{\"@type\":\"ImageObject\",\"inLanguage\":\"pt-PT\",\"@id\":\"https:\\\/\\\/inclusivenews.com.br\\\/#\\\/schema\\\/logo\\\/image\\\/\",\"url\":\"https:\\\/\\\/inclusivenews.com.br\\\/wp-content\\\/uploads\\\/2024\\\/03\\\/@grandesite.png\",\"contentUrl\":\"https:\\\/\\\/inclusivenews.com.br\\\/wp-content\\\/uploads\\\/2024\\\/03\\\/@grandesite.png\",\"width\":1080,\"height\":1080,\"caption\":\"Inclusive - inclus\u00e3o e cidadania\"},\"image\":{\"@id\":\"https:\\\/\\\/inclusivenews.com.br\\\/#\\\/schema\\\/logo\\\/image\\\/\"},\"sameAs\":[\"https:\\\/\\\/www.facebook.com\\\/agenciainclusive\\\/\",\"https:\\\/\\\/www.instagram.com\\\/newsinclusive\\\/\"]},{\"@type\":\"Person\",\"@id\":\"https:\\\/\\\/inclusivenews.com.br\\\/#\\\/schema\\\/person\\\/ae4ec7087559b8692fb33b6fffd2273b\",\"name\":\"inclusivenews2024\",\"image\":{\"@type\":\"ImageObject\",\"inLanguage\":\"pt-PT\",\"@id\":\"https:\\\/\\\/secure.gravatar.com\\\/avatar\\\/c5a7ef84c66fa914f55bc4f7ce26cfa275a3b9a1c5568b907bd184fb4dde7b40?s=96&d=mm&r=g\",\"url\":\"https:\\\/\\\/secure.gravatar.com\\\/avatar\\\/c5a7ef84c66fa914f55bc4f7ce26cfa275a3b9a1c5568b907bd184fb4dde7b40?s=96&d=mm&r=g\",\"contentUrl\":\"https:\\\/\\\/secure.gravatar.com\\\/avatar\\\/c5a7ef84c66fa914f55bc4f7ce26cfa275a3b9a1c5568b907bd184fb4dde7b40?s=96&d=mm&r=g\",\"caption\":\"inclusivenews2024\"},\"sameAs\":[\"https:\\\/\\\/inclusivenews.com.br\"],\"url\":\"https:\\\/\\\/inclusivenews.com.br\\\/?author=1\"}]}<\/script>\n<!-- \/ Yoast SEO plugin. -->","yoast_head_json":{"title":"Campanha \u201cFam\u00edlia para todos\u201d marca o Dia Nacional da Ado\u00e7\u00e3o -","robots":{"index":"index","follow":"follow","max-snippet":"max-snippet:-1","max-image-preview":"max-image-preview:large","max-video-preview":"max-video-preview:-1"},"canonical":"https:\/\/inclusivenews.com.br\/?p=19655","og_locale":"pt_PT","og_type":"article","og_title":"Campanha \u201cFam\u00edlia para todos\u201d marca o Dia Nacional da Ado\u00e7\u00e3o -","og_description":"\u201cQueremos mostrar que a ado\u00e7\u00e3o \u00e9 uma maneira de conceber uma fam\u00edlia onde os la\u00e7os se formam a partir do afeto\u201d.","og_url":"https:\/\/inclusivenews.com.br\/?p=19655","article_publisher":"https:\/\/www.facebook.com\/agenciainclusive\/","article_published_time":"2011-05-26T00:56:35+00:00","og_image":[{"url":"http:\/\/inclusivenews.com.br\/wp-content\/uploads\/miguek-300x225.jpg","type":"","width":"","height":""}],"author":"inclusivenews2024","twitter_card":"summary_large_image","twitter_misc":{"Escrito por":"inclusivenews2024","Tempo estimado de leitura":"5 minutos"},"schema":{"@context":"https:\/\/schema.org","@graph":[{"@type":"Article","@id":"https:\/\/inclusivenews.com.br\/?p=19655#article","isPartOf":{"@id":"https:\/\/inclusivenews.com.br\/?p=19655"},"author":{"name":"inclusivenews2024","@id":"https:\/\/inclusivenews.com.br\/#\/schema\/person\/ae4ec7087559b8692fb33b6fffd2273b"},"headline":"Campanha \u201cFam\u00edlia para todos\u201d marca o Dia Nacional da Ado\u00e7\u00e3o","datePublished":"2011-05-26T00:56:35+00:00","mainEntityOfPage":{"@id":"https:\/\/inclusivenews.com.br\/?p=19655"},"wordCount":1065,"commentCount":1,"publisher":{"@id":"https:\/\/inclusivenews.com.br\/#organization"},"image":{"@id":"https:\/\/inclusivenews.com.br\/?p=19655#primaryimage"},"thumbnailUrl":"http:\/\/inclusivenews.com.br\/wp-content\/uploads\/miguek-300x225.jpg","articleSection":["Defici\u00eancia","INCLUS\u00c3O SOCIAL","NOT\u00cdCIAS"],"inLanguage":"pt-PT","potentialAction":[{"@type":"CommentAction","name":"Comment","target":["https:\/\/inclusivenews.com.br\/?p=19655#respond"]}]},{"@type":"WebPage","@id":"https:\/\/inclusivenews.com.br\/?p=19655","url":"https:\/\/inclusivenews.com.br\/?p=19655","name":"Campanha \u201cFam\u00edlia para todos\u201d marca o Dia Nacional da Ado\u00e7\u00e3o -","isPartOf":{"@id":"https:\/\/inclusivenews.com.br\/#website"},"primaryImageOfPage":{"@id":"https:\/\/inclusivenews.com.br\/?p=19655#primaryimage"},"image":{"@id":"https:\/\/inclusivenews.com.br\/?p=19655#primaryimage"},"thumbnailUrl":"http:\/\/inclusivenews.com.br\/wp-content\/uploads\/miguek-300x225.jpg","datePublished":"2011-05-26T00:56:35+00:00","breadcrumb":{"@id":"https:\/\/inclusivenews.com.br\/?p=19655#breadcrumb"},"inLanguage":"pt-PT","potentialAction":[{"@type":"ReadAction","target":["https:\/\/inclusivenews.com.br\/?p=19655"]}]},{"@type":"ImageObject","inLanguage":"pt-PT","@id":"https:\/\/inclusivenews.com.br\/?p=19655#primaryimage","url":"","contentUrl":""},{"@type":"BreadcrumbList","@id":"https:\/\/inclusivenews.com.br\/?p=19655#breadcrumb","itemListElement":[{"@type":"ListItem","position":1,"name":"In\u00edcio","item":"https:\/\/inclusivenews.com.br\/"},{"@type":"ListItem","position":2,"name":"Campanha \u201cFam\u00edlia para todos\u201d marca o Dia Nacional da Ado\u00e7\u00e3o"}]},{"@type":"WebSite","@id":"https:\/\/inclusivenews.com.br\/#website","url":"https:\/\/inclusivenews.com.br\/","name":"Inclusive News","description":"Inclusive News","publisher":{"@id":"https:\/\/inclusivenews.com.br\/#organization"},"potentialAction":[{"@type":"SearchAction","target":{"@type":"EntryPoint","urlTemplate":"https:\/\/inclusivenews.com.br\/?s={search_term_string}"},"query-input":{"@type":"PropertyValueSpecification","valueRequired":true,"valueName":"search_term_string"}}],"inLanguage":"pt-PT"},{"@type":"Organization","@id":"https:\/\/inclusivenews.com.br\/#organization","name":"Inclusive - inclus\u00e3o e cidadania","url":"https:\/\/inclusivenews.com.br\/","logo":{"@type":"ImageObject","inLanguage":"pt-PT","@id":"https:\/\/inclusivenews.com.br\/#\/schema\/logo\/image\/","url":"https:\/\/inclusivenews.com.br\/wp-content\/uploads\/2024\/03\/@grandesite.png","contentUrl":"https:\/\/inclusivenews.com.br\/wp-content\/uploads\/2024\/03\/@grandesite.png","width":1080,"height":1080,"caption":"Inclusive - inclus\u00e3o e cidadania"},"image":{"@id":"https:\/\/inclusivenews.com.br\/#\/schema\/logo\/image\/"},"sameAs":["https:\/\/www.facebook.com\/agenciainclusive\/","https:\/\/www.instagram.com\/newsinclusive\/"]},{"@type":"Person","@id":"https:\/\/inclusivenews.com.br\/#\/schema\/person\/ae4ec7087559b8692fb33b6fffd2273b","name":"inclusivenews2024","image":{"@type":"ImageObject","inLanguage":"pt-PT","@id":"https:\/\/secure.gravatar.com\/avatar\/c5a7ef84c66fa914f55bc4f7ce26cfa275a3b9a1c5568b907bd184fb4dde7b40?s=96&d=mm&r=g","url":"https:\/\/secure.gravatar.com\/avatar\/c5a7ef84c66fa914f55bc4f7ce26cfa275a3b9a1c5568b907bd184fb4dde7b40?s=96&d=mm&r=g","contentUrl":"https:\/\/secure.gravatar.com\/avatar\/c5a7ef84c66fa914f55bc4f7ce26cfa275a3b9a1c5568b907bd184fb4dde7b40?s=96&d=mm&r=g","caption":"inclusivenews2024"},"sameAs":["https:\/\/inclusivenews.com.br"],"url":"https:\/\/inclusivenews.com.br\/?author=1"}]}},"_links":{"self":[{"href":"https:\/\/inclusivenews.com.br\/index.php?rest_route=\/wp\/v2\/posts\/19655","targetHints":{"allow":["GET"]}}],"collection":[{"href":"https:\/\/inclusivenews.com.br\/index.php?rest_route=\/wp\/v2\/posts"}],"about":[{"href":"https:\/\/inclusivenews.com.br\/index.php?rest_route=\/wp\/v2\/types\/post"}],"author":[{"embeddable":true,"href":"https:\/\/inclusivenews.com.br\/index.php?rest_route=\/wp\/v2\/users\/1"}],"replies":[{"embeddable":true,"href":"https:\/\/inclusivenews.com.br\/index.php?rest_route=%2Fwp%2Fv2%2Fcomments&post=19655"}],"version-history":[{"count":0,"href":"https:\/\/inclusivenews.com.br\/index.php?rest_route=\/wp\/v2\/posts\/19655\/revisions"}],"wp:attachment":[{"href":"https:\/\/inclusivenews.com.br\/index.php?rest_route=%2Fwp%2Fv2%2Fmedia&parent=19655"}],"wp:term":[{"taxonomy":"category","embeddable":true,"href":"https:\/\/inclusivenews.com.br\/index.php?rest_route=%2Fwp%2Fv2%2Fcategories&post=19655"},{"taxonomy":"post_tag","embeddable":true,"href":"https:\/\/inclusivenews.com.br\/index.php?rest_route=%2Fwp%2Fv2%2Ftags&post=19655"}],"curies":[{"name":"wp","href":"https:\/\/api.w.org\/{rel}","templated":true}]}}