{"id":19709,"date":"2011-06-02T18:01:51","date_gmt":"2011-06-02T21:01:51","guid":{"rendered":"http:\/\/www.inclusive.org.br\/?p=19709"},"modified":"2011-06-02T18:01:51","modified_gmt":"2011-06-02T21:01:51","slug":"peticao-publica-apoia-proposta-de-criminalizacao-da-homofobia","status":"publish","type":"post","link":"https:\/\/inclusivenews.com.br\/?p=19709","title":{"rendered":"Peti\u00e7\u00e3o p\u00fablica apoia proposta de criminaliza\u00e7\u00e3o da homofobia"},"content":{"rendered":"<div class=\"texto_texto\" style=\"font-size: 14px; line-height: 20px;\">\n<figure id=\"attachment_12758\" aria-describedby=\"caption-attachment-12758\" style=\"width: 161px\" class=\"wp-caption alignleft\"><img loading=\"lazy\" decoding=\"async\" class=\"size-full wp-image-12758\" title=\"Bandeira s\u00edmbolo do movimento GLBT contra a homofobia. A cor vermelha imita um sangramento.\" src=\"http:\/\/inclusivenews.com.br\/wp-content\/uploads\/2009\/11\/bandeira.jpg\" alt=\"Bandeira s\u00edmbolo do movimento GLBT contra a homofobia. A cor vermelha imita um sangramento.\" width=\"161\" height=\"122\" \/><figcaption id=\"caption-attachment-12758\" class=\"wp-caption-text\"> <\/figcaption><\/figure>\n<p>Leigos, leigas, cl\u00e9rigos e cl\u00e9rigas de diferentes fam\u00edlias confessionais crist\u00e3s est\u00e3o aderindo ao abaixo-assinado online endere\u00e7ado aos senadores da Rep\u00fablica, em apoio \u00e0 proposta de criminaliza\u00e7\u00e3o da homofobia, de autoria da senadora Marta Suplicy.<\/p>\n<p>O Projeto de Lei da C\u00e2mara no.122\/06 torna crime a discrimina\u00e7\u00e3o motivada pela orienta\u00e7\u00e3o sexual ou na identidade de g\u00eanero da pessoa. O PLC 122 inclui a penaliza\u00e7\u00e3o do fen\u00f4meno, &#8220;seguindo o princ\u00edpio do devido processo legal, daquelas pessoas que confundem direito de divergir com o n\u00e3o-direito de agredir, de torturar e de matar\u201d.<\/p>\n<p>Dados oficiais da Seguran\u00e7a P\u00fablica mostram o aumento de 113% de assassinatos homof\u00f3bicos no pa\u00eds nos \u00faltimos cinco anos. Em 2010, foram notificados 260 assassinatos de gays e travestis, levando o Brasil ao topo da lista como pa\u00eds onde mais ocorre esse tipo de crime.<\/p>\n<p>Para assinar a peti\u00e7\u00e3o acesse: <span style=\"text-decoration: underline;\"><a href=\"http:\/\/www.peticaopublica.com.br\/?pi=P2011N10154\">http:\/\/www.peticaopublica.com.br\/?pi=P2011N10154<\/a><\/span><br \/>\n__________<\/p>\n<p><strong>Fonte: <\/strong><a href=\"http:\/\/www.adital.org.br\/site\/noticia.asp?lang=PT&amp;cat=3&amp;dt=2011-05-31&amp;cod=56989\">Adital<\/a><\/p>\n<\/div>\n","protected":false},"excerpt":{"rendered":"<p>O Projeto de Lei da C\u00e2mara no.122\/06 torna crime a discrimina\u00e7\u00e3o motivada pela orienta\u00e7\u00e3o sexual ou na identidade de g\u00eanero da pessoa. Para assinar a peti\u00e7\u00e3o acesse: http:\/\/www.peticaopublica.com.br\/?pi=P2011N10154<\/p>\n","protected":false},"author":1,"featured_media":0,"comment_status":"open","ping_status":"open","sticky":false,"template":"","format":"standard","meta":{"site-container-style":"default","site-container-layout":"default","site-sidebar-layout":"default","disable-article-header":"default","disable-site-header":"default","disable-site-footer":"default","disable-content-area-spacing":"default","footnotes":""},"categories":[3,11,39,4,49],"tags":[],"class_list":["post-19709","post","type-post","status-publish","format-standard","hentry","category-campanhas","category-direitos-humanos","category-discriminacao","category-noticias","category-politicas-publicas"],"yoast_head":"<!-- This site is optimized with the Yoast SEO plugin v27.4 - https:\/\/yoast.com\/product\/yoast-seo-wordpress\/ -->\n<title>Peti\u00e7\u00e3o p\u00fablica apoia proposta de criminaliza\u00e7\u00e3o da homofobia -<\/title>\n<meta name=\"robots\" content=\"index, follow, max-snippet:-1, max-image-preview:large, max-video-preview:-1\" \/>\n<link rel=\"canonical\" href=\"https:\/\/inclusivenews.com.br\/?p=19709\" \/>\n<meta property=\"og:locale\" content=\"pt_PT\" \/>\n<meta property=\"og:type\" content=\"article\" \/>\n<meta property=\"og:title\" content=\"Peti\u00e7\u00e3o p\u00fablica apoia proposta de criminaliza\u00e7\u00e3o da homofobia -\" \/>\n<meta property=\"og:description\" content=\"O Projeto de Lei da C\u00e2mara no.122\/06 torna crime a discrimina\u00e7\u00e3o motivada pela orienta\u00e7\u00e3o sexual ou na identidade de g\u00eanero da pessoa. Para assinar a peti\u00e7\u00e3o acesse: http:\/\/www.peticaopublica.com.br\/?pi=P2011N10154\" \/>\n<meta property=\"og:url\" content=\"https:\/\/inclusivenews.com.br\/?p=19709\" \/>\n<meta property=\"article:publisher\" content=\"https:\/\/www.facebook.com\/agenciainclusive\/\" \/>\n<meta property=\"article:published_time\" content=\"2011-06-02T21:01:51+00:00\" \/>\n<meta property=\"og:image\" content=\"http:\/\/inclusivenews.com.br\/wp-content\/uploads\/2009\/11\/bandeira.jpg\" \/>\n<meta name=\"author\" content=\"inclusivenews2024\" \/>\n<meta name=\"twitter:card\" content=\"summary_large_image\" \/>\n<meta name=\"twitter:label1\" content=\"Escrito por\" \/>\n\t<meta name=\"twitter:data1\" content=\"inclusivenews2024\" \/>\n\t<meta name=\"twitter:label2\" content=\"Tempo estimado de leitura\" \/>\n\t<meta name=\"twitter:data2\" content=\"1 minuto\" \/>\n<script type=\"application\/ld+json\" class=\"yoast-schema-graph\">{\"@context\":\"https:\\\/\\\/schema.org\",\"@graph\":[{\"@type\":\"Article\",\"@id\":\"https:\\\/\\\/inclusivenews.com.br\\\/?p=19709#article\",\"isPartOf\":{\"@id\":\"https:\\\/\\\/inclusivenews.com.br\\\/?p=19709\"},\"author\":{\"name\":\"inclusivenews2024\",\"@id\":\"https:\\\/\\\/inclusivenews.com.br\\\/#\\\/schema\\\/person\\\/ae4ec7087559b8692fb33b6fffd2273b\"},\"headline\":\"Peti\u00e7\u00e3o p\u00fablica apoia proposta de criminaliza\u00e7\u00e3o da homofobia\",\"datePublished\":\"2011-06-02T21:01:51+00:00\",\"mainEntityOfPage\":{\"@id\":\"https:\\\/\\\/inclusivenews.com.br\\\/?p=19709\"},\"wordCount\":184,\"commentCount\":0,\"publisher\":{\"@id\":\"https:\\\/\\\/inclusivenews.com.br\\\/#organization\"},\"image\":{\"@id\":\"https:\\\/\\\/inclusivenews.com.br\\\/?p=19709#primaryimage\"},\"thumbnailUrl\":\"http:\\\/\\\/inclusivenews.com.br\\\/wp-content\\\/uploads\\\/2009\\\/11\\\/bandeira.jpg\",\"articleSection\":[\"CAMPANHAS\",\"DIREITOS HUMANOS\",\"Discrimina\u00e7\u00e3o\",\"NOT\u00cdCIAS\",\"Pol\u00edticas p\u00fablicas\"],\"inLanguage\":\"pt-PT\",\"potentialAction\":[{\"@type\":\"CommentAction\",\"name\":\"Comment\",\"target\":[\"https:\\\/\\\/inclusivenews.com.br\\\/?p=19709#respond\"]}]},{\"@type\":\"WebPage\",\"@id\":\"https:\\\/\\\/inclusivenews.com.br\\\/?p=19709\",\"url\":\"https:\\\/\\\/inclusivenews.com.br\\\/?p=19709\",\"name\":\"Peti\u00e7\u00e3o p\u00fablica apoia proposta de criminaliza\u00e7\u00e3o da homofobia -\",\"isPartOf\":{\"@id\":\"https:\\\/\\\/inclusivenews.com.br\\\/#website\"},\"primaryImageOfPage\":{\"@id\":\"https:\\\/\\\/inclusivenews.com.br\\\/?p=19709#primaryimage\"},\"image\":{\"@id\":\"https:\\\/\\\/inclusivenews.com.br\\\/?p=19709#primaryimage\"},\"thumbnailUrl\":\"http:\\\/\\\/inclusivenews.com.br\\\/wp-content\\\/uploads\\\/2009\\\/11\\\/bandeira.jpg\",\"datePublished\":\"2011-06-02T21:01:51+00:00\",\"breadcrumb\":{\"@id\":\"https:\\\/\\\/inclusivenews.com.br\\\/?p=19709#breadcrumb\"},\"inLanguage\":\"pt-PT\",\"potentialAction\":[{\"@type\":\"ReadAction\",\"target\":[\"https:\\\/\\\/inclusivenews.com.br\\\/?p=19709\"]}]},{\"@type\":\"ImageObject\",\"inLanguage\":\"pt-PT\",\"@id\":\"https:\\\/\\\/inclusivenews.com.br\\\/?p=19709#primaryimage\",\"url\":\"https:\\\/\\\/inclusivenews.com.br\\\/wp-content\\\/uploads\\\/2009\\\/11\\\/bandeira.jpg\",\"contentUrl\":\"https:\\\/\\\/inclusivenews.com.br\\\/wp-content\\\/uploads\\\/2009\\\/11\\\/bandeira.jpg\",\"width\":161,\"height\":122,\"caption\":\"Bandeira s\u00edmbolo do movimento GLBT contra a homofobia. A cor vermelha imita um sangramento.\"},{\"@type\":\"BreadcrumbList\",\"@id\":\"https:\\\/\\\/inclusivenews.com.br\\\/?p=19709#breadcrumb\",\"itemListElement\":[{\"@type\":\"ListItem\",\"position\":1,\"name\":\"In\u00edcio\",\"item\":\"https:\\\/\\\/inclusivenews.com.br\\\/\"},{\"@type\":\"ListItem\",\"position\":2,\"name\":\"Peti\u00e7\u00e3o p\u00fablica apoia proposta de criminaliza\u00e7\u00e3o da homofobia\"}]},{\"@type\":\"WebSite\",\"@id\":\"https:\\\/\\\/inclusivenews.com.br\\\/#website\",\"url\":\"https:\\\/\\\/inclusivenews.com.br\\\/\",\"name\":\"Inclusive News\",\"description\":\"Inclusive News\",\"publisher\":{\"@id\":\"https:\\\/\\\/inclusivenews.com.br\\\/#organization\"},\"potentialAction\":[{\"@type\":\"SearchAction\",\"target\":{\"@type\":\"EntryPoint\",\"urlTemplate\":\"https:\\\/\\\/inclusivenews.com.br\\\/?s={search_term_string}\"},\"query-input\":{\"@type\":\"PropertyValueSpecification\",\"valueRequired\":true,\"valueName\":\"search_term_string\"}}],\"inLanguage\":\"pt-PT\"},{\"@type\":\"Organization\",\"@id\":\"https:\\\/\\\/inclusivenews.com.br\\\/#organization\",\"name\":\"Inclusive - inclus\u00e3o e cidadania\",\"url\":\"https:\\\/\\\/inclusivenews.com.br\\\/\",\"logo\":{\"@type\":\"ImageObject\",\"inLanguage\":\"pt-PT\",\"@id\":\"https:\\\/\\\/inclusivenews.com.br\\\/#\\\/schema\\\/logo\\\/image\\\/\",\"url\":\"https:\\\/\\\/inclusivenews.com.br\\\/wp-content\\\/uploads\\\/2024\\\/03\\\/@grandesite.png\",\"contentUrl\":\"https:\\\/\\\/inclusivenews.com.br\\\/wp-content\\\/uploads\\\/2024\\\/03\\\/@grandesite.png\",\"width\":1080,\"height\":1080,\"caption\":\"Inclusive - inclus\u00e3o e cidadania\"},\"image\":{\"@id\":\"https:\\\/\\\/inclusivenews.com.br\\\/#\\\/schema\\\/logo\\\/image\\\/\"},\"sameAs\":[\"https:\\\/\\\/www.facebook.com\\\/agenciainclusive\\\/\",\"https:\\\/\\\/www.instagram.com\\\/newsinclusive\\\/\"]},{\"@type\":\"Person\",\"@id\":\"https:\\\/\\\/inclusivenews.com.br\\\/#\\\/schema\\\/person\\\/ae4ec7087559b8692fb33b6fffd2273b\",\"name\":\"inclusivenews2024\",\"image\":{\"@type\":\"ImageObject\",\"inLanguage\":\"pt-PT\",\"@id\":\"https:\\\/\\\/secure.gravatar.com\\\/avatar\\\/c5a7ef84c66fa914f55bc4f7ce26cfa275a3b9a1c5568b907bd184fb4dde7b40?s=96&d=mm&r=g\",\"url\":\"https:\\\/\\\/secure.gravatar.com\\\/avatar\\\/c5a7ef84c66fa914f55bc4f7ce26cfa275a3b9a1c5568b907bd184fb4dde7b40?s=96&d=mm&r=g\",\"contentUrl\":\"https:\\\/\\\/secure.gravatar.com\\\/avatar\\\/c5a7ef84c66fa914f55bc4f7ce26cfa275a3b9a1c5568b907bd184fb4dde7b40?s=96&d=mm&r=g\",\"caption\":\"inclusivenews2024\"},\"sameAs\":[\"https:\\\/\\\/inclusivenews.com.br\"],\"url\":\"https:\\\/\\\/inclusivenews.com.br\\\/?author=1\"}]}<\/script>\n<!-- \/ Yoast SEO plugin. -->","yoast_head_json":{"title":"Peti\u00e7\u00e3o p\u00fablica apoia proposta de criminaliza\u00e7\u00e3o da homofobia -","robots":{"index":"index","follow":"follow","max-snippet":"max-snippet:-1","max-image-preview":"max-image-preview:large","max-video-preview":"max-video-preview:-1"},"canonical":"https:\/\/inclusivenews.com.br\/?p=19709","og_locale":"pt_PT","og_type":"article","og_title":"Peti\u00e7\u00e3o p\u00fablica apoia proposta de criminaliza\u00e7\u00e3o da homofobia -","og_description":"O Projeto de Lei da C\u00e2mara no.122\/06 torna crime a discrimina\u00e7\u00e3o motivada pela orienta\u00e7\u00e3o sexual ou na identidade de g\u00eanero da pessoa. Para assinar a peti\u00e7\u00e3o acesse: http:\/\/www.peticaopublica.com.br\/?pi=P2011N10154","og_url":"https:\/\/inclusivenews.com.br\/?p=19709","article_publisher":"https:\/\/www.facebook.com\/agenciainclusive\/","article_published_time":"2011-06-02T21:01:51+00:00","og_image":[{"url":"http:\/\/inclusivenews.com.br\/wp-content\/uploads\/2009\/11\/bandeira.jpg","type":"","width":"","height":""}],"author":"inclusivenews2024","twitter_card":"summary_large_image","twitter_misc":{"Escrito por":"inclusivenews2024","Tempo estimado de leitura":"1 minuto"},"schema":{"@context":"https:\/\/schema.org","@graph":[{"@type":"Article","@id":"https:\/\/inclusivenews.com.br\/?p=19709#article","isPartOf":{"@id":"https:\/\/inclusivenews.com.br\/?p=19709"},"author":{"name":"inclusivenews2024","@id":"https:\/\/inclusivenews.com.br\/#\/schema\/person\/ae4ec7087559b8692fb33b6fffd2273b"},"headline":"Peti\u00e7\u00e3o p\u00fablica apoia proposta de criminaliza\u00e7\u00e3o da homofobia","datePublished":"2011-06-02T21:01:51+00:00","mainEntityOfPage":{"@id":"https:\/\/inclusivenews.com.br\/?p=19709"},"wordCount":184,"commentCount":0,"publisher":{"@id":"https:\/\/inclusivenews.com.br\/#organization"},"image":{"@id":"https:\/\/inclusivenews.com.br\/?p=19709#primaryimage"},"thumbnailUrl":"http:\/\/inclusivenews.com.br\/wp-content\/uploads\/2009\/11\/bandeira.jpg","articleSection":["CAMPANHAS","DIREITOS HUMANOS","Discrimina\u00e7\u00e3o","NOT\u00cdCIAS","Pol\u00edticas p\u00fablicas"],"inLanguage":"pt-PT","potentialAction":[{"@type":"CommentAction","name":"Comment","target":["https:\/\/inclusivenews.com.br\/?p=19709#respond"]}]},{"@type":"WebPage","@id":"https:\/\/inclusivenews.com.br\/?p=19709","url":"https:\/\/inclusivenews.com.br\/?p=19709","name":"Peti\u00e7\u00e3o p\u00fablica apoia proposta de criminaliza\u00e7\u00e3o da homofobia -","isPartOf":{"@id":"https:\/\/inclusivenews.com.br\/#website"},"primaryImageOfPage":{"@id":"https:\/\/inclusivenews.com.br\/?p=19709#primaryimage"},"image":{"@id":"https:\/\/inclusivenews.com.br\/?p=19709#primaryimage"},"thumbnailUrl":"http:\/\/inclusivenews.com.br\/wp-content\/uploads\/2009\/11\/bandeira.jpg","datePublished":"2011-06-02T21:01:51+00:00","breadcrumb":{"@id":"https:\/\/inclusivenews.com.br\/?p=19709#breadcrumb"},"inLanguage":"pt-PT","potentialAction":[{"@type":"ReadAction","target":["https:\/\/inclusivenews.com.br\/?p=19709"]}]},{"@type":"ImageObject","inLanguage":"pt-PT","@id":"https:\/\/inclusivenews.com.br\/?p=19709#primaryimage","url":"https:\/\/inclusivenews.com.br\/wp-content\/uploads\/2009\/11\/bandeira.jpg","contentUrl":"https:\/\/inclusivenews.com.br\/wp-content\/uploads\/2009\/11\/bandeira.jpg","width":161,"height":122,"caption":"Bandeira s\u00edmbolo do movimento GLBT contra a homofobia. A cor vermelha imita um sangramento."},{"@type":"BreadcrumbList","@id":"https:\/\/inclusivenews.com.br\/?p=19709#breadcrumb","itemListElement":[{"@type":"ListItem","position":1,"name":"In\u00edcio","item":"https:\/\/inclusivenews.com.br\/"},{"@type":"ListItem","position":2,"name":"Peti\u00e7\u00e3o p\u00fablica apoia proposta de criminaliza\u00e7\u00e3o da homofobia"}]},{"@type":"WebSite","@id":"https:\/\/inclusivenews.com.br\/#website","url":"https:\/\/inclusivenews.com.br\/","name":"Inclusive News","description":"Inclusive News","publisher":{"@id":"https:\/\/inclusivenews.com.br\/#organization"},"potentialAction":[{"@type":"SearchAction","target":{"@type":"EntryPoint","urlTemplate":"https:\/\/inclusivenews.com.br\/?s={search_term_string}"},"query-input":{"@type":"PropertyValueSpecification","valueRequired":true,"valueName":"search_term_string"}}],"inLanguage":"pt-PT"},{"@type":"Organization","@id":"https:\/\/inclusivenews.com.br\/#organization","name":"Inclusive - inclus\u00e3o e cidadania","url":"https:\/\/inclusivenews.com.br\/","logo":{"@type":"ImageObject","inLanguage":"pt-PT","@id":"https:\/\/inclusivenews.com.br\/#\/schema\/logo\/image\/","url":"https:\/\/inclusivenews.com.br\/wp-content\/uploads\/2024\/03\/@grandesite.png","contentUrl":"https:\/\/inclusivenews.com.br\/wp-content\/uploads\/2024\/03\/@grandesite.png","width":1080,"height":1080,"caption":"Inclusive - inclus\u00e3o e cidadania"},"image":{"@id":"https:\/\/inclusivenews.com.br\/#\/schema\/logo\/image\/"},"sameAs":["https:\/\/www.facebook.com\/agenciainclusive\/","https:\/\/www.instagram.com\/newsinclusive\/"]},{"@type":"Person","@id":"https:\/\/inclusivenews.com.br\/#\/schema\/person\/ae4ec7087559b8692fb33b6fffd2273b","name":"inclusivenews2024","image":{"@type":"ImageObject","inLanguage":"pt-PT","@id":"https:\/\/secure.gravatar.com\/avatar\/c5a7ef84c66fa914f55bc4f7ce26cfa275a3b9a1c5568b907bd184fb4dde7b40?s=96&d=mm&r=g","url":"https:\/\/secure.gravatar.com\/avatar\/c5a7ef84c66fa914f55bc4f7ce26cfa275a3b9a1c5568b907bd184fb4dde7b40?s=96&d=mm&r=g","contentUrl":"https:\/\/secure.gravatar.com\/avatar\/c5a7ef84c66fa914f55bc4f7ce26cfa275a3b9a1c5568b907bd184fb4dde7b40?s=96&d=mm&r=g","caption":"inclusivenews2024"},"sameAs":["https:\/\/inclusivenews.com.br"],"url":"https:\/\/inclusivenews.com.br\/?author=1"}]}},"_links":{"self":[{"href":"https:\/\/inclusivenews.com.br\/index.php?rest_route=\/wp\/v2\/posts\/19709","targetHints":{"allow":["GET"]}}],"collection":[{"href":"https:\/\/inclusivenews.com.br\/index.php?rest_route=\/wp\/v2\/posts"}],"about":[{"href":"https:\/\/inclusivenews.com.br\/index.php?rest_route=\/wp\/v2\/types\/post"}],"author":[{"embeddable":true,"href":"https:\/\/inclusivenews.com.br\/index.php?rest_route=\/wp\/v2\/users\/1"}],"replies":[{"embeddable":true,"href":"https:\/\/inclusivenews.com.br\/index.php?rest_route=%2Fwp%2Fv2%2Fcomments&post=19709"}],"version-history":[{"count":0,"href":"https:\/\/inclusivenews.com.br\/index.php?rest_route=\/wp\/v2\/posts\/19709\/revisions"}],"wp:attachment":[{"href":"https:\/\/inclusivenews.com.br\/index.php?rest_route=%2Fwp%2Fv2%2Fmedia&parent=19709"}],"wp:term":[{"taxonomy":"category","embeddable":true,"href":"https:\/\/inclusivenews.com.br\/index.php?rest_route=%2Fwp%2Fv2%2Fcategories&post=19709"},{"taxonomy":"post_tag","embeddable":true,"href":"https:\/\/inclusivenews.com.br\/index.php?rest_route=%2Fwp%2Fv2%2Ftags&post=19709"}],"curies":[{"name":"wp","href":"https:\/\/api.w.org\/{rel}","templated":true}]}}