{"id":19734,"date":"2011-06-02T17:59:23","date_gmt":"2011-06-02T20:59:23","guid":{"rendered":"http:\/\/www.inclusive.org.br\/?p=19734"},"modified":"2011-06-02T17:59:23","modified_gmt":"2011-06-02T20:59:23","slug":"acoes-buscam-cumprimento-da-audio-descricao","status":"publish","type":"post","link":"https:\/\/inclusivenews.com.br\/?p=19734","title":{"rendered":"A\u00e7\u00f5es buscam cumprimento da audio-descri\u00e7\u00e3o"},"content":{"rendered":"<figure id=\"attachment_17212\" aria-describedby=\"caption-attachment-17212\" style=\"width: 74px\" class=\"wp-caption alignleft\"><img loading=\"lazy\" decoding=\"async\" class=\"size-full wp-image-17212\" title=\"anew_audiodescricao\" src=\"http:\/\/inclusivenews.com.br\/wp-content\/uploads\/2010\/09\/anew_audiodescricao.jpg\" alt=\"S\u00edmbolo da \u00e1udio-descri\u00e7\u00e3o - Letras A e D brancas, em caixa alta, sobre fundo preto, e tr\u00eas par\u00eanteses ap\u00f3s o D.\" width=\"74\" height=\"70\" \/><figcaption id=\"caption-attachment-17212\" class=\"wp-caption-text\">S\u00edmbolo da \u00e1udio-descri\u00e7\u00e3o - Letras A e D brancas, em caixa alta, sobre fundo preto, e tr\u00eas par\u00eanteses ap\u00f3s o D.<\/figcaption><\/figure>\n<p>A  Deputada Rosinha da Adefal adotou uma s\u00e9rie de  medidas que visam a implanta\u00e7\u00e3o do recurso de \u00e1udio-descri\u00e7\u00e3o em diversas  inst\u00e2ncias.<\/p>\n<p>A  Deputada apresentou of\u00edcio ao Presidente e \u00e0 1\u00aa Vice Presidenta da Mesa Diretora  da C\u00e2mara dos Deputados (Deputado Marco Maia e Deputada Rose de Freitas)  requerendo a implanta\u00e7\u00e3o dos Servi\u00e7os de \u00e1udio-descri\u00e7\u00e3o nesta Casa,  principalmente no que se refere \u00e0 TV C\u00e2mara.\u00a0 A ger\u00eancia do  Programa de Acessibilidade da C\u00e2mara tamb\u00e9m j\u00e1 foi acionada pela Deputada,  informando do requerimento, para que, paralelamente, v\u00e1 se mobilizando e  promovendo os estudos necess\u00e1rios de viabilidade do pedido.<\/p>\n<p>\u201cNuma  Casa que \u00e9 um verdadeiro patrim\u00f4nio hist\u00f3rico, o profissional \u00e1udio-descritor \u00e9  um elemento fundamental para a inclus\u00e3o social das pessoas com defici\u00eancia, como  garantia ao seu direito \u00e0 informa\u00e7\u00e3o e \u00e0 comunica\u00e7\u00e3o.\u00a0  Convidamos esta Casa a dar o exemplo primeiro de respeito \u00e0 cidadania das  pessoas com defici\u00eancia, adotando as medidas necess\u00e1rias \u00e0 implanta\u00e7\u00e3o deste  recurso de acessibilidade, inicialmente na TV C\u00e2mara.\u00a0 Nosso  objetivo \u00e9 que a \u00e1udio-descri\u00e7\u00e3o seja uma realidade inserida na rotina normal de  funcionamento do Congresso Nacional. Estamos confiantes, pois acreditamos na  sensibilidade desta Casa aos temas de interesse das pessoas com  defici\u00eancia\u201d.<\/p>\n<p>A  Deputada Rosinha tamb\u00e9m oficiou a Subcomiss\u00e3o Permanente dos Assuntos Sociais da  Pessoa com Defici\u00eancia (Casdef), por meio de seu Presidente, Senador Lindberg  Farias, para que junto ao Senado desenvolva gest\u00e3o semelhante, a fim de  viabilizar este recurso de acessibilidade tamb\u00e9m naquela Casa.<\/p>\n<p>Convidou  formalmente a Presidenta da Frente Parlamentar pela Liberdade de express\u00e3o e  pelo Direito \u00e0 Comunica\u00e7\u00e3o com Participa\u00e7\u00e3o Popular (Frentecom), Deputada  Erundina, para realizarem semin\u00e1rio em parceria com a Frente Parlamentar do  Congresso Nacional em Defesa dos Direitos das Pessoas com Defici\u00eancia, na qual a  Deputada Rosinha \u00e9 Presidenta, para discutir sobre a profiss\u00e3o de  \u00e1udio-descritor, os requisitos necess\u00e1rios ao exerc\u00edcio dessa profiss\u00e3o, a  necessidade de certifica\u00e7\u00e3o desses profissionais, bem como o vencimento do prazo  da Portaria n.\u00ba 188, do Minist\u00e9rio das Comunica\u00e7\u00f5es.<\/p>\n<p>Protocolizou  requerimento perante a Comiss\u00e3o de Direitos Humanos e Minorias da C\u00e2mara dos  Deputados, solicitando a realiza\u00e7\u00e3o de audi\u00eancia p\u00fablica para tratar do tema,  para a qual solicitou a convoca\u00e7\u00e3o do Ministro das Comunica\u00e7\u00f5es, do  representante legal da Abert e do Ministro do STF relator da ADPF n.\u00ba  160\/2008<\/p>\n<p>Ainda  incipiente no Brasil, a \u00e1udio-descri\u00e7\u00e3o \u00e9 um servi\u00e7o de tecnologia  assistiva.\u00a0 \u00c9 a descri\u00e7\u00e3o do que se v\u00ea.\u00a0 \u00c9 a  narra\u00e7\u00e3o do que \u00e9 visualmente observado, inclusive pinturas, esculturas,  desenhos, conte\u00fado de slides, transpar\u00eancias, filmes e tudo mais que se  apresenta ao p\u00fablico vidente.<\/p>\n<p>A  \u00e1udio-descri\u00e7\u00e3o est\u00e1 prevista em nosso ordenamento jur\u00eddico e \u00e9 garantida em  nossa Constitui\u00e7\u00e3o, al\u00e9m de ser prevista na Conven\u00e7\u00e3o dos Direitos da Pessoa com  Defici\u00eancia.<\/p>\n<p>Segundo  dados do IBGE, S\u00e3o cerca de 16,5 milh\u00f5es de brasileiros que tem defici\u00eancia  visual total ou parcial.<\/p>\n<p>Para  a referida audi\u00eancia p\u00fablica, a Deputada Rosinha sugeriu\u00a0 que al\u00e9m dos  integrantes da Mesa de debates, fossem convidadas diversas pessoas de  reconhecida atua\u00e7\u00e3o na \u00e1rea, por entender que os melhores encaminhamentos  aconteceriam com suas participa\u00e7\u00f5es. S\u00e3o elas:<\/p>\n<p>1.\u00a0\u00a0\u00a0  Maria do  Ros\u00e1rio Nunes &#8211; Ministra da Secretaria Especial de Direitos Humanos da  Presid\u00eancia da Rep\u00fablica;<\/p>\n<p>2.\u00a0\u00a0\u00a0  Mara  Gabrilli \u2013 Deputada Federal, integrante da Frente Parlamentar da PcD;<\/p>\n<p>3.\u00a0\u00a0\u00a0  Walter  Tosta \u2013 Deputado Federal, integrante da Frente Parlamentar da PcD;<\/p>\n<p>4.\u00a0\u00a0\u00a0  Senador  Lindberg Farias, integrante da Frente Parlamentar da PcD;<\/p>\n<p>5.\u00a0\u00a0\u00a0  Senador  Wellington Dias, integrante da Frente Parlamentar da PcD;<\/p>\n<p>6.\u00a0\u00a0\u00a0  Deputado  Eduardo Barbosa, integrante da Frente Parlamentar da PcD;<\/p>\n<p>7.\u00a0\u00a0\u00a0  Deputados  Ot\u00e1vio Leite, integrante da Frente Parlamentar da PcD;<\/p>\n<p>8.\u00a0\u00a0\u00a0  Deputado  Geraldo Resende, integrante da Frente Parlamentar da PcD;<\/p>\n<p>9.\u00a0\u00a0\u00a0  Deputado  Rom\u00e1rio, integrante da Frente Parlamentar da PcD;<\/p>\n<p>10. Deputado Mandetta, integrante da  Frente Parlamentar da PcD;<\/p>\n<p>11. Ant\u00f4nio Jos\u00e9 do Nascimento Ferreira \u2013  Secret\u00e1rio Nacional da Promo\u00e7\u00e3o dos Direitos das Pessoas com  Defici\u00eancia;<\/p>\n<p>12. Mois\u00e9s Bauer \u2013 Presidente do Conselho  Nacional dos Direitos das Pessoas com Defici\u00eancia (Conade);<\/p>\n<p>13. Roberto Monteiro Jos\u00e9 Santos \u2013  Procurador Geral da Rep\u00fablica;<\/p>\n<p>14. Francisco Jos\u00e9 de Lima \u2013 Coordenador  do Centro de Estudos Inclusivos da UFPE; formador de \u00e1udio-descritores no curso  de Tradu\u00e7\u00e3o Visual \u201cImagens que Falam\u201d; editor da Revista Brasileira de Tradu\u00e7\u00e3o  Visual;<\/p>\n<p>15. Paulo Romeu Filho \u2013 Analista de  Sistemas do Companhia de Processamento de Dados do Munic\u00edpio de S\u00e3o Paulo  (Prodam);<\/p>\n<p>16. L\u00edvia Maria Villela de Mello Motta &#8211;  Professora Doutora doutora em Lingu\u00edstica Aplicada e Estudos da Linguagem pela  Pontif\u00edcia Universidade de S\u00e3o Paulo (PUC\/SP);<\/p>\n<p>17. Ros\u00e2ngela Aparecida de Oliveira Lima \u2013  Professora Doutora em Sociolingu\u00edstica da Universidade Federal de Pernambuco  (UFPE), coordenadora local do curso de gradua\u00e7\u00e3o \u00e0 dist\u00e2ncia Letras\/Libras,  oferecido em parceria pela UFSC\/UFPE e pesquisadora do CEI\/UFPE;<\/p>\n<p>18. Ernani Nunes Ribeiro \u2013 Professor  Mestre em Educa\u00e7\u00e3o, Historiador, Int\u00e9rprete de Libras e  \u00c1udio-Descritor;<\/p>\n<p>19. Ana Paula Crosara de Resende \u2013  Advogada que ajuizou a ADPF n.\u00ba 160, de 2008;<\/p>\n<p>20. Representante das Empresas de  Radiodifus\u00e3o do Brasil (Abra);<\/p>\n<p>21. Representante da Associa\u00e7\u00e3o Brasileira  de Emissoras de R\u00e1dio e Televis\u00e3o (Abrat);<\/p>\n<p>22. Representante da Funda\u00e7\u00e3o Roquete  Pinto (representando as emissoras p\u00fablicas);<\/p>\n<p>23. Uni\u00e3o Nacional de Cegos no Brasil  (UNCB).<br \/>\nFonte: Assessoria do Gabinete da Deputada Rosinha da Adefal<\/p>\n","protected":false},"excerpt":{"rendered":"<p>&#8220;Nosso objetivo \u00e9 que a \u00e1udio-descri\u00e7\u00e3o seja uma realidade inserida na rotina normal de funcionamento do Congresso Nacional.&#8221;<\/p>\n","protected":false},"author":1,"featured_media":0,"comment_status":"open","ping_status":"open","sticky":false,"template":"","format":"standard","meta":{"site-container-style":"default","site-container-layout":"default","site-sidebar-layout":"default","disable-article-header":"default","disable-site-header":"default","disable-site-footer":"default","disable-content-area-spacing":"default","footnotes":""},"categories":[44,29,38,48,4],"tags":[],"class_list":["post-19734","post","type-post","status-publish","format-standard","hentry","category-acessibilidade","category-cultura","category-deficiencia","category-inclusao","category-noticias"],"yoast_head":"<!-- This site is optimized with the Yoast SEO plugin v27.4 - https:\/\/yoast.com\/product\/yoast-seo-wordpress\/ -->\n<title>A\u00e7\u00f5es buscam cumprimento da audio-descri\u00e7\u00e3o -<\/title>\n<meta name=\"robots\" content=\"index, follow, max-snippet:-1, max-image-preview:large, max-video-preview:-1\" \/>\n<link rel=\"canonical\" href=\"https:\/\/inclusivenews.com.br\/?p=19734\" \/>\n<meta property=\"og:locale\" content=\"pt_PT\" \/>\n<meta property=\"og:type\" content=\"article\" \/>\n<meta property=\"og:title\" content=\"A\u00e7\u00f5es buscam cumprimento da audio-descri\u00e7\u00e3o -\" \/>\n<meta property=\"og:description\" content=\"&quot;Nosso objetivo \u00e9 que a \u00e1udio-descri\u00e7\u00e3o seja uma realidade inserida na rotina normal de funcionamento do Congresso Nacional.&quot;\" \/>\n<meta property=\"og:url\" content=\"https:\/\/inclusivenews.com.br\/?p=19734\" \/>\n<meta property=\"article:publisher\" content=\"https:\/\/www.facebook.com\/agenciainclusive\/\" \/>\n<meta property=\"article:published_time\" content=\"2011-06-02T20:59:23+00:00\" \/>\n<meta property=\"og:image\" content=\"http:\/\/inclusivenews.com.br\/wp-content\/uploads\/2010\/09\/anew_audiodescricao.jpg\" \/>\n<meta name=\"author\" content=\"inclusivenews2024\" \/>\n<meta name=\"twitter:card\" content=\"summary_large_image\" \/>\n<meta name=\"twitter:label1\" content=\"Escrito por\" \/>\n\t<meta name=\"twitter:data1\" content=\"inclusivenews2024\" \/>\n\t<meta name=\"twitter:label2\" content=\"Tempo estimado de leitura\" \/>\n\t<meta name=\"twitter:data2\" content=\"5 minutos\" \/>\n<script type=\"application\/ld+json\" class=\"yoast-schema-graph\">{\"@context\":\"https:\\\/\\\/schema.org\",\"@graph\":[{\"@type\":\"Article\",\"@id\":\"https:\\\/\\\/inclusivenews.com.br\\\/?p=19734#article\",\"isPartOf\":{\"@id\":\"https:\\\/\\\/inclusivenews.com.br\\\/?p=19734\"},\"author\":{\"name\":\"inclusivenews2024\",\"@id\":\"https:\\\/\\\/inclusivenews.com.br\\\/#\\\/schema\\\/person\\\/ae4ec7087559b8692fb33b6fffd2273b\"},\"headline\":\"A\u00e7\u00f5es buscam cumprimento da audio-descri\u00e7\u00e3o\",\"datePublished\":\"2011-06-02T20:59:23+00:00\",\"mainEntityOfPage\":{\"@id\":\"https:\\\/\\\/inclusivenews.com.br\\\/?p=19734\"},\"wordCount\":931,\"commentCount\":0,\"publisher\":{\"@id\":\"https:\\\/\\\/inclusivenews.com.br\\\/#organization\"},\"image\":{\"@id\":\"https:\\\/\\\/inclusivenews.com.br\\\/?p=19734#primaryimage\"},\"thumbnailUrl\":\"http:\\\/\\\/inclusivenews.com.br\\\/wp-content\\\/uploads\\\/2010\\\/09\\\/anew_audiodescricao.jpg\",\"articleSection\":[\"ACESSIBILIDADE\",\"Cultura\",\"Defici\u00eancia\",\"INCLUS\u00c3O SOCIAL\",\"NOT\u00cdCIAS\"],\"inLanguage\":\"pt-PT\",\"potentialAction\":[{\"@type\":\"CommentAction\",\"name\":\"Comment\",\"target\":[\"https:\\\/\\\/inclusivenews.com.br\\\/?p=19734#respond\"]}]},{\"@type\":\"WebPage\",\"@id\":\"https:\\\/\\\/inclusivenews.com.br\\\/?p=19734\",\"url\":\"https:\\\/\\\/inclusivenews.com.br\\\/?p=19734\",\"name\":\"A\u00e7\u00f5es buscam cumprimento da audio-descri\u00e7\u00e3o -\",\"isPartOf\":{\"@id\":\"https:\\\/\\\/inclusivenews.com.br\\\/#website\"},\"primaryImageOfPage\":{\"@id\":\"https:\\\/\\\/inclusivenews.com.br\\\/?p=19734#primaryimage\"},\"image\":{\"@id\":\"https:\\\/\\\/inclusivenews.com.br\\\/?p=19734#primaryimage\"},\"thumbnailUrl\":\"http:\\\/\\\/inclusivenews.com.br\\\/wp-content\\\/uploads\\\/2010\\\/09\\\/anew_audiodescricao.jpg\",\"datePublished\":\"2011-06-02T20:59:23+00:00\",\"breadcrumb\":{\"@id\":\"https:\\\/\\\/inclusivenews.com.br\\\/?p=19734#breadcrumb\"},\"inLanguage\":\"pt-PT\",\"potentialAction\":[{\"@type\":\"ReadAction\",\"target\":[\"https:\\\/\\\/inclusivenews.com.br\\\/?p=19734\"]}]},{\"@type\":\"ImageObject\",\"inLanguage\":\"pt-PT\",\"@id\":\"https:\\\/\\\/inclusivenews.com.br\\\/?p=19734#primaryimage\",\"url\":\"\",\"contentUrl\":\"\"},{\"@type\":\"BreadcrumbList\",\"@id\":\"https:\\\/\\\/inclusivenews.com.br\\\/?p=19734#breadcrumb\",\"itemListElement\":[{\"@type\":\"ListItem\",\"position\":1,\"name\":\"In\u00edcio\",\"item\":\"https:\\\/\\\/inclusivenews.com.br\\\/\"},{\"@type\":\"ListItem\",\"position\":2,\"name\":\"A\u00e7\u00f5es buscam cumprimento da audio-descri\u00e7\u00e3o\"}]},{\"@type\":\"WebSite\",\"@id\":\"https:\\\/\\\/inclusivenews.com.br\\\/#website\",\"url\":\"https:\\\/\\\/inclusivenews.com.br\\\/\",\"name\":\"Inclusive News\",\"description\":\"Inclusive News\",\"publisher\":{\"@id\":\"https:\\\/\\\/inclusivenews.com.br\\\/#organization\"},\"potentialAction\":[{\"@type\":\"SearchAction\",\"target\":{\"@type\":\"EntryPoint\",\"urlTemplate\":\"https:\\\/\\\/inclusivenews.com.br\\\/?s={search_term_string}\"},\"query-input\":{\"@type\":\"PropertyValueSpecification\",\"valueRequired\":true,\"valueName\":\"search_term_string\"}}],\"inLanguage\":\"pt-PT\"},{\"@type\":\"Organization\",\"@id\":\"https:\\\/\\\/inclusivenews.com.br\\\/#organization\",\"name\":\"Inclusive - inclus\u00e3o e cidadania\",\"url\":\"https:\\\/\\\/inclusivenews.com.br\\\/\",\"logo\":{\"@type\":\"ImageObject\",\"inLanguage\":\"pt-PT\",\"@id\":\"https:\\\/\\\/inclusivenews.com.br\\\/#\\\/schema\\\/logo\\\/image\\\/\",\"url\":\"https:\\\/\\\/inclusivenews.com.br\\\/wp-content\\\/uploads\\\/2024\\\/03\\\/@grandesite.png\",\"contentUrl\":\"https:\\\/\\\/inclusivenews.com.br\\\/wp-content\\\/uploads\\\/2024\\\/03\\\/@grandesite.png\",\"width\":1080,\"height\":1080,\"caption\":\"Inclusive - inclus\u00e3o e cidadania\"},\"image\":{\"@id\":\"https:\\\/\\\/inclusivenews.com.br\\\/#\\\/schema\\\/logo\\\/image\\\/\"},\"sameAs\":[\"https:\\\/\\\/www.facebook.com\\\/agenciainclusive\\\/\",\"https:\\\/\\\/www.instagram.com\\\/newsinclusive\\\/\"]},{\"@type\":\"Person\",\"@id\":\"https:\\\/\\\/inclusivenews.com.br\\\/#\\\/schema\\\/person\\\/ae4ec7087559b8692fb33b6fffd2273b\",\"name\":\"inclusivenews2024\",\"image\":{\"@type\":\"ImageObject\",\"inLanguage\":\"pt-PT\",\"@id\":\"https:\\\/\\\/secure.gravatar.com\\\/avatar\\\/c5a7ef84c66fa914f55bc4f7ce26cfa275a3b9a1c5568b907bd184fb4dde7b40?s=96&d=mm&r=g\",\"url\":\"https:\\\/\\\/secure.gravatar.com\\\/avatar\\\/c5a7ef84c66fa914f55bc4f7ce26cfa275a3b9a1c5568b907bd184fb4dde7b40?s=96&d=mm&r=g\",\"contentUrl\":\"https:\\\/\\\/secure.gravatar.com\\\/avatar\\\/c5a7ef84c66fa914f55bc4f7ce26cfa275a3b9a1c5568b907bd184fb4dde7b40?s=96&d=mm&r=g\",\"caption\":\"inclusivenews2024\"},\"sameAs\":[\"https:\\\/\\\/inclusivenews.com.br\"],\"url\":\"https:\\\/\\\/inclusivenews.com.br\\\/?author=1\"}]}<\/script>\n<!-- \/ Yoast SEO plugin. -->","yoast_head_json":{"title":"A\u00e7\u00f5es buscam cumprimento da audio-descri\u00e7\u00e3o -","robots":{"index":"index","follow":"follow","max-snippet":"max-snippet:-1","max-image-preview":"max-image-preview:large","max-video-preview":"max-video-preview:-1"},"canonical":"https:\/\/inclusivenews.com.br\/?p=19734","og_locale":"pt_PT","og_type":"article","og_title":"A\u00e7\u00f5es buscam cumprimento da audio-descri\u00e7\u00e3o -","og_description":"\"Nosso objetivo \u00e9 que a \u00e1udio-descri\u00e7\u00e3o seja uma realidade inserida na rotina normal de funcionamento do Congresso Nacional.\"","og_url":"https:\/\/inclusivenews.com.br\/?p=19734","article_publisher":"https:\/\/www.facebook.com\/agenciainclusive\/","article_published_time":"2011-06-02T20:59:23+00:00","og_image":[{"url":"http:\/\/inclusivenews.com.br\/wp-content\/uploads\/2010\/09\/anew_audiodescricao.jpg","type":"","width":"","height":""}],"author":"inclusivenews2024","twitter_card":"summary_large_image","twitter_misc":{"Escrito por":"inclusivenews2024","Tempo estimado de leitura":"5 minutos"},"schema":{"@context":"https:\/\/schema.org","@graph":[{"@type":"Article","@id":"https:\/\/inclusivenews.com.br\/?p=19734#article","isPartOf":{"@id":"https:\/\/inclusivenews.com.br\/?p=19734"},"author":{"name":"inclusivenews2024","@id":"https:\/\/inclusivenews.com.br\/#\/schema\/person\/ae4ec7087559b8692fb33b6fffd2273b"},"headline":"A\u00e7\u00f5es buscam cumprimento da audio-descri\u00e7\u00e3o","datePublished":"2011-06-02T20:59:23+00:00","mainEntityOfPage":{"@id":"https:\/\/inclusivenews.com.br\/?p=19734"},"wordCount":931,"commentCount":0,"publisher":{"@id":"https:\/\/inclusivenews.com.br\/#organization"},"image":{"@id":"https:\/\/inclusivenews.com.br\/?p=19734#primaryimage"},"thumbnailUrl":"http:\/\/inclusivenews.com.br\/wp-content\/uploads\/2010\/09\/anew_audiodescricao.jpg","articleSection":["ACESSIBILIDADE","Cultura","Defici\u00eancia","INCLUS\u00c3O SOCIAL","NOT\u00cdCIAS"],"inLanguage":"pt-PT","potentialAction":[{"@type":"CommentAction","name":"Comment","target":["https:\/\/inclusivenews.com.br\/?p=19734#respond"]}]},{"@type":"WebPage","@id":"https:\/\/inclusivenews.com.br\/?p=19734","url":"https:\/\/inclusivenews.com.br\/?p=19734","name":"A\u00e7\u00f5es buscam cumprimento da audio-descri\u00e7\u00e3o -","isPartOf":{"@id":"https:\/\/inclusivenews.com.br\/#website"},"primaryImageOfPage":{"@id":"https:\/\/inclusivenews.com.br\/?p=19734#primaryimage"},"image":{"@id":"https:\/\/inclusivenews.com.br\/?p=19734#primaryimage"},"thumbnailUrl":"http:\/\/inclusivenews.com.br\/wp-content\/uploads\/2010\/09\/anew_audiodescricao.jpg","datePublished":"2011-06-02T20:59:23+00:00","breadcrumb":{"@id":"https:\/\/inclusivenews.com.br\/?p=19734#breadcrumb"},"inLanguage":"pt-PT","potentialAction":[{"@type":"ReadAction","target":["https:\/\/inclusivenews.com.br\/?p=19734"]}]},{"@type":"ImageObject","inLanguage":"pt-PT","@id":"https:\/\/inclusivenews.com.br\/?p=19734#primaryimage","url":"","contentUrl":""},{"@type":"BreadcrumbList","@id":"https:\/\/inclusivenews.com.br\/?p=19734#breadcrumb","itemListElement":[{"@type":"ListItem","position":1,"name":"In\u00edcio","item":"https:\/\/inclusivenews.com.br\/"},{"@type":"ListItem","position":2,"name":"A\u00e7\u00f5es buscam cumprimento da audio-descri\u00e7\u00e3o"}]},{"@type":"WebSite","@id":"https:\/\/inclusivenews.com.br\/#website","url":"https:\/\/inclusivenews.com.br\/","name":"Inclusive News","description":"Inclusive News","publisher":{"@id":"https:\/\/inclusivenews.com.br\/#organization"},"potentialAction":[{"@type":"SearchAction","target":{"@type":"EntryPoint","urlTemplate":"https:\/\/inclusivenews.com.br\/?s={search_term_string}"},"query-input":{"@type":"PropertyValueSpecification","valueRequired":true,"valueName":"search_term_string"}}],"inLanguage":"pt-PT"},{"@type":"Organization","@id":"https:\/\/inclusivenews.com.br\/#organization","name":"Inclusive - inclus\u00e3o e cidadania","url":"https:\/\/inclusivenews.com.br\/","logo":{"@type":"ImageObject","inLanguage":"pt-PT","@id":"https:\/\/inclusivenews.com.br\/#\/schema\/logo\/image\/","url":"https:\/\/inclusivenews.com.br\/wp-content\/uploads\/2024\/03\/@grandesite.png","contentUrl":"https:\/\/inclusivenews.com.br\/wp-content\/uploads\/2024\/03\/@grandesite.png","width":1080,"height":1080,"caption":"Inclusive - inclus\u00e3o e cidadania"},"image":{"@id":"https:\/\/inclusivenews.com.br\/#\/schema\/logo\/image\/"},"sameAs":["https:\/\/www.facebook.com\/agenciainclusive\/","https:\/\/www.instagram.com\/newsinclusive\/"]},{"@type":"Person","@id":"https:\/\/inclusivenews.com.br\/#\/schema\/person\/ae4ec7087559b8692fb33b6fffd2273b","name":"inclusivenews2024","image":{"@type":"ImageObject","inLanguage":"pt-PT","@id":"https:\/\/secure.gravatar.com\/avatar\/c5a7ef84c66fa914f55bc4f7ce26cfa275a3b9a1c5568b907bd184fb4dde7b40?s=96&d=mm&r=g","url":"https:\/\/secure.gravatar.com\/avatar\/c5a7ef84c66fa914f55bc4f7ce26cfa275a3b9a1c5568b907bd184fb4dde7b40?s=96&d=mm&r=g","contentUrl":"https:\/\/secure.gravatar.com\/avatar\/c5a7ef84c66fa914f55bc4f7ce26cfa275a3b9a1c5568b907bd184fb4dde7b40?s=96&d=mm&r=g","caption":"inclusivenews2024"},"sameAs":["https:\/\/inclusivenews.com.br"],"url":"https:\/\/inclusivenews.com.br\/?author=1"}]}},"_links":{"self":[{"href":"https:\/\/inclusivenews.com.br\/index.php?rest_route=\/wp\/v2\/posts\/19734","targetHints":{"allow":["GET"]}}],"collection":[{"href":"https:\/\/inclusivenews.com.br\/index.php?rest_route=\/wp\/v2\/posts"}],"about":[{"href":"https:\/\/inclusivenews.com.br\/index.php?rest_route=\/wp\/v2\/types\/post"}],"author":[{"embeddable":true,"href":"https:\/\/inclusivenews.com.br\/index.php?rest_route=\/wp\/v2\/users\/1"}],"replies":[{"embeddable":true,"href":"https:\/\/inclusivenews.com.br\/index.php?rest_route=%2Fwp%2Fv2%2Fcomments&post=19734"}],"version-history":[{"count":0,"href":"https:\/\/inclusivenews.com.br\/index.php?rest_route=\/wp\/v2\/posts\/19734\/revisions"}],"wp:attachment":[{"href":"https:\/\/inclusivenews.com.br\/index.php?rest_route=%2Fwp%2Fv2%2Fmedia&parent=19734"}],"wp:term":[{"taxonomy":"category","embeddable":true,"href":"https:\/\/inclusivenews.com.br\/index.php?rest_route=%2Fwp%2Fv2%2Fcategories&post=19734"},{"taxonomy":"post_tag","embeddable":true,"href":"https:\/\/inclusivenews.com.br\/index.php?rest_route=%2Fwp%2Fv2%2Ftags&post=19734"}],"curies":[{"name":"wp","href":"https:\/\/api.w.org\/{rel}","templated":true}]}}