{"id":19743,"date":"2011-06-02T18:15:32","date_gmt":"2011-06-02T21:15:32","guid":{"rendered":"http:\/\/www.inclusive.org.br\/?p=19743"},"modified":"2011-06-02T18:15:32","modified_gmt":"2011-06-02T21:15:32","slug":"o-que-fazer-para-tirar-o-brasil-do-atraso","status":"publish","type":"post","link":"https:\/\/inclusivenews.com.br\/?p=19743","title":{"rendered":"O que fazer para tirar o Brasil do atraso"},"content":{"rendered":"<p><a class=\"moz-txt-link-freetext\" href=\"http:\/\/www.correiocidadania.com.br\/images\/stories\/resenhas\/livro_carosamigosespecial.jpg\"><img loading=\"lazy\" decoding=\"async\" class=\"alignleft size-full wp-image-19748\" title=\"Capa da edi\u00e7\u00e3o especial da Caros Amigos\" src=\"http:\/\/inclusivenews.com.br\/wp-content\/uploads\/livro_carosamigosespecial.jpg\" alt=\"Capa da edi\u00e7\u00e3o especial da Caros Amigos\" width=\"190\" height=\"240\" \/><\/a><br \/>\nLugar comum de todos os discursos, h\u00e1 d\u00e9cadas, a melhoria da Educa\u00e7\u00e3o brasileira continua sendo uma fascinante promessa de pol\u00edticos em campanha eleitoral e de governantes dos mais diferentes matizes ideol\u00f3gicos.<\/p>\n<p>Todos, do mais elitista e rico empres\u00e1rio ao mais explorado trabalhador, admitem que o investimento em Educa\u00e7\u00e3o \u00e9 urgente e essencial para tirar o Brasil de vergonhoso atraso secular.<\/p>\n<p>No entanto, na pr\u00e1tica, no momento em que \u00e9 preciso adotar medidas concretas \u2013 destinar mais de 10% do PIB para o setor, investir na capacita\u00e7\u00e3o e na remunera\u00e7\u00e3o dos professores, dotar as escolas com tecnologia de ponta e sintonizar o sistema de ensino com o projeto de desenvolvimento pol\u00edtico, econ\u00f4mico e social do pa\u00eds \u2013, a\u00ed, as coisas mudam radicalmente, pouco se faz e pouco se avan\u00e7a \u2013 nem mesmo para erradicar o pesado e persistente analfabetismo.<\/p>\n<p>Vivemos, no Brasil, essa eterna lengalenga: sabemos muito bem o que fazer, temos ac\u00famulo de conhecimentos, mas n\u00e3o temos for\u00e7a pol\u00edtica para mudar. Na hora de se virar a mesa da Educa\u00e7\u00e3o, o empresariado privado ataca os cofres p\u00fablicos, e a escola p\u00fablica \u2013 fundamental e m\u00e9dia \u2013 permanece sucateada para os filhos dos pobres, enquanto o ensino superior p\u00fablico alcan\u00e7a uma \u00ednfima parcela da popula\u00e7\u00e3o em idade escolar.<\/p>\n<p>Nesta edi\u00e7\u00e3o especial da Caros Amigos reunimos artigos exclusivos dos mais importantes educadores brasileiros, muitos deles que h\u00e1 d\u00e9cadas estudam propostas e caminhos para a forma\u00e7\u00e3o escolar e o mundo ligado ao processo educacional, gente que tem dedicado a vida para construir, aqui e agora, uma nova hist\u00f3ria do ensino no Brasil.<\/p>\n<p>Todos eles, generosamente, expressaram as suas opini\u00f5es. Junto com esses artigos, reunimos tamb\u00e9m reportagens espec\u00edficas sobre a conjuntura da Educa\u00e7\u00e3o, o financiamento, a avalia\u00e7\u00e3o, a forma\u00e7\u00e3o do professor, os planos e os projetos do sistema de ensino no Brasil.<\/p>\n<p>O resultado \u00e9 esse verdadeiro dossi\u00ea da Educa\u00e7\u00e3o brasileira \u2013 que fornece um diagn\u00f3stico bem preciso do quadro atual, faz a cr\u00edtica pol\u00edtica e t\u00e9cnica e apresenta uma reflex\u00e3o recheada de ideias e propostas \u2013 tudo aquilo que \u00e9 preciso ter em mente para que, finalmente, se fa\u00e7a alguma coisa.<\/p>\n<p>Caros Amigos torce para que a melhoria da Educa\u00e7\u00e3o saia do discurso e do papel; que ela seja instrumento de transforma\u00e7\u00e3o para milh\u00f5es de brasileiros que sonham com um futuro melhor. Essa edi\u00e7\u00e3o especial expressa a nossa contribui\u00e7\u00e3o.<br \/>\n______________________<\/p>\n<p><strong>Fonte:<\/strong> <a href=\"http:\/\/www.correiocidadania.com.br\/content\/view\/5899\/166\/\">Correio da Cidadania<\/a><\/p>\n","protected":false},"excerpt":{"rendered":"<p>Lugar comum de todos os discursos, h\u00e1 d\u00e9cadas, a melhoria da Educa\u00e7\u00e3o brasileira continua sendo uma fascinante promessa de pol\u00edticos em campanha eleitoral e de governantes dos mais diferentes matizes ideol\u00f3gicos. Este \u00e9 o tema da edi\u00e7\u00e3o especial da Caros Amigos.<\/p>\n","protected":false},"author":1,"featured_media":0,"comment_status":"open","ping_status":"open","sticky":false,"template":"","format":"standard","meta":{"site-container-style":"default","site-container-layout":"default","site-sidebar-layout":"default","disable-article-header":"default","disable-site-header":"default","disable-site-footer":"default","disable-content-area-spacing":"default","footnotes":""},"categories":[6,4],"tags":[],"class_list":["post-19743","post","type-post","status-publish","format-standard","hentry","category-educacao","category-noticias"],"yoast_head":"<!-- This site is optimized with the Yoast SEO plugin v27.4 - https:\/\/yoast.com\/product\/yoast-seo-wordpress\/ -->\n<title>O que fazer para tirar o Brasil do atraso -<\/title>\n<meta name=\"robots\" content=\"index, follow, max-snippet:-1, max-image-preview:large, max-video-preview:-1\" \/>\n<link rel=\"canonical\" href=\"https:\/\/inclusivenews.com.br\/?p=19743\" \/>\n<meta property=\"og:locale\" content=\"pt_PT\" \/>\n<meta property=\"og:type\" content=\"article\" \/>\n<meta property=\"og:title\" content=\"O que fazer para tirar o Brasil do atraso -\" \/>\n<meta property=\"og:description\" content=\"Lugar comum de todos os discursos, h\u00e1 d\u00e9cadas, a melhoria da Educa\u00e7\u00e3o brasileira continua sendo uma fascinante promessa de pol\u00edticos em campanha eleitoral e de governantes dos mais diferentes matizes ideol\u00f3gicos. Este \u00e9 o tema da edi\u00e7\u00e3o especial da Caros Amigos.\" \/>\n<meta property=\"og:url\" content=\"https:\/\/inclusivenews.com.br\/?p=19743\" \/>\n<meta property=\"article:publisher\" content=\"https:\/\/www.facebook.com\/agenciainclusive\/\" \/>\n<meta property=\"article:published_time\" content=\"2011-06-02T21:15:32+00:00\" \/>\n<meta property=\"og:image\" content=\"http:\/\/inclusivenews.com.br\/wp-content\/uploads\/livro_carosamigosespecial.jpg\" \/>\n<meta name=\"author\" content=\"inclusivenews2024\" \/>\n<meta name=\"twitter:card\" content=\"summary_large_image\" \/>\n<meta name=\"twitter:label1\" content=\"Escrito por\" \/>\n\t<meta name=\"twitter:data1\" content=\"inclusivenews2024\" \/>\n\t<meta name=\"twitter:label2\" content=\"Tempo estimado de leitura\" \/>\n\t<meta name=\"twitter:data2\" content=\"2 minutos\" \/>\n<script type=\"application\/ld+json\" class=\"yoast-schema-graph\">{\"@context\":\"https:\\\/\\\/schema.org\",\"@graph\":[{\"@type\":\"Article\",\"@id\":\"https:\\\/\\\/inclusivenews.com.br\\\/?p=19743#article\",\"isPartOf\":{\"@id\":\"https:\\\/\\\/inclusivenews.com.br\\\/?p=19743\"},\"author\":{\"name\":\"inclusivenews2024\",\"@id\":\"https:\\\/\\\/inclusivenews.com.br\\\/#\\\/schema\\\/person\\\/ae4ec7087559b8692fb33b6fffd2273b\"},\"headline\":\"O que fazer para tirar o Brasil do atraso\",\"datePublished\":\"2011-06-02T21:15:32+00:00\",\"mainEntityOfPage\":{\"@id\":\"https:\\\/\\\/inclusivenews.com.br\\\/?p=19743\"},\"wordCount\":433,\"commentCount\":0,\"publisher\":{\"@id\":\"https:\\\/\\\/inclusivenews.com.br\\\/#organization\"},\"image\":{\"@id\":\"https:\\\/\\\/inclusivenews.com.br\\\/?p=19743#primaryimage\"},\"thumbnailUrl\":\"http:\\\/\\\/inclusivenews.com.br\\\/wp-content\\\/uploads\\\/livro_carosamigosespecial.jpg\",\"articleSection\":[\"EDUCA\u00c7\u00c3O\",\"NOT\u00cdCIAS\"],\"inLanguage\":\"pt-PT\",\"potentialAction\":[{\"@type\":\"CommentAction\",\"name\":\"Comment\",\"target\":[\"https:\\\/\\\/inclusivenews.com.br\\\/?p=19743#respond\"]}]},{\"@type\":\"WebPage\",\"@id\":\"https:\\\/\\\/inclusivenews.com.br\\\/?p=19743\",\"url\":\"https:\\\/\\\/inclusivenews.com.br\\\/?p=19743\",\"name\":\"O que fazer para tirar o Brasil do atraso -\",\"isPartOf\":{\"@id\":\"https:\\\/\\\/inclusivenews.com.br\\\/#website\"},\"primaryImageOfPage\":{\"@id\":\"https:\\\/\\\/inclusivenews.com.br\\\/?p=19743#primaryimage\"},\"image\":{\"@id\":\"https:\\\/\\\/inclusivenews.com.br\\\/?p=19743#primaryimage\"},\"thumbnailUrl\":\"http:\\\/\\\/inclusivenews.com.br\\\/wp-content\\\/uploads\\\/livro_carosamigosespecial.jpg\",\"datePublished\":\"2011-06-02T21:15:32+00:00\",\"breadcrumb\":{\"@id\":\"https:\\\/\\\/inclusivenews.com.br\\\/?p=19743#breadcrumb\"},\"inLanguage\":\"pt-PT\",\"potentialAction\":[{\"@type\":\"ReadAction\",\"target\":[\"https:\\\/\\\/inclusivenews.com.br\\\/?p=19743\"]}]},{\"@type\":\"ImageObject\",\"inLanguage\":\"pt-PT\",\"@id\":\"https:\\\/\\\/inclusivenews.com.br\\\/?p=19743#primaryimage\",\"url\":\"\",\"contentUrl\":\"\"},{\"@type\":\"BreadcrumbList\",\"@id\":\"https:\\\/\\\/inclusivenews.com.br\\\/?p=19743#breadcrumb\",\"itemListElement\":[{\"@type\":\"ListItem\",\"position\":1,\"name\":\"In\u00edcio\",\"item\":\"https:\\\/\\\/inclusivenews.com.br\\\/\"},{\"@type\":\"ListItem\",\"position\":2,\"name\":\"O que fazer para tirar o Brasil do atraso\"}]},{\"@type\":\"WebSite\",\"@id\":\"https:\\\/\\\/inclusivenews.com.br\\\/#website\",\"url\":\"https:\\\/\\\/inclusivenews.com.br\\\/\",\"name\":\"Inclusive News\",\"description\":\"Inclusive News\",\"publisher\":{\"@id\":\"https:\\\/\\\/inclusivenews.com.br\\\/#organization\"},\"potentialAction\":[{\"@type\":\"SearchAction\",\"target\":{\"@type\":\"EntryPoint\",\"urlTemplate\":\"https:\\\/\\\/inclusivenews.com.br\\\/?s={search_term_string}\"},\"query-input\":{\"@type\":\"PropertyValueSpecification\",\"valueRequired\":true,\"valueName\":\"search_term_string\"}}],\"inLanguage\":\"pt-PT\"},{\"@type\":\"Organization\",\"@id\":\"https:\\\/\\\/inclusivenews.com.br\\\/#organization\",\"name\":\"Inclusive - inclus\u00e3o e cidadania\",\"url\":\"https:\\\/\\\/inclusivenews.com.br\\\/\",\"logo\":{\"@type\":\"ImageObject\",\"inLanguage\":\"pt-PT\",\"@id\":\"https:\\\/\\\/inclusivenews.com.br\\\/#\\\/schema\\\/logo\\\/image\\\/\",\"url\":\"https:\\\/\\\/inclusivenews.com.br\\\/wp-content\\\/uploads\\\/2024\\\/03\\\/@grandesite.png\",\"contentUrl\":\"https:\\\/\\\/inclusivenews.com.br\\\/wp-content\\\/uploads\\\/2024\\\/03\\\/@grandesite.png\",\"width\":1080,\"height\":1080,\"caption\":\"Inclusive - inclus\u00e3o e cidadania\"},\"image\":{\"@id\":\"https:\\\/\\\/inclusivenews.com.br\\\/#\\\/schema\\\/logo\\\/image\\\/\"},\"sameAs\":[\"https:\\\/\\\/www.facebook.com\\\/agenciainclusive\\\/\",\"https:\\\/\\\/www.instagram.com\\\/newsinclusive\\\/\"]},{\"@type\":\"Person\",\"@id\":\"https:\\\/\\\/inclusivenews.com.br\\\/#\\\/schema\\\/person\\\/ae4ec7087559b8692fb33b6fffd2273b\",\"name\":\"inclusivenews2024\",\"image\":{\"@type\":\"ImageObject\",\"inLanguage\":\"pt-PT\",\"@id\":\"https:\\\/\\\/secure.gravatar.com\\\/avatar\\\/c5a7ef84c66fa914f55bc4f7ce26cfa275a3b9a1c5568b907bd184fb4dde7b40?s=96&d=mm&r=g\",\"url\":\"https:\\\/\\\/secure.gravatar.com\\\/avatar\\\/c5a7ef84c66fa914f55bc4f7ce26cfa275a3b9a1c5568b907bd184fb4dde7b40?s=96&d=mm&r=g\",\"contentUrl\":\"https:\\\/\\\/secure.gravatar.com\\\/avatar\\\/c5a7ef84c66fa914f55bc4f7ce26cfa275a3b9a1c5568b907bd184fb4dde7b40?s=96&d=mm&r=g\",\"caption\":\"inclusivenews2024\"},\"sameAs\":[\"https:\\\/\\\/inclusivenews.com.br\"],\"url\":\"https:\\\/\\\/inclusivenews.com.br\\\/?author=1\"}]}<\/script>\n<!-- \/ Yoast SEO plugin. -->","yoast_head_json":{"title":"O que fazer para tirar o Brasil do atraso -","robots":{"index":"index","follow":"follow","max-snippet":"max-snippet:-1","max-image-preview":"max-image-preview:large","max-video-preview":"max-video-preview:-1"},"canonical":"https:\/\/inclusivenews.com.br\/?p=19743","og_locale":"pt_PT","og_type":"article","og_title":"O que fazer para tirar o Brasil do atraso -","og_description":"Lugar comum de todos os discursos, h\u00e1 d\u00e9cadas, a melhoria da Educa\u00e7\u00e3o brasileira continua sendo uma fascinante promessa de pol\u00edticos em campanha eleitoral e de governantes dos mais diferentes matizes ideol\u00f3gicos. Este \u00e9 o tema da edi\u00e7\u00e3o especial da Caros Amigos.","og_url":"https:\/\/inclusivenews.com.br\/?p=19743","article_publisher":"https:\/\/www.facebook.com\/agenciainclusive\/","article_published_time":"2011-06-02T21:15:32+00:00","og_image":[{"url":"http:\/\/inclusivenews.com.br\/wp-content\/uploads\/livro_carosamigosespecial.jpg","type":"","width":"","height":""}],"author":"inclusivenews2024","twitter_card":"summary_large_image","twitter_misc":{"Escrito por":"inclusivenews2024","Tempo estimado de leitura":"2 minutos"},"schema":{"@context":"https:\/\/schema.org","@graph":[{"@type":"Article","@id":"https:\/\/inclusivenews.com.br\/?p=19743#article","isPartOf":{"@id":"https:\/\/inclusivenews.com.br\/?p=19743"},"author":{"name":"inclusivenews2024","@id":"https:\/\/inclusivenews.com.br\/#\/schema\/person\/ae4ec7087559b8692fb33b6fffd2273b"},"headline":"O que fazer para tirar o Brasil do atraso","datePublished":"2011-06-02T21:15:32+00:00","mainEntityOfPage":{"@id":"https:\/\/inclusivenews.com.br\/?p=19743"},"wordCount":433,"commentCount":0,"publisher":{"@id":"https:\/\/inclusivenews.com.br\/#organization"},"image":{"@id":"https:\/\/inclusivenews.com.br\/?p=19743#primaryimage"},"thumbnailUrl":"http:\/\/inclusivenews.com.br\/wp-content\/uploads\/livro_carosamigosespecial.jpg","articleSection":["EDUCA\u00c7\u00c3O","NOT\u00cdCIAS"],"inLanguage":"pt-PT","potentialAction":[{"@type":"CommentAction","name":"Comment","target":["https:\/\/inclusivenews.com.br\/?p=19743#respond"]}]},{"@type":"WebPage","@id":"https:\/\/inclusivenews.com.br\/?p=19743","url":"https:\/\/inclusivenews.com.br\/?p=19743","name":"O que fazer para tirar o Brasil do atraso -","isPartOf":{"@id":"https:\/\/inclusivenews.com.br\/#website"},"primaryImageOfPage":{"@id":"https:\/\/inclusivenews.com.br\/?p=19743#primaryimage"},"image":{"@id":"https:\/\/inclusivenews.com.br\/?p=19743#primaryimage"},"thumbnailUrl":"http:\/\/inclusivenews.com.br\/wp-content\/uploads\/livro_carosamigosespecial.jpg","datePublished":"2011-06-02T21:15:32+00:00","breadcrumb":{"@id":"https:\/\/inclusivenews.com.br\/?p=19743#breadcrumb"},"inLanguage":"pt-PT","potentialAction":[{"@type":"ReadAction","target":["https:\/\/inclusivenews.com.br\/?p=19743"]}]},{"@type":"ImageObject","inLanguage":"pt-PT","@id":"https:\/\/inclusivenews.com.br\/?p=19743#primaryimage","url":"","contentUrl":""},{"@type":"BreadcrumbList","@id":"https:\/\/inclusivenews.com.br\/?p=19743#breadcrumb","itemListElement":[{"@type":"ListItem","position":1,"name":"In\u00edcio","item":"https:\/\/inclusivenews.com.br\/"},{"@type":"ListItem","position":2,"name":"O que fazer para tirar o Brasil do atraso"}]},{"@type":"WebSite","@id":"https:\/\/inclusivenews.com.br\/#website","url":"https:\/\/inclusivenews.com.br\/","name":"Inclusive News","description":"Inclusive News","publisher":{"@id":"https:\/\/inclusivenews.com.br\/#organization"},"potentialAction":[{"@type":"SearchAction","target":{"@type":"EntryPoint","urlTemplate":"https:\/\/inclusivenews.com.br\/?s={search_term_string}"},"query-input":{"@type":"PropertyValueSpecification","valueRequired":true,"valueName":"search_term_string"}}],"inLanguage":"pt-PT"},{"@type":"Organization","@id":"https:\/\/inclusivenews.com.br\/#organization","name":"Inclusive - inclus\u00e3o e cidadania","url":"https:\/\/inclusivenews.com.br\/","logo":{"@type":"ImageObject","inLanguage":"pt-PT","@id":"https:\/\/inclusivenews.com.br\/#\/schema\/logo\/image\/","url":"https:\/\/inclusivenews.com.br\/wp-content\/uploads\/2024\/03\/@grandesite.png","contentUrl":"https:\/\/inclusivenews.com.br\/wp-content\/uploads\/2024\/03\/@grandesite.png","width":1080,"height":1080,"caption":"Inclusive - inclus\u00e3o e cidadania"},"image":{"@id":"https:\/\/inclusivenews.com.br\/#\/schema\/logo\/image\/"},"sameAs":["https:\/\/www.facebook.com\/agenciainclusive\/","https:\/\/www.instagram.com\/newsinclusive\/"]},{"@type":"Person","@id":"https:\/\/inclusivenews.com.br\/#\/schema\/person\/ae4ec7087559b8692fb33b6fffd2273b","name":"inclusivenews2024","image":{"@type":"ImageObject","inLanguage":"pt-PT","@id":"https:\/\/secure.gravatar.com\/avatar\/c5a7ef84c66fa914f55bc4f7ce26cfa275a3b9a1c5568b907bd184fb4dde7b40?s=96&d=mm&r=g","url":"https:\/\/secure.gravatar.com\/avatar\/c5a7ef84c66fa914f55bc4f7ce26cfa275a3b9a1c5568b907bd184fb4dde7b40?s=96&d=mm&r=g","contentUrl":"https:\/\/secure.gravatar.com\/avatar\/c5a7ef84c66fa914f55bc4f7ce26cfa275a3b9a1c5568b907bd184fb4dde7b40?s=96&d=mm&r=g","caption":"inclusivenews2024"},"sameAs":["https:\/\/inclusivenews.com.br"],"url":"https:\/\/inclusivenews.com.br\/?author=1"}]}},"_links":{"self":[{"href":"https:\/\/inclusivenews.com.br\/index.php?rest_route=\/wp\/v2\/posts\/19743","targetHints":{"allow":["GET"]}}],"collection":[{"href":"https:\/\/inclusivenews.com.br\/index.php?rest_route=\/wp\/v2\/posts"}],"about":[{"href":"https:\/\/inclusivenews.com.br\/index.php?rest_route=\/wp\/v2\/types\/post"}],"author":[{"embeddable":true,"href":"https:\/\/inclusivenews.com.br\/index.php?rest_route=\/wp\/v2\/users\/1"}],"replies":[{"embeddable":true,"href":"https:\/\/inclusivenews.com.br\/index.php?rest_route=%2Fwp%2Fv2%2Fcomments&post=19743"}],"version-history":[{"count":0,"href":"https:\/\/inclusivenews.com.br\/index.php?rest_route=\/wp\/v2\/posts\/19743\/revisions"}],"wp:attachment":[{"href":"https:\/\/inclusivenews.com.br\/index.php?rest_route=%2Fwp%2Fv2%2Fmedia&parent=19743"}],"wp:term":[{"taxonomy":"category","embeddable":true,"href":"https:\/\/inclusivenews.com.br\/index.php?rest_route=%2Fwp%2Fv2%2Fcategories&post=19743"},{"taxonomy":"post_tag","embeddable":true,"href":"https:\/\/inclusivenews.com.br\/index.php?rest_route=%2Fwp%2Fv2%2Ftags&post=19743"}],"curies":[{"name":"wp","href":"https:\/\/api.w.org\/{rel}","templated":true}]}}