{"id":19752,"date":"2011-06-03T08:01:39","date_gmt":"2011-06-03T11:01:39","guid":{"rendered":"http:\/\/www.inclusive.org.br\/?p=19752"},"modified":"2011-06-03T08:01:39","modified_gmt":"2011-06-03T11:01:39","slug":"audiencia-publica-do-pne-discute-genero-e-raca","status":"publish","type":"post","link":"https:\/\/inclusivenews.com.br\/?p=19752","title":{"rendered":"Audi\u00eancia p\u00fablica do PNE discute g\u00eanero e ra\u00e7a"},"content":{"rendered":"<p><img loading=\"lazy\" decoding=\"async\" class=\"alignleft size-full wp-image-12548\" title=\"Campanha Nacional pelo Direito \u00e0 Educa\u00e7\u00e3o - um livro e aves saindo dentro dele\" src=\"http:\/\/inclusivenews.com.br\/wp-content\/uploads\/2009\/11\/campanha.jpg\" alt=\"Campanha Nacional pelo Direito \u00e0 Educa\u00e7\u00e3o - um livro e aves saindo dentro dele\" width=\"190\" height=\"190\" srcset=\"https:\/\/inclusivenews.com.br\/wp-content\/uploads\/2009\/11\/campanha.jpg 190w, https:\/\/inclusivenews.com.br\/wp-content\/uploads\/2009\/11\/campanha-150x150.jpg 150w\" sizes=\"auto, (max-width: 190px) 100vw, 190px\" \/>V\u00e1rias das emendas apresentadas pela ministras da igualdade racial e de pol\u00edticas para as mulheres convergem com as propostas do movimento \u201cPNE pra Valer!\u201d, dispon\u00edveis no site <a href=\"http:\/\/www.pnepravaler.org.br \">www.pnepravaler.org.br <\/a><\/p>\n<p>Na tarde desta quarta-feira (1\/6), a Comiss\u00e3o Especial que analisa o PL 8035\/2010 (Plano Nacional de Educa\u00e7\u00e3o) realizou audi\u00eancia p\u00fablica sobre propostas para a promo\u00e7\u00e3o da igualdade racial e de pol\u00edticas para mulheres.<\/p>\n<p>\u201cN\u00e3o existe no Brasil nenhum outro movimento social que tenha investido tanto em educa\u00e7\u00e3o como o movimento negro. Um exemplo \u00e9 que no \u00faltimo Congresso do Movimento Negro, das 23 mesas tem\u00e1ticas, 17 destinaram-se a tratar de educa\u00e7\u00e3o. E desse investimento resultam as propostas que apresentamos ao PNE, que tamb\u00e9m se refletem nas delibera\u00e7\u00f5es da Conae [Confer\u00eancia Nacional de Educa\u00e7\u00e3o]\u201d, anunciou a ministra-chefe da Secretaria Especial de Promo\u00e7\u00e3o da Igualdade Racial, Luiza Helena de Barros.<\/p>\n<p>A Secretaria apresentou 10 emendas ao corpo do PL e outras 40 aos anexos referentes \u00e0s metas e estrat\u00e9gias do Plano, sendo o destaque para a emenda que solicita que a supera\u00e7\u00e3o das desigualdades \u00e9tnico-raciais seja considerada uma das diretrizes do Plano.<\/p>\n<p>Segundo dados divulgados na audi\u00eancia, entre os 16,2 milh\u00f5es das pessoas em situa\u00e7\u00e3o de extrema pobreza no Brasil, 70,8% s\u00e3o negras, 25,8% s\u00e3o analfabetas, 25% residem no campo, 59% est\u00e3o no Nordeste e 51% t\u00eam at\u00e9 19 anos de idade. Dos 14,5 milh\u00f5es de analfabetos brasileiros, 7,4 milh\u00f5es s\u00e3o mulheres, de maneira geral as negras, pobres, residentes no campo e oriundas do Nordeste.<\/p>\n<p>J\u00e1 a ministra-chefe da Secretaria de Pol\u00edticas para as Mulheres, Iriny Lopes, destacou a necessidade de construir junto \u00e0s novas gera\u00e7\u00f5es valores que tragam mudan\u00e7as estruturais na sociedade, de forma a superar desigualdades. A ministra lembrou que, embora em m\u00e9dia as mulheres apresentem \u00edndices educacionais superiores aos da popula\u00e7\u00e3o masculina, persistem as desigualdades por classe social, ra\u00e7a\/etnia, campo ou cidade, faixa et\u00e1ria e de acordo com a regi\u00e3o do Pa\u00eds.<\/p>\n<p>Em 2009, chegou a 35% o percentual de fam\u00edlias chefiadas por mulheres no Brasil. Dessas, 49% s\u00e3o monoparentais, ou seja, s\u00e3o responsabilidade de mulheres que mant\u00eam sozinhas seus filhos e fam\u00edlias. Na universidade e p\u00f3s-gradua\u00e7\u00e3o as mulheres j\u00e1 representam 56,9%. A despeito disso, elas ainda se concentram em carreiras \u201ctipicamente femininas\u201d, como magist\u00e9rio, enfermagem e assist\u00eancia social. V\u00e1rias emendas propostas pela ministra buscam a supera\u00e7\u00e3o desse quadro.<\/p>\n<p>Financiamento para superar desigualdades e exclus\u00e3o \u2013 \u201cOs dados mostram que a pobreza no Brasil tem cor e tem sexo. Todas as emendas apresentadas pelas duas ministras s\u00e3o muito importantes, mas sem o financiamento adequado, n\u00e3o conseguiremos atingir nenhuma das metas\u201d, declarou a presidenta da Comiss\u00e3o de Educa\u00e7\u00e3o e Cultura da C\u00e2mara dos Deputados, F\u00e1tima Bezerra (PT-RN). \u201cO PNE ser\u00e1 um instrumento poderoso para superar desigualdades, opress\u00e3o, discrimina\u00e7\u00e3o que est\u00e3o na sociedade e na escola\u201d, completou a deputada.<\/p>\n<p>Para o deputado Paulo Rubem Santiago (PDT-PE), o PNE anterior (2001-2010) n\u00e3o foi concretizado em grande parte porque n\u00e3o teve o financiamento adequado. \u201cEstou convencido de que o Brasil tem que virar uma p\u00e1gina cinzenta de sua hist\u00f3ria, que foi o descaso pela educa\u00e7\u00e3o como direito social e como fator de supera\u00e7\u00e3o das desigualdades\u201d, declarou. O deputado alertou que n\u00e3o faltam planos ou leis no Brasil, mas converg\u00eancia e sinergia entre as pol\u00edticas e seus executores. \u201cAl\u00e9m de v\u00e1rias emendas importantes, vamos ter que aprovar aqui uma reg\u00eancia, uma sinfonia, que articule o financiamento, o regime de colabora\u00e7\u00e3o, a constru\u00e7\u00e3o do sistema nacional de gest\u00e3o educacional e a transversalidade\u201d, alertou.<\/p>\n<p>O deputado prop\u00f4s a realiza\u00e7\u00e3o de reuni\u00e3o da CE na ter\u00e7a-feira, 7 de junho, \u00e0s 16h, para discutir poss\u00edveis fontes para o financiamento do PNE. A proposta foi acolhida pelo presidente da Comiss\u00e3o, Gast\u00e3o Vieira (PMDB-MA) e pelo relator da mat\u00e9ria, Angelo Vanhoni (PT-PR), que apontou a possibilidade de realizar audi\u00eancia p\u00fablica espec\u00edfica sobre o tema.<\/p>\n<p>Emendas do \u201cPNE pra Valer!\u201d \u2013 V\u00e1rias das emendas apresentadas pelas duas ministras convergem com as propostas do movimento &#8220;PNE pra Valer!&#8221;, coordenado pela Campanha Nacional pelo Direito \u00e0 Educa\u00e7\u00e3o. Na ter\u00e7a-feira (31\/5) o movimento entregou aos parlamentares da Comiss\u00e3o Especial um conjunto de 101 emendas, dispon\u00edveis no site <a href=\"http:\/\/www.pnepravaler.org.br\">www.pnepravaler.org.br<\/a><\/p>\n<p>O que \u00e9 o movimento &#8220;PNE pra Valer!&#8221; \u2013 Desde que a proposta de PNE foi divulgada pelo Poder Executivo Federal, em dezembro de 2010, um amplo e plural grupo de pessoas, organiza\u00e7\u00f5es, redes e movimentos vinculados \u00e0 Campanha Nacional pelo Direito \u00e0 Educa\u00e7\u00e3o e engajados no movimento &#8220;PNE pra Valer!&#8221; vem se dedicando a analisar a proposta e a produzir emendas com o objetivo de contribuir para que este Plano reflita as delibera\u00e7\u00f5es da Conae (Confer\u00eancia Nacional de Educa\u00e7\u00e3o), os anseios e as necessidades da educa\u00e7\u00e3o p\u00fablica brasileira, e que seja resultado de um amplo trabalho coletivo e colaborativo entre os diversos atores que fazem a educa\u00e7\u00e3o em nosso Pa\u00eds. Todos os documentos e not\u00edcias produzidos pelo movimento podem ser acessados no site <a href=\"http:\/\/www.pnepravaler.org.br\">www.pnepravaler.org.br<\/a><\/p>\n<p><a href=\"http:\/\/www.pnepravaler.org.br\"><\/a>A Campanha Nacional pelo Direito \u00e0 Educa\u00e7\u00e3o(www.campanhaeducacao.org.br) \u00e9 uma rede da sociedade civil que tem como miss\u00e3o atuar pela efetiva\u00e7\u00e3o e amplia\u00e7\u00e3o dos direitos educacionais para que todas as pessoas tenham garantido seu direito a uma educa\u00e7\u00e3o p\u00fablica, gratuita e de qualidade no Brasil. \u00c9 considerada a articula\u00e7\u00e3o mais ampla e plural no campo da educa\u00e7\u00e3o b\u00e1sica no Brasil, constituindo-se como uma rede que articula mais de 200 grupos e entidades distribu\u00eddas por todo o Pa\u00eds. Em outubro de 2007, a Campanha recebeu do Congresso Nacional o pr\u00eamio Darcy Ribeiro, por sua bem-sucedida atua\u00e7\u00e3o de incid\u00eancia pol\u00edtica no processo de cria\u00e7\u00e3o do Fundeb (Fundo da Educa\u00e7\u00e3o B\u00e1sica).<\/p>\n<p>Fontes para a imprensa<br \/>\nDenise Carreira \u2013 Coordenadora do programa Ra\u00e7a, Diversidade e Participa\u00e7\u00e3o da ONG A\u00e7\u00e3o Educativa, Relatora Nacional do Direito Humano \u00e0 Educa\u00e7\u00e3o<br \/>\nDaniel Cara \u2013 Coordenador geral da Campanha Nacional pelo Direito \u00e0 Educa\u00e7\u00e3o<br \/>\nCleusa Repulho \u2013 Presidenta da Undime (Uni\u00e3o Nacional dos Dirigentes Municipais de Educa\u00e7\u00e3o)<\/p>\n<p>Contatos para a imprensa<br \/>\nAndressa Pellanda \u2013 andressa@campanhaeducacao.org.br<br \/>\nCampanha Nacional pelo Direito \u00e0 Educa\u00e7\u00e3o<br \/>\nTel.: (+55 11) 3159-1243<br \/>\nCel.: (+55 11) 8793-7711<\/p>\n","protected":false},"excerpt":{"rendered":"<p>Na tarde desta quarta-feira (1\/6), a Comiss\u00e3o Especial que analisa o PL 8035\/2010 (Plano Nacional de Educa\u00e7\u00e3o) realizou audi\u00eancia p\u00fablica sobre propostas para a promo\u00e7\u00e3o da igualdade racial e de pol\u00edticas para mulheres.<\/p>\n","protected":false},"author":1,"featured_media":0,"comment_status":"open","ping_status":"open","sticky":false,"template":"","format":"standard","meta":{"site-container-style":"default","site-container-layout":"default","site-sidebar-layout":"default","disable-article-header":"default","disable-site-header":"default","disable-site-footer":"default","disable-content-area-spacing":"default","footnotes":""},"categories":[6,4],"tags":[],"class_list":["post-19752","post","type-post","status-publish","format-standard","hentry","category-educacao","category-noticias"],"yoast_head":"<!-- This site is optimized with the Yoast SEO plugin v27.4 - https:\/\/yoast.com\/product\/yoast-seo-wordpress\/ -->\n<title>Audi\u00eancia p\u00fablica do PNE discute g\u00eanero e ra\u00e7a -<\/title>\n<meta name=\"robots\" content=\"index, follow, max-snippet:-1, max-image-preview:large, max-video-preview:-1\" \/>\n<link rel=\"canonical\" href=\"https:\/\/inclusivenews.com.br\/?p=19752\" \/>\n<meta property=\"og:locale\" content=\"pt_PT\" \/>\n<meta property=\"og:type\" content=\"article\" \/>\n<meta property=\"og:title\" content=\"Audi\u00eancia p\u00fablica do PNE discute g\u00eanero e ra\u00e7a -\" \/>\n<meta property=\"og:description\" content=\"Na tarde desta quarta-feira (1\/6), a Comiss\u00e3o Especial que analisa o PL 8035\/2010 (Plano Nacional de Educa\u00e7\u00e3o) realizou audi\u00eancia p\u00fablica sobre propostas para a promo\u00e7\u00e3o da igualdade racial e de pol\u00edticas para mulheres.\" \/>\n<meta property=\"og:url\" content=\"https:\/\/inclusivenews.com.br\/?p=19752\" \/>\n<meta property=\"article:publisher\" content=\"https:\/\/www.facebook.com\/agenciainclusive\/\" \/>\n<meta property=\"article:published_time\" content=\"2011-06-03T11:01:39+00:00\" \/>\n<meta property=\"og:image\" content=\"http:\/\/inclusivenews.com.br\/wp-content\/uploads\/2009\/11\/campanha.jpg\" \/>\n<meta name=\"author\" content=\"inclusivenews2024\" \/>\n<meta name=\"twitter:card\" content=\"summary_large_image\" \/>\n<meta name=\"twitter:label1\" content=\"Escrito por\" \/>\n\t<meta name=\"twitter:data1\" content=\"inclusivenews2024\" \/>\n\t<meta name=\"twitter:label2\" content=\"Tempo estimado de leitura\" \/>\n\t<meta name=\"twitter:data2\" content=\"5 minutos\" \/>\n<script type=\"application\/ld+json\" class=\"yoast-schema-graph\">{\"@context\":\"https:\\\/\\\/schema.org\",\"@graph\":[{\"@type\":\"Article\",\"@id\":\"https:\\\/\\\/inclusivenews.com.br\\\/?p=19752#article\",\"isPartOf\":{\"@id\":\"https:\\\/\\\/inclusivenews.com.br\\\/?p=19752\"},\"author\":{\"name\":\"inclusivenews2024\",\"@id\":\"https:\\\/\\\/inclusivenews.com.br\\\/#\\\/schema\\\/person\\\/ae4ec7087559b8692fb33b6fffd2273b\"},\"headline\":\"Audi\u00eancia p\u00fablica do PNE discute g\u00eanero e ra\u00e7a\",\"datePublished\":\"2011-06-03T11:01:39+00:00\",\"mainEntityOfPage\":{\"@id\":\"https:\\\/\\\/inclusivenews.com.br\\\/?p=19752\"},\"wordCount\":1085,\"commentCount\":0,\"publisher\":{\"@id\":\"https:\\\/\\\/inclusivenews.com.br\\\/#organization\"},\"image\":{\"@id\":\"https:\\\/\\\/inclusivenews.com.br\\\/?p=19752#primaryimage\"},\"thumbnailUrl\":\"http:\\\/\\\/inclusivenews.com.br\\\/wp-content\\\/uploads\\\/2009\\\/11\\\/campanha.jpg\",\"articleSection\":[\"EDUCA\u00c7\u00c3O\",\"NOT\u00cdCIAS\"],\"inLanguage\":\"pt-PT\",\"potentialAction\":[{\"@type\":\"CommentAction\",\"name\":\"Comment\",\"target\":[\"https:\\\/\\\/inclusivenews.com.br\\\/?p=19752#respond\"]}]},{\"@type\":\"WebPage\",\"@id\":\"https:\\\/\\\/inclusivenews.com.br\\\/?p=19752\",\"url\":\"https:\\\/\\\/inclusivenews.com.br\\\/?p=19752\",\"name\":\"Audi\u00eancia p\u00fablica do PNE discute g\u00eanero e ra\u00e7a -\",\"isPartOf\":{\"@id\":\"https:\\\/\\\/inclusivenews.com.br\\\/#website\"},\"primaryImageOfPage\":{\"@id\":\"https:\\\/\\\/inclusivenews.com.br\\\/?p=19752#primaryimage\"},\"image\":{\"@id\":\"https:\\\/\\\/inclusivenews.com.br\\\/?p=19752#primaryimage\"},\"thumbnailUrl\":\"http:\\\/\\\/inclusivenews.com.br\\\/wp-content\\\/uploads\\\/2009\\\/11\\\/campanha.jpg\",\"datePublished\":\"2011-06-03T11:01:39+00:00\",\"breadcrumb\":{\"@id\":\"https:\\\/\\\/inclusivenews.com.br\\\/?p=19752#breadcrumb\"},\"inLanguage\":\"pt-PT\",\"potentialAction\":[{\"@type\":\"ReadAction\",\"target\":[\"https:\\\/\\\/inclusivenews.com.br\\\/?p=19752\"]}]},{\"@type\":\"ImageObject\",\"inLanguage\":\"pt-PT\",\"@id\":\"https:\\\/\\\/inclusivenews.com.br\\\/?p=19752#primaryimage\",\"url\":\"https:\\\/\\\/inclusivenews.com.br\\\/wp-content\\\/uploads\\\/2009\\\/11\\\/campanha.jpg\",\"contentUrl\":\"https:\\\/\\\/inclusivenews.com.br\\\/wp-content\\\/uploads\\\/2009\\\/11\\\/campanha.jpg\",\"width\":190,\"height\":190,\"caption\":\"Campanha Nacional pelo Direito \u00e0 Educa\u00e7\u00e3o - um livro e aves saindo dentro dele\"},{\"@type\":\"BreadcrumbList\",\"@id\":\"https:\\\/\\\/inclusivenews.com.br\\\/?p=19752#breadcrumb\",\"itemListElement\":[{\"@type\":\"ListItem\",\"position\":1,\"name\":\"In\u00edcio\",\"item\":\"https:\\\/\\\/inclusivenews.com.br\\\/\"},{\"@type\":\"ListItem\",\"position\":2,\"name\":\"Audi\u00eancia p\u00fablica do PNE discute g\u00eanero e ra\u00e7a\"}]},{\"@type\":\"WebSite\",\"@id\":\"https:\\\/\\\/inclusivenews.com.br\\\/#website\",\"url\":\"https:\\\/\\\/inclusivenews.com.br\\\/\",\"name\":\"Inclusive News\",\"description\":\"Inclusive News\",\"publisher\":{\"@id\":\"https:\\\/\\\/inclusivenews.com.br\\\/#organization\"},\"potentialAction\":[{\"@type\":\"SearchAction\",\"target\":{\"@type\":\"EntryPoint\",\"urlTemplate\":\"https:\\\/\\\/inclusivenews.com.br\\\/?s={search_term_string}\"},\"query-input\":{\"@type\":\"PropertyValueSpecification\",\"valueRequired\":true,\"valueName\":\"search_term_string\"}}],\"inLanguage\":\"pt-PT\"},{\"@type\":\"Organization\",\"@id\":\"https:\\\/\\\/inclusivenews.com.br\\\/#organization\",\"name\":\"Inclusive - inclus\u00e3o e cidadania\",\"url\":\"https:\\\/\\\/inclusivenews.com.br\\\/\",\"logo\":{\"@type\":\"ImageObject\",\"inLanguage\":\"pt-PT\",\"@id\":\"https:\\\/\\\/inclusivenews.com.br\\\/#\\\/schema\\\/logo\\\/image\\\/\",\"url\":\"https:\\\/\\\/inclusivenews.com.br\\\/wp-content\\\/uploads\\\/2024\\\/03\\\/@grandesite.png\",\"contentUrl\":\"https:\\\/\\\/inclusivenews.com.br\\\/wp-content\\\/uploads\\\/2024\\\/03\\\/@grandesite.png\",\"width\":1080,\"height\":1080,\"caption\":\"Inclusive - inclus\u00e3o e cidadania\"},\"image\":{\"@id\":\"https:\\\/\\\/inclusivenews.com.br\\\/#\\\/schema\\\/logo\\\/image\\\/\"},\"sameAs\":[\"https:\\\/\\\/www.facebook.com\\\/agenciainclusive\\\/\",\"https:\\\/\\\/www.instagram.com\\\/newsinclusive\\\/\"]},{\"@type\":\"Person\",\"@id\":\"https:\\\/\\\/inclusivenews.com.br\\\/#\\\/schema\\\/person\\\/ae4ec7087559b8692fb33b6fffd2273b\",\"name\":\"inclusivenews2024\",\"image\":{\"@type\":\"ImageObject\",\"inLanguage\":\"pt-PT\",\"@id\":\"https:\\\/\\\/secure.gravatar.com\\\/avatar\\\/c5a7ef84c66fa914f55bc4f7ce26cfa275a3b9a1c5568b907bd184fb4dde7b40?s=96&d=mm&r=g\",\"url\":\"https:\\\/\\\/secure.gravatar.com\\\/avatar\\\/c5a7ef84c66fa914f55bc4f7ce26cfa275a3b9a1c5568b907bd184fb4dde7b40?s=96&d=mm&r=g\",\"contentUrl\":\"https:\\\/\\\/secure.gravatar.com\\\/avatar\\\/c5a7ef84c66fa914f55bc4f7ce26cfa275a3b9a1c5568b907bd184fb4dde7b40?s=96&d=mm&r=g\",\"caption\":\"inclusivenews2024\"},\"sameAs\":[\"https:\\\/\\\/inclusivenews.com.br\"],\"url\":\"https:\\\/\\\/inclusivenews.com.br\\\/?author=1\"}]}<\/script>\n<!-- \/ Yoast SEO plugin. -->","yoast_head_json":{"title":"Audi\u00eancia p\u00fablica do PNE discute g\u00eanero e ra\u00e7a -","robots":{"index":"index","follow":"follow","max-snippet":"max-snippet:-1","max-image-preview":"max-image-preview:large","max-video-preview":"max-video-preview:-1"},"canonical":"https:\/\/inclusivenews.com.br\/?p=19752","og_locale":"pt_PT","og_type":"article","og_title":"Audi\u00eancia p\u00fablica do PNE discute g\u00eanero e ra\u00e7a -","og_description":"Na tarde desta quarta-feira (1\/6), a Comiss\u00e3o Especial que analisa o PL 8035\/2010 (Plano Nacional de Educa\u00e7\u00e3o) realizou audi\u00eancia p\u00fablica sobre propostas para a promo\u00e7\u00e3o da igualdade racial e de pol\u00edticas para mulheres.","og_url":"https:\/\/inclusivenews.com.br\/?p=19752","article_publisher":"https:\/\/www.facebook.com\/agenciainclusive\/","article_published_time":"2011-06-03T11:01:39+00:00","og_image":[{"url":"http:\/\/inclusivenews.com.br\/wp-content\/uploads\/2009\/11\/campanha.jpg","type":"","width":"","height":""}],"author":"inclusivenews2024","twitter_card":"summary_large_image","twitter_misc":{"Escrito por":"inclusivenews2024","Tempo estimado de leitura":"5 minutos"},"schema":{"@context":"https:\/\/schema.org","@graph":[{"@type":"Article","@id":"https:\/\/inclusivenews.com.br\/?p=19752#article","isPartOf":{"@id":"https:\/\/inclusivenews.com.br\/?p=19752"},"author":{"name":"inclusivenews2024","@id":"https:\/\/inclusivenews.com.br\/#\/schema\/person\/ae4ec7087559b8692fb33b6fffd2273b"},"headline":"Audi\u00eancia p\u00fablica do PNE discute g\u00eanero e ra\u00e7a","datePublished":"2011-06-03T11:01:39+00:00","mainEntityOfPage":{"@id":"https:\/\/inclusivenews.com.br\/?p=19752"},"wordCount":1085,"commentCount":0,"publisher":{"@id":"https:\/\/inclusivenews.com.br\/#organization"},"image":{"@id":"https:\/\/inclusivenews.com.br\/?p=19752#primaryimage"},"thumbnailUrl":"http:\/\/inclusivenews.com.br\/wp-content\/uploads\/2009\/11\/campanha.jpg","articleSection":["EDUCA\u00c7\u00c3O","NOT\u00cdCIAS"],"inLanguage":"pt-PT","potentialAction":[{"@type":"CommentAction","name":"Comment","target":["https:\/\/inclusivenews.com.br\/?p=19752#respond"]}]},{"@type":"WebPage","@id":"https:\/\/inclusivenews.com.br\/?p=19752","url":"https:\/\/inclusivenews.com.br\/?p=19752","name":"Audi\u00eancia p\u00fablica do PNE discute g\u00eanero e ra\u00e7a -","isPartOf":{"@id":"https:\/\/inclusivenews.com.br\/#website"},"primaryImageOfPage":{"@id":"https:\/\/inclusivenews.com.br\/?p=19752#primaryimage"},"image":{"@id":"https:\/\/inclusivenews.com.br\/?p=19752#primaryimage"},"thumbnailUrl":"http:\/\/inclusivenews.com.br\/wp-content\/uploads\/2009\/11\/campanha.jpg","datePublished":"2011-06-03T11:01:39+00:00","breadcrumb":{"@id":"https:\/\/inclusivenews.com.br\/?p=19752#breadcrumb"},"inLanguage":"pt-PT","potentialAction":[{"@type":"ReadAction","target":["https:\/\/inclusivenews.com.br\/?p=19752"]}]},{"@type":"ImageObject","inLanguage":"pt-PT","@id":"https:\/\/inclusivenews.com.br\/?p=19752#primaryimage","url":"https:\/\/inclusivenews.com.br\/wp-content\/uploads\/2009\/11\/campanha.jpg","contentUrl":"https:\/\/inclusivenews.com.br\/wp-content\/uploads\/2009\/11\/campanha.jpg","width":190,"height":190,"caption":"Campanha Nacional pelo Direito \u00e0 Educa\u00e7\u00e3o - um livro e aves saindo dentro dele"},{"@type":"BreadcrumbList","@id":"https:\/\/inclusivenews.com.br\/?p=19752#breadcrumb","itemListElement":[{"@type":"ListItem","position":1,"name":"In\u00edcio","item":"https:\/\/inclusivenews.com.br\/"},{"@type":"ListItem","position":2,"name":"Audi\u00eancia p\u00fablica do PNE discute g\u00eanero e ra\u00e7a"}]},{"@type":"WebSite","@id":"https:\/\/inclusivenews.com.br\/#website","url":"https:\/\/inclusivenews.com.br\/","name":"Inclusive News","description":"Inclusive News","publisher":{"@id":"https:\/\/inclusivenews.com.br\/#organization"},"potentialAction":[{"@type":"SearchAction","target":{"@type":"EntryPoint","urlTemplate":"https:\/\/inclusivenews.com.br\/?s={search_term_string}"},"query-input":{"@type":"PropertyValueSpecification","valueRequired":true,"valueName":"search_term_string"}}],"inLanguage":"pt-PT"},{"@type":"Organization","@id":"https:\/\/inclusivenews.com.br\/#organization","name":"Inclusive - inclus\u00e3o e cidadania","url":"https:\/\/inclusivenews.com.br\/","logo":{"@type":"ImageObject","inLanguage":"pt-PT","@id":"https:\/\/inclusivenews.com.br\/#\/schema\/logo\/image\/","url":"https:\/\/inclusivenews.com.br\/wp-content\/uploads\/2024\/03\/@grandesite.png","contentUrl":"https:\/\/inclusivenews.com.br\/wp-content\/uploads\/2024\/03\/@grandesite.png","width":1080,"height":1080,"caption":"Inclusive - inclus\u00e3o e cidadania"},"image":{"@id":"https:\/\/inclusivenews.com.br\/#\/schema\/logo\/image\/"},"sameAs":["https:\/\/www.facebook.com\/agenciainclusive\/","https:\/\/www.instagram.com\/newsinclusive\/"]},{"@type":"Person","@id":"https:\/\/inclusivenews.com.br\/#\/schema\/person\/ae4ec7087559b8692fb33b6fffd2273b","name":"inclusivenews2024","image":{"@type":"ImageObject","inLanguage":"pt-PT","@id":"https:\/\/secure.gravatar.com\/avatar\/c5a7ef84c66fa914f55bc4f7ce26cfa275a3b9a1c5568b907bd184fb4dde7b40?s=96&d=mm&r=g","url":"https:\/\/secure.gravatar.com\/avatar\/c5a7ef84c66fa914f55bc4f7ce26cfa275a3b9a1c5568b907bd184fb4dde7b40?s=96&d=mm&r=g","contentUrl":"https:\/\/secure.gravatar.com\/avatar\/c5a7ef84c66fa914f55bc4f7ce26cfa275a3b9a1c5568b907bd184fb4dde7b40?s=96&d=mm&r=g","caption":"inclusivenews2024"},"sameAs":["https:\/\/inclusivenews.com.br"],"url":"https:\/\/inclusivenews.com.br\/?author=1"}]}},"_links":{"self":[{"href":"https:\/\/inclusivenews.com.br\/index.php?rest_route=\/wp\/v2\/posts\/19752","targetHints":{"allow":["GET"]}}],"collection":[{"href":"https:\/\/inclusivenews.com.br\/index.php?rest_route=\/wp\/v2\/posts"}],"about":[{"href":"https:\/\/inclusivenews.com.br\/index.php?rest_route=\/wp\/v2\/types\/post"}],"author":[{"embeddable":true,"href":"https:\/\/inclusivenews.com.br\/index.php?rest_route=\/wp\/v2\/users\/1"}],"replies":[{"embeddable":true,"href":"https:\/\/inclusivenews.com.br\/index.php?rest_route=%2Fwp%2Fv2%2Fcomments&post=19752"}],"version-history":[{"count":0,"href":"https:\/\/inclusivenews.com.br\/index.php?rest_route=\/wp\/v2\/posts\/19752\/revisions"}],"wp:attachment":[{"href":"https:\/\/inclusivenews.com.br\/index.php?rest_route=%2Fwp%2Fv2%2Fmedia&parent=19752"}],"wp:term":[{"taxonomy":"category","embeddable":true,"href":"https:\/\/inclusivenews.com.br\/index.php?rest_route=%2Fwp%2Fv2%2Fcategories&post=19752"},{"taxonomy":"post_tag","embeddable":true,"href":"https:\/\/inclusivenews.com.br\/index.php?rest_route=%2Fwp%2Fv2%2Ftags&post=19752"}],"curies":[{"name":"wp","href":"https:\/\/api.w.org\/{rel}","templated":true}]}}