{"id":19762,"date":"2011-06-03T08:31:44","date_gmt":"2011-06-03T11:31:44","guid":{"rendered":"http:\/\/www.inclusive.org.br\/?p=19762"},"modified":"2011-06-03T08:31:44","modified_gmt":"2011-06-03T11:31:44","slug":"grito-dos-excluidos-2011","status":"publish","type":"post","link":"https:\/\/inclusivenews.com.br\/?p=19762","title":{"rendered":"Grito dos Exclu\u00eddos 2011"},"content":{"rendered":"<figure id=\"attachment_19763\" aria-describedby=\"caption-attachment-19763\" style=\"width: 155px\" class=\"wp-caption alignleft\"><img loading=\"lazy\" decoding=\"async\" class=\"size-full wp-image-19763\" title=\"Cartaz do Grito dos Exclu\u00eddos 2011, imagem sem descri\u00e7\u00e3o\" src=\"http:\/\/inclusivenews.com.br\/wp-content\/uploads\/a_grito.jpg\" alt=\"Cartaz do Grito dos Exclu\u00eddos 2011, imagem sem descri\u00e7\u00e3o\" width=\"155\" height=\"201\" \/><figcaption id=\"caption-attachment-19763\" class=\"wp-caption-text\"> <\/figcaption><\/figure>\n<p>Nos 13 e 14 de maio de 2011, no Centro de Pastoral Maria M\u00e3e da Igreja &#8211; Fortaleza, 27 pessoas, vindas de oito dioceses do Cear\u00e1, membros de Organismos ligados \u00e0 Igreja Cat\u00f3lica, Pastorais e Movimentos Sociais, estiveram reunidas para discutirem sobre a conjuntura pol\u00edtica atual e articularem o Grito dos\/as Exclu\u00eddos\/as nas dioceses.<\/p>\n<p>Em sua 17\u00aa edi\u00e7\u00e3o, o Grito tem por tema: Pela Vida grita a TERRA&#8230; Por direitos todos n\u00f3s! As cat\u00e1strofes ambientais, conseq\u00fc\u00eancia do desequil\u00edbrio causado pelo modelo de produ\u00e7\u00e3o vigente do sistema capitalista, a mis\u00e9ria e a pobreza, a concentra\u00e7\u00e3o de riquezas e explora\u00e7\u00e3o irrespons\u00e1vel dos recursos naturais, s\u00e3o gritos por cuidado, justi\u00e7a e dignidade que ecoam mundo afora.<\/p>\n<p>O Grito dos\/as Exclu\u00eddos\/as pretende levar \u00e0s ruas o grito da M\u00e3e Terra sofrida com tantos projetos de morte, os quais, escondidos atr\u00e1s das m\u00e1scaras do desenvolvimento, destroem a natureza e colocam em risco toda esp\u00e9cie de vida sobre o Planeta. Conseq\u00fc\u00eancia tamb\u00e9m desse modelo de desenvolvimento capitalista, que visa t\u00e3o somente o lucro desenfreado de alguns poucos, \u00e9 a nega\u00e7\u00e3o dos direitos b\u00e1sicos da popula\u00e7\u00e3o: sa\u00fade, educa\u00e7\u00e3o, moradia, acesso \u00e0 Terra, \u00e0 \u00c1gua, lazer, cultura, emprego, soberania alimentar&#8230; O governo anuncia o ascenso de 35 milh\u00f5es de pessoas \u00e0 classe m\u00e9dia, por\u00e9m, isso n\u00e3o significa que os direitos b\u00e1sicos destes e dos que continuam a linha de pobreza e mis\u00e9ria tenham sido garantidos.<\/p>\n<p>O aumento do poder aquisitivo n\u00e3o significa necessariamente garantia de direitos b\u00e1sicos. Segundo dados do \u00faltimo Censo do IBGE, a classe m\u00e9dia (domic\u00edlios com renda per capita de 1 a 5 sal\u00e1rios) n\u00e3o passa de 34, 2% da popula\u00e7\u00e3o (Fonte: Brasil de Fato, n\u00ba 427). Os outros 66% est\u00e3o na linha de mis\u00e9ria e pobreza.<\/p>\n<p>Papel importante no fortalecimento do sistema capitalista \u00e9 a m\u00eddia hegem\u00f4nica, dominada pelas grandes corpora\u00e7\u00f5es. Se o capitalismo afirma que \u00e9 preciso produzir sempre mais, conta com o apoio da m\u00eddia, que incute nas pessoas, principalmente nas crian\u00e7as e jovens, o desejo do consumo desenfreado, criando diariamente, atrav\u00e9s das propagandas mentirosas e enfeitadas, ilus\u00f5es de necessidades.<\/p>\n<p>Acontece que a produ\u00e7\u00e3o est\u00e1 para o aumento dos lucros e n\u00e3o para as necessidades b\u00e1sicas das popula\u00e7\u00f5es. Nunca se produziu tanto e, comparativamente, tivemos tantos pobres.<\/p>\n<p>Alguns questionamentos nortearam a discuss\u00e3o no encontro em torno do tema: Ainda temos exclu\u00eddos\/as? Onde eles\/as est\u00e3o? Eles\/as reconhecem que s\u00e3o exclu\u00eddos\/as? E n\u00f3s, agentes de pastorais e militantes de movimentos sociais, tamb\u00e9m nos reconhecemos como exclu\u00eddos\/as? Vimos que os\/as exclu\u00eddos\/as continuam existindo e o Grito continua com sua raz\u00e3o de existir. Nossa miss\u00e3o \u00e9 identificar as realidades de exclus\u00e3o, ter consci\u00eancia delas e transform\u00e1-las. Ser exclu\u00eddo\/a \u00e9 uma realidade que ningu\u00e9m deseja ser, mas \u00e9 real, n\u00e3o podemos neg\u00e1-la. Esse \u00e9 o primeiro passo na luta pela inclus\u00e3o, contra todo tipo de exclus\u00e3o. Quem \u00e9 exclu\u00eddo\/a e nega esta condi\u00e7\u00e3o, n\u00e3o assume a luta pela transforma\u00e7\u00e3o.<\/p>\n<p>No Cear\u00e1, a discuss\u00e3o est\u00e1 girando em torno dos grandes projetos do agrohidroneg\u00f3cio, das obras de infraestrutura e da Copa do Mundo. Os\/as exclu\u00eddos\/as s\u00e3o tamb\u00e9m massacrados por estes grandes projetos do capital nacional e internacional. As obras s\u00e3o planejadas e concretizadas a toque de caixa, empurradas de goela abaixo.<\/p>\n<p>As comunidades atingidas n\u00e3o participam do processo de discuss\u00e3o sobre a viabilidade social e ambiental destas obras e, ao final, precisam ser remanejadas de seus espa\u00e7os ancestrais ou ent\u00e3o continuam vivendo nestes espa\u00e7os, mas sofrendo os impactos diretos destes empreendimentos.<\/p>\n<p>O cen\u00e1rio pol\u00edtico tamb\u00e9m est\u00e1 em crise. As pol\u00edticas p\u00fablicas de atendimento aos pobres e de cuidado com o meio ambiente ainda s\u00e3o muito falhas ou inexistem em alguns \u00e2mbitos. Alguns projetos de lei de parlamentares at\u00e9 v\u00e3o na contram\u00e3o da preserva\u00e7\u00e3o ambiental, como o que prop\u00f5e as mudan\u00e7as no C\u00f3digo Florestal. As obras da Copa, por exemplo, ir\u00e3o remanejar, para \u00e1reas de alto risco, muitas comunidades atingidas; outras ser\u00e3o escondidas pelos muros da vergonha e n\u00e3o ser\u00e3o, sequer, ouvidas em suas reivindica\u00e7\u00f5es. Esta novela se repete h\u00e1 muitos anos, a cada vez que surge um novo grande empreendimento. Sob o discurso que \u00e9 uma obra de interesse social os governos e empresas seguem alagando seus territ\u00f3rios de injusti\u00e7a e explora\u00e7\u00e3o, enquanto os pobres t\u00eam seus direitos violados e seus espa\u00e7os usurpados.<\/p>\n<p>S\u00e3o tantos gritos que ecoam pelo mundo. A M\u00e3e Terra &#8220;geme como em dores de parto\u201d (Rm 8,22). O Grito pretende ser um momento de fortalecimento das lutas populares, bem como de dar visibilidade aos processos alternativos que est\u00e3o sendo constru\u00eddos a partir das bases, que apontam para uma outra sociedade poss\u00edvel, mais justa e igualit\u00e1ria.<\/p>\n<p>O Grito dos\/as Exclu\u00eddos\/as n\u00e3o \u00e9 um evento isolado, ele vai para al\u00e9m dos protestos do dia 07 de setembro. Faz parte de um processo de mobiliza\u00e7\u00e3o e lutas pelos direitos, bem como de constru\u00e7\u00f5es coletivas em torno de uma outra maneira de ver a Terra e de usufruir de suas riquezas, a partir dos princ\u00edpios do respeito, da conviv\u00eancia e da sustentabilidade.<\/p>\n<p>Por todo o Brasil, os gritos se unir\u00e3o num s\u00f3, e tecer\u00e3o a colcha do projeto popular. Desde j\u00e1, todas as comunidades s\u00e3o convidadas e preparar o Grito com bastante entusiasmo, ao mesmo tempo em que fortalecem as lutas locais em favor da M\u00e3e Terra, Terra de Deus e nossa, e dos direitos dos pobres, filhos\/as da Terra, pobres de Deus.<\/p>\n<p>___________<\/p>\n<p><strong>Fonte:<\/strong> <a href=\"http:\/\/www.adital.com.br\/site\/noticia.asp?boletim=1&amp;lang=PT&amp;cod=56764\">Adital<\/a><\/p>\n","protected":false},"excerpt":{"rendered":"<p>Alguns questionamentos nortearam a discuss\u00e3o no encontro em torno do tema: Ainda temos exclu\u00eddos\/as? Onde eles\/as est\u00e3o? Eles\/as reconhecem que s\u00e3o exclu\u00eddos\/as?<\/p>\n","protected":false},"author":1,"featured_media":0,"comment_status":"open","ping_status":"open","sticky":false,"template":"","format":"standard","meta":{"site-container-style":"default","site-container-layout":"default","site-sidebar-layout":"default","disable-article-header":"default","disable-site-header":"default","disable-site-footer":"default","disable-content-area-spacing":"default","footnotes":""},"categories":[11,4],"tags":[],"class_list":["post-19762","post","type-post","status-publish","format-standard","hentry","category-direitos-humanos","category-noticias"],"yoast_head":"<!-- This site is optimized with the Yoast SEO plugin v27.4 - https:\/\/yoast.com\/product\/yoast-seo-wordpress\/ -->\n<title>Grito dos Exclu\u00eddos 2011 -<\/title>\n<meta name=\"robots\" content=\"index, follow, max-snippet:-1, max-image-preview:large, max-video-preview:-1\" \/>\n<link rel=\"canonical\" href=\"https:\/\/inclusivenews.com.br\/?p=19762\" \/>\n<meta property=\"og:locale\" content=\"pt_PT\" \/>\n<meta property=\"og:type\" content=\"article\" \/>\n<meta property=\"og:title\" content=\"Grito dos Exclu\u00eddos 2011 -\" \/>\n<meta property=\"og:description\" content=\"Alguns questionamentos nortearam a discuss\u00e3o no encontro em torno do tema: Ainda temos exclu\u00eddos\/as? Onde eles\/as est\u00e3o? Eles\/as reconhecem que s\u00e3o exclu\u00eddos\/as?\" \/>\n<meta property=\"og:url\" content=\"https:\/\/inclusivenews.com.br\/?p=19762\" \/>\n<meta property=\"article:publisher\" content=\"https:\/\/www.facebook.com\/agenciainclusive\/\" \/>\n<meta property=\"article:published_time\" content=\"2011-06-03T11:31:44+00:00\" \/>\n<meta property=\"og:image\" content=\"http:\/\/inclusivenews.com.br\/wp-content\/uploads\/a_grito.jpg\" \/>\n<meta name=\"author\" content=\"inclusivenews2024\" \/>\n<meta name=\"twitter:card\" content=\"summary_large_image\" \/>\n<meta name=\"twitter:label1\" content=\"Escrito por\" \/>\n\t<meta name=\"twitter:data1\" content=\"inclusivenews2024\" \/>\n\t<meta name=\"twitter:label2\" content=\"Tempo estimado de leitura\" \/>\n\t<meta name=\"twitter:data2\" content=\"5 minutos\" \/>\n<script type=\"application\/ld+json\" class=\"yoast-schema-graph\">{\"@context\":\"https:\\\/\\\/schema.org\",\"@graph\":[{\"@type\":\"Article\",\"@id\":\"https:\\\/\\\/inclusivenews.com.br\\\/?p=19762#article\",\"isPartOf\":{\"@id\":\"https:\\\/\\\/inclusivenews.com.br\\\/?p=19762\"},\"author\":{\"name\":\"inclusivenews2024\",\"@id\":\"https:\\\/\\\/inclusivenews.com.br\\\/#\\\/schema\\\/person\\\/ae4ec7087559b8692fb33b6fffd2273b\"},\"headline\":\"Grito dos Exclu\u00eddos 2011\",\"datePublished\":\"2011-06-03T11:31:44+00:00\",\"mainEntityOfPage\":{\"@id\":\"https:\\\/\\\/inclusivenews.com.br\\\/?p=19762\"},\"wordCount\":1007,\"commentCount\":1,\"publisher\":{\"@id\":\"https:\\\/\\\/inclusivenews.com.br\\\/#organization\"},\"image\":{\"@id\":\"https:\\\/\\\/inclusivenews.com.br\\\/?p=19762#primaryimage\"},\"thumbnailUrl\":\"http:\\\/\\\/inclusivenews.com.br\\\/wp-content\\\/uploads\\\/a_grito.jpg\",\"articleSection\":[\"DIREITOS HUMANOS\",\"NOT\u00cdCIAS\"],\"inLanguage\":\"pt-PT\",\"potentialAction\":[{\"@type\":\"CommentAction\",\"name\":\"Comment\",\"target\":[\"https:\\\/\\\/inclusivenews.com.br\\\/?p=19762#respond\"]}]},{\"@type\":\"WebPage\",\"@id\":\"https:\\\/\\\/inclusivenews.com.br\\\/?p=19762\",\"url\":\"https:\\\/\\\/inclusivenews.com.br\\\/?p=19762\",\"name\":\"Grito dos Exclu\u00eddos 2011 -\",\"isPartOf\":{\"@id\":\"https:\\\/\\\/inclusivenews.com.br\\\/#website\"},\"primaryImageOfPage\":{\"@id\":\"https:\\\/\\\/inclusivenews.com.br\\\/?p=19762#primaryimage\"},\"image\":{\"@id\":\"https:\\\/\\\/inclusivenews.com.br\\\/?p=19762#primaryimage\"},\"thumbnailUrl\":\"http:\\\/\\\/inclusivenews.com.br\\\/wp-content\\\/uploads\\\/a_grito.jpg\",\"datePublished\":\"2011-06-03T11:31:44+00:00\",\"breadcrumb\":{\"@id\":\"https:\\\/\\\/inclusivenews.com.br\\\/?p=19762#breadcrumb\"},\"inLanguage\":\"pt-PT\",\"potentialAction\":[{\"@type\":\"ReadAction\",\"target\":[\"https:\\\/\\\/inclusivenews.com.br\\\/?p=19762\"]}]},{\"@type\":\"ImageObject\",\"inLanguage\":\"pt-PT\",\"@id\":\"https:\\\/\\\/inclusivenews.com.br\\\/?p=19762#primaryimage\",\"url\":\"\",\"contentUrl\":\"\"},{\"@type\":\"BreadcrumbList\",\"@id\":\"https:\\\/\\\/inclusivenews.com.br\\\/?p=19762#breadcrumb\",\"itemListElement\":[{\"@type\":\"ListItem\",\"position\":1,\"name\":\"In\u00edcio\",\"item\":\"https:\\\/\\\/inclusivenews.com.br\\\/\"},{\"@type\":\"ListItem\",\"position\":2,\"name\":\"Grito dos Exclu\u00eddos 2011\"}]},{\"@type\":\"WebSite\",\"@id\":\"https:\\\/\\\/inclusivenews.com.br\\\/#website\",\"url\":\"https:\\\/\\\/inclusivenews.com.br\\\/\",\"name\":\"Inclusive News\",\"description\":\"Inclusive News\",\"publisher\":{\"@id\":\"https:\\\/\\\/inclusivenews.com.br\\\/#organization\"},\"potentialAction\":[{\"@type\":\"SearchAction\",\"target\":{\"@type\":\"EntryPoint\",\"urlTemplate\":\"https:\\\/\\\/inclusivenews.com.br\\\/?s={search_term_string}\"},\"query-input\":{\"@type\":\"PropertyValueSpecification\",\"valueRequired\":true,\"valueName\":\"search_term_string\"}}],\"inLanguage\":\"pt-PT\"},{\"@type\":\"Organization\",\"@id\":\"https:\\\/\\\/inclusivenews.com.br\\\/#organization\",\"name\":\"Inclusive - inclus\u00e3o e cidadania\",\"url\":\"https:\\\/\\\/inclusivenews.com.br\\\/\",\"logo\":{\"@type\":\"ImageObject\",\"inLanguage\":\"pt-PT\",\"@id\":\"https:\\\/\\\/inclusivenews.com.br\\\/#\\\/schema\\\/logo\\\/image\\\/\",\"url\":\"https:\\\/\\\/inclusivenews.com.br\\\/wp-content\\\/uploads\\\/2024\\\/03\\\/@grandesite.png\",\"contentUrl\":\"https:\\\/\\\/inclusivenews.com.br\\\/wp-content\\\/uploads\\\/2024\\\/03\\\/@grandesite.png\",\"width\":1080,\"height\":1080,\"caption\":\"Inclusive - inclus\u00e3o e cidadania\"},\"image\":{\"@id\":\"https:\\\/\\\/inclusivenews.com.br\\\/#\\\/schema\\\/logo\\\/image\\\/\"},\"sameAs\":[\"https:\\\/\\\/www.facebook.com\\\/agenciainclusive\\\/\",\"https:\\\/\\\/www.instagram.com\\\/newsinclusive\\\/\"]},{\"@type\":\"Person\",\"@id\":\"https:\\\/\\\/inclusivenews.com.br\\\/#\\\/schema\\\/person\\\/ae4ec7087559b8692fb33b6fffd2273b\",\"name\":\"inclusivenews2024\",\"image\":{\"@type\":\"ImageObject\",\"inLanguage\":\"pt-PT\",\"@id\":\"https:\\\/\\\/secure.gravatar.com\\\/avatar\\\/c5a7ef84c66fa914f55bc4f7ce26cfa275a3b9a1c5568b907bd184fb4dde7b40?s=96&d=mm&r=g\",\"url\":\"https:\\\/\\\/secure.gravatar.com\\\/avatar\\\/c5a7ef84c66fa914f55bc4f7ce26cfa275a3b9a1c5568b907bd184fb4dde7b40?s=96&d=mm&r=g\",\"contentUrl\":\"https:\\\/\\\/secure.gravatar.com\\\/avatar\\\/c5a7ef84c66fa914f55bc4f7ce26cfa275a3b9a1c5568b907bd184fb4dde7b40?s=96&d=mm&r=g\",\"caption\":\"inclusivenews2024\"},\"sameAs\":[\"https:\\\/\\\/inclusivenews.com.br\"],\"url\":\"https:\\\/\\\/inclusivenews.com.br\\\/?author=1\"}]}<\/script>\n<!-- \/ Yoast SEO plugin. -->","yoast_head_json":{"title":"Grito dos Exclu\u00eddos 2011 -","robots":{"index":"index","follow":"follow","max-snippet":"max-snippet:-1","max-image-preview":"max-image-preview:large","max-video-preview":"max-video-preview:-1"},"canonical":"https:\/\/inclusivenews.com.br\/?p=19762","og_locale":"pt_PT","og_type":"article","og_title":"Grito dos Exclu\u00eddos 2011 -","og_description":"Alguns questionamentos nortearam a discuss\u00e3o no encontro em torno do tema: Ainda temos exclu\u00eddos\/as? Onde eles\/as est\u00e3o? Eles\/as reconhecem que s\u00e3o exclu\u00eddos\/as?","og_url":"https:\/\/inclusivenews.com.br\/?p=19762","article_publisher":"https:\/\/www.facebook.com\/agenciainclusive\/","article_published_time":"2011-06-03T11:31:44+00:00","og_image":[{"url":"http:\/\/inclusivenews.com.br\/wp-content\/uploads\/a_grito.jpg","type":"","width":"","height":""}],"author":"inclusivenews2024","twitter_card":"summary_large_image","twitter_misc":{"Escrito por":"inclusivenews2024","Tempo estimado de leitura":"5 minutos"},"schema":{"@context":"https:\/\/schema.org","@graph":[{"@type":"Article","@id":"https:\/\/inclusivenews.com.br\/?p=19762#article","isPartOf":{"@id":"https:\/\/inclusivenews.com.br\/?p=19762"},"author":{"name":"inclusivenews2024","@id":"https:\/\/inclusivenews.com.br\/#\/schema\/person\/ae4ec7087559b8692fb33b6fffd2273b"},"headline":"Grito dos Exclu\u00eddos 2011","datePublished":"2011-06-03T11:31:44+00:00","mainEntityOfPage":{"@id":"https:\/\/inclusivenews.com.br\/?p=19762"},"wordCount":1007,"commentCount":1,"publisher":{"@id":"https:\/\/inclusivenews.com.br\/#organization"},"image":{"@id":"https:\/\/inclusivenews.com.br\/?p=19762#primaryimage"},"thumbnailUrl":"http:\/\/inclusivenews.com.br\/wp-content\/uploads\/a_grito.jpg","articleSection":["DIREITOS HUMANOS","NOT\u00cdCIAS"],"inLanguage":"pt-PT","potentialAction":[{"@type":"CommentAction","name":"Comment","target":["https:\/\/inclusivenews.com.br\/?p=19762#respond"]}]},{"@type":"WebPage","@id":"https:\/\/inclusivenews.com.br\/?p=19762","url":"https:\/\/inclusivenews.com.br\/?p=19762","name":"Grito dos Exclu\u00eddos 2011 -","isPartOf":{"@id":"https:\/\/inclusivenews.com.br\/#website"},"primaryImageOfPage":{"@id":"https:\/\/inclusivenews.com.br\/?p=19762#primaryimage"},"image":{"@id":"https:\/\/inclusivenews.com.br\/?p=19762#primaryimage"},"thumbnailUrl":"http:\/\/inclusivenews.com.br\/wp-content\/uploads\/a_grito.jpg","datePublished":"2011-06-03T11:31:44+00:00","breadcrumb":{"@id":"https:\/\/inclusivenews.com.br\/?p=19762#breadcrumb"},"inLanguage":"pt-PT","potentialAction":[{"@type":"ReadAction","target":["https:\/\/inclusivenews.com.br\/?p=19762"]}]},{"@type":"ImageObject","inLanguage":"pt-PT","@id":"https:\/\/inclusivenews.com.br\/?p=19762#primaryimage","url":"","contentUrl":""},{"@type":"BreadcrumbList","@id":"https:\/\/inclusivenews.com.br\/?p=19762#breadcrumb","itemListElement":[{"@type":"ListItem","position":1,"name":"In\u00edcio","item":"https:\/\/inclusivenews.com.br\/"},{"@type":"ListItem","position":2,"name":"Grito dos Exclu\u00eddos 2011"}]},{"@type":"WebSite","@id":"https:\/\/inclusivenews.com.br\/#website","url":"https:\/\/inclusivenews.com.br\/","name":"Inclusive News","description":"Inclusive News","publisher":{"@id":"https:\/\/inclusivenews.com.br\/#organization"},"potentialAction":[{"@type":"SearchAction","target":{"@type":"EntryPoint","urlTemplate":"https:\/\/inclusivenews.com.br\/?s={search_term_string}"},"query-input":{"@type":"PropertyValueSpecification","valueRequired":true,"valueName":"search_term_string"}}],"inLanguage":"pt-PT"},{"@type":"Organization","@id":"https:\/\/inclusivenews.com.br\/#organization","name":"Inclusive - inclus\u00e3o e cidadania","url":"https:\/\/inclusivenews.com.br\/","logo":{"@type":"ImageObject","inLanguage":"pt-PT","@id":"https:\/\/inclusivenews.com.br\/#\/schema\/logo\/image\/","url":"https:\/\/inclusivenews.com.br\/wp-content\/uploads\/2024\/03\/@grandesite.png","contentUrl":"https:\/\/inclusivenews.com.br\/wp-content\/uploads\/2024\/03\/@grandesite.png","width":1080,"height":1080,"caption":"Inclusive - inclus\u00e3o e cidadania"},"image":{"@id":"https:\/\/inclusivenews.com.br\/#\/schema\/logo\/image\/"},"sameAs":["https:\/\/www.facebook.com\/agenciainclusive\/","https:\/\/www.instagram.com\/newsinclusive\/"]},{"@type":"Person","@id":"https:\/\/inclusivenews.com.br\/#\/schema\/person\/ae4ec7087559b8692fb33b6fffd2273b","name":"inclusivenews2024","image":{"@type":"ImageObject","inLanguage":"pt-PT","@id":"https:\/\/secure.gravatar.com\/avatar\/c5a7ef84c66fa914f55bc4f7ce26cfa275a3b9a1c5568b907bd184fb4dde7b40?s=96&d=mm&r=g","url":"https:\/\/secure.gravatar.com\/avatar\/c5a7ef84c66fa914f55bc4f7ce26cfa275a3b9a1c5568b907bd184fb4dde7b40?s=96&d=mm&r=g","contentUrl":"https:\/\/secure.gravatar.com\/avatar\/c5a7ef84c66fa914f55bc4f7ce26cfa275a3b9a1c5568b907bd184fb4dde7b40?s=96&d=mm&r=g","caption":"inclusivenews2024"},"sameAs":["https:\/\/inclusivenews.com.br"],"url":"https:\/\/inclusivenews.com.br\/?author=1"}]}},"_links":{"self":[{"href":"https:\/\/inclusivenews.com.br\/index.php?rest_route=\/wp\/v2\/posts\/19762","targetHints":{"allow":["GET"]}}],"collection":[{"href":"https:\/\/inclusivenews.com.br\/index.php?rest_route=\/wp\/v2\/posts"}],"about":[{"href":"https:\/\/inclusivenews.com.br\/index.php?rest_route=\/wp\/v2\/types\/post"}],"author":[{"embeddable":true,"href":"https:\/\/inclusivenews.com.br\/index.php?rest_route=\/wp\/v2\/users\/1"}],"replies":[{"embeddable":true,"href":"https:\/\/inclusivenews.com.br\/index.php?rest_route=%2Fwp%2Fv2%2Fcomments&post=19762"}],"version-history":[{"count":0,"href":"https:\/\/inclusivenews.com.br\/index.php?rest_route=\/wp\/v2\/posts\/19762\/revisions"}],"wp:attachment":[{"href":"https:\/\/inclusivenews.com.br\/index.php?rest_route=%2Fwp%2Fv2%2Fmedia&parent=19762"}],"wp:term":[{"taxonomy":"category","embeddable":true,"href":"https:\/\/inclusivenews.com.br\/index.php?rest_route=%2Fwp%2Fv2%2Fcategories&post=19762"},{"taxonomy":"post_tag","embeddable":true,"href":"https:\/\/inclusivenews.com.br\/index.php?rest_route=%2Fwp%2Fv2%2Ftags&post=19762"}],"curies":[{"name":"wp","href":"https:\/\/api.w.org\/{rel}","templated":true}]}}