{"id":19793,"date":"2011-06-09T07:41:00","date_gmt":"2011-06-09T10:41:00","guid":{"rendered":"http:\/\/www.inclusive.org.br\/?p=19793"},"modified":"2011-06-09T07:41:00","modified_gmt":"2011-06-09T10:41:00","slug":"workshop-gratuito-projeto-perspectivas","status":"publish","type":"post","link":"https:\/\/inclusivenews.com.br\/?p=19793","title":{"rendered":"Workshop Gratuito &#8211; Projeto Perspectivas"},"content":{"rendered":"<figure style=\"width: 269px\" class=\"wp-caption alignleft\"><img loading=\"lazy\" decoding=\"async\" class=\"  \" title=\"Pessoas dan\u00e7ando\" src=\"http:\/\/2.bp.blogspot.com\/-ybwlTJeSneI\/TbMRcNNnJBI\/AAAAAAAAATE\/M1K6sa8wiuo\/s640\/IMG_8678.JPG\" alt=\"Pessoas dan\u00e7ando\" width=\"269\" height=\"179\" \/><figcaption class=\"wp-caption-text\"> <\/figcaption><\/figure>\n<p>O Projeto Perspectivas, agraciado em 1\u00ba lugar no \u00faltimo edital de Produ\u00e7\u00e3o Art\u00edstica do FUMPROARTE \u2013 Fundo Municipal de Apoio \u00e0 Produ\u00e7\u00e3o Art\u00edstica e Cultural de Porto Alegre foi idealizado e tem dire\u00e7\u00e3o de Carla Vendramin e produ\u00e7\u00e3o de In\u00eas H\u00fcbner.<\/p>\n<p>Carla Vendramin realizar\u00e1 instala\u00e7\u00e3o coreogr\u00e1fica com 08 apresenta\u00e7\u00f5es na Galeria Xico Stockinger em julho pr\u00f3ximo, trazendo as bailarinas Julie Cleves de Londres e Mickaella Dantas de Natal. O projeto oferece workshop in\u00e9dito para o desenvolvimento da dan\u00e7a integrada em Porto Alegre nos dias 25 e 26 de junho deste ano, das 14h \u00e0s 18h, na Casa de Cultura Mario Quintana (Rua dos Andradas, 736) com Carla Vendramin. Esta atividade art\u00edstica ser\u00e1 gratuita e \u00e9 direcionada para participa\u00e7\u00e3o conjunta de pessoas com e sem defici\u00eancia e com e sem experi\u00eancia em dan\u00e7a.<\/p>\n<p>O workshop \u00e9 baseado em tarefas de movimento, improvisa\u00e7\u00e3o e composi\u00e7\u00e3o, a fim de propiciar a comunica\u00e7\u00e3o e a dan\u00e7a com a variedade de habilidades dos participantes. A partir de atividades de integra\u00e7\u00e3o progride para atividades de movimento mais elaboradas. Os elementos da dan\u00e7a s\u00e3o comuns aos usuais em improvisa\u00e7\u00e3o e composi\u00e7\u00e3o, sendo o modo de conduzir a atividade o mote para facilita\u00e7\u00e3o e integra\u00e7\u00e3o entre os participantes. Esta forma implica, entre outras coisas, em dar aten\u00e7\u00e3o \u00e0 comunica\u00e7\u00e3o corporal tanto quanto a oral, a observa\u00e7\u00e3o, a prepara\u00e7\u00e3o e uso doespa\u00e7o, a responsabilidade sobre o pr\u00f3prio corpo, a utiliza\u00e7\u00e3o de solu\u00e7\u00f5es din\u00e2micas, a entender e diferenciar tarefas de movimento e a encontrar solu\u00e7\u00f5es para dar suporte individual quando necess\u00e1rio.<\/p>\n<p>O resultado \u00e9 que todo o grupo constr\u00f3i um entendimento comum, dentro das suas formas individuais e variadas de aprender, de se comunicar, expressar e movimentar. Dentro desta din\u00e2mica, todos se sentem e s\u00e3o aptos a dan\u00e7ar, com maior ou menor experi\u00eancia em dan\u00e7a, com ou sem defici\u00eancia. Todos constroem caminhos instigantes e desafiantes na dan\u00e7a individual e com o grupo. Carla Vendramin \u00e9 mestre em coreografia pela Middlesex University e fisioterapeuta. Pesquisou a dan\u00e7a integrada e trabalhou com grupos importantes nesta \u00e1rea na Inglaterra: Candoco, Entelechy, Amici, Dance Art Foundation. Tamb\u00e9m desenvolveu trabalhos integrados de dan\u00e7a no programa Step into Dance do Royal Academy of Dance, escola NewVic, 247 Markhouse Centre e foi convidada a ministrar workshop no 1o. Encludan\u00e7a \u2013 Encontro Inclusivo de Dan\u00e7a da Ilha da Madeira em 2010.<\/p>\n<p>Servi\u00e7o<\/p>\n<p>O que: PERSPECTIVAS &#8211; Workshop Integrado de Dan\u00e7a com Carla Vendramini<br \/>\nOnde:Casa de Cultura Mario Quintana<br \/>\nQuando: dia 25\/06\u2013 Sala Hermes Mancilia e dia 26\/06\u2013 Sala Cecy Frank<br \/>\nHor\u00e1rio: 14h \u00e0s 18h<br \/>\nP\u00fablico: Pessoas com e sem defici\u00eancia e com e sem experi\u00eancia em dan\u00e7a<br \/>\nInscri\u00e7\u00f5es gratuitas at\u00e9 22\/06\/11 pelo e-mail perspectivaspoa@yahoo.com<br \/>\nWorkshop Gratuito Vagas limitadas! Maiores informa\u00e7\u00f5es: http:\/\/carlavendramin.blogspot.com\/p\/projeto-perspectivas.html<\/p>\n","protected":false},"excerpt":{"rendered":"<p>Dentro desta din\u00e2mica, todos se sentem e s\u00e3o aptos a dan\u00e7ar, com maior ou menor experi\u00eancia em dan\u00e7a, com ou sem defici\u00eancia. O projeto oferece workshop in\u00e9dito para o desenvolvimento da dan\u00e7a integrada em Porto Alegre nos dias 25 e 26 de junho deste ano, das 14h \u00e0s 18h, na Casa de Cultura Mario Quintana.<\/p>\n","protected":false},"author":1,"featured_media":0,"comment_status":"open","ping_status":"open","sticky":false,"template":"","format":"standard","meta":{"site-container-style":"default","site-container-layout":"default","site-sidebar-layout":"default","disable-article-header":"default","disable-site-header":"default","disable-site-footer":"default","disable-content-area-spacing":"default","footnotes":""},"categories":[12,4],"tags":[],"class_list":["post-19793","post","type-post","status-publish","format-standard","hentry","category-cursos-e-eventos","category-noticias"],"yoast_head":"<!-- This site is optimized with the Yoast SEO plugin v27.4 - https:\/\/yoast.com\/product\/yoast-seo-wordpress\/ -->\n<title>Workshop Gratuito - Projeto Perspectivas -<\/title>\n<meta name=\"robots\" content=\"index, follow, max-snippet:-1, max-image-preview:large, max-video-preview:-1\" \/>\n<link rel=\"canonical\" href=\"https:\/\/inclusivenews.com.br\/?p=19793\" \/>\n<meta property=\"og:locale\" content=\"pt_PT\" \/>\n<meta property=\"og:type\" content=\"article\" \/>\n<meta property=\"og:title\" content=\"Workshop Gratuito - Projeto Perspectivas -\" \/>\n<meta property=\"og:description\" content=\"Dentro desta din\u00e2mica, todos se sentem e s\u00e3o aptos a dan\u00e7ar, com maior ou menor experi\u00eancia em dan\u00e7a, com ou sem defici\u00eancia. O projeto oferece workshop in\u00e9dito para o desenvolvimento da dan\u00e7a integrada em Porto Alegre nos dias 25 e 26 de junho deste ano, das 14h \u00e0s 18h, na Casa de Cultura Mario Quintana.\" \/>\n<meta property=\"og:url\" content=\"https:\/\/inclusivenews.com.br\/?p=19793\" \/>\n<meta property=\"article:publisher\" content=\"https:\/\/www.facebook.com\/agenciainclusive\/\" \/>\n<meta property=\"article:published_time\" content=\"2011-06-09T10:41:00+00:00\" \/>\n<meta property=\"og:image\" content=\"http:\/\/2.bp.blogspot.com\/-ybwlTJeSneI\/TbMRcNNnJBI\/AAAAAAAAATE\/M1K6sa8wiuo\/s640\/IMG_8678.JPG\" \/>\n<meta name=\"author\" content=\"inclusivenews2024\" \/>\n<meta name=\"twitter:card\" content=\"summary_large_image\" \/>\n<meta name=\"twitter:label1\" content=\"Escrito por\" \/>\n\t<meta name=\"twitter:data1\" content=\"inclusivenews2024\" \/>\n\t<meta name=\"twitter:label2\" content=\"Tempo estimado de leitura\" \/>\n\t<meta name=\"twitter:data2\" content=\"3 minutos\" \/>\n<script type=\"application\/ld+json\" class=\"yoast-schema-graph\">{\"@context\":\"https:\\\/\\\/schema.org\",\"@graph\":[{\"@type\":\"Article\",\"@id\":\"https:\\\/\\\/inclusivenews.com.br\\\/?p=19793#article\",\"isPartOf\":{\"@id\":\"https:\\\/\\\/inclusivenews.com.br\\\/?p=19793\"},\"author\":{\"name\":\"inclusivenews2024\",\"@id\":\"https:\\\/\\\/inclusivenews.com.br\\\/#\\\/schema\\\/person\\\/ae4ec7087559b8692fb33b6fffd2273b\"},\"headline\":\"Workshop Gratuito &#8211; Projeto Perspectivas\",\"datePublished\":\"2011-06-09T10:41:00+00:00\",\"mainEntityOfPage\":{\"@id\":\"https:\\\/\\\/inclusivenews.com.br\\\/?p=19793\"},\"wordCount\":509,\"commentCount\":0,\"publisher\":{\"@id\":\"https:\\\/\\\/inclusivenews.com.br\\\/#organization\"},\"image\":{\"@id\":\"https:\\\/\\\/inclusivenews.com.br\\\/?p=19793#primaryimage\"},\"thumbnailUrl\":\"http:\\\/\\\/2.bp.blogspot.com\\\/-ybwlTJeSneI\\\/TbMRcNNnJBI\\\/AAAAAAAAATE\\\/M1K6sa8wiuo\\\/s640\\\/IMG_8678.JPG\",\"articleSection\":[\"Cursos e eventos\",\"NOT\u00cdCIAS\"],\"inLanguage\":\"pt-PT\",\"potentialAction\":[{\"@type\":\"CommentAction\",\"name\":\"Comment\",\"target\":[\"https:\\\/\\\/inclusivenews.com.br\\\/?p=19793#respond\"]}]},{\"@type\":\"WebPage\",\"@id\":\"https:\\\/\\\/inclusivenews.com.br\\\/?p=19793\",\"url\":\"https:\\\/\\\/inclusivenews.com.br\\\/?p=19793\",\"name\":\"Workshop Gratuito - Projeto Perspectivas -\",\"isPartOf\":{\"@id\":\"https:\\\/\\\/inclusivenews.com.br\\\/#website\"},\"primaryImageOfPage\":{\"@id\":\"https:\\\/\\\/inclusivenews.com.br\\\/?p=19793#primaryimage\"},\"image\":{\"@id\":\"https:\\\/\\\/inclusivenews.com.br\\\/?p=19793#primaryimage\"},\"thumbnailUrl\":\"http:\\\/\\\/2.bp.blogspot.com\\\/-ybwlTJeSneI\\\/TbMRcNNnJBI\\\/AAAAAAAAATE\\\/M1K6sa8wiuo\\\/s640\\\/IMG_8678.JPG\",\"datePublished\":\"2011-06-09T10:41:00+00:00\",\"breadcrumb\":{\"@id\":\"https:\\\/\\\/inclusivenews.com.br\\\/?p=19793#breadcrumb\"},\"inLanguage\":\"pt-PT\",\"potentialAction\":[{\"@type\":\"ReadAction\",\"target\":[\"https:\\\/\\\/inclusivenews.com.br\\\/?p=19793\"]}]},{\"@type\":\"ImageObject\",\"inLanguage\":\"pt-PT\",\"@id\":\"https:\\\/\\\/inclusivenews.com.br\\\/?p=19793#primaryimage\",\"url\":\"http:\\\/\\\/2.bp.blogspot.com\\\/-ybwlTJeSneI\\\/TbMRcNNnJBI\\\/AAAAAAAAATE\\\/M1K6sa8wiuo\\\/s640\\\/IMG_8678.JPG\",\"contentUrl\":\"http:\\\/\\\/2.bp.blogspot.com\\\/-ybwlTJeSneI\\\/TbMRcNNnJBI\\\/AAAAAAAAATE\\\/M1K6sa8wiuo\\\/s640\\\/IMG_8678.JPG\"},{\"@type\":\"BreadcrumbList\",\"@id\":\"https:\\\/\\\/inclusivenews.com.br\\\/?p=19793#breadcrumb\",\"itemListElement\":[{\"@type\":\"ListItem\",\"position\":1,\"name\":\"In\u00edcio\",\"item\":\"https:\\\/\\\/inclusivenews.com.br\\\/\"},{\"@type\":\"ListItem\",\"position\":2,\"name\":\"Workshop Gratuito &#8211; Projeto Perspectivas\"}]},{\"@type\":\"WebSite\",\"@id\":\"https:\\\/\\\/inclusivenews.com.br\\\/#website\",\"url\":\"https:\\\/\\\/inclusivenews.com.br\\\/\",\"name\":\"Inclusive News\",\"description\":\"Inclusive News\",\"publisher\":{\"@id\":\"https:\\\/\\\/inclusivenews.com.br\\\/#organization\"},\"potentialAction\":[{\"@type\":\"SearchAction\",\"target\":{\"@type\":\"EntryPoint\",\"urlTemplate\":\"https:\\\/\\\/inclusivenews.com.br\\\/?s={search_term_string}\"},\"query-input\":{\"@type\":\"PropertyValueSpecification\",\"valueRequired\":true,\"valueName\":\"search_term_string\"}}],\"inLanguage\":\"pt-PT\"},{\"@type\":\"Organization\",\"@id\":\"https:\\\/\\\/inclusivenews.com.br\\\/#organization\",\"name\":\"Inclusive - inclus\u00e3o e cidadania\",\"url\":\"https:\\\/\\\/inclusivenews.com.br\\\/\",\"logo\":{\"@type\":\"ImageObject\",\"inLanguage\":\"pt-PT\",\"@id\":\"https:\\\/\\\/inclusivenews.com.br\\\/#\\\/schema\\\/logo\\\/image\\\/\",\"url\":\"https:\\\/\\\/inclusivenews.com.br\\\/wp-content\\\/uploads\\\/2024\\\/03\\\/@grandesite.png\",\"contentUrl\":\"https:\\\/\\\/inclusivenews.com.br\\\/wp-content\\\/uploads\\\/2024\\\/03\\\/@grandesite.png\",\"width\":1080,\"height\":1080,\"caption\":\"Inclusive - inclus\u00e3o e cidadania\"},\"image\":{\"@id\":\"https:\\\/\\\/inclusivenews.com.br\\\/#\\\/schema\\\/logo\\\/image\\\/\"},\"sameAs\":[\"https:\\\/\\\/www.facebook.com\\\/agenciainclusive\\\/\",\"https:\\\/\\\/www.instagram.com\\\/newsinclusive\\\/\"]},{\"@type\":\"Person\",\"@id\":\"https:\\\/\\\/inclusivenews.com.br\\\/#\\\/schema\\\/person\\\/ae4ec7087559b8692fb33b6fffd2273b\",\"name\":\"inclusivenews2024\",\"image\":{\"@type\":\"ImageObject\",\"inLanguage\":\"pt-PT\",\"@id\":\"https:\\\/\\\/secure.gravatar.com\\\/avatar\\\/c5a7ef84c66fa914f55bc4f7ce26cfa275a3b9a1c5568b907bd184fb4dde7b40?s=96&d=mm&r=g\",\"url\":\"https:\\\/\\\/secure.gravatar.com\\\/avatar\\\/c5a7ef84c66fa914f55bc4f7ce26cfa275a3b9a1c5568b907bd184fb4dde7b40?s=96&d=mm&r=g\",\"contentUrl\":\"https:\\\/\\\/secure.gravatar.com\\\/avatar\\\/c5a7ef84c66fa914f55bc4f7ce26cfa275a3b9a1c5568b907bd184fb4dde7b40?s=96&d=mm&r=g\",\"caption\":\"inclusivenews2024\"},\"sameAs\":[\"https:\\\/\\\/inclusivenews.com.br\"],\"url\":\"https:\\\/\\\/inclusivenews.com.br\\\/?author=1\"}]}<\/script>\n<!-- \/ Yoast SEO plugin. -->","yoast_head_json":{"title":"Workshop Gratuito - Projeto Perspectivas -","robots":{"index":"index","follow":"follow","max-snippet":"max-snippet:-1","max-image-preview":"max-image-preview:large","max-video-preview":"max-video-preview:-1"},"canonical":"https:\/\/inclusivenews.com.br\/?p=19793","og_locale":"pt_PT","og_type":"article","og_title":"Workshop Gratuito - Projeto Perspectivas -","og_description":"Dentro desta din\u00e2mica, todos se sentem e s\u00e3o aptos a dan\u00e7ar, com maior ou menor experi\u00eancia em dan\u00e7a, com ou sem defici\u00eancia. O projeto oferece workshop in\u00e9dito para o desenvolvimento da dan\u00e7a integrada em Porto Alegre nos dias 25 e 26 de junho deste ano, das 14h \u00e0s 18h, na Casa de Cultura Mario Quintana.","og_url":"https:\/\/inclusivenews.com.br\/?p=19793","article_publisher":"https:\/\/www.facebook.com\/agenciainclusive\/","article_published_time":"2011-06-09T10:41:00+00:00","og_image":[{"url":"http:\/\/2.bp.blogspot.com\/-ybwlTJeSneI\/TbMRcNNnJBI\/AAAAAAAAATE\/M1K6sa8wiuo\/s640\/IMG_8678.JPG","type":"","width":"","height":""}],"author":"inclusivenews2024","twitter_card":"summary_large_image","twitter_misc":{"Escrito por":"inclusivenews2024","Tempo estimado de leitura":"3 minutos"},"schema":{"@context":"https:\/\/schema.org","@graph":[{"@type":"Article","@id":"https:\/\/inclusivenews.com.br\/?p=19793#article","isPartOf":{"@id":"https:\/\/inclusivenews.com.br\/?p=19793"},"author":{"name":"inclusivenews2024","@id":"https:\/\/inclusivenews.com.br\/#\/schema\/person\/ae4ec7087559b8692fb33b6fffd2273b"},"headline":"Workshop Gratuito &#8211; Projeto Perspectivas","datePublished":"2011-06-09T10:41:00+00:00","mainEntityOfPage":{"@id":"https:\/\/inclusivenews.com.br\/?p=19793"},"wordCount":509,"commentCount":0,"publisher":{"@id":"https:\/\/inclusivenews.com.br\/#organization"},"image":{"@id":"https:\/\/inclusivenews.com.br\/?p=19793#primaryimage"},"thumbnailUrl":"http:\/\/2.bp.blogspot.com\/-ybwlTJeSneI\/TbMRcNNnJBI\/AAAAAAAAATE\/M1K6sa8wiuo\/s640\/IMG_8678.JPG","articleSection":["Cursos e eventos","NOT\u00cdCIAS"],"inLanguage":"pt-PT","potentialAction":[{"@type":"CommentAction","name":"Comment","target":["https:\/\/inclusivenews.com.br\/?p=19793#respond"]}]},{"@type":"WebPage","@id":"https:\/\/inclusivenews.com.br\/?p=19793","url":"https:\/\/inclusivenews.com.br\/?p=19793","name":"Workshop Gratuito - Projeto Perspectivas -","isPartOf":{"@id":"https:\/\/inclusivenews.com.br\/#website"},"primaryImageOfPage":{"@id":"https:\/\/inclusivenews.com.br\/?p=19793#primaryimage"},"image":{"@id":"https:\/\/inclusivenews.com.br\/?p=19793#primaryimage"},"thumbnailUrl":"http:\/\/2.bp.blogspot.com\/-ybwlTJeSneI\/TbMRcNNnJBI\/AAAAAAAAATE\/M1K6sa8wiuo\/s640\/IMG_8678.JPG","datePublished":"2011-06-09T10:41:00+00:00","breadcrumb":{"@id":"https:\/\/inclusivenews.com.br\/?p=19793#breadcrumb"},"inLanguage":"pt-PT","potentialAction":[{"@type":"ReadAction","target":["https:\/\/inclusivenews.com.br\/?p=19793"]}]},{"@type":"ImageObject","inLanguage":"pt-PT","@id":"https:\/\/inclusivenews.com.br\/?p=19793#primaryimage","url":"http:\/\/2.bp.blogspot.com\/-ybwlTJeSneI\/TbMRcNNnJBI\/AAAAAAAAATE\/M1K6sa8wiuo\/s640\/IMG_8678.JPG","contentUrl":"http:\/\/2.bp.blogspot.com\/-ybwlTJeSneI\/TbMRcNNnJBI\/AAAAAAAAATE\/M1K6sa8wiuo\/s640\/IMG_8678.JPG"},{"@type":"BreadcrumbList","@id":"https:\/\/inclusivenews.com.br\/?p=19793#breadcrumb","itemListElement":[{"@type":"ListItem","position":1,"name":"In\u00edcio","item":"https:\/\/inclusivenews.com.br\/"},{"@type":"ListItem","position":2,"name":"Workshop Gratuito &#8211; Projeto Perspectivas"}]},{"@type":"WebSite","@id":"https:\/\/inclusivenews.com.br\/#website","url":"https:\/\/inclusivenews.com.br\/","name":"Inclusive News","description":"Inclusive News","publisher":{"@id":"https:\/\/inclusivenews.com.br\/#organization"},"potentialAction":[{"@type":"SearchAction","target":{"@type":"EntryPoint","urlTemplate":"https:\/\/inclusivenews.com.br\/?s={search_term_string}"},"query-input":{"@type":"PropertyValueSpecification","valueRequired":true,"valueName":"search_term_string"}}],"inLanguage":"pt-PT"},{"@type":"Organization","@id":"https:\/\/inclusivenews.com.br\/#organization","name":"Inclusive - inclus\u00e3o e cidadania","url":"https:\/\/inclusivenews.com.br\/","logo":{"@type":"ImageObject","inLanguage":"pt-PT","@id":"https:\/\/inclusivenews.com.br\/#\/schema\/logo\/image\/","url":"https:\/\/inclusivenews.com.br\/wp-content\/uploads\/2024\/03\/@grandesite.png","contentUrl":"https:\/\/inclusivenews.com.br\/wp-content\/uploads\/2024\/03\/@grandesite.png","width":1080,"height":1080,"caption":"Inclusive - inclus\u00e3o e cidadania"},"image":{"@id":"https:\/\/inclusivenews.com.br\/#\/schema\/logo\/image\/"},"sameAs":["https:\/\/www.facebook.com\/agenciainclusive\/","https:\/\/www.instagram.com\/newsinclusive\/"]},{"@type":"Person","@id":"https:\/\/inclusivenews.com.br\/#\/schema\/person\/ae4ec7087559b8692fb33b6fffd2273b","name":"inclusivenews2024","image":{"@type":"ImageObject","inLanguage":"pt-PT","@id":"https:\/\/secure.gravatar.com\/avatar\/c5a7ef84c66fa914f55bc4f7ce26cfa275a3b9a1c5568b907bd184fb4dde7b40?s=96&d=mm&r=g","url":"https:\/\/secure.gravatar.com\/avatar\/c5a7ef84c66fa914f55bc4f7ce26cfa275a3b9a1c5568b907bd184fb4dde7b40?s=96&d=mm&r=g","contentUrl":"https:\/\/secure.gravatar.com\/avatar\/c5a7ef84c66fa914f55bc4f7ce26cfa275a3b9a1c5568b907bd184fb4dde7b40?s=96&d=mm&r=g","caption":"inclusivenews2024"},"sameAs":["https:\/\/inclusivenews.com.br"],"url":"https:\/\/inclusivenews.com.br\/?author=1"}]}},"_links":{"self":[{"href":"https:\/\/inclusivenews.com.br\/index.php?rest_route=\/wp\/v2\/posts\/19793","targetHints":{"allow":["GET"]}}],"collection":[{"href":"https:\/\/inclusivenews.com.br\/index.php?rest_route=\/wp\/v2\/posts"}],"about":[{"href":"https:\/\/inclusivenews.com.br\/index.php?rest_route=\/wp\/v2\/types\/post"}],"author":[{"embeddable":true,"href":"https:\/\/inclusivenews.com.br\/index.php?rest_route=\/wp\/v2\/users\/1"}],"replies":[{"embeddable":true,"href":"https:\/\/inclusivenews.com.br\/index.php?rest_route=%2Fwp%2Fv2%2Fcomments&post=19793"}],"version-history":[{"count":0,"href":"https:\/\/inclusivenews.com.br\/index.php?rest_route=\/wp\/v2\/posts\/19793\/revisions"}],"wp:attachment":[{"href":"https:\/\/inclusivenews.com.br\/index.php?rest_route=%2Fwp%2Fv2%2Fmedia&parent=19793"}],"wp:term":[{"taxonomy":"category","embeddable":true,"href":"https:\/\/inclusivenews.com.br\/index.php?rest_route=%2Fwp%2Fv2%2Fcategories&post=19793"},{"taxonomy":"post_tag","embeddable":true,"href":"https:\/\/inclusivenews.com.br\/index.php?rest_route=%2Fwp%2Fv2%2Ftags&post=19793"}],"curies":[{"name":"wp","href":"https:\/\/api.w.org\/{rel}","templated":true}]}}