{"id":19800,"date":"2011-06-09T07:41:18","date_gmt":"2011-06-09T10:41:18","guid":{"rendered":"http:\/\/www.inclusive.org.br\/?p=19800"},"modified":"2011-06-09T07:41:18","modified_gmt":"2011-06-09T10:41:18","slug":"escolas-publicas-terao-verbas-para-acessibilidade","status":"publish","type":"post","link":"https:\/\/inclusivenews.com.br\/?p=19800","title":{"rendered":"Escolas p\u00fablicas ter\u00e3o verbas para acessibilidade"},"content":{"rendered":"<figure id=\"attachment_13887\" aria-describedby=\"caption-attachment-13887\" style=\"width: 193px\" class=\"wp-caption alignleft\"><img loading=\"lazy\" decoding=\"async\" class=\"size-full wp-image-13887\" title=\"S\u00edmbolo da acessibilidade - figura em cadeira de rodas\" src=\"http:\/\/inclusivenews.com.br\/wp-content\/uploads\/2010\/02\/acessibilidade.bmp\" alt=\"\" width=\"193\" height=\"210\" \/><figcaption id=\"caption-attachment-13887\" class=\"wp-caption-text\"> <\/figcaption><\/figure>\n<p>Escolas p\u00fablicas de 3.433 munic\u00edpios receber\u00e3o R$ 100 milh\u00f5es para realizar adequa\u00e7\u00f5es arquitet\u00f4nicas nas sedes e investir em outras melhorias para favorecer a igualdade de condi\u00e7\u00f5es de acesso e aprendizagem aos alunos com defici\u00eancia. O repasse de recursos pelo Fundo Nacional de Desenvolvimento da Educa\u00e7\u00e3o (FNDE) \u00e0s unidades de ensino foi normatizado pela Resolu\u00e7\u00e3o n\u00ba 27, de 2 de junho de 2011, publicada no Di\u00e1rio Oficial da Uni\u00e3o da \u00faltima sexta-feira (3).<\/p>\n<p>Os recursos, provenientes do FNDE, destinam-se a 12.165 mil unidades municipais, estaduais e do Distrito Federal para serem aplicados, prioritariamente, na contrata\u00e7\u00e3o de servi\u00e7os de constru\u00e7\u00e3o de rampas, alargamento de portas e passagens, assim como a instala\u00e7\u00e3o de corrim\u00e3os. Sanit\u00e1rios tamb\u00e9m devem ser adequados para acessibilidade e coloca\u00e7\u00e3o de sinaliza\u00e7\u00e3o visual, t\u00e1til e sonora. A verba pode ser aplicada, ainda, na aquisi\u00e7\u00e3o de itens como cadeiras de rodas, bebedouros, mobili\u00e1rios acess\u00edveis ou softwares espec\u00edficos.<\/p>\n<p>Censo Escolar de 2010 &#8211; Quase 500 mil alunos matriculados em unidades de ensino regular s\u00e3o estudantes com defici\u00eancia e apenas 20% das escolas p\u00fablicas de educa\u00e7\u00e3o b\u00e1sica atendem a crit\u00e9rios de acessibilidade a esse p\u00fablico. Neste ano, ser\u00e3o atendidas as escolas que receberam sala de recursos multifuncionais em 2009 e registraram matr\u00edcula de estudantes com essa caracter\u00edstica no Censo de 2010. Cada unidade de ensino pode receber recursos que variam de R$ 6 mil a R$ 9 mil, de acordo com o n\u00famero de alunos. \u201cOs estudantes com defici\u00eancia devem ter acesso a todas as depend\u00eancias da escola\u201d, pondera a diretora de pol\u00edticas de educa\u00e7\u00e3o especial do Minist\u00e9rio da Educa\u00e7\u00e3o (MEC), Martinha Clarete.<\/p>\n<p>A Escola Acess\u00edvel faz parte do Programa Dinheiro Direto na Escola (PDDE), que reduz a burocracia na transfer\u00eancia de recursos. Para receb\u00ea-los, as escolas devem elaborar planos de a\u00e7\u00f5es que ser\u00e3o submetidos \u00e0 aprova\u00e7\u00e3o das secretarias de educa\u00e7\u00e3o, observados os crit\u00e9rios e normas gerais de acessibilidade nas obras.<\/p>\n<p>Pol\u00edtica de educa\u00e7\u00e3o inclusiva foi lan\u00e7ada em 2008<\/p>\n<p>Os resultados do Censo Escolar da Educa\u00e7\u00e3o B\u00e1sica apontam um crescimento significativo nas matr\u00edculas da educa\u00e7\u00e3o especial nas classes comuns do ensino regular. De acordo com o MEC, esse crescimento \u00e9 reflexo de pol\u00edtica adotada que inclui programas de implanta\u00e7\u00e3o de salas de recursos multifuncionais, adequa\u00e7\u00e3o de pr\u00e9dios escolares para a acessibilidade, forma\u00e7\u00e3o continuada de professores da educa\u00e7\u00e3o especial e do Benef\u00edcio de Presta\u00e7\u00e3o Continuada da Assist\u00eancia Social (BPC) na escola, al\u00e9m do programa Educa\u00e7\u00e3o Inclusiva: Direito \u00e0 Diversidade. O objetivo \u00e9 estimular a forma\u00e7\u00e3o de gestores e educadores para a cria\u00e7\u00e3o de sistemas educacionais inclusivos. A pol\u00edtica nacional de educa\u00e7\u00e3o especial na perspectiva da educa\u00e7\u00e3o inclusiva foi lan\u00e7ada em 2008 paralelamente a aprova\u00e7\u00e3o, por meio de emenda constitucional, da conven\u00e7\u00e3o da Organiza\u00e7\u00e3o das Na\u00e7\u00f5es Unidas (ONU) sobre os direitos das pessoas com defici\u00eancia. De acordo com a conven\u00e7\u00e3o, devem ser assegurados sistemas educacionais inclusivos em todos os n\u00edveis.<\/p>\n<p>__________<\/p>\n<p><strong>Fonte:<\/strong> <a href=\"http:\/\/www.secom.gov.br\/sobre-a-secom\/nucleo-de-comunicacao-publica\/copy_of_em-questao-1\/em-questao-do-dia\/escolas-terao-r-100-milhoes-para-acessibilidade\">MEC<\/a><\/p>\n","protected":false},"excerpt":{"rendered":"<p>Escolas p\u00fablicas de 3.433 munic\u00edpios receber\u00e3o R$ 100 milh\u00f5es para realizar adequa\u00e7\u00f5es arquitet\u00f4nicas nas sedes e investir em outras melhorias para favorecer a igualdade de condi\u00e7\u00f5es de acesso e aprendizagem aos alunos com defici\u00eancia.<\/p>\n","protected":false},"author":1,"featured_media":0,"comment_status":"open","ping_status":"open","sticky":false,"template":"","format":"standard","meta":{"site-container-style":"default","site-container-layout":"default","site-sidebar-layout":"default","disable-article-header":"default","disable-site-header":"default","disable-site-footer":"default","disable-content-area-spacing":"default","footnotes":""},"categories":[6,48,4],"tags":[],"class_list":["post-19800","post","type-post","status-publish","format-standard","hentry","category-educacao","category-inclusao","category-noticias"],"yoast_head":"<!-- This site is optimized with the Yoast SEO plugin v27.4 - https:\/\/yoast.com\/product\/yoast-seo-wordpress\/ -->\n<title>Escolas p\u00fablicas ter\u00e3o verbas para acessibilidade -<\/title>\n<meta name=\"robots\" content=\"index, follow, max-snippet:-1, max-image-preview:large, max-video-preview:-1\" \/>\n<link rel=\"canonical\" href=\"https:\/\/inclusivenews.com.br\/?p=19800\" \/>\n<meta property=\"og:locale\" content=\"pt_PT\" \/>\n<meta property=\"og:type\" content=\"article\" \/>\n<meta property=\"og:title\" content=\"Escolas p\u00fablicas ter\u00e3o verbas para acessibilidade -\" \/>\n<meta property=\"og:description\" content=\"Escolas p\u00fablicas de 3.433 munic\u00edpios receber\u00e3o R$ 100 milh\u00f5es para realizar adequa\u00e7\u00f5es arquitet\u00f4nicas nas sedes e investir em outras melhorias para favorecer a igualdade de condi\u00e7\u00f5es de acesso e aprendizagem aos alunos com defici\u00eancia.\" \/>\n<meta property=\"og:url\" content=\"https:\/\/inclusivenews.com.br\/?p=19800\" \/>\n<meta property=\"article:publisher\" content=\"https:\/\/www.facebook.com\/agenciainclusive\/\" \/>\n<meta property=\"article:published_time\" content=\"2011-06-09T10:41:18+00:00\" \/>\n<meta property=\"og:image\" content=\"http:\/\/inclusivenews.com.br\/wp-content\/uploads\/2010\/02\/acessibilidade.bmp\" \/>\n<meta name=\"author\" content=\"inclusivenews2024\" \/>\n<meta name=\"twitter:card\" content=\"summary_large_image\" \/>\n<meta name=\"twitter:label1\" content=\"Escrito por\" \/>\n\t<meta name=\"twitter:data1\" content=\"inclusivenews2024\" \/>\n\t<meta name=\"twitter:label2\" content=\"Tempo estimado de leitura\" \/>\n\t<meta name=\"twitter:data2\" content=\"3 minutos\" \/>\n<script type=\"application\/ld+json\" class=\"yoast-schema-graph\">{\"@context\":\"https:\\\/\\\/schema.org\",\"@graph\":[{\"@type\":\"Article\",\"@id\":\"https:\\\/\\\/inclusivenews.com.br\\\/?p=19800#article\",\"isPartOf\":{\"@id\":\"https:\\\/\\\/inclusivenews.com.br\\\/?p=19800\"},\"author\":{\"name\":\"inclusivenews2024\",\"@id\":\"https:\\\/\\\/inclusivenews.com.br\\\/#\\\/schema\\\/person\\\/ae4ec7087559b8692fb33b6fffd2273b\"},\"headline\":\"Escolas p\u00fablicas ter\u00e3o verbas para acessibilidade\",\"datePublished\":\"2011-06-09T10:41:18+00:00\",\"mainEntityOfPage\":{\"@id\":\"https:\\\/\\\/inclusivenews.com.br\\\/?p=19800\"},\"wordCount\":545,\"commentCount\":5,\"publisher\":{\"@id\":\"https:\\\/\\\/inclusivenews.com.br\\\/#organization\"},\"image\":{\"@id\":\"https:\\\/\\\/inclusivenews.com.br\\\/?p=19800#primaryimage\"},\"thumbnailUrl\":\"http:\\\/\\\/inclusivenews.com.br\\\/wp-content\\\/uploads\\\/2010\\\/02\\\/acessibilidade.bmp\",\"articleSection\":[\"EDUCA\u00c7\u00c3O\",\"INCLUS\u00c3O SOCIAL\",\"NOT\u00cdCIAS\"],\"inLanguage\":\"pt-PT\",\"potentialAction\":[{\"@type\":\"CommentAction\",\"name\":\"Comment\",\"target\":[\"https:\\\/\\\/inclusivenews.com.br\\\/?p=19800#respond\"]}]},{\"@type\":\"WebPage\",\"@id\":\"https:\\\/\\\/inclusivenews.com.br\\\/?p=19800\",\"url\":\"https:\\\/\\\/inclusivenews.com.br\\\/?p=19800\",\"name\":\"Escolas p\u00fablicas ter\u00e3o verbas para acessibilidade -\",\"isPartOf\":{\"@id\":\"https:\\\/\\\/inclusivenews.com.br\\\/#website\"},\"primaryImageOfPage\":{\"@id\":\"https:\\\/\\\/inclusivenews.com.br\\\/?p=19800#primaryimage\"},\"image\":{\"@id\":\"https:\\\/\\\/inclusivenews.com.br\\\/?p=19800#primaryimage\"},\"thumbnailUrl\":\"http:\\\/\\\/inclusivenews.com.br\\\/wp-content\\\/uploads\\\/2010\\\/02\\\/acessibilidade.bmp\",\"datePublished\":\"2011-06-09T10:41:18+00:00\",\"breadcrumb\":{\"@id\":\"https:\\\/\\\/inclusivenews.com.br\\\/?p=19800#breadcrumb\"},\"inLanguage\":\"pt-PT\",\"potentialAction\":[{\"@type\":\"ReadAction\",\"target\":[\"https:\\\/\\\/inclusivenews.com.br\\\/?p=19800\"]}]},{\"@type\":\"ImageObject\",\"inLanguage\":\"pt-PT\",\"@id\":\"https:\\\/\\\/inclusivenews.com.br\\\/?p=19800#primaryimage\",\"url\":\"\",\"contentUrl\":\"\"},{\"@type\":\"BreadcrumbList\",\"@id\":\"https:\\\/\\\/inclusivenews.com.br\\\/?p=19800#breadcrumb\",\"itemListElement\":[{\"@type\":\"ListItem\",\"position\":1,\"name\":\"In\u00edcio\",\"item\":\"https:\\\/\\\/inclusivenews.com.br\\\/\"},{\"@type\":\"ListItem\",\"position\":2,\"name\":\"Escolas p\u00fablicas ter\u00e3o verbas para acessibilidade\"}]},{\"@type\":\"WebSite\",\"@id\":\"https:\\\/\\\/inclusivenews.com.br\\\/#website\",\"url\":\"https:\\\/\\\/inclusivenews.com.br\\\/\",\"name\":\"Inclusive News\",\"description\":\"Inclusive News\",\"publisher\":{\"@id\":\"https:\\\/\\\/inclusivenews.com.br\\\/#organization\"},\"potentialAction\":[{\"@type\":\"SearchAction\",\"target\":{\"@type\":\"EntryPoint\",\"urlTemplate\":\"https:\\\/\\\/inclusivenews.com.br\\\/?s={search_term_string}\"},\"query-input\":{\"@type\":\"PropertyValueSpecification\",\"valueRequired\":true,\"valueName\":\"search_term_string\"}}],\"inLanguage\":\"pt-PT\"},{\"@type\":\"Organization\",\"@id\":\"https:\\\/\\\/inclusivenews.com.br\\\/#organization\",\"name\":\"Inclusive - inclus\u00e3o e cidadania\",\"url\":\"https:\\\/\\\/inclusivenews.com.br\\\/\",\"logo\":{\"@type\":\"ImageObject\",\"inLanguage\":\"pt-PT\",\"@id\":\"https:\\\/\\\/inclusivenews.com.br\\\/#\\\/schema\\\/logo\\\/image\\\/\",\"url\":\"https:\\\/\\\/inclusivenews.com.br\\\/wp-content\\\/uploads\\\/2024\\\/03\\\/@grandesite.png\",\"contentUrl\":\"https:\\\/\\\/inclusivenews.com.br\\\/wp-content\\\/uploads\\\/2024\\\/03\\\/@grandesite.png\",\"width\":1080,\"height\":1080,\"caption\":\"Inclusive - inclus\u00e3o e cidadania\"},\"image\":{\"@id\":\"https:\\\/\\\/inclusivenews.com.br\\\/#\\\/schema\\\/logo\\\/image\\\/\"},\"sameAs\":[\"https:\\\/\\\/www.facebook.com\\\/agenciainclusive\\\/\",\"https:\\\/\\\/www.instagram.com\\\/newsinclusive\\\/\"]},{\"@type\":\"Person\",\"@id\":\"https:\\\/\\\/inclusivenews.com.br\\\/#\\\/schema\\\/person\\\/ae4ec7087559b8692fb33b6fffd2273b\",\"name\":\"inclusivenews2024\",\"image\":{\"@type\":\"ImageObject\",\"inLanguage\":\"pt-PT\",\"@id\":\"https:\\\/\\\/secure.gravatar.com\\\/avatar\\\/c5a7ef84c66fa914f55bc4f7ce26cfa275a3b9a1c5568b907bd184fb4dde7b40?s=96&d=mm&r=g\",\"url\":\"https:\\\/\\\/secure.gravatar.com\\\/avatar\\\/c5a7ef84c66fa914f55bc4f7ce26cfa275a3b9a1c5568b907bd184fb4dde7b40?s=96&d=mm&r=g\",\"contentUrl\":\"https:\\\/\\\/secure.gravatar.com\\\/avatar\\\/c5a7ef84c66fa914f55bc4f7ce26cfa275a3b9a1c5568b907bd184fb4dde7b40?s=96&d=mm&r=g\",\"caption\":\"inclusivenews2024\"},\"sameAs\":[\"https:\\\/\\\/inclusivenews.com.br\"],\"url\":\"https:\\\/\\\/inclusivenews.com.br\\\/?author=1\"}]}<\/script>\n<!-- \/ Yoast SEO plugin. -->","yoast_head_json":{"title":"Escolas p\u00fablicas ter\u00e3o verbas para acessibilidade -","robots":{"index":"index","follow":"follow","max-snippet":"max-snippet:-1","max-image-preview":"max-image-preview:large","max-video-preview":"max-video-preview:-1"},"canonical":"https:\/\/inclusivenews.com.br\/?p=19800","og_locale":"pt_PT","og_type":"article","og_title":"Escolas p\u00fablicas ter\u00e3o verbas para acessibilidade -","og_description":"Escolas p\u00fablicas de 3.433 munic\u00edpios receber\u00e3o R$ 100 milh\u00f5es para realizar adequa\u00e7\u00f5es arquitet\u00f4nicas nas sedes e investir em outras melhorias para favorecer a igualdade de condi\u00e7\u00f5es de acesso e aprendizagem aos alunos com defici\u00eancia.","og_url":"https:\/\/inclusivenews.com.br\/?p=19800","article_publisher":"https:\/\/www.facebook.com\/agenciainclusive\/","article_published_time":"2011-06-09T10:41:18+00:00","og_image":[{"url":"http:\/\/inclusivenews.com.br\/wp-content\/uploads\/2010\/02\/acessibilidade.bmp","type":"","width":"","height":""}],"author":"inclusivenews2024","twitter_card":"summary_large_image","twitter_misc":{"Escrito por":"inclusivenews2024","Tempo estimado de leitura":"3 minutos"},"schema":{"@context":"https:\/\/schema.org","@graph":[{"@type":"Article","@id":"https:\/\/inclusivenews.com.br\/?p=19800#article","isPartOf":{"@id":"https:\/\/inclusivenews.com.br\/?p=19800"},"author":{"name":"inclusivenews2024","@id":"https:\/\/inclusivenews.com.br\/#\/schema\/person\/ae4ec7087559b8692fb33b6fffd2273b"},"headline":"Escolas p\u00fablicas ter\u00e3o verbas para acessibilidade","datePublished":"2011-06-09T10:41:18+00:00","mainEntityOfPage":{"@id":"https:\/\/inclusivenews.com.br\/?p=19800"},"wordCount":545,"commentCount":5,"publisher":{"@id":"https:\/\/inclusivenews.com.br\/#organization"},"image":{"@id":"https:\/\/inclusivenews.com.br\/?p=19800#primaryimage"},"thumbnailUrl":"http:\/\/inclusivenews.com.br\/wp-content\/uploads\/2010\/02\/acessibilidade.bmp","articleSection":["EDUCA\u00c7\u00c3O","INCLUS\u00c3O SOCIAL","NOT\u00cdCIAS"],"inLanguage":"pt-PT","potentialAction":[{"@type":"CommentAction","name":"Comment","target":["https:\/\/inclusivenews.com.br\/?p=19800#respond"]}]},{"@type":"WebPage","@id":"https:\/\/inclusivenews.com.br\/?p=19800","url":"https:\/\/inclusivenews.com.br\/?p=19800","name":"Escolas p\u00fablicas ter\u00e3o verbas para acessibilidade -","isPartOf":{"@id":"https:\/\/inclusivenews.com.br\/#website"},"primaryImageOfPage":{"@id":"https:\/\/inclusivenews.com.br\/?p=19800#primaryimage"},"image":{"@id":"https:\/\/inclusivenews.com.br\/?p=19800#primaryimage"},"thumbnailUrl":"http:\/\/inclusivenews.com.br\/wp-content\/uploads\/2010\/02\/acessibilidade.bmp","datePublished":"2011-06-09T10:41:18+00:00","breadcrumb":{"@id":"https:\/\/inclusivenews.com.br\/?p=19800#breadcrumb"},"inLanguage":"pt-PT","potentialAction":[{"@type":"ReadAction","target":["https:\/\/inclusivenews.com.br\/?p=19800"]}]},{"@type":"ImageObject","inLanguage":"pt-PT","@id":"https:\/\/inclusivenews.com.br\/?p=19800#primaryimage","url":"","contentUrl":""},{"@type":"BreadcrumbList","@id":"https:\/\/inclusivenews.com.br\/?p=19800#breadcrumb","itemListElement":[{"@type":"ListItem","position":1,"name":"In\u00edcio","item":"https:\/\/inclusivenews.com.br\/"},{"@type":"ListItem","position":2,"name":"Escolas p\u00fablicas ter\u00e3o verbas para acessibilidade"}]},{"@type":"WebSite","@id":"https:\/\/inclusivenews.com.br\/#website","url":"https:\/\/inclusivenews.com.br\/","name":"Inclusive News","description":"Inclusive News","publisher":{"@id":"https:\/\/inclusivenews.com.br\/#organization"},"potentialAction":[{"@type":"SearchAction","target":{"@type":"EntryPoint","urlTemplate":"https:\/\/inclusivenews.com.br\/?s={search_term_string}"},"query-input":{"@type":"PropertyValueSpecification","valueRequired":true,"valueName":"search_term_string"}}],"inLanguage":"pt-PT"},{"@type":"Organization","@id":"https:\/\/inclusivenews.com.br\/#organization","name":"Inclusive - inclus\u00e3o e cidadania","url":"https:\/\/inclusivenews.com.br\/","logo":{"@type":"ImageObject","inLanguage":"pt-PT","@id":"https:\/\/inclusivenews.com.br\/#\/schema\/logo\/image\/","url":"https:\/\/inclusivenews.com.br\/wp-content\/uploads\/2024\/03\/@grandesite.png","contentUrl":"https:\/\/inclusivenews.com.br\/wp-content\/uploads\/2024\/03\/@grandesite.png","width":1080,"height":1080,"caption":"Inclusive - inclus\u00e3o e cidadania"},"image":{"@id":"https:\/\/inclusivenews.com.br\/#\/schema\/logo\/image\/"},"sameAs":["https:\/\/www.facebook.com\/agenciainclusive\/","https:\/\/www.instagram.com\/newsinclusive\/"]},{"@type":"Person","@id":"https:\/\/inclusivenews.com.br\/#\/schema\/person\/ae4ec7087559b8692fb33b6fffd2273b","name":"inclusivenews2024","image":{"@type":"ImageObject","inLanguage":"pt-PT","@id":"https:\/\/secure.gravatar.com\/avatar\/c5a7ef84c66fa914f55bc4f7ce26cfa275a3b9a1c5568b907bd184fb4dde7b40?s=96&d=mm&r=g","url":"https:\/\/secure.gravatar.com\/avatar\/c5a7ef84c66fa914f55bc4f7ce26cfa275a3b9a1c5568b907bd184fb4dde7b40?s=96&d=mm&r=g","contentUrl":"https:\/\/secure.gravatar.com\/avatar\/c5a7ef84c66fa914f55bc4f7ce26cfa275a3b9a1c5568b907bd184fb4dde7b40?s=96&d=mm&r=g","caption":"inclusivenews2024"},"sameAs":["https:\/\/inclusivenews.com.br"],"url":"https:\/\/inclusivenews.com.br\/?author=1"}]}},"_links":{"self":[{"href":"https:\/\/inclusivenews.com.br\/index.php?rest_route=\/wp\/v2\/posts\/19800","targetHints":{"allow":["GET"]}}],"collection":[{"href":"https:\/\/inclusivenews.com.br\/index.php?rest_route=\/wp\/v2\/posts"}],"about":[{"href":"https:\/\/inclusivenews.com.br\/index.php?rest_route=\/wp\/v2\/types\/post"}],"author":[{"embeddable":true,"href":"https:\/\/inclusivenews.com.br\/index.php?rest_route=\/wp\/v2\/users\/1"}],"replies":[{"embeddable":true,"href":"https:\/\/inclusivenews.com.br\/index.php?rest_route=%2Fwp%2Fv2%2Fcomments&post=19800"}],"version-history":[{"count":0,"href":"https:\/\/inclusivenews.com.br\/index.php?rest_route=\/wp\/v2\/posts\/19800\/revisions"}],"wp:attachment":[{"href":"https:\/\/inclusivenews.com.br\/index.php?rest_route=%2Fwp%2Fv2%2Fmedia&parent=19800"}],"wp:term":[{"taxonomy":"category","embeddable":true,"href":"https:\/\/inclusivenews.com.br\/index.php?rest_route=%2Fwp%2Fv2%2Fcategories&post=19800"},{"taxonomy":"post_tag","embeddable":true,"href":"https:\/\/inclusivenews.com.br\/index.php?rest_route=%2Fwp%2Fv2%2Ftags&post=19800"}],"curies":[{"name":"wp","href":"https:\/\/api.w.org\/{rel}","templated":true}]}}