{"id":19812,"date":"2011-06-09T07:41:33","date_gmt":"2011-06-09T10:41:33","guid":{"rendered":"http:\/\/www.inclusive.org.br\/?p=19812"},"modified":"2011-06-09T07:41:33","modified_gmt":"2011-06-09T10:41:33","slug":"programas-de-inclusao-nas-escolas-atingem-1-050-alunos-surdos-em-santa-catarina","status":"publish","type":"post","link":"https:\/\/inclusivenews.com.br\/?p=19812","title":{"rendered":"Programas de inclus\u00e3o nas escolas atingem 1.050 alunos surdos em Santa Catarina"},"content":{"rendered":"<p><em><\/p>\n<figure id=\"attachment_13693\" aria-describedby=\"caption-attachment-13693\" style=\"width: 180px\" class=\"wp-caption alignleft\"><img loading=\"lazy\" decoding=\"async\" class=\"size-medium wp-image-13693 \" title=\"S\u00edmbolo internacional da surdez\" src=\"http:\/\/inclusivenews.com.br\/wp-content\/uploads\/2010\/02\/audiodescricao-300x300.jpg\" alt=\"S\u00edmbolo internacional da surdez\" width=\"180\" height=\"180\" \/><figcaption id=\"caption-attachment-13693\" class=\"wp-caption-text\">Desenho de ondas sonoras entrando em uma orelha<\/figcaption><\/figure>\n<p>Escolas p\u00fablicas devem ter salas multimeios e oferecer int\u00e9rprete para aprender Libras<\/p>\n<p><\/em><\/p>\n<p>Desde a Constitui\u00e7\u00e3o de 1988, o Brasil adota a pol\u00edtica de integra\u00e7\u00e3o em escolas regulares. O decreto 5626, de 2005, ampliou esse direcionamento, determinando que as institui\u00e7\u00f5es brasileiras respons\u00e1veis pela educa\u00e7\u00e3o b\u00e1sica devem garantir a inclus\u00e3o de alunos surdos ou com alguma defici\u00eancia auditiva, que passam dos 5,7 milh\u00f5es, segundo a Feneis.<\/p>\n<p>A professora de educa\u00e7\u00e3o especial Ros\u00e2ngela Kittel explica os impactos do decreto:<\/p>\n<p>\u2014 Antes, o trabalho era de convencimento dos pais e mesmo dos diretores, para que esses alunos frequentassem as escolas regulares. Depois, \u00e9 que a escola se tornou integradora mesmo, investindo em um olhar diferenciado dos professores \u2014 explica.<\/p>\n<p>No Estado de Santa Catarina, os programas de inclus\u00e3o nas escolas atingem quase 1.050 alunos surdos, de acordo com a Federa\u00e7\u00e3o Catarinense de Educa\u00e7\u00e3o Especial. Na Grande Florian\u00f3polis, 50 est\u00e3o matriculados s\u00f3 nas escolas municipais. Para integrar esses alunos e todos aqueles que precisam de um acompanhamento extra, por determina\u00e7\u00e3o federal, as escolas p\u00fablicas devem contar com salas multimeios, espa\u00e7os onde profissionais de educa\u00e7\u00e3o especial desenvolvem trabalhos para ampliar as condi\u00e7\u00f5es de aprendizagem.<\/p>\n<p>Os surdos desenvolvem exerc\u00edcios visuais e t\u00eam apoio de um instrutor para aprender Libras (a linguagem de sinais) como primeira l\u00edngua \u2014 e o portugu\u00eas como segunda. Al\u00e9m disso, \u00e9 direito que eles tenham um int\u00e9rprete at\u00e9 o fim do Ensino M\u00e9dio e um professor bil\u00edngue acompanhando as aulas at\u00e9 o 5\u00ba ano \u2014 porque as crian\u00e7as menores ainda n\u00e3o t\u00eam dom\u00ednio da linguagem de sinais.<\/p>\n<p>A Escola B\u00e1sica Intendente Aricomedes da Silva, na Cachoeira do Bom Jesus, teve que investir, este ano, em projetos para ensinar Libras a todos os professores, aos quatro surdos matriculados e aos demais alunos. A professora da educa\u00e7\u00e3o especial da sala multimeios da escola, Ros\u00e2ngela Kittel, conta a boa disposi\u00e7\u00e3o das crian\u00e7as:<\/p>\n<p>\u2014 Quando aprendem alguma palavra em Libras, eles mostram uns para os outros. D\u00e1 orgulho fazer os sinais de &#8220;Vamos brincar?&#8221;.<\/p>\n<p>Ela explica que o conv\u00edvio entre as crian\u00e7as em uma escola regular \u00e9 importante porque ideias abstratas, como ontem ou amanh\u00e3, s\u00e3o aprendidas de forma informal. Mas Ros\u00e2ngela ressalta que o ensino para os surdos ainda n\u00e3o tem a amplitude que deveria. Segundo ela, faltam alguns conceitos, mesmo para os professores, e ainda h\u00e1 segrega\u00e7\u00e3o dos surdos.<\/p>\n<p>Hamilta dos Santos sabe que Luiza, de 10 anos, passa por momentos de dificuldade na escola por n\u00e3o escutar e conta que a filha \u00e9 mais amiga dos outros surdos.<\/p>\n<p>\u2014 Mas ela sempre ficou na mesma escola, n\u00e3o sei como seria de outra maneira, se ela tivesse em uma escola s\u00f3 para surdos \u2014 comenta.<\/p>\n<p>Para a professora Daiele Althaus, as vantagens das escolas inclusivas ser\u00e3o ampliadas quando todos os colegas e professores aprenderem a se comunicar com os surdos e quando as crian\u00e7as surdas aprenderem Libras desde cedo.<\/p>\n<p>\u2014 Se for ensinado, assim como o beb\u00ea que escuta fala &#8220;mam\u00e3e&#8221;, o surdo pode reproduzir o sinal de &#8220;mam\u00e3e&#8221;. S\u00f3 a primeira l\u00edngua \u00e9 diferente \u2014 explica Daiele.<br \/>\n_________________<\/p>\n<p><strong>Fonte:<\/strong> <a href=\"http:\/\/www.jornalfloripa.com.br\/cidade\/index1.php?pg=verjornalfloripa&amp;id=257\">Jornal Floripa<\/a><\/p>\n","protected":false},"excerpt":{"rendered":"<p>Escolas p\u00fablicas devem ter salas multimeios e oferecer int\u00e9rprete para aprender Libras.<\/p>\n","protected":false},"author":1,"featured_media":0,"comment_status":"open","ping_status":"open","sticky":false,"template":"","format":"standard","meta":{"site-container-style":"default","site-container-layout":"default","site-sidebar-layout":"default","disable-article-header":"default","disable-site-header":"default","disable-site-footer":"default","disable-content-area-spacing":"default","footnotes":""},"categories":[38,6,48,4],"tags":[],"class_list":["post-19812","post","type-post","status-publish","format-standard","hentry","category-deficiencia","category-educacao","category-inclusao","category-noticias"],"yoast_head":"<!-- This site is optimized with the Yoast SEO plugin v27.4 - https:\/\/yoast.com\/product\/yoast-seo-wordpress\/ -->\n<title>Programas de inclus\u00e3o nas escolas atingem 1.050 alunos surdos em Santa Catarina -<\/title>\n<meta name=\"robots\" content=\"index, follow, max-snippet:-1, max-image-preview:large, max-video-preview:-1\" \/>\n<link rel=\"canonical\" href=\"https:\/\/inclusivenews.com.br\/?p=19812\" \/>\n<meta property=\"og:locale\" content=\"pt_PT\" \/>\n<meta property=\"og:type\" content=\"article\" \/>\n<meta property=\"og:title\" content=\"Programas de inclus\u00e3o nas escolas atingem 1.050 alunos surdos em Santa Catarina -\" \/>\n<meta property=\"og:description\" content=\"Escolas p\u00fablicas devem ter salas multimeios e oferecer int\u00e9rprete para aprender Libras.\" \/>\n<meta property=\"og:url\" content=\"https:\/\/inclusivenews.com.br\/?p=19812\" \/>\n<meta property=\"article:publisher\" content=\"https:\/\/www.facebook.com\/agenciainclusive\/\" \/>\n<meta property=\"article:published_time\" content=\"2011-06-09T10:41:33+00:00\" \/>\n<meta property=\"og:image\" content=\"http:\/\/inclusivenews.com.br\/wp-content\/uploads\/2010\/02\/audiodescricao-300x300.jpg\" \/>\n<meta name=\"author\" content=\"inclusivenews2024\" \/>\n<meta name=\"twitter:card\" content=\"summary_large_image\" \/>\n<meta name=\"twitter:label1\" content=\"Escrito por\" \/>\n\t<meta name=\"twitter:data1\" content=\"inclusivenews2024\" \/>\n\t<meta name=\"twitter:label2\" content=\"Tempo estimado de leitura\" \/>\n\t<meta name=\"twitter:data2\" content=\"3 minutos\" \/>\n<script type=\"application\/ld+json\" class=\"yoast-schema-graph\">{\"@context\":\"https:\\\/\\\/schema.org\",\"@graph\":[{\"@type\":\"Article\",\"@id\":\"https:\\\/\\\/inclusivenews.com.br\\\/?p=19812#article\",\"isPartOf\":{\"@id\":\"https:\\\/\\\/inclusivenews.com.br\\\/?p=19812\"},\"author\":{\"name\":\"inclusivenews2024\",\"@id\":\"https:\\\/\\\/inclusivenews.com.br\\\/#\\\/schema\\\/person\\\/ae4ec7087559b8692fb33b6fffd2273b\"},\"headline\":\"Programas de inclus\u00e3o nas escolas atingem 1.050 alunos surdos em Santa Catarina\",\"datePublished\":\"2011-06-09T10:41:33+00:00\",\"mainEntityOfPage\":{\"@id\":\"https:\\\/\\\/inclusivenews.com.br\\\/?p=19812\"},\"wordCount\":566,\"commentCount\":0,\"publisher\":{\"@id\":\"https:\\\/\\\/inclusivenews.com.br\\\/#organization\"},\"image\":{\"@id\":\"https:\\\/\\\/inclusivenews.com.br\\\/?p=19812#primaryimage\"},\"thumbnailUrl\":\"http:\\\/\\\/inclusivenews.com.br\\\/wp-content\\\/uploads\\\/2010\\\/02\\\/audiodescricao-300x300.jpg\",\"articleSection\":[\"Defici\u00eancia\",\"EDUCA\u00c7\u00c3O\",\"INCLUS\u00c3O SOCIAL\",\"NOT\u00cdCIAS\"],\"inLanguage\":\"pt-PT\",\"potentialAction\":[{\"@type\":\"CommentAction\",\"name\":\"Comment\",\"target\":[\"https:\\\/\\\/inclusivenews.com.br\\\/?p=19812#respond\"]}]},{\"@type\":\"WebPage\",\"@id\":\"https:\\\/\\\/inclusivenews.com.br\\\/?p=19812\",\"url\":\"https:\\\/\\\/inclusivenews.com.br\\\/?p=19812\",\"name\":\"Programas de inclus\u00e3o nas escolas atingem 1.050 alunos surdos em Santa Catarina -\",\"isPartOf\":{\"@id\":\"https:\\\/\\\/inclusivenews.com.br\\\/#website\"},\"primaryImageOfPage\":{\"@id\":\"https:\\\/\\\/inclusivenews.com.br\\\/?p=19812#primaryimage\"},\"image\":{\"@id\":\"https:\\\/\\\/inclusivenews.com.br\\\/?p=19812#primaryimage\"},\"thumbnailUrl\":\"http:\\\/\\\/inclusivenews.com.br\\\/wp-content\\\/uploads\\\/2010\\\/02\\\/audiodescricao-300x300.jpg\",\"datePublished\":\"2011-06-09T10:41:33+00:00\",\"breadcrumb\":{\"@id\":\"https:\\\/\\\/inclusivenews.com.br\\\/?p=19812#breadcrumb\"},\"inLanguage\":\"pt-PT\",\"potentialAction\":[{\"@type\":\"ReadAction\",\"target\":[\"https:\\\/\\\/inclusivenews.com.br\\\/?p=19812\"]}]},{\"@type\":\"ImageObject\",\"inLanguage\":\"pt-PT\",\"@id\":\"https:\\\/\\\/inclusivenews.com.br\\\/?p=19812#primaryimage\",\"url\":\"\",\"contentUrl\":\"\"},{\"@type\":\"BreadcrumbList\",\"@id\":\"https:\\\/\\\/inclusivenews.com.br\\\/?p=19812#breadcrumb\",\"itemListElement\":[{\"@type\":\"ListItem\",\"position\":1,\"name\":\"In\u00edcio\",\"item\":\"https:\\\/\\\/inclusivenews.com.br\\\/\"},{\"@type\":\"ListItem\",\"position\":2,\"name\":\"Programas de inclus\u00e3o nas escolas atingem 1.050 alunos surdos em Santa Catarina\"}]},{\"@type\":\"WebSite\",\"@id\":\"https:\\\/\\\/inclusivenews.com.br\\\/#website\",\"url\":\"https:\\\/\\\/inclusivenews.com.br\\\/\",\"name\":\"Inclusive News\",\"description\":\"Inclusive News\",\"publisher\":{\"@id\":\"https:\\\/\\\/inclusivenews.com.br\\\/#organization\"},\"potentialAction\":[{\"@type\":\"SearchAction\",\"target\":{\"@type\":\"EntryPoint\",\"urlTemplate\":\"https:\\\/\\\/inclusivenews.com.br\\\/?s={search_term_string}\"},\"query-input\":{\"@type\":\"PropertyValueSpecification\",\"valueRequired\":true,\"valueName\":\"search_term_string\"}}],\"inLanguage\":\"pt-PT\"},{\"@type\":\"Organization\",\"@id\":\"https:\\\/\\\/inclusivenews.com.br\\\/#organization\",\"name\":\"Inclusive - inclus\u00e3o e cidadania\",\"url\":\"https:\\\/\\\/inclusivenews.com.br\\\/\",\"logo\":{\"@type\":\"ImageObject\",\"inLanguage\":\"pt-PT\",\"@id\":\"https:\\\/\\\/inclusivenews.com.br\\\/#\\\/schema\\\/logo\\\/image\\\/\",\"url\":\"https:\\\/\\\/inclusivenews.com.br\\\/wp-content\\\/uploads\\\/2024\\\/03\\\/@grandesite.png\",\"contentUrl\":\"https:\\\/\\\/inclusivenews.com.br\\\/wp-content\\\/uploads\\\/2024\\\/03\\\/@grandesite.png\",\"width\":1080,\"height\":1080,\"caption\":\"Inclusive - inclus\u00e3o e cidadania\"},\"image\":{\"@id\":\"https:\\\/\\\/inclusivenews.com.br\\\/#\\\/schema\\\/logo\\\/image\\\/\"},\"sameAs\":[\"https:\\\/\\\/www.facebook.com\\\/agenciainclusive\\\/\",\"https:\\\/\\\/www.instagram.com\\\/newsinclusive\\\/\"]},{\"@type\":\"Person\",\"@id\":\"https:\\\/\\\/inclusivenews.com.br\\\/#\\\/schema\\\/person\\\/ae4ec7087559b8692fb33b6fffd2273b\",\"name\":\"inclusivenews2024\",\"image\":{\"@type\":\"ImageObject\",\"inLanguage\":\"pt-PT\",\"@id\":\"https:\\\/\\\/secure.gravatar.com\\\/avatar\\\/c5a7ef84c66fa914f55bc4f7ce26cfa275a3b9a1c5568b907bd184fb4dde7b40?s=96&d=mm&r=g\",\"url\":\"https:\\\/\\\/secure.gravatar.com\\\/avatar\\\/c5a7ef84c66fa914f55bc4f7ce26cfa275a3b9a1c5568b907bd184fb4dde7b40?s=96&d=mm&r=g\",\"contentUrl\":\"https:\\\/\\\/secure.gravatar.com\\\/avatar\\\/c5a7ef84c66fa914f55bc4f7ce26cfa275a3b9a1c5568b907bd184fb4dde7b40?s=96&d=mm&r=g\",\"caption\":\"inclusivenews2024\"},\"sameAs\":[\"https:\\\/\\\/inclusivenews.com.br\"],\"url\":\"https:\\\/\\\/inclusivenews.com.br\\\/?author=1\"}]}<\/script>\n<!-- \/ Yoast SEO plugin. -->","yoast_head_json":{"title":"Programas de inclus\u00e3o nas escolas atingem 1.050 alunos surdos em Santa Catarina -","robots":{"index":"index","follow":"follow","max-snippet":"max-snippet:-1","max-image-preview":"max-image-preview:large","max-video-preview":"max-video-preview:-1"},"canonical":"https:\/\/inclusivenews.com.br\/?p=19812","og_locale":"pt_PT","og_type":"article","og_title":"Programas de inclus\u00e3o nas escolas atingem 1.050 alunos surdos em Santa Catarina -","og_description":"Escolas p\u00fablicas devem ter salas multimeios e oferecer int\u00e9rprete para aprender Libras.","og_url":"https:\/\/inclusivenews.com.br\/?p=19812","article_publisher":"https:\/\/www.facebook.com\/agenciainclusive\/","article_published_time":"2011-06-09T10:41:33+00:00","og_image":[{"url":"http:\/\/inclusivenews.com.br\/wp-content\/uploads\/2010\/02\/audiodescricao-300x300.jpg","type":"","width":"","height":""}],"author":"inclusivenews2024","twitter_card":"summary_large_image","twitter_misc":{"Escrito por":"inclusivenews2024","Tempo estimado de leitura":"3 minutos"},"schema":{"@context":"https:\/\/schema.org","@graph":[{"@type":"Article","@id":"https:\/\/inclusivenews.com.br\/?p=19812#article","isPartOf":{"@id":"https:\/\/inclusivenews.com.br\/?p=19812"},"author":{"name":"inclusivenews2024","@id":"https:\/\/inclusivenews.com.br\/#\/schema\/person\/ae4ec7087559b8692fb33b6fffd2273b"},"headline":"Programas de inclus\u00e3o nas escolas atingem 1.050 alunos surdos em Santa Catarina","datePublished":"2011-06-09T10:41:33+00:00","mainEntityOfPage":{"@id":"https:\/\/inclusivenews.com.br\/?p=19812"},"wordCount":566,"commentCount":0,"publisher":{"@id":"https:\/\/inclusivenews.com.br\/#organization"},"image":{"@id":"https:\/\/inclusivenews.com.br\/?p=19812#primaryimage"},"thumbnailUrl":"http:\/\/inclusivenews.com.br\/wp-content\/uploads\/2010\/02\/audiodescricao-300x300.jpg","articleSection":["Defici\u00eancia","EDUCA\u00c7\u00c3O","INCLUS\u00c3O SOCIAL","NOT\u00cdCIAS"],"inLanguage":"pt-PT","potentialAction":[{"@type":"CommentAction","name":"Comment","target":["https:\/\/inclusivenews.com.br\/?p=19812#respond"]}]},{"@type":"WebPage","@id":"https:\/\/inclusivenews.com.br\/?p=19812","url":"https:\/\/inclusivenews.com.br\/?p=19812","name":"Programas de inclus\u00e3o nas escolas atingem 1.050 alunos surdos em Santa Catarina -","isPartOf":{"@id":"https:\/\/inclusivenews.com.br\/#website"},"primaryImageOfPage":{"@id":"https:\/\/inclusivenews.com.br\/?p=19812#primaryimage"},"image":{"@id":"https:\/\/inclusivenews.com.br\/?p=19812#primaryimage"},"thumbnailUrl":"http:\/\/inclusivenews.com.br\/wp-content\/uploads\/2010\/02\/audiodescricao-300x300.jpg","datePublished":"2011-06-09T10:41:33+00:00","breadcrumb":{"@id":"https:\/\/inclusivenews.com.br\/?p=19812#breadcrumb"},"inLanguage":"pt-PT","potentialAction":[{"@type":"ReadAction","target":["https:\/\/inclusivenews.com.br\/?p=19812"]}]},{"@type":"ImageObject","inLanguage":"pt-PT","@id":"https:\/\/inclusivenews.com.br\/?p=19812#primaryimage","url":"","contentUrl":""},{"@type":"BreadcrumbList","@id":"https:\/\/inclusivenews.com.br\/?p=19812#breadcrumb","itemListElement":[{"@type":"ListItem","position":1,"name":"In\u00edcio","item":"https:\/\/inclusivenews.com.br\/"},{"@type":"ListItem","position":2,"name":"Programas de inclus\u00e3o nas escolas atingem 1.050 alunos surdos em Santa Catarina"}]},{"@type":"WebSite","@id":"https:\/\/inclusivenews.com.br\/#website","url":"https:\/\/inclusivenews.com.br\/","name":"Inclusive News","description":"Inclusive News","publisher":{"@id":"https:\/\/inclusivenews.com.br\/#organization"},"potentialAction":[{"@type":"SearchAction","target":{"@type":"EntryPoint","urlTemplate":"https:\/\/inclusivenews.com.br\/?s={search_term_string}"},"query-input":{"@type":"PropertyValueSpecification","valueRequired":true,"valueName":"search_term_string"}}],"inLanguage":"pt-PT"},{"@type":"Organization","@id":"https:\/\/inclusivenews.com.br\/#organization","name":"Inclusive - inclus\u00e3o e cidadania","url":"https:\/\/inclusivenews.com.br\/","logo":{"@type":"ImageObject","inLanguage":"pt-PT","@id":"https:\/\/inclusivenews.com.br\/#\/schema\/logo\/image\/","url":"https:\/\/inclusivenews.com.br\/wp-content\/uploads\/2024\/03\/@grandesite.png","contentUrl":"https:\/\/inclusivenews.com.br\/wp-content\/uploads\/2024\/03\/@grandesite.png","width":1080,"height":1080,"caption":"Inclusive - inclus\u00e3o e cidadania"},"image":{"@id":"https:\/\/inclusivenews.com.br\/#\/schema\/logo\/image\/"},"sameAs":["https:\/\/www.facebook.com\/agenciainclusive\/","https:\/\/www.instagram.com\/newsinclusive\/"]},{"@type":"Person","@id":"https:\/\/inclusivenews.com.br\/#\/schema\/person\/ae4ec7087559b8692fb33b6fffd2273b","name":"inclusivenews2024","image":{"@type":"ImageObject","inLanguage":"pt-PT","@id":"https:\/\/secure.gravatar.com\/avatar\/c5a7ef84c66fa914f55bc4f7ce26cfa275a3b9a1c5568b907bd184fb4dde7b40?s=96&d=mm&r=g","url":"https:\/\/secure.gravatar.com\/avatar\/c5a7ef84c66fa914f55bc4f7ce26cfa275a3b9a1c5568b907bd184fb4dde7b40?s=96&d=mm&r=g","contentUrl":"https:\/\/secure.gravatar.com\/avatar\/c5a7ef84c66fa914f55bc4f7ce26cfa275a3b9a1c5568b907bd184fb4dde7b40?s=96&d=mm&r=g","caption":"inclusivenews2024"},"sameAs":["https:\/\/inclusivenews.com.br"],"url":"https:\/\/inclusivenews.com.br\/?author=1"}]}},"_links":{"self":[{"href":"https:\/\/inclusivenews.com.br\/index.php?rest_route=\/wp\/v2\/posts\/19812","targetHints":{"allow":["GET"]}}],"collection":[{"href":"https:\/\/inclusivenews.com.br\/index.php?rest_route=\/wp\/v2\/posts"}],"about":[{"href":"https:\/\/inclusivenews.com.br\/index.php?rest_route=\/wp\/v2\/types\/post"}],"author":[{"embeddable":true,"href":"https:\/\/inclusivenews.com.br\/index.php?rest_route=\/wp\/v2\/users\/1"}],"replies":[{"embeddable":true,"href":"https:\/\/inclusivenews.com.br\/index.php?rest_route=%2Fwp%2Fv2%2Fcomments&post=19812"}],"version-history":[{"count":0,"href":"https:\/\/inclusivenews.com.br\/index.php?rest_route=\/wp\/v2\/posts\/19812\/revisions"}],"wp:attachment":[{"href":"https:\/\/inclusivenews.com.br\/index.php?rest_route=%2Fwp%2Fv2%2Fmedia&parent=19812"}],"wp:term":[{"taxonomy":"category","embeddable":true,"href":"https:\/\/inclusivenews.com.br\/index.php?rest_route=%2Fwp%2Fv2%2Fcategories&post=19812"},{"taxonomy":"post_tag","embeddable":true,"href":"https:\/\/inclusivenews.com.br\/index.php?rest_route=%2Fwp%2Fv2%2Ftags&post=19812"}],"curies":[{"name":"wp","href":"https:\/\/api.w.org\/{rel}","templated":true}]}}