{"id":19814,"date":"2011-06-09T07:42:04","date_gmt":"2011-06-09T10:42:04","guid":{"rendered":"http:\/\/www.inclusive.org.br\/?p=19814"},"modified":"2011-06-09T07:42:04","modified_gmt":"2011-06-09T10:42:04","slug":"sao-carlos-e-pioneira-na-educacao-inclusiva","status":"publish","type":"post","link":"https:\/\/inclusivenews.com.br\/?p=19814","title":{"rendered":"S\u00e3o Carlos \u00e9 pioneira na educa\u00e7\u00e3o inclusiva"},"content":{"rendered":"<figure id=\"attachment_12981\" aria-describedby=\"caption-attachment-12981\" style=\"width: 226px\" class=\"wp-caption alignleft\"><img loading=\"lazy\" decoding=\"async\" class=\"size-full wp-image-12981\" title=\"Inclusive - alunos fazendo arte e pinturas no ch\u00e3o.\" src=\"http:\/\/inclusivenews.com.br\/wp-content\/uploads\/2009\/12\/participacao.jpg\" alt=\"Inclusive - alunos fazendo arte e pinturas no ch\u00e3o.\" width=\"226\" height=\"168\" \/><figcaption id=\"caption-attachment-12981\" class=\"wp-caption-text\"> <\/figcaption><\/figure>\n<p><span style=\"font-family: &amp;quot;Arial&amp;quot;; color: #000000; font-size: x-small;\"><em>A Prefeitura de S\u00e3o Carlos faz parte do Programa de Educa\u00e7\u00e3o Inclusiva e Direito \u00e0 Diversidade criado pelo Governo Federal desde 2003<\/em><\/span><\/p>\n<p>A Rede de Ensino de S\u00e3o Carlos vem se colocando \u00e0 frente em v\u00e1rios aspectos da educa\u00e7\u00e3o, entre eles est\u00e1 o foco na educa\u00e7\u00e3o para pessoas com defici\u00eancia, que \u00e9 um dos quesitos que coloca a cidade entre as primeiras.<\/p>\n<p>A Prefeitura adotou uma pol\u00edtica tornar todas as unidades escolares acess\u00edveis, sendo que algumas delas j\u00e1 passaram por reformas e as novas j\u00e1 t\u00eam acessibilidade em sua arquitetura.<\/p>\n<p>Entre outras a\u00e7\u00f5es realizadas pela Prefeitura, est\u00e3o as 17 salas de recurso multifuncionais espalhadas pelas escolas municipais, que tem por objetivo promover a inclus\u00e3o de aproximadamente 150 alunos matriculados na rede municipal. A Prefeitura de S\u00e3o Carlos faz parte do Programa de Educa\u00e7\u00e3o Inclusiva e Direito \u00e0 Diversidade criado pelo Governo Federal desde 2003.<\/p>\n<p>No entanto, algumas das iniciativas come\u00e7aram desde 2001, tornando S\u00e3o Carlos uma das cidades pioneiras na educa\u00e7\u00e3o inclusiva.<\/p>\n<p>Atualmente, a\u00e7\u00f5es s\u00e3o desenvolvidas no munic\u00edpio para promover a inclus\u00e3o de pessoas com defici\u00eancia na escola, desenvolvendo um ensino de qualidade, entre essas a\u00e7\u00f5es est\u00e1 a Educa\u00e7\u00e3o F\u00edsica Inclusiva, que consiste na pr\u00e1tica de esportes voltada para este p\u00fablico, cursos de forma\u00e7\u00e3o para professores e interessados oferecido pelo espa\u00e7o Braille, entre outros.<\/p>\n<p>A Prefeitura conta com parcerias que tamb\u00e9m colaboram com um ensino de qualidade. Entre os parceiros est\u00e1 a Universidade Federal de S\u00e3o Carlos (UFSCar), \u00fanica universidade no Brasil que possui curso de p\u00f3s-gradua\u00e7\u00e3o em Educa\u00e7\u00e3o Especial e o segundo curso do pa\u00eds com licenciatura em Educa\u00e7\u00e3o Especial. \u201cEsta parceria com a universidade \u00e9 muito importante para o munic\u00edpio e para a educa\u00e7\u00e3o em geral.<\/p>\n<p>Al\u00e9m dos profissionais novos que entram para o mercado, ainda h\u00e1 pesquisas na \u00e1rea que colaboram muito na elabora\u00e7\u00e3o de materiais, oferecimento de cursos que aperfei\u00e7oam profissionais que j\u00e1 atuam na \u00e1rea entre outros\u201d, esclarece Vanessa Paulino, chefe de Divis\u00e3o de Educa\u00e7\u00e3o Especial da Secretaria Municipal de Educa\u00e7\u00e3o.<\/p>\n<p>Al\u00e9m da UFSCar, a Prefeitura tamb\u00e9m mant\u00e9m conv\u00eanio com a APAE, onde s\u00e3o investidos cerca de R$ 900 mil pelo munic\u00edpio. A Prefeitura tamb\u00e9m mant\u00e9m, com a mesma institui\u00e7\u00e3o, parceria em uma sala de autismo com investimentos da Prefeitura de R$ 423,60 mensais por crian\u00e7a atendida. Atualmente s\u00e3o atendidas 40 crian\u00e7as.<\/p>\n<p>Outro local de grande import\u00e2ncia para o munic\u00edpio com o objetivo de promover a inclus\u00e3o \u00e9 o Espa\u00e7o Braille, cujo objetivo \u00e9 promover a inclus\u00e3o de pessoas com defici\u00eancia visual, al\u00e9m de oferecer diversos cursos.<\/p>\n<p>P\u00f3lo Regional<br \/>\nA cidade de S\u00e3o Carlos \u00e9 considerada p\u00f3lo regional de Educa\u00e7\u00e3o Inclusiva e anualmente re\u00fane 33 cidades durante o curso de Forma\u00e7\u00e3o de Gestores e Educadores do Programa de Educa\u00e7\u00e3o Inclusiva: Direito \u00e0 Diversidade. A cidade foi escolhida pelas a\u00e7\u00f5es realizadas na \u00e1rea de educa\u00e7\u00e3o inclusiva.<\/p>\n<p>Servi\u00e7os oferecidos<br \/>\nA Rede Municipal de Ensino oferece para os alunos com defici\u00eancia servi\u00e7os diferenciados com psic\u00f3logo, profissional que atua com os casos de estudantes com problemas no comportamento, transtornos globais do desenvolvimento, nas situa\u00e7\u00f5es de viol\u00eancia escolar e resolu\u00e7\u00e3o de conflitos, orienta\u00e7\u00e3o a familiares e profissionais, podendo viabilizar encaminhamentos junto a outras secretarias. A Prefeitura oferece tamb\u00e9m fonoaudi\u00f3logo que atua nos casos relacionados a altera\u00e7\u00f5es na linguagem oral e escrita, audi\u00e7\u00e3o e motricidade oral, podendo viabilizar encaminhamentos necess\u00e1rios.<br \/>\n_______________________<\/p>\n<p><strong>Fonte:<\/strong> <a href=\"http:\/\/www.saocarlosoficial.com.br\/noticias\/?n=Sao+Carlos+e+pioneira+na+Educacao+Inclusiva_AG5WZZU3CR\">Pref. Mun. S\u00e3o Carlos<\/a><\/p>\n","protected":false},"excerpt":{"rendered":"<p>A Prefeitura de S\u00e3o Carlos faz parte do Programa de Educa\u00e7\u00e3o Inclusiva e Direito \u00e0 Diversidade criado pelo Governo Federal desde 2003.<\/p>\n","protected":false},"author":1,"featured_media":0,"comment_status":"open","ping_status":"open","sticky":false,"template":"","format":"standard","meta":{"site-container-style":"default","site-container-layout":"default","site-sidebar-layout":"default","disable-article-header":"default","disable-site-header":"default","disable-site-footer":"default","disable-content-area-spacing":"default","footnotes":""},"categories":[38,6,48,4],"tags":[],"class_list":["post-19814","post","type-post","status-publish","format-standard","hentry","category-deficiencia","category-educacao","category-inclusao","category-noticias"],"yoast_head":"<!-- This site is optimized with the Yoast SEO plugin v27.4 - https:\/\/yoast.com\/product\/yoast-seo-wordpress\/ -->\n<title>S\u00e3o Carlos \u00e9 pioneira na educa\u00e7\u00e3o inclusiva -<\/title>\n<meta name=\"robots\" content=\"index, follow, max-snippet:-1, max-image-preview:large, max-video-preview:-1\" \/>\n<link rel=\"canonical\" href=\"https:\/\/inclusivenews.com.br\/?p=19814\" \/>\n<meta property=\"og:locale\" content=\"pt_PT\" \/>\n<meta property=\"og:type\" content=\"article\" \/>\n<meta property=\"og:title\" content=\"S\u00e3o Carlos \u00e9 pioneira na educa\u00e7\u00e3o inclusiva -\" \/>\n<meta property=\"og:description\" content=\"A Prefeitura de S\u00e3o Carlos faz parte do Programa de Educa\u00e7\u00e3o Inclusiva e Direito \u00e0 Diversidade criado pelo Governo Federal desde 2003.\" \/>\n<meta property=\"og:url\" content=\"https:\/\/inclusivenews.com.br\/?p=19814\" \/>\n<meta property=\"article:publisher\" content=\"https:\/\/www.facebook.com\/agenciainclusive\/\" \/>\n<meta property=\"article:published_time\" content=\"2011-06-09T10:42:04+00:00\" \/>\n<meta property=\"og:image\" content=\"http:\/\/inclusivenews.com.br\/wp-content\/uploads\/2009\/12\/participacao.jpg\" \/>\n<meta name=\"author\" content=\"inclusivenews2024\" \/>\n<meta name=\"twitter:card\" content=\"summary_large_image\" \/>\n<meta name=\"twitter:label1\" content=\"Escrito por\" \/>\n\t<meta name=\"twitter:data1\" content=\"inclusivenews2024\" \/>\n\t<meta name=\"twitter:label2\" content=\"Tempo estimado de leitura\" \/>\n\t<meta name=\"twitter:data2\" content=\"3 minutos\" \/>\n<script type=\"application\/ld+json\" class=\"yoast-schema-graph\">{\"@context\":\"https:\\\/\\\/schema.org\",\"@graph\":[{\"@type\":\"Article\",\"@id\":\"https:\\\/\\\/inclusivenews.com.br\\\/?p=19814#article\",\"isPartOf\":{\"@id\":\"https:\\\/\\\/inclusivenews.com.br\\\/?p=19814\"},\"author\":{\"name\":\"inclusivenews2024\",\"@id\":\"https:\\\/\\\/inclusivenews.com.br\\\/#\\\/schema\\\/person\\\/ae4ec7087559b8692fb33b6fffd2273b\"},\"headline\":\"S\u00e3o Carlos \u00e9 pioneira na educa\u00e7\u00e3o inclusiva\",\"datePublished\":\"2011-06-09T10:42:04+00:00\",\"mainEntityOfPage\":{\"@id\":\"https:\\\/\\\/inclusivenews.com.br\\\/?p=19814\"},\"wordCount\":629,\"commentCount\":0,\"publisher\":{\"@id\":\"https:\\\/\\\/inclusivenews.com.br\\\/#organization\"},\"image\":{\"@id\":\"https:\\\/\\\/inclusivenews.com.br\\\/?p=19814#primaryimage\"},\"thumbnailUrl\":\"http:\\\/\\\/inclusivenews.com.br\\\/wp-content\\\/uploads\\\/2009\\\/12\\\/participacao.jpg\",\"articleSection\":[\"Defici\u00eancia\",\"EDUCA\u00c7\u00c3O\",\"INCLUS\u00c3O SOCIAL\",\"NOT\u00cdCIAS\"],\"inLanguage\":\"pt-PT\",\"potentialAction\":[{\"@type\":\"CommentAction\",\"name\":\"Comment\",\"target\":[\"https:\\\/\\\/inclusivenews.com.br\\\/?p=19814#respond\"]}]},{\"@type\":\"WebPage\",\"@id\":\"https:\\\/\\\/inclusivenews.com.br\\\/?p=19814\",\"url\":\"https:\\\/\\\/inclusivenews.com.br\\\/?p=19814\",\"name\":\"S\u00e3o Carlos \u00e9 pioneira na educa\u00e7\u00e3o inclusiva -\",\"isPartOf\":{\"@id\":\"https:\\\/\\\/inclusivenews.com.br\\\/#website\"},\"primaryImageOfPage\":{\"@id\":\"https:\\\/\\\/inclusivenews.com.br\\\/?p=19814#primaryimage\"},\"image\":{\"@id\":\"https:\\\/\\\/inclusivenews.com.br\\\/?p=19814#primaryimage\"},\"thumbnailUrl\":\"http:\\\/\\\/inclusivenews.com.br\\\/wp-content\\\/uploads\\\/2009\\\/12\\\/participacao.jpg\",\"datePublished\":\"2011-06-09T10:42:04+00:00\",\"breadcrumb\":{\"@id\":\"https:\\\/\\\/inclusivenews.com.br\\\/?p=19814#breadcrumb\"},\"inLanguage\":\"pt-PT\",\"potentialAction\":[{\"@type\":\"ReadAction\",\"target\":[\"https:\\\/\\\/inclusivenews.com.br\\\/?p=19814\"]}]},{\"@type\":\"ImageObject\",\"inLanguage\":\"pt-PT\",\"@id\":\"https:\\\/\\\/inclusivenews.com.br\\\/?p=19814#primaryimage\",\"url\":\"\",\"contentUrl\":\"\"},{\"@type\":\"BreadcrumbList\",\"@id\":\"https:\\\/\\\/inclusivenews.com.br\\\/?p=19814#breadcrumb\",\"itemListElement\":[{\"@type\":\"ListItem\",\"position\":1,\"name\":\"In\u00edcio\",\"item\":\"https:\\\/\\\/inclusivenews.com.br\\\/\"},{\"@type\":\"ListItem\",\"position\":2,\"name\":\"S\u00e3o Carlos \u00e9 pioneira na educa\u00e7\u00e3o inclusiva\"}]},{\"@type\":\"WebSite\",\"@id\":\"https:\\\/\\\/inclusivenews.com.br\\\/#website\",\"url\":\"https:\\\/\\\/inclusivenews.com.br\\\/\",\"name\":\"Inclusive News\",\"description\":\"Inclusive News\",\"publisher\":{\"@id\":\"https:\\\/\\\/inclusivenews.com.br\\\/#organization\"},\"potentialAction\":[{\"@type\":\"SearchAction\",\"target\":{\"@type\":\"EntryPoint\",\"urlTemplate\":\"https:\\\/\\\/inclusivenews.com.br\\\/?s={search_term_string}\"},\"query-input\":{\"@type\":\"PropertyValueSpecification\",\"valueRequired\":true,\"valueName\":\"search_term_string\"}}],\"inLanguage\":\"pt-PT\"},{\"@type\":\"Organization\",\"@id\":\"https:\\\/\\\/inclusivenews.com.br\\\/#organization\",\"name\":\"Inclusive - inclus\u00e3o e cidadania\",\"url\":\"https:\\\/\\\/inclusivenews.com.br\\\/\",\"logo\":{\"@type\":\"ImageObject\",\"inLanguage\":\"pt-PT\",\"@id\":\"https:\\\/\\\/inclusivenews.com.br\\\/#\\\/schema\\\/logo\\\/image\\\/\",\"url\":\"https:\\\/\\\/inclusivenews.com.br\\\/wp-content\\\/uploads\\\/2024\\\/03\\\/@grandesite.png\",\"contentUrl\":\"https:\\\/\\\/inclusivenews.com.br\\\/wp-content\\\/uploads\\\/2024\\\/03\\\/@grandesite.png\",\"width\":1080,\"height\":1080,\"caption\":\"Inclusive - inclus\u00e3o e cidadania\"},\"image\":{\"@id\":\"https:\\\/\\\/inclusivenews.com.br\\\/#\\\/schema\\\/logo\\\/image\\\/\"},\"sameAs\":[\"https:\\\/\\\/www.facebook.com\\\/agenciainclusive\\\/\",\"https:\\\/\\\/www.instagram.com\\\/newsinclusive\\\/\"]},{\"@type\":\"Person\",\"@id\":\"https:\\\/\\\/inclusivenews.com.br\\\/#\\\/schema\\\/person\\\/ae4ec7087559b8692fb33b6fffd2273b\",\"name\":\"inclusivenews2024\",\"image\":{\"@type\":\"ImageObject\",\"inLanguage\":\"pt-PT\",\"@id\":\"https:\\\/\\\/secure.gravatar.com\\\/avatar\\\/c5a7ef84c66fa914f55bc4f7ce26cfa275a3b9a1c5568b907bd184fb4dde7b40?s=96&d=mm&r=g\",\"url\":\"https:\\\/\\\/secure.gravatar.com\\\/avatar\\\/c5a7ef84c66fa914f55bc4f7ce26cfa275a3b9a1c5568b907bd184fb4dde7b40?s=96&d=mm&r=g\",\"contentUrl\":\"https:\\\/\\\/secure.gravatar.com\\\/avatar\\\/c5a7ef84c66fa914f55bc4f7ce26cfa275a3b9a1c5568b907bd184fb4dde7b40?s=96&d=mm&r=g\",\"caption\":\"inclusivenews2024\"},\"sameAs\":[\"https:\\\/\\\/inclusivenews.com.br\"],\"url\":\"https:\\\/\\\/inclusivenews.com.br\\\/?author=1\"}]}<\/script>\n<!-- \/ Yoast SEO plugin. -->","yoast_head_json":{"title":"S\u00e3o Carlos \u00e9 pioneira na educa\u00e7\u00e3o inclusiva -","robots":{"index":"index","follow":"follow","max-snippet":"max-snippet:-1","max-image-preview":"max-image-preview:large","max-video-preview":"max-video-preview:-1"},"canonical":"https:\/\/inclusivenews.com.br\/?p=19814","og_locale":"pt_PT","og_type":"article","og_title":"S\u00e3o Carlos \u00e9 pioneira na educa\u00e7\u00e3o inclusiva -","og_description":"A Prefeitura de S\u00e3o Carlos faz parte do Programa de Educa\u00e7\u00e3o Inclusiva e Direito \u00e0 Diversidade criado pelo Governo Federal desde 2003.","og_url":"https:\/\/inclusivenews.com.br\/?p=19814","article_publisher":"https:\/\/www.facebook.com\/agenciainclusive\/","article_published_time":"2011-06-09T10:42:04+00:00","og_image":[{"url":"http:\/\/inclusivenews.com.br\/wp-content\/uploads\/2009\/12\/participacao.jpg","type":"","width":"","height":""}],"author":"inclusivenews2024","twitter_card":"summary_large_image","twitter_misc":{"Escrito por":"inclusivenews2024","Tempo estimado de leitura":"3 minutos"},"schema":{"@context":"https:\/\/schema.org","@graph":[{"@type":"Article","@id":"https:\/\/inclusivenews.com.br\/?p=19814#article","isPartOf":{"@id":"https:\/\/inclusivenews.com.br\/?p=19814"},"author":{"name":"inclusivenews2024","@id":"https:\/\/inclusivenews.com.br\/#\/schema\/person\/ae4ec7087559b8692fb33b6fffd2273b"},"headline":"S\u00e3o Carlos \u00e9 pioneira na educa\u00e7\u00e3o inclusiva","datePublished":"2011-06-09T10:42:04+00:00","mainEntityOfPage":{"@id":"https:\/\/inclusivenews.com.br\/?p=19814"},"wordCount":629,"commentCount":0,"publisher":{"@id":"https:\/\/inclusivenews.com.br\/#organization"},"image":{"@id":"https:\/\/inclusivenews.com.br\/?p=19814#primaryimage"},"thumbnailUrl":"http:\/\/inclusivenews.com.br\/wp-content\/uploads\/2009\/12\/participacao.jpg","articleSection":["Defici\u00eancia","EDUCA\u00c7\u00c3O","INCLUS\u00c3O SOCIAL","NOT\u00cdCIAS"],"inLanguage":"pt-PT","potentialAction":[{"@type":"CommentAction","name":"Comment","target":["https:\/\/inclusivenews.com.br\/?p=19814#respond"]}]},{"@type":"WebPage","@id":"https:\/\/inclusivenews.com.br\/?p=19814","url":"https:\/\/inclusivenews.com.br\/?p=19814","name":"S\u00e3o Carlos \u00e9 pioneira na educa\u00e7\u00e3o inclusiva -","isPartOf":{"@id":"https:\/\/inclusivenews.com.br\/#website"},"primaryImageOfPage":{"@id":"https:\/\/inclusivenews.com.br\/?p=19814#primaryimage"},"image":{"@id":"https:\/\/inclusivenews.com.br\/?p=19814#primaryimage"},"thumbnailUrl":"http:\/\/inclusivenews.com.br\/wp-content\/uploads\/2009\/12\/participacao.jpg","datePublished":"2011-06-09T10:42:04+00:00","breadcrumb":{"@id":"https:\/\/inclusivenews.com.br\/?p=19814#breadcrumb"},"inLanguage":"pt-PT","potentialAction":[{"@type":"ReadAction","target":["https:\/\/inclusivenews.com.br\/?p=19814"]}]},{"@type":"ImageObject","inLanguage":"pt-PT","@id":"https:\/\/inclusivenews.com.br\/?p=19814#primaryimage","url":"","contentUrl":""},{"@type":"BreadcrumbList","@id":"https:\/\/inclusivenews.com.br\/?p=19814#breadcrumb","itemListElement":[{"@type":"ListItem","position":1,"name":"In\u00edcio","item":"https:\/\/inclusivenews.com.br\/"},{"@type":"ListItem","position":2,"name":"S\u00e3o Carlos \u00e9 pioneira na educa\u00e7\u00e3o inclusiva"}]},{"@type":"WebSite","@id":"https:\/\/inclusivenews.com.br\/#website","url":"https:\/\/inclusivenews.com.br\/","name":"Inclusive News","description":"Inclusive News","publisher":{"@id":"https:\/\/inclusivenews.com.br\/#organization"},"potentialAction":[{"@type":"SearchAction","target":{"@type":"EntryPoint","urlTemplate":"https:\/\/inclusivenews.com.br\/?s={search_term_string}"},"query-input":{"@type":"PropertyValueSpecification","valueRequired":true,"valueName":"search_term_string"}}],"inLanguage":"pt-PT"},{"@type":"Organization","@id":"https:\/\/inclusivenews.com.br\/#organization","name":"Inclusive - inclus\u00e3o e cidadania","url":"https:\/\/inclusivenews.com.br\/","logo":{"@type":"ImageObject","inLanguage":"pt-PT","@id":"https:\/\/inclusivenews.com.br\/#\/schema\/logo\/image\/","url":"https:\/\/inclusivenews.com.br\/wp-content\/uploads\/2024\/03\/@grandesite.png","contentUrl":"https:\/\/inclusivenews.com.br\/wp-content\/uploads\/2024\/03\/@grandesite.png","width":1080,"height":1080,"caption":"Inclusive - inclus\u00e3o e cidadania"},"image":{"@id":"https:\/\/inclusivenews.com.br\/#\/schema\/logo\/image\/"},"sameAs":["https:\/\/www.facebook.com\/agenciainclusive\/","https:\/\/www.instagram.com\/newsinclusive\/"]},{"@type":"Person","@id":"https:\/\/inclusivenews.com.br\/#\/schema\/person\/ae4ec7087559b8692fb33b6fffd2273b","name":"inclusivenews2024","image":{"@type":"ImageObject","inLanguage":"pt-PT","@id":"https:\/\/secure.gravatar.com\/avatar\/c5a7ef84c66fa914f55bc4f7ce26cfa275a3b9a1c5568b907bd184fb4dde7b40?s=96&d=mm&r=g","url":"https:\/\/secure.gravatar.com\/avatar\/c5a7ef84c66fa914f55bc4f7ce26cfa275a3b9a1c5568b907bd184fb4dde7b40?s=96&d=mm&r=g","contentUrl":"https:\/\/secure.gravatar.com\/avatar\/c5a7ef84c66fa914f55bc4f7ce26cfa275a3b9a1c5568b907bd184fb4dde7b40?s=96&d=mm&r=g","caption":"inclusivenews2024"},"sameAs":["https:\/\/inclusivenews.com.br"],"url":"https:\/\/inclusivenews.com.br\/?author=1"}]}},"_links":{"self":[{"href":"https:\/\/inclusivenews.com.br\/index.php?rest_route=\/wp\/v2\/posts\/19814","targetHints":{"allow":["GET"]}}],"collection":[{"href":"https:\/\/inclusivenews.com.br\/index.php?rest_route=\/wp\/v2\/posts"}],"about":[{"href":"https:\/\/inclusivenews.com.br\/index.php?rest_route=\/wp\/v2\/types\/post"}],"author":[{"embeddable":true,"href":"https:\/\/inclusivenews.com.br\/index.php?rest_route=\/wp\/v2\/users\/1"}],"replies":[{"embeddable":true,"href":"https:\/\/inclusivenews.com.br\/index.php?rest_route=%2Fwp%2Fv2%2Fcomments&post=19814"}],"version-history":[{"count":0,"href":"https:\/\/inclusivenews.com.br\/index.php?rest_route=\/wp\/v2\/posts\/19814\/revisions"}],"wp:attachment":[{"href":"https:\/\/inclusivenews.com.br\/index.php?rest_route=%2Fwp%2Fv2%2Fmedia&parent=19814"}],"wp:term":[{"taxonomy":"category","embeddable":true,"href":"https:\/\/inclusivenews.com.br\/index.php?rest_route=%2Fwp%2Fv2%2Fcategories&post=19814"},{"taxonomy":"post_tag","embeddable":true,"href":"https:\/\/inclusivenews.com.br\/index.php?rest_route=%2Fwp%2Fv2%2Ftags&post=19814"}],"curies":[{"name":"wp","href":"https:\/\/api.w.org\/{rel}","templated":true}]}}