{"id":19828,"date":"2011-06-09T07:42:32","date_gmt":"2011-06-09T10:42:32","guid":{"rendered":"http:\/\/www.inclusive.org.br\/?p=19828"},"modified":"2011-06-09T07:42:32","modified_gmt":"2011-06-09T10:42:32","slug":"vii-seminario-de-educacao-inclusiva-direito-a-diversidade","status":"publish","type":"post","link":"https:\/\/inclusivenews.com.br\/?p=19828","title":{"rendered":"VII Semin\u00e1rio de Educa\u00e7\u00e3o Inclusiva: Direito \u00e0 Diversidade"},"content":{"rendered":"<p><em><img loading=\"lazy\" decoding=\"async\" class=\"alignleft size-medium wp-image-14562\" title=\"Inclusive - direitos humanos - um planeta cercado por figuras humanas.\" src=\"http:\/\/inclusivenews.com.br\/wp-content\/uploads\/2010\/03\/Inclusive_direitos_humanos_2-300x300.jpg\" alt=\"Inclusive - direitos humanos - um planeta cercado por figuras humanas.\" width=\"240\" height=\"240\" \/>Prefeitura de Florian\u00f3polis realiza o VII Semin\u00e1rio de Educa\u00e7\u00e3o Inclusiva: Direito \u00e0 Diversidade. O evento, que ocorre de ter\u00e7a (07) a sexta-feira (10), no Hotel Morro das Pedras, em Florian\u00f3polis, reunir\u00e1 gestores da educa\u00e7\u00e3o especial, representantes das unidades educativas e professores das institui\u00e7\u00f5es conveniadas e parceiras da rede de ensino da Capital.<\/em><\/p>\n<p>Palestras<\/p>\n<p>Na ter\u00e7a-feira, 7, \u00e0s 10h, ter\u00e1 a confer\u00eancia de abertura \u201cA escola e sua rela\u00e7\u00e3o com o sistema de ensino\u201d, com a doutoranda em educa\u00e7\u00e3o pela UNICAMP, Ros\u00e2ngela Machado. No per\u00edodo da tarde Rebecca Monte Nunes apresenta \u201cMarcos legais na Educa\u00e7\u00e3o Inclusiva e a conven\u00e7\u00e3o da ONU\u201d.<\/p>\n<p>J\u00e1 na quarta-feira, dia 8, \u00e0s 8h30, haver\u00e1 a palestra \u201cA organiza\u00e7\u00e3o e a gest\u00e3o da escola para a inclus\u00e3o\u201d, com a doutora em educa\u00e7\u00e3o pela Universidade Federal do Cear\u00e1, Selene Maria Penaforte. A confer\u00eancia tratar\u00e1 das atitudes que os gestores devem tomar para que no meio escolar haja inclus\u00e3o e n\u00e3o exclus\u00e3o.<\/p>\n<p>No per\u00edodo da tarde, \u00e0s 13h30, ocorrer\u00e1 a mesa redonda \u201cPais e filhos: trajet\u00f3ria escolar de pessoas com defici\u00eancia e a participa\u00e7\u00e3o da fam\u00edlia\u201d. O design de moda, de S\u00e3o Paulo, Samuel Sestaro, estar\u00e1 presente no debate. Ele, que possui s\u00edndrome de down, falar\u00e1 no evento acompanhado da m\u00e3e, Vilma. Samuel defende que todos estudem em escolas regulares. Em mar\u00e7o, em Bras\u00edlia, na C\u00e2mara dos Deputados, ele salientou que \u201cos pais devem dar a seus filhos e filhas todas as oportunidades de estudar em escolas regulares e conviver com pessoas da mesma idade, de namorar, de sa\u00edrem sozinhos ou com os seus amigos. N\u00f3s s\u00f3 aprendemos fazendo&#8221;, frisou. A deficiente visual, Michelle Jacinto, 17, estudante do terceiro ano do ensino m\u00e9dio, no Col\u00e9gio de Aplica\u00e7\u00e3o da UFSC, \u00e9 outra presen\u00e7a garantida na mesa redonda. Michelle, que ir\u00e1 participar do evento com a av\u00f3 Dagmar, prestar\u00e1 vestibular para Geografia.<\/p>\n<p>Outros convidados<\/p>\n<p>Quinta-feira, 9, a doutoranda pela USP e s\u00f3cia fundadora da Associa\u00e7\u00e3o Educacional para M\u00faltipla Defici\u00eancia, Shirley Rodrigues, far\u00e1 a palestra \u201cDefici\u00eancia M\u00faltipla e Surdocegueira: o acesso ao conhecimento na sala de aula regular\u201d.<\/p>\n<p>Outra palestra importante ser\u00e1 \u201cRompendo barreiras atitudinais no contexto da educa\u00e7\u00e3o inclusiva\u201d, que ocorrer\u00e1 na sexta-feira, dia 10, com Adriano Henrique Nuernberg, graduado em psicologia pela UFSC. Na apresenta\u00e7\u00e3o ser\u00e1 discutida pr\u00e1ticas para que a sociedade perca preconceitos relativos \u00e0s pessoas com defici\u00eancia.<\/p>\n<p>Ainda na sexta-feira a pedagoga Maria Terezinha da Consola\u00e7\u00e3o vai falar sobre \u201cA constru\u00e7\u00e3o do projeto pol\u00edtico pedag\u00f3gico na escola da multipliscidade\u201d. Para a pedagoga, \u201cquando a escola entende que as diferen\u00e7as existem e come\u00e7a a trabalhar com elas, as mudan\u00e7as ocorrem contemplando as demandas de todos e n\u00e3o apenas das pessoas com defici\u00eancia e outros alunos da educa\u00e7\u00e3o especial. Esta \u00e9 a forma efetiva de fazer acontecer o princ\u00edpio democr\u00e1tico da educa\u00e7\u00e3o com qualidade, que s\u00f3 se garante, quando a institui\u00e7\u00e3o escolar se especializa em todos os alunos e n\u00e3o em alguns deles\u201d.<\/p>\n<p>Servi\u00e7o<\/p>\n<p>O qu\u00ea: VII Semin\u00e1rio de Educa\u00e7\u00e3o Inclusiva: Direito \u00e0 Diversidade. Quando: De 7 a 10 de junho. Local: Hotel Morro das Pedras. Rua Manoel Pedro Vieira, 550. Florian\u00f3polis \u2013 SC<\/p>\n","protected":false},"excerpt":{"rendered":"<p>Prefeitura de Florian\u00f3polis realiza o VII Semin\u00e1rio de Educa\u00e7\u00e3o Inclusiva: Direito \u00e0 Diversidade. O evento, que ocorre de ter\u00e7a (07) a sexta-feira (10), no Hotel Morro das Pedras, em Florian\u00f3polis, reunir\u00e1 gestores da educa\u00e7\u00e3o especial, representantes das unidades educativas e professores das institui\u00e7\u00f5es conveniadas e parceiras da rede de ensino da Capital.<\/p>\n","protected":false},"author":1,"featured_media":0,"comment_status":"open","ping_status":"open","sticky":false,"template":"","format":"standard","meta":{"site-container-style":"default","site-container-layout":"default","site-sidebar-layout":"default","disable-article-header":"default","disable-site-header":"default","disable-site-footer":"default","disable-content-area-spacing":"default","footnotes":""},"categories":[38,6,48,4],"tags":[],"class_list":["post-19828","post","type-post","status-publish","format-standard","hentry","category-deficiencia","category-educacao","category-inclusao","category-noticias"],"yoast_head":"<!-- This site is optimized with the Yoast SEO plugin v27.4 - https:\/\/yoast.com\/product\/yoast-seo-wordpress\/ -->\n<title>VII Semin\u00e1rio de Educa\u00e7\u00e3o Inclusiva: Direito \u00e0 Diversidade -<\/title>\n<meta name=\"robots\" content=\"index, follow, max-snippet:-1, max-image-preview:large, max-video-preview:-1\" \/>\n<link rel=\"canonical\" href=\"https:\/\/inclusivenews.com.br\/?p=19828\" \/>\n<meta property=\"og:locale\" content=\"pt_PT\" \/>\n<meta property=\"og:type\" content=\"article\" \/>\n<meta property=\"og:title\" content=\"VII Semin\u00e1rio de Educa\u00e7\u00e3o Inclusiva: Direito \u00e0 Diversidade -\" \/>\n<meta property=\"og:description\" content=\"Prefeitura de Florian\u00f3polis realiza o VII Semin\u00e1rio de Educa\u00e7\u00e3o Inclusiva: Direito \u00e0 Diversidade. O evento, que ocorre de ter\u00e7a (07) a sexta-feira (10), no Hotel Morro das Pedras, em Florian\u00f3polis, reunir\u00e1 gestores da educa\u00e7\u00e3o especial, representantes das unidades educativas e professores das institui\u00e7\u00f5es conveniadas e parceiras da rede de ensino da Capital.\" \/>\n<meta property=\"og:url\" content=\"https:\/\/inclusivenews.com.br\/?p=19828\" \/>\n<meta property=\"article:publisher\" content=\"https:\/\/www.facebook.com\/agenciainclusive\/\" \/>\n<meta property=\"article:published_time\" content=\"2011-06-09T10:42:32+00:00\" \/>\n<meta property=\"og:image\" content=\"http:\/\/inclusivenews.com.br\/wp-content\/uploads\/2010\/03\/Inclusive_direitos_humanos_2-300x300.jpg\" \/>\n<meta name=\"author\" content=\"inclusivenews2024\" \/>\n<meta name=\"twitter:card\" content=\"summary_large_image\" \/>\n<meta name=\"twitter:label1\" content=\"Escrito por\" \/>\n\t<meta name=\"twitter:data1\" content=\"inclusivenews2024\" \/>\n\t<meta name=\"twitter:label2\" content=\"Tempo estimado de leitura\" \/>\n\t<meta name=\"twitter:data2\" content=\"3 minutos\" \/>\n<script type=\"application\/ld+json\" class=\"yoast-schema-graph\">{\"@context\":\"https:\\\/\\\/schema.org\",\"@graph\":[{\"@type\":\"Article\",\"@id\":\"https:\\\/\\\/inclusivenews.com.br\\\/?p=19828#article\",\"isPartOf\":{\"@id\":\"https:\\\/\\\/inclusivenews.com.br\\\/?p=19828\"},\"author\":{\"name\":\"inclusivenews2024\",\"@id\":\"https:\\\/\\\/inclusivenews.com.br\\\/#\\\/schema\\\/person\\\/ae4ec7087559b8692fb33b6fffd2273b\"},\"headline\":\"VII Semin\u00e1rio de Educa\u00e7\u00e3o Inclusiva: Direito \u00e0 Diversidade\",\"datePublished\":\"2011-06-09T10:42:32+00:00\",\"mainEntityOfPage\":{\"@id\":\"https:\\\/\\\/inclusivenews.com.br\\\/?p=19828\"},\"wordCount\":567,\"commentCount\":0,\"publisher\":{\"@id\":\"https:\\\/\\\/inclusivenews.com.br\\\/#organization\"},\"image\":{\"@id\":\"https:\\\/\\\/inclusivenews.com.br\\\/?p=19828#primaryimage\"},\"thumbnailUrl\":\"http:\\\/\\\/inclusivenews.com.br\\\/wp-content\\\/uploads\\\/2010\\\/03\\\/Inclusive_direitos_humanos_2-300x300.jpg\",\"articleSection\":[\"Defici\u00eancia\",\"EDUCA\u00c7\u00c3O\",\"INCLUS\u00c3O SOCIAL\",\"NOT\u00cdCIAS\"],\"inLanguage\":\"pt-PT\",\"potentialAction\":[{\"@type\":\"CommentAction\",\"name\":\"Comment\",\"target\":[\"https:\\\/\\\/inclusivenews.com.br\\\/?p=19828#respond\"]}]},{\"@type\":\"WebPage\",\"@id\":\"https:\\\/\\\/inclusivenews.com.br\\\/?p=19828\",\"url\":\"https:\\\/\\\/inclusivenews.com.br\\\/?p=19828\",\"name\":\"VII Semin\u00e1rio de Educa\u00e7\u00e3o Inclusiva: Direito \u00e0 Diversidade -\",\"isPartOf\":{\"@id\":\"https:\\\/\\\/inclusivenews.com.br\\\/#website\"},\"primaryImageOfPage\":{\"@id\":\"https:\\\/\\\/inclusivenews.com.br\\\/?p=19828#primaryimage\"},\"image\":{\"@id\":\"https:\\\/\\\/inclusivenews.com.br\\\/?p=19828#primaryimage\"},\"thumbnailUrl\":\"http:\\\/\\\/inclusivenews.com.br\\\/wp-content\\\/uploads\\\/2010\\\/03\\\/Inclusive_direitos_humanos_2-300x300.jpg\",\"datePublished\":\"2011-06-09T10:42:32+00:00\",\"breadcrumb\":{\"@id\":\"https:\\\/\\\/inclusivenews.com.br\\\/?p=19828#breadcrumb\"},\"inLanguage\":\"pt-PT\",\"potentialAction\":[{\"@type\":\"ReadAction\",\"target\":[\"https:\\\/\\\/inclusivenews.com.br\\\/?p=19828\"]}]},{\"@type\":\"ImageObject\",\"inLanguage\":\"pt-PT\",\"@id\":\"https:\\\/\\\/inclusivenews.com.br\\\/?p=19828#primaryimage\",\"url\":\"\",\"contentUrl\":\"\"},{\"@type\":\"BreadcrumbList\",\"@id\":\"https:\\\/\\\/inclusivenews.com.br\\\/?p=19828#breadcrumb\",\"itemListElement\":[{\"@type\":\"ListItem\",\"position\":1,\"name\":\"In\u00edcio\",\"item\":\"https:\\\/\\\/inclusivenews.com.br\\\/\"},{\"@type\":\"ListItem\",\"position\":2,\"name\":\"VII Semin\u00e1rio de Educa\u00e7\u00e3o Inclusiva: Direito \u00e0 Diversidade\"}]},{\"@type\":\"WebSite\",\"@id\":\"https:\\\/\\\/inclusivenews.com.br\\\/#website\",\"url\":\"https:\\\/\\\/inclusivenews.com.br\\\/\",\"name\":\"Inclusive News\",\"description\":\"Inclusive News\",\"publisher\":{\"@id\":\"https:\\\/\\\/inclusivenews.com.br\\\/#organization\"},\"potentialAction\":[{\"@type\":\"SearchAction\",\"target\":{\"@type\":\"EntryPoint\",\"urlTemplate\":\"https:\\\/\\\/inclusivenews.com.br\\\/?s={search_term_string}\"},\"query-input\":{\"@type\":\"PropertyValueSpecification\",\"valueRequired\":true,\"valueName\":\"search_term_string\"}}],\"inLanguage\":\"pt-PT\"},{\"@type\":\"Organization\",\"@id\":\"https:\\\/\\\/inclusivenews.com.br\\\/#organization\",\"name\":\"Inclusive - inclus\u00e3o e cidadania\",\"url\":\"https:\\\/\\\/inclusivenews.com.br\\\/\",\"logo\":{\"@type\":\"ImageObject\",\"inLanguage\":\"pt-PT\",\"@id\":\"https:\\\/\\\/inclusivenews.com.br\\\/#\\\/schema\\\/logo\\\/image\\\/\",\"url\":\"https:\\\/\\\/inclusivenews.com.br\\\/wp-content\\\/uploads\\\/2024\\\/03\\\/@grandesite.png\",\"contentUrl\":\"https:\\\/\\\/inclusivenews.com.br\\\/wp-content\\\/uploads\\\/2024\\\/03\\\/@grandesite.png\",\"width\":1080,\"height\":1080,\"caption\":\"Inclusive - inclus\u00e3o e cidadania\"},\"image\":{\"@id\":\"https:\\\/\\\/inclusivenews.com.br\\\/#\\\/schema\\\/logo\\\/image\\\/\"},\"sameAs\":[\"https:\\\/\\\/www.facebook.com\\\/agenciainclusive\\\/\",\"https:\\\/\\\/www.instagram.com\\\/newsinclusive\\\/\"]},{\"@type\":\"Person\",\"@id\":\"https:\\\/\\\/inclusivenews.com.br\\\/#\\\/schema\\\/person\\\/ae4ec7087559b8692fb33b6fffd2273b\",\"name\":\"inclusivenews2024\",\"image\":{\"@type\":\"ImageObject\",\"inLanguage\":\"pt-PT\",\"@id\":\"https:\\\/\\\/secure.gravatar.com\\\/avatar\\\/c5a7ef84c66fa914f55bc4f7ce26cfa275a3b9a1c5568b907bd184fb4dde7b40?s=96&d=mm&r=g\",\"url\":\"https:\\\/\\\/secure.gravatar.com\\\/avatar\\\/c5a7ef84c66fa914f55bc4f7ce26cfa275a3b9a1c5568b907bd184fb4dde7b40?s=96&d=mm&r=g\",\"contentUrl\":\"https:\\\/\\\/secure.gravatar.com\\\/avatar\\\/c5a7ef84c66fa914f55bc4f7ce26cfa275a3b9a1c5568b907bd184fb4dde7b40?s=96&d=mm&r=g\",\"caption\":\"inclusivenews2024\"},\"sameAs\":[\"https:\\\/\\\/inclusivenews.com.br\"],\"url\":\"https:\\\/\\\/inclusivenews.com.br\\\/?author=1\"}]}<\/script>\n<!-- \/ Yoast SEO plugin. -->","yoast_head_json":{"title":"VII Semin\u00e1rio de Educa\u00e7\u00e3o Inclusiva: Direito \u00e0 Diversidade -","robots":{"index":"index","follow":"follow","max-snippet":"max-snippet:-1","max-image-preview":"max-image-preview:large","max-video-preview":"max-video-preview:-1"},"canonical":"https:\/\/inclusivenews.com.br\/?p=19828","og_locale":"pt_PT","og_type":"article","og_title":"VII Semin\u00e1rio de Educa\u00e7\u00e3o Inclusiva: Direito \u00e0 Diversidade -","og_description":"Prefeitura de Florian\u00f3polis realiza o VII Semin\u00e1rio de Educa\u00e7\u00e3o Inclusiva: Direito \u00e0 Diversidade. O evento, que ocorre de ter\u00e7a (07) a sexta-feira (10), no Hotel Morro das Pedras, em Florian\u00f3polis, reunir\u00e1 gestores da educa\u00e7\u00e3o especial, representantes das unidades educativas e professores das institui\u00e7\u00f5es conveniadas e parceiras da rede de ensino da Capital.","og_url":"https:\/\/inclusivenews.com.br\/?p=19828","article_publisher":"https:\/\/www.facebook.com\/agenciainclusive\/","article_published_time":"2011-06-09T10:42:32+00:00","og_image":[{"url":"http:\/\/inclusivenews.com.br\/wp-content\/uploads\/2010\/03\/Inclusive_direitos_humanos_2-300x300.jpg","type":"","width":"","height":""}],"author":"inclusivenews2024","twitter_card":"summary_large_image","twitter_misc":{"Escrito por":"inclusivenews2024","Tempo estimado de leitura":"3 minutos"},"schema":{"@context":"https:\/\/schema.org","@graph":[{"@type":"Article","@id":"https:\/\/inclusivenews.com.br\/?p=19828#article","isPartOf":{"@id":"https:\/\/inclusivenews.com.br\/?p=19828"},"author":{"name":"inclusivenews2024","@id":"https:\/\/inclusivenews.com.br\/#\/schema\/person\/ae4ec7087559b8692fb33b6fffd2273b"},"headline":"VII Semin\u00e1rio de Educa\u00e7\u00e3o Inclusiva: Direito \u00e0 Diversidade","datePublished":"2011-06-09T10:42:32+00:00","mainEntityOfPage":{"@id":"https:\/\/inclusivenews.com.br\/?p=19828"},"wordCount":567,"commentCount":0,"publisher":{"@id":"https:\/\/inclusivenews.com.br\/#organization"},"image":{"@id":"https:\/\/inclusivenews.com.br\/?p=19828#primaryimage"},"thumbnailUrl":"http:\/\/inclusivenews.com.br\/wp-content\/uploads\/2010\/03\/Inclusive_direitos_humanos_2-300x300.jpg","articleSection":["Defici\u00eancia","EDUCA\u00c7\u00c3O","INCLUS\u00c3O SOCIAL","NOT\u00cdCIAS"],"inLanguage":"pt-PT","potentialAction":[{"@type":"CommentAction","name":"Comment","target":["https:\/\/inclusivenews.com.br\/?p=19828#respond"]}]},{"@type":"WebPage","@id":"https:\/\/inclusivenews.com.br\/?p=19828","url":"https:\/\/inclusivenews.com.br\/?p=19828","name":"VII Semin\u00e1rio de Educa\u00e7\u00e3o Inclusiva: Direito \u00e0 Diversidade -","isPartOf":{"@id":"https:\/\/inclusivenews.com.br\/#website"},"primaryImageOfPage":{"@id":"https:\/\/inclusivenews.com.br\/?p=19828#primaryimage"},"image":{"@id":"https:\/\/inclusivenews.com.br\/?p=19828#primaryimage"},"thumbnailUrl":"http:\/\/inclusivenews.com.br\/wp-content\/uploads\/2010\/03\/Inclusive_direitos_humanos_2-300x300.jpg","datePublished":"2011-06-09T10:42:32+00:00","breadcrumb":{"@id":"https:\/\/inclusivenews.com.br\/?p=19828#breadcrumb"},"inLanguage":"pt-PT","potentialAction":[{"@type":"ReadAction","target":["https:\/\/inclusivenews.com.br\/?p=19828"]}]},{"@type":"ImageObject","inLanguage":"pt-PT","@id":"https:\/\/inclusivenews.com.br\/?p=19828#primaryimage","url":"","contentUrl":""},{"@type":"BreadcrumbList","@id":"https:\/\/inclusivenews.com.br\/?p=19828#breadcrumb","itemListElement":[{"@type":"ListItem","position":1,"name":"In\u00edcio","item":"https:\/\/inclusivenews.com.br\/"},{"@type":"ListItem","position":2,"name":"VII Semin\u00e1rio de Educa\u00e7\u00e3o Inclusiva: Direito \u00e0 Diversidade"}]},{"@type":"WebSite","@id":"https:\/\/inclusivenews.com.br\/#website","url":"https:\/\/inclusivenews.com.br\/","name":"Inclusive News","description":"Inclusive News","publisher":{"@id":"https:\/\/inclusivenews.com.br\/#organization"},"potentialAction":[{"@type":"SearchAction","target":{"@type":"EntryPoint","urlTemplate":"https:\/\/inclusivenews.com.br\/?s={search_term_string}"},"query-input":{"@type":"PropertyValueSpecification","valueRequired":true,"valueName":"search_term_string"}}],"inLanguage":"pt-PT"},{"@type":"Organization","@id":"https:\/\/inclusivenews.com.br\/#organization","name":"Inclusive - inclus\u00e3o e cidadania","url":"https:\/\/inclusivenews.com.br\/","logo":{"@type":"ImageObject","inLanguage":"pt-PT","@id":"https:\/\/inclusivenews.com.br\/#\/schema\/logo\/image\/","url":"https:\/\/inclusivenews.com.br\/wp-content\/uploads\/2024\/03\/@grandesite.png","contentUrl":"https:\/\/inclusivenews.com.br\/wp-content\/uploads\/2024\/03\/@grandesite.png","width":1080,"height":1080,"caption":"Inclusive - inclus\u00e3o e cidadania"},"image":{"@id":"https:\/\/inclusivenews.com.br\/#\/schema\/logo\/image\/"},"sameAs":["https:\/\/www.facebook.com\/agenciainclusive\/","https:\/\/www.instagram.com\/newsinclusive\/"]},{"@type":"Person","@id":"https:\/\/inclusivenews.com.br\/#\/schema\/person\/ae4ec7087559b8692fb33b6fffd2273b","name":"inclusivenews2024","image":{"@type":"ImageObject","inLanguage":"pt-PT","@id":"https:\/\/secure.gravatar.com\/avatar\/c5a7ef84c66fa914f55bc4f7ce26cfa275a3b9a1c5568b907bd184fb4dde7b40?s=96&d=mm&r=g","url":"https:\/\/secure.gravatar.com\/avatar\/c5a7ef84c66fa914f55bc4f7ce26cfa275a3b9a1c5568b907bd184fb4dde7b40?s=96&d=mm&r=g","contentUrl":"https:\/\/secure.gravatar.com\/avatar\/c5a7ef84c66fa914f55bc4f7ce26cfa275a3b9a1c5568b907bd184fb4dde7b40?s=96&d=mm&r=g","caption":"inclusivenews2024"},"sameAs":["https:\/\/inclusivenews.com.br"],"url":"https:\/\/inclusivenews.com.br\/?author=1"}]}},"_links":{"self":[{"href":"https:\/\/inclusivenews.com.br\/index.php?rest_route=\/wp\/v2\/posts\/19828","targetHints":{"allow":["GET"]}}],"collection":[{"href":"https:\/\/inclusivenews.com.br\/index.php?rest_route=\/wp\/v2\/posts"}],"about":[{"href":"https:\/\/inclusivenews.com.br\/index.php?rest_route=\/wp\/v2\/types\/post"}],"author":[{"embeddable":true,"href":"https:\/\/inclusivenews.com.br\/index.php?rest_route=\/wp\/v2\/users\/1"}],"replies":[{"embeddable":true,"href":"https:\/\/inclusivenews.com.br\/index.php?rest_route=%2Fwp%2Fv2%2Fcomments&post=19828"}],"version-history":[{"count":0,"href":"https:\/\/inclusivenews.com.br\/index.php?rest_route=\/wp\/v2\/posts\/19828\/revisions"}],"wp:attachment":[{"href":"https:\/\/inclusivenews.com.br\/index.php?rest_route=%2Fwp%2Fv2%2Fmedia&parent=19828"}],"wp:term":[{"taxonomy":"category","embeddable":true,"href":"https:\/\/inclusivenews.com.br\/index.php?rest_route=%2Fwp%2Fv2%2Fcategories&post=19828"},{"taxonomy":"post_tag","embeddable":true,"href":"https:\/\/inclusivenews.com.br\/index.php?rest_route=%2Fwp%2Fv2%2Ftags&post=19828"}],"curies":[{"name":"wp","href":"https:\/\/api.w.org\/{rel}","templated":true}]}}