{"id":19855,"date":"2011-06-09T14:23:02","date_gmt":"2011-06-09T17:23:02","guid":{"rendered":"http:\/\/www.inclusive.org.br\/?p=19855"},"modified":"2011-06-09T14:23:02","modified_gmt":"2011-06-09T17:23:02","slug":"orientacoes-para-a-implementacao-da-politica-de-educacao-inclusiva","status":"publish","type":"post","link":"https:\/\/inclusivenews.com.br\/?p=19855","title":{"rendered":"Orienta\u00e7\u00f5es para a implementa\u00e7\u00e3o da Pol\u00edtica de Educa\u00e7\u00e3o Inclusiva"},"content":{"rendered":"<figure id=\"attachment_18421\" aria-describedby=\"caption-attachment-18421\" style=\"width: 240px\" class=\"wp-caption alignleft\"><img loading=\"lazy\" decoding=\"async\" class=\"size-full wp-image-18421 \" title=\"inclusao escola\" src=\"http:\/\/inclusivenews.com.br\/wp-content\/uploads\/2011\/02\/inclusao-escola.jpg\" alt=\"Ilustra\u00e7\u00e3o de 10 alunos de diferentes cores e habilidades, alguns sentados, outros de p\u00e9, em sala de aula e um professor com o bra\u00e7o nos ombros de dois dos alunos\" width=\"240\" height=\"193\" \/><figcaption id=\"caption-attachment-18421\" class=\"wp-caption-text\">Ilustra\u00e7\u00e3o de 10 alunos de diferentes cores e habilidades, alguns sentados, outros de p\u00e9,  em sala de aula e um professor com o bra\u00e7o nos ombros de dois dos alunos<\/figcaption><\/figure>\n<p>Neste texto, voc\u00ea poder\u00e1 conferir quais s\u00e3o as orienta\u00e7\u00f5es para a implementa\u00e7\u00e3o da <strong>Pol\u00edtica Nacional de Educa\u00e7\u00e3o Especial na Perspectiva da Educa\u00e7\u00e3o Inclusiva<\/strong>.<\/p>\n<p>Vale a pena ler, divulgar, discutir. S\u00e3o documentos que visam trazer  ao p\u00fablico e aos educadores informa\u00e7\u00f5es e orienta\u00e7\u00f5es importantes para  tornar as escolas de todo o pa\u00eds um lugar aberto \u00e0 diferen\u00e7a e que  respeita cada um.<\/p>\n<p><a href=\"http:\/\/inclusaoja.com.br\/2011\/06\/03\/1-introducao-politica-de-ed-inclusiva\/\"><strong>1. Introdu\u00e7\u00e3o<\/strong><\/a><br \/>\n<strong> <a href=\"http:\/\/inclusaoja.com.br\/2011\/06\/03\/2-contexto-historico-da-construcao-da-educacao-inclusiva-no-brasil\/\">2. Contexto Hist\u00f3rico da constru\u00e7\u00e3o da Educa\u00e7\u00e3o Inclusiva no Brasil<\/a><\/strong><br \/>\n<strong> <a href=\"http:\/\/inclusaoja.com.br\/2011\/06\/03\/3-mecanismos-para-a-garantia-do-direito-das-pessoas-com-deficiencia-a-educacao-inclusiva\/\">3. Mecanismos para a garantia do direito das pessoas com defici\u00eancia \u00e0 Educa\u00e7\u00e3o Inclusiva<\/a><\/strong><br \/>\n<strong> <a href=\"http:\/\/inclusaoja.com.br\/2011\/06\/03\/4-programas-e-acoes-de-apoio-ao-desenvolvimento-inclusivo-dos-sistemas-de-ensino\/\">4. Programas e A\u00e7\u00f5es de apoio ao desenvolvimento inclusivo dos sistemas de ensino<\/a><\/strong><br \/>\n<strong> 5. Documentos orientadores a implementa\u00e7\u00e3o da Pol\u00edtica de Educa\u00e7\u00e3o Inclusiva<\/strong><\/p>\n<p><strong> 5.1.\u00a0\u00a0 \u00a0Notas T\u00e9cnicas<\/strong><\/p>\n<p><strong>2011<\/strong><\/p>\n<p><a href=\"http:\/\/inclusaoja.com.br\/2011\/06\/02\/orientacao-para-promocao-de-acessibilidade-nos-exames-nacionais-nota-tecnica-082011-mecseespgab\/\">N\u00ba 08 \u2013 MEC\/SEESP\/GAB<\/a><br \/>\nAssunto: Orienta\u00e7\u00e3o para promo\u00e7\u00e3o de acessibilidade nos exames nacionais.<\/p>\n<p><a href=\"http:\/\/inclusaoja.com.br\/2011\/06\/02\/implementacao-da-educacao-bilingue-nota-tecnica-052011-%e2%80%93-mecsecadigab\/\">N\u00ba 05 \u2013 MEC\/SECADI\/GAB<\/a><br \/>\nAssunto: Implementa\u00e7\u00e3o da Educa\u00e7\u00e3o Bil\u00edngue.<\/p>\n<p><a href=\"http:\/\/inclusaoja.com.br\/2011\/06\/02\/crescimento-da-politica-de-inclusao-e-realidade-no-pais-nota-tecnica-032011-mecsecadigab\/\">N\u00ba 03 \u2013 MEC\/SECADI\/GAB<\/a><br \/>\nAssunto: Crescimento da pol\u00edtica de inclus\u00e3o \u00e9 realidade no pa\u00eds<\/p>\n<p><a href=\"http:\/\/inclusaoja.com.br\/2011\/06\/02\/publicacao-em-formato-digital-acessivel-%e2%80%93-mecdaisy-nota-tecnica-052011-mecseespdpee\/\">N\u00ba 05 \u2013 MEC\/SEESP\/DPEE<\/a><br \/>\nAssunto: Publica\u00e7\u00e3o em formato digital acess\u00edvel \u2013 Mecdaisy<\/p>\n<p><a href=\"http:\/\/inclusaoja.com.br\/2011\/06\/02\/ines-e-ibc-nota-tecnica-072011-mecseespgab\/\">N\u00ba 07 \u2013 MEC\/SEESP\/GAB<\/a><br \/>\nAssunto: INES e IBC<\/p>\n<p><a href=\"http:\/\/inclusaoja.com.br\/2011\/06\/02\/avaliacao-de-estudante-com-deficiencia-intelectual-nota-tecnica-062011-mecseespgab\/\">N\u00ba 06 \u2013 MEC\/SEESP\/GAB<\/a><br \/>\nAssunto: Avalia\u00e7\u00e3o de estudante com defici\u00eancia intelectual<\/p>\n<p><a href=\"http:\/\/inclusaoja.com.br\/2011\/06\/03\/atendimento-de-estudantes-com-deficiencia-com-18-anos-ou-mais-nota-tecnica-032011-mecseespgab\/\">N\u00ba 03 \u2013 MEC\/SEESP\/GAB<\/a><br \/>\nAssunto: Atendimento de estudantes p\u00fablico alvo da educa\u00e7\u00e3o especial com 18 anos ou mais<\/p>\n<p><strong>2010<\/strong><\/p>\n<p><a href=\"http:\/\/inclusaoja.com.br\/2011\/06\/03\/profissionais-de-apoio-para-alunos-com-deficiencia-e-tgd-matriculados-nas-escolas-comuns-nota-tecnica-192010-mecseespgab\/\">N\u00ba. 19 \u2013 MEC\/SEESP\/GAB<\/a><br \/>\nAssunto: Profissionais de apoio para alunos com defici\u00eancia e  transtornos globais do desenvolvimento matriculados nas escolas comuns  da rede p\u00fablicas de ensino<\/p>\n<p><a href=\"http:\/\/inclusaoja.com.br\/2011\/06\/03\/orientacoes-sobre-atendimento-educacional-especializado-na-rede-privada-nota-tecnica-152010-%e2%80%93-mec-cgpeegab\/\">N\u00ba. 15 \u2013 MEC\/ CGPEE\/GAB<\/a><br \/>\nAssunto: Orienta\u00e7\u00f5es sobre Atendimento Educacional Especializado na Rede Privada<\/p>\n<p><a href=\"http:\/\/inclusaoja.com.br\/2011\/06\/03\/orientacoes-para-a-institucionalizacao-na-escola-da-oferta-do-aee-em-salas-de-recursos-multifuncionais-nota-tecnica-112010-mecseespgab\/\">N\u00ba. 11 \u2013 MEC\/SEESP\/GAB<\/a><br \/>\nAssunto: Orienta\u00e7\u00f5es para a Institucionaliza\u00e7\u00e3o na Escola, da Oferta do  Atendimento Educacional Especializado \u2013 AEE em Salas de Recursos  Multifuncionais<\/p>\n<p><a href=\"http:\/\/inclusaoja.com.br\/2011\/06\/03\/pareamento-de-dados-do-programa-bpc-na-escola2010-nota-tecnica-012010-%e2%80%93-grupo-gestor-interministerial\/\">N\u00ba. 01 \u2013 Grupo Gestor Interministerial<\/a><br \/>\nAssunto: Pareamento de dados do Programa BPC na Escola\/2010<\/p>\n<p><a href=\"http:\/\/inclusaoja.com.br\/2011\/06\/03\/orientacoes-para-a-organizacao-de-centros-de-aee-nota-tecnica-092010-%e2%80%93-mecseespgab\/\">N\u00ba. 09 \u2013 MEC\/SEESP\/GAB<\/a><br \/>\nAssunto: Orienta\u00e7\u00f5es para a Organiza\u00e7\u00e3o de Centros de Atendimento Educacional Especializado<\/p>\n<p><strong>2009<\/strong><\/p>\n<p><a href=\"http:\/\/inclusaoja.com.br\/2011\/06\/03\/projeto-de-emenda-a-constituicao-federal-pec-347-a-nota-tecnica-172009-%e2%80%93-mecseespgab\/\">N\u00ba. 17 \u2013 MEC\/SEESP\/GAB<\/a><br \/>\nAssunto: Projeto de Emenda \u00e0 Constitui\u00e7\u00e3o Federal \u2013 PEC 347 \u2013 A, de  2009, que altera o inciso III, do art. 208, propondo a seguinte reda\u00e7\u00e3o:  III \u2013 atendimento educacional especializado aos portadores de  defici\u00eancia, preferencialmente na rede regular de ensino, em qualquer  faixa et\u00e1ria e n\u00edvel de instru\u00e7\u00e3o.<\/p>\n<p><strong>2008<\/strong><\/p>\n<p><a href=\"http:\/\/inclusaoja.com.br\/2011\/06\/03\/a-educacao-especial-e-sua-operacionalizacao-pelos-sistemas-de-ensino-nota-tecnica-132009-%e2%80%93-mecseespdpee\/\">N\u00ba. 13 \u2013 MEC\/SEESP\/DPEE<\/a><br \/>\nAssunto: A educa\u00e7\u00e3o especial e sua operacionaliza\u00e7\u00e3o pelos sistemas de ensino<\/p>\n<p><strong> <strong> 5.2.\u00a0\u00a0\u00a0 Pareceres<\/strong><\/strong><\/p>\n<p><strong>2011<\/strong><\/p>\n<p><a href=\"http:\/\/inclusaoja.com.br\/2011\/06\/03\/parecer-sobre-o-projeto-de-lei-n%c2%ba-7-6992006-que-institui-o-estatuto-do-portador-de-deficiencia-parecer-192011-%e2%80%93-mecseespdpee\/\"><strong> <\/strong>N\u00ba. 19 \u2013 MEC \/ SEESP \/ DPEE<\/a><\/p>\n<p>Assunto: Parecer sobre o Projeto de Lei N\u00ba 7699\/2006, que institui o Estatuto do Portador de Defici\u00eancia.<\/p>\n<p><strong>2010 <\/strong><\/p>\n<p><a href=\"http:\/\/inclusaoja.com.br\/2011\/06\/03\/substitutivo-a-proposta-de-emenda-a-constituicao-federal-n%c2%ba-347-a-parecer-1242010-%e2%80%93-mecseespgab\/\">N\u00ba.\u00a0 124 \u2013 MEC\/SEESP\/GAB<\/a><\/p>\n<p>Assunto: Substitutivo \u00e0 Proposta de Emenda \u00e0 Constitui\u00e7\u00e3o Federal N\u00ba  347 \u2013 A, de 2009, que altera a reda\u00e7\u00e3o do inciso III, do art. 208,  propondo a seguinte reda\u00e7\u00e3o: <em>III \u2013 atendimento educacional  especializado \u00e0s pessoas com defici\u00eancia, preferencialmente na rede  regular de ensino, em todas as faixas\u00a0 et\u00e1rias\u00a0 e n\u00edveis de ensino, em  condi\u00e7\u00f5es e hor\u00e1rios adequados \u00e0s necessidades dos alunos.<\/em><\/p>\n<p><a href=\"http:\/\/inclusaoja.com.br\/2011\/06\/03\/parecer-sobre-os-projetos-de-lei-3-6382000-e-7-6992006-que-instituem-o-estatuto-da-pcd-parecer-1362010-%e2%80%93-mecseespdpee\/\">N\u00ba.\u00a0 136 \u2013 MEC\/SEESP\/DPEE<\/a><\/p>\n<p>Assunto: Parecer sobre os Projetos de Lei 3.638\/2000 e 7.699\/2006, que instituem o Estatuto da Pessoa com Defici\u00eancia<em>.<\/em><\/p>\n<p><a href=\"http:\/\/inclusaoja.com.br\/2011\/06\/03\/terminalidade-especifica-parecer-142009-%e2%80%93-mecseespdpee\/\">N\u00ba\u00a0 14\u00a0 \u2013 MEC\/SEESP\/DPEE<\/a><\/p>\n<p>Assunto: O PL n\u00ba 6.651, de 2009, prop\u00f5e alterar o Inciso II do art.  59 da lei 9.394, de 20 de dezembro de 1996, incluindo a express\u00e3o  sublinhada: \u201cII \u2013 terminalidade espec\u00edfica por solicita\u00e7\u00e3o por escrito  do aluno ou de seu representante legal, para aqueles que n\u00e3o puderem  atingir o n\u00edvel exigido para a conclus\u00e3o do ensino fundamental, em  virtude de suas defici\u00eancias, e acelera\u00e7\u00e3o para concluir em menor tempo o  programa para os superdotados\u201d.<\/p>\n<p><strong> 2009<br \/>\n<\/strong><\/p>\n<p><a href=\"http:\/\/inclusaoja.com.br\/2011\/06\/03\/parecer-sobre-a-proposta-de-emenda-a-constituicao-no-347-parecer-312009-%e2%80%93-mecseespdpee\/\">No. 31 \u2013 MEC\/SEESP\/DPEE<\/a><\/p>\n<p>Assunto: Proposta de Emenda \u00e0 Constitui\u00e7\u00e3o n\u00ba 347, de 2009, de  autoria da Deputada Rita Camata, que \u201cAltera a reda\u00e7\u00e3o do inciso III do  art. 208 da Constitui\u00e7\u00e3o Federal\u201d.<strong> <\/strong><\/p>\n<p>Fonte: <a href=\"http:\/\/inclusaoja.com.br\/2011\/06\/03\/orientacoes-para-a-implementacao-da-politica-de-ed-inclusiva\/\">Inclus\u00e3o J\u00e1<\/a><strong><br \/>\n<\/strong><\/p>\n","protected":false},"excerpt":{"rendered":"<p>S\u00e3o documentos que visam tornar as escolas de todo o pa\u00eds um lugar aberto \u00e0 diferen\u00e7a e que respeita cada um.<\/p>\n","protected":false},"author":1,"featured_media":0,"comment_status":"open","ping_status":"open","sticky":false,"template":"","format":"standard","meta":{"site-container-style":"default","site-container-layout":"default","site-sidebar-layout":"default","disable-article-header":"default","disable-site-header":"default","disable-site-footer":"default","disable-content-area-spacing":"default","footnotes":""},"categories":[4],"tags":[],"class_list":["post-19855","post","type-post","status-publish","format-standard","hentry","category-noticias"],"yoast_head":"<!-- This site is optimized with the Yoast SEO plugin v27.4 - https:\/\/yoast.com\/product\/yoast-seo-wordpress\/ -->\n<title>Orienta\u00e7\u00f5es para a implementa\u00e7\u00e3o da Pol\u00edtica de Educa\u00e7\u00e3o Inclusiva -<\/title>\n<meta name=\"robots\" content=\"index, follow, max-snippet:-1, max-image-preview:large, max-video-preview:-1\" \/>\n<link rel=\"canonical\" href=\"https:\/\/inclusivenews.com.br\/?p=19855\" \/>\n<meta property=\"og:locale\" content=\"pt_PT\" \/>\n<meta property=\"og:type\" content=\"article\" \/>\n<meta property=\"og:title\" content=\"Orienta\u00e7\u00f5es para a implementa\u00e7\u00e3o da Pol\u00edtica de Educa\u00e7\u00e3o Inclusiva -\" \/>\n<meta property=\"og:description\" content=\"S\u00e3o documentos que visam tornar as escolas de todo o pa\u00eds um lugar aberto \u00e0 diferen\u00e7a e que respeita cada um.\" \/>\n<meta property=\"og:url\" content=\"https:\/\/inclusivenews.com.br\/?p=19855\" \/>\n<meta property=\"article:publisher\" content=\"https:\/\/www.facebook.com\/agenciainclusive\/\" \/>\n<meta property=\"article:published_time\" content=\"2011-06-09T17:23:02+00:00\" \/>\n<meta property=\"og:image\" content=\"http:\/\/inclusivenews.com.br\/wp-content\/uploads\/2011\/02\/inclusao-escola.jpg\" \/>\n<meta name=\"author\" content=\"inclusivenews2024\" \/>\n<meta name=\"twitter:card\" content=\"summary_large_image\" \/>\n<meta name=\"twitter:label1\" content=\"Escrito por\" \/>\n\t<meta name=\"twitter:data1\" content=\"inclusivenews2024\" \/>\n\t<meta name=\"twitter:label2\" content=\"Tempo estimado de leitura\" \/>\n\t<meta name=\"twitter:data2\" content=\"3 minutos\" \/>\n<script type=\"application\/ld+json\" class=\"yoast-schema-graph\">{\"@context\":\"https:\\\/\\\/schema.org\",\"@graph\":[{\"@type\":\"Article\",\"@id\":\"https:\\\/\\\/inclusivenews.com.br\\\/?p=19855#article\",\"isPartOf\":{\"@id\":\"https:\\\/\\\/inclusivenews.com.br\\\/?p=19855\"},\"author\":{\"name\":\"inclusivenews2024\",\"@id\":\"https:\\\/\\\/inclusivenews.com.br\\\/#\\\/schema\\\/person\\\/ae4ec7087559b8692fb33b6fffd2273b\"},\"headline\":\"Orienta\u00e7\u00f5es para a implementa\u00e7\u00e3o da Pol\u00edtica de Educa\u00e7\u00e3o Inclusiva\",\"datePublished\":\"2011-06-09T17:23:02+00:00\",\"mainEntityOfPage\":{\"@id\":\"https:\\\/\\\/inclusivenews.com.br\\\/?p=19855\"},\"wordCount\":669,\"commentCount\":0,\"publisher\":{\"@id\":\"https:\\\/\\\/inclusivenews.com.br\\\/#organization\"},\"image\":{\"@id\":\"https:\\\/\\\/inclusivenews.com.br\\\/?p=19855#primaryimage\"},\"thumbnailUrl\":\"http:\\\/\\\/inclusivenews.com.br\\\/wp-content\\\/uploads\\\/2011\\\/02\\\/inclusao-escola.jpg\",\"articleSection\":[\"NOT\u00cdCIAS\"],\"inLanguage\":\"pt-PT\",\"potentialAction\":[{\"@type\":\"CommentAction\",\"name\":\"Comment\",\"target\":[\"https:\\\/\\\/inclusivenews.com.br\\\/?p=19855#respond\"]}]},{\"@type\":\"WebPage\",\"@id\":\"https:\\\/\\\/inclusivenews.com.br\\\/?p=19855\",\"url\":\"https:\\\/\\\/inclusivenews.com.br\\\/?p=19855\",\"name\":\"Orienta\u00e7\u00f5es para a implementa\u00e7\u00e3o da Pol\u00edtica de Educa\u00e7\u00e3o Inclusiva -\",\"isPartOf\":{\"@id\":\"https:\\\/\\\/inclusivenews.com.br\\\/#website\"},\"primaryImageOfPage\":{\"@id\":\"https:\\\/\\\/inclusivenews.com.br\\\/?p=19855#primaryimage\"},\"image\":{\"@id\":\"https:\\\/\\\/inclusivenews.com.br\\\/?p=19855#primaryimage\"},\"thumbnailUrl\":\"http:\\\/\\\/inclusivenews.com.br\\\/wp-content\\\/uploads\\\/2011\\\/02\\\/inclusao-escola.jpg\",\"datePublished\":\"2011-06-09T17:23:02+00:00\",\"breadcrumb\":{\"@id\":\"https:\\\/\\\/inclusivenews.com.br\\\/?p=19855#breadcrumb\"},\"inLanguage\":\"pt-PT\",\"potentialAction\":[{\"@type\":\"ReadAction\",\"target\":[\"https:\\\/\\\/inclusivenews.com.br\\\/?p=19855\"]}]},{\"@type\":\"ImageObject\",\"inLanguage\":\"pt-PT\",\"@id\":\"https:\\\/\\\/inclusivenews.com.br\\\/?p=19855#primaryimage\",\"url\":\"\",\"contentUrl\":\"\"},{\"@type\":\"BreadcrumbList\",\"@id\":\"https:\\\/\\\/inclusivenews.com.br\\\/?p=19855#breadcrumb\",\"itemListElement\":[{\"@type\":\"ListItem\",\"position\":1,\"name\":\"In\u00edcio\",\"item\":\"https:\\\/\\\/inclusivenews.com.br\\\/\"},{\"@type\":\"ListItem\",\"position\":2,\"name\":\"Orienta\u00e7\u00f5es para a implementa\u00e7\u00e3o da Pol\u00edtica de Educa\u00e7\u00e3o Inclusiva\"}]},{\"@type\":\"WebSite\",\"@id\":\"https:\\\/\\\/inclusivenews.com.br\\\/#website\",\"url\":\"https:\\\/\\\/inclusivenews.com.br\\\/\",\"name\":\"Inclusive News\",\"description\":\"Inclusive News\",\"publisher\":{\"@id\":\"https:\\\/\\\/inclusivenews.com.br\\\/#organization\"},\"potentialAction\":[{\"@type\":\"SearchAction\",\"target\":{\"@type\":\"EntryPoint\",\"urlTemplate\":\"https:\\\/\\\/inclusivenews.com.br\\\/?s={search_term_string}\"},\"query-input\":{\"@type\":\"PropertyValueSpecification\",\"valueRequired\":true,\"valueName\":\"search_term_string\"}}],\"inLanguage\":\"pt-PT\"},{\"@type\":\"Organization\",\"@id\":\"https:\\\/\\\/inclusivenews.com.br\\\/#organization\",\"name\":\"Inclusive - inclus\u00e3o e cidadania\",\"url\":\"https:\\\/\\\/inclusivenews.com.br\\\/\",\"logo\":{\"@type\":\"ImageObject\",\"inLanguage\":\"pt-PT\",\"@id\":\"https:\\\/\\\/inclusivenews.com.br\\\/#\\\/schema\\\/logo\\\/image\\\/\",\"url\":\"https:\\\/\\\/inclusivenews.com.br\\\/wp-content\\\/uploads\\\/2024\\\/03\\\/@grandesite.png\",\"contentUrl\":\"https:\\\/\\\/inclusivenews.com.br\\\/wp-content\\\/uploads\\\/2024\\\/03\\\/@grandesite.png\",\"width\":1080,\"height\":1080,\"caption\":\"Inclusive - inclus\u00e3o e cidadania\"},\"image\":{\"@id\":\"https:\\\/\\\/inclusivenews.com.br\\\/#\\\/schema\\\/logo\\\/image\\\/\"},\"sameAs\":[\"https:\\\/\\\/www.facebook.com\\\/agenciainclusive\\\/\",\"https:\\\/\\\/www.instagram.com\\\/newsinclusive\\\/\"]},{\"@type\":\"Person\",\"@id\":\"https:\\\/\\\/inclusivenews.com.br\\\/#\\\/schema\\\/person\\\/ae4ec7087559b8692fb33b6fffd2273b\",\"name\":\"inclusivenews2024\",\"image\":{\"@type\":\"ImageObject\",\"inLanguage\":\"pt-PT\",\"@id\":\"https:\\\/\\\/secure.gravatar.com\\\/avatar\\\/c5a7ef84c66fa914f55bc4f7ce26cfa275a3b9a1c5568b907bd184fb4dde7b40?s=96&d=mm&r=g\",\"url\":\"https:\\\/\\\/secure.gravatar.com\\\/avatar\\\/c5a7ef84c66fa914f55bc4f7ce26cfa275a3b9a1c5568b907bd184fb4dde7b40?s=96&d=mm&r=g\",\"contentUrl\":\"https:\\\/\\\/secure.gravatar.com\\\/avatar\\\/c5a7ef84c66fa914f55bc4f7ce26cfa275a3b9a1c5568b907bd184fb4dde7b40?s=96&d=mm&r=g\",\"caption\":\"inclusivenews2024\"},\"sameAs\":[\"https:\\\/\\\/inclusivenews.com.br\"],\"url\":\"https:\\\/\\\/inclusivenews.com.br\\\/?author=1\"}]}<\/script>\n<!-- \/ Yoast SEO plugin. -->","yoast_head_json":{"title":"Orienta\u00e7\u00f5es para a implementa\u00e7\u00e3o da Pol\u00edtica de Educa\u00e7\u00e3o Inclusiva -","robots":{"index":"index","follow":"follow","max-snippet":"max-snippet:-1","max-image-preview":"max-image-preview:large","max-video-preview":"max-video-preview:-1"},"canonical":"https:\/\/inclusivenews.com.br\/?p=19855","og_locale":"pt_PT","og_type":"article","og_title":"Orienta\u00e7\u00f5es para a implementa\u00e7\u00e3o da Pol\u00edtica de Educa\u00e7\u00e3o Inclusiva -","og_description":"S\u00e3o documentos que visam tornar as escolas de todo o pa\u00eds um lugar aberto \u00e0 diferen\u00e7a e que respeita cada um.","og_url":"https:\/\/inclusivenews.com.br\/?p=19855","article_publisher":"https:\/\/www.facebook.com\/agenciainclusive\/","article_published_time":"2011-06-09T17:23:02+00:00","og_image":[{"url":"http:\/\/inclusivenews.com.br\/wp-content\/uploads\/2011\/02\/inclusao-escola.jpg","type":"","width":"","height":""}],"author":"inclusivenews2024","twitter_card":"summary_large_image","twitter_misc":{"Escrito por":"inclusivenews2024","Tempo estimado de leitura":"3 minutos"},"schema":{"@context":"https:\/\/schema.org","@graph":[{"@type":"Article","@id":"https:\/\/inclusivenews.com.br\/?p=19855#article","isPartOf":{"@id":"https:\/\/inclusivenews.com.br\/?p=19855"},"author":{"name":"inclusivenews2024","@id":"https:\/\/inclusivenews.com.br\/#\/schema\/person\/ae4ec7087559b8692fb33b6fffd2273b"},"headline":"Orienta\u00e7\u00f5es para a implementa\u00e7\u00e3o da Pol\u00edtica de Educa\u00e7\u00e3o Inclusiva","datePublished":"2011-06-09T17:23:02+00:00","mainEntityOfPage":{"@id":"https:\/\/inclusivenews.com.br\/?p=19855"},"wordCount":669,"commentCount":0,"publisher":{"@id":"https:\/\/inclusivenews.com.br\/#organization"},"image":{"@id":"https:\/\/inclusivenews.com.br\/?p=19855#primaryimage"},"thumbnailUrl":"http:\/\/inclusivenews.com.br\/wp-content\/uploads\/2011\/02\/inclusao-escola.jpg","articleSection":["NOT\u00cdCIAS"],"inLanguage":"pt-PT","potentialAction":[{"@type":"CommentAction","name":"Comment","target":["https:\/\/inclusivenews.com.br\/?p=19855#respond"]}]},{"@type":"WebPage","@id":"https:\/\/inclusivenews.com.br\/?p=19855","url":"https:\/\/inclusivenews.com.br\/?p=19855","name":"Orienta\u00e7\u00f5es para a implementa\u00e7\u00e3o da Pol\u00edtica de Educa\u00e7\u00e3o Inclusiva -","isPartOf":{"@id":"https:\/\/inclusivenews.com.br\/#website"},"primaryImageOfPage":{"@id":"https:\/\/inclusivenews.com.br\/?p=19855#primaryimage"},"image":{"@id":"https:\/\/inclusivenews.com.br\/?p=19855#primaryimage"},"thumbnailUrl":"http:\/\/inclusivenews.com.br\/wp-content\/uploads\/2011\/02\/inclusao-escola.jpg","datePublished":"2011-06-09T17:23:02+00:00","breadcrumb":{"@id":"https:\/\/inclusivenews.com.br\/?p=19855#breadcrumb"},"inLanguage":"pt-PT","potentialAction":[{"@type":"ReadAction","target":["https:\/\/inclusivenews.com.br\/?p=19855"]}]},{"@type":"ImageObject","inLanguage":"pt-PT","@id":"https:\/\/inclusivenews.com.br\/?p=19855#primaryimage","url":"","contentUrl":""},{"@type":"BreadcrumbList","@id":"https:\/\/inclusivenews.com.br\/?p=19855#breadcrumb","itemListElement":[{"@type":"ListItem","position":1,"name":"In\u00edcio","item":"https:\/\/inclusivenews.com.br\/"},{"@type":"ListItem","position":2,"name":"Orienta\u00e7\u00f5es para a implementa\u00e7\u00e3o da Pol\u00edtica de Educa\u00e7\u00e3o Inclusiva"}]},{"@type":"WebSite","@id":"https:\/\/inclusivenews.com.br\/#website","url":"https:\/\/inclusivenews.com.br\/","name":"Inclusive News","description":"Inclusive News","publisher":{"@id":"https:\/\/inclusivenews.com.br\/#organization"},"potentialAction":[{"@type":"SearchAction","target":{"@type":"EntryPoint","urlTemplate":"https:\/\/inclusivenews.com.br\/?s={search_term_string}"},"query-input":{"@type":"PropertyValueSpecification","valueRequired":true,"valueName":"search_term_string"}}],"inLanguage":"pt-PT"},{"@type":"Organization","@id":"https:\/\/inclusivenews.com.br\/#organization","name":"Inclusive - inclus\u00e3o e cidadania","url":"https:\/\/inclusivenews.com.br\/","logo":{"@type":"ImageObject","inLanguage":"pt-PT","@id":"https:\/\/inclusivenews.com.br\/#\/schema\/logo\/image\/","url":"https:\/\/inclusivenews.com.br\/wp-content\/uploads\/2024\/03\/@grandesite.png","contentUrl":"https:\/\/inclusivenews.com.br\/wp-content\/uploads\/2024\/03\/@grandesite.png","width":1080,"height":1080,"caption":"Inclusive - inclus\u00e3o e cidadania"},"image":{"@id":"https:\/\/inclusivenews.com.br\/#\/schema\/logo\/image\/"},"sameAs":["https:\/\/www.facebook.com\/agenciainclusive\/","https:\/\/www.instagram.com\/newsinclusive\/"]},{"@type":"Person","@id":"https:\/\/inclusivenews.com.br\/#\/schema\/person\/ae4ec7087559b8692fb33b6fffd2273b","name":"inclusivenews2024","image":{"@type":"ImageObject","inLanguage":"pt-PT","@id":"https:\/\/secure.gravatar.com\/avatar\/c5a7ef84c66fa914f55bc4f7ce26cfa275a3b9a1c5568b907bd184fb4dde7b40?s=96&d=mm&r=g","url":"https:\/\/secure.gravatar.com\/avatar\/c5a7ef84c66fa914f55bc4f7ce26cfa275a3b9a1c5568b907bd184fb4dde7b40?s=96&d=mm&r=g","contentUrl":"https:\/\/secure.gravatar.com\/avatar\/c5a7ef84c66fa914f55bc4f7ce26cfa275a3b9a1c5568b907bd184fb4dde7b40?s=96&d=mm&r=g","caption":"inclusivenews2024"},"sameAs":["https:\/\/inclusivenews.com.br"],"url":"https:\/\/inclusivenews.com.br\/?author=1"}]}},"_links":{"self":[{"href":"https:\/\/inclusivenews.com.br\/index.php?rest_route=\/wp\/v2\/posts\/19855","targetHints":{"allow":["GET"]}}],"collection":[{"href":"https:\/\/inclusivenews.com.br\/index.php?rest_route=\/wp\/v2\/posts"}],"about":[{"href":"https:\/\/inclusivenews.com.br\/index.php?rest_route=\/wp\/v2\/types\/post"}],"author":[{"embeddable":true,"href":"https:\/\/inclusivenews.com.br\/index.php?rest_route=\/wp\/v2\/users\/1"}],"replies":[{"embeddable":true,"href":"https:\/\/inclusivenews.com.br\/index.php?rest_route=%2Fwp%2Fv2%2Fcomments&post=19855"}],"version-history":[{"count":0,"href":"https:\/\/inclusivenews.com.br\/index.php?rest_route=\/wp\/v2\/posts\/19855\/revisions"}],"wp:attachment":[{"href":"https:\/\/inclusivenews.com.br\/index.php?rest_route=%2Fwp%2Fv2%2Fmedia&parent=19855"}],"wp:term":[{"taxonomy":"category","embeddable":true,"href":"https:\/\/inclusivenews.com.br\/index.php?rest_route=%2Fwp%2Fv2%2Fcategories&post=19855"},{"taxonomy":"post_tag","embeddable":true,"href":"https:\/\/inclusivenews.com.br\/index.php?rest_route=%2Fwp%2Fv2%2Ftags&post=19855"}],"curies":[{"name":"wp","href":"https:\/\/api.w.org\/{rel}","templated":true}]}}