{"id":19856,"date":"2011-06-09T17:07:53","date_gmt":"2011-06-09T20:07:53","guid":{"rendered":"http:\/\/www.inclusive.org.br\/?p=19856"},"modified":"2011-06-09T17:07:53","modified_gmt":"2011-06-09T20:07:53","slug":"ha-mais-de-um-bilhao-de-pessoas-com-deficiencia-no-mundo-segundo-relatorio-pioneiro","status":"publish","type":"post","link":"https:\/\/inclusivenews.com.br\/?p=19856","title":{"rendered":"H\u00e1 mais de um bilh\u00e3o de pessoas com defici\u00eancia no mundo, segundo relat\u00f3rio pioneiro"},"content":{"rendered":"<figure id=\"attachment_19859\" aria-describedby=\"caption-attachment-19859\" style=\"width: 325px\" class=\"wp-caption alignleft\"><img loading=\"lazy\" decoding=\"async\" class=\"size-full wp-image-19859\" title=\"slide_01\" src=\"http:\/\/inclusivenews.com.br\/wp-content\/uploads\/slide_01.jpg\" alt=\"V\u00e1rias crian\u00e7as de uniforme azul sorrindo em torno de menino em cadeira de rodas\" width=\"325\" height=\"215\" \/><figcaption id=\"caption-attachment-19859\" class=\"wp-caption-text\">V\u00e1rias crian\u00e7as de uniforme azul sorrindo em torno de menino em cadeira de rodas<\/figcaption><\/figure>\n<p>O primeiro Relat\u00f3rio Mundial sobre a Defici\u00eancia produzido em conjunto pela OMS e pelo Banco Mundial, sugere que existam mais de um bilh\u00e3o de pessoas com defici\u00eancia experi\u00eancia no mundo de hoje.<br \/>\nPessoas com defici\u00eancia em geral t\u00eam mais problemas de sa\u00fade, baixa escolaridade, poucas oportunidades econ\u00f4micas e mais elevadas taxas de pobreza do que as pessoas sem defici\u00eancia. Isto \u00e9 principalmente devido \u00e0 falta de servi\u00e7os dispon\u00edveis para eles e os muitos obst\u00e1culos que enfrentam no seu quotidiano. O relat\u00f3rio indica melhores pr\u00e1ticas\u00a0 para superar as barreiras com os cuidados com a sa\u00fade, reabilita\u00e7\u00e3o, educa\u00e7\u00e3o, emprego e servi\u00e7os de apoio, e criar ambientes que permitam \u00e0s pessoas com defici\u00eancia atingir o seu potencial. O relat\u00f3rio termina com um conjunto concreto de a\u00e7\u00f5es recomendadas para os governos e seus parceiros.<br \/>\nO relat\u00f3rio &#8220;World Report on Disability&#8221;, pioneiro na \u00e1rea da defici\u00eancia, contribuir\u00e1 significativamente para a implementa\u00e7\u00e3o da Conven\u00e7\u00e3o sobre os Direitos das Pessoas com Defici\u00eancia. Elaborado de forma transversal, incluindo a sa\u00fade p\u00fablica, direitos humanos e desenvolvimento, o relat\u00f3rio deve se tornar um recurso obrigat\u00f3rio para legisladores, autoridades governamentais,\u00a0  prestadores de servi\u00e7os, profissionais liberais e defensores das pessoas com defici\u00eancia e suas fam\u00edlias em todo mundo.<\/p>\n<p>Em ingl\u00eas<\/p>\n<p><strong><a href=\"http:\/\/www.who.int\/features\/factfiles\/disability\/en\/index.html\">10 dados sobre defici\u00eancia<\/a><\/strong><\/p>\n<h3><strong>Mais de um bilh\u00e3o de pessoas vivem com algum tipo de defici\u00eancia no mundo.<\/strong><\/h3>\n<h3><strong>A defici\u00eancia afeta as popula\u00e7\u00f5es vulner\u00e1veis desproporcionalmente.<\/strong><\/h3>\n<h3><strong>Pessoas com defici\u00eancia muitas vezes n\u00e3o recebem o tratamento m\u00e9dico de que necessitam.<\/strong><\/h3>\n<h3><strong>Crian\u00e7as com defici\u00eancia t\u00eam menos probabilidade de frequentar a escola do que as crian\u00e7as sem defici\u00eancia.<\/strong><\/h3>\n<h3><strong>Pessoas com defici\u00eancia t\u00eam mais probabilidade de desemprego do que pessoas sem defici\u00eancia.<\/strong><\/h3>\n<h3><strong>Pessoas com defici\u00eancia s\u00e3o vulner\u00e1veis \u00e0 pobreza.<\/strong><\/h3>\n<h3><strong>A reabilita\u00e7\u00e3o ajuda a maximizar a autonomia e estimula a independ\u00eancia.<\/strong><\/h3>\n<h3><strong>Pessoas com defici\u00eancia podem viver na comunidade e participar dela.<\/strong><\/h3>\n<h3><strong>Barreiras que limitam as pessoas com defici\u00eancia podem ser transpostas.<\/strong><\/h3>\n<h3><strong>A Conven\u00e7\u00e3o sobre os Direitos das Pessoas com Defici\u00eancia (CDPD) promove, protege e garante os direitos humanos para todas as pessoas com defici\u00eancia.<\/strong><\/h3>\n<p><a href=\"http:\/\/whqlibdoc.who.int\/publications\/2011\/9789240685215_eng.pdf\">Relat\u00f3rio completo em ingl\u00eas (PDF)<\/a><\/p>\n<p><a href=\"http:\/\/www.who.int\/features\/2011\/disability\/en\/index.html\">O que \u00e9 a defici\u00eancia para mim &#8211; Hist\u00f3rias pessoais (em ingl\u00eas)<\/a><\/p>\n<p><a href=\"http:\/\/www.who.int\/disabilities\/world_report\/2011\/videos\/en\/index.html\">V\u00eddeos (em ingl\u00eas)<\/a><\/p>\n<p><a href=\"http:\/\/video.who.int\/streaming\/DAR\/WHO_DAR_MAY2011_Hawking_eng_subs.wmv\">Depoimento de Stephen Hawking (em ingl\u00eas)<\/a><\/p>\n<p>Fonte: <a href=\"http:\/\/www.who.int\/disabilities\/world_report\/2011\/en\/index.html\">ONU<\/a><\/p>\n","protected":false},"excerpt":{"rendered":"<p>O relat\u00f3rio foi organizado pela OMS e Banco Mundial e servir\u00e1 para orientar pol\u00edticas p\u00fablicas de inclus\u00e3o.<\/p>\n","protected":false},"author":1,"featured_media":0,"comment_status":"open","ping_status":"open","sticky":false,"template":"","format":"standard","meta":{"site-container-style":"default","site-container-layout":"default","site-sidebar-layout":"default","disable-article-header":"default","disable-site-header":"default","disable-site-footer":"default","disable-content-area-spacing":"default","footnotes":""},"categories":[5,38,48,4,49,37],"tags":[],"class_list":["post-19856","post","type-post","status-publish","format-standard","hentry","category-convencao","category-deficiencia","category-inclusao","category-noticias","category-politicas-publicas","category-saude"],"yoast_head":"<!-- This site is optimized with the Yoast SEO plugin v27.4 - https:\/\/yoast.com\/product\/yoast-seo-wordpress\/ -->\n<title>H\u00e1 mais de um bilh\u00e3o de pessoas com defici\u00eancia no mundo, segundo relat\u00f3rio pioneiro -<\/title>\n<meta name=\"robots\" content=\"index, follow, max-snippet:-1, max-image-preview:large, max-video-preview:-1\" \/>\n<link rel=\"canonical\" href=\"https:\/\/inclusivenews.com.br\/?p=19856\" \/>\n<meta property=\"og:locale\" content=\"pt_PT\" \/>\n<meta property=\"og:type\" content=\"article\" \/>\n<meta property=\"og:title\" content=\"H\u00e1 mais de um bilh\u00e3o de pessoas com defici\u00eancia no mundo, segundo relat\u00f3rio pioneiro -\" \/>\n<meta property=\"og:description\" content=\"O relat\u00f3rio foi organizado pela OMS e Banco Mundial e servir\u00e1 para orientar pol\u00edticas p\u00fablicas de inclus\u00e3o.\" \/>\n<meta property=\"og:url\" content=\"https:\/\/inclusivenews.com.br\/?p=19856\" \/>\n<meta property=\"article:publisher\" content=\"https:\/\/www.facebook.com\/agenciainclusive\/\" \/>\n<meta property=\"article:published_time\" content=\"2011-06-09T20:07:53+00:00\" \/>\n<meta property=\"og:image\" content=\"http:\/\/inclusivenews.com.br\/wp-content\/uploads\/slide_01.jpg\" \/>\n<meta name=\"author\" content=\"inclusivenews2024\" \/>\n<meta name=\"twitter:card\" content=\"summary_large_image\" \/>\n<meta name=\"twitter:label1\" content=\"Escrito por\" \/>\n\t<meta name=\"twitter:data1\" content=\"inclusivenews2024\" \/>\n\t<meta name=\"twitter:label2\" content=\"Tempo estimado de leitura\" \/>\n\t<meta name=\"twitter:data2\" content=\"2 minutos\" \/>\n<script type=\"application\/ld+json\" class=\"yoast-schema-graph\">{\"@context\":\"https:\\\/\\\/schema.org\",\"@graph\":[{\"@type\":\"Article\",\"@id\":\"https:\\\/\\\/inclusivenews.com.br\\\/?p=19856#article\",\"isPartOf\":{\"@id\":\"https:\\\/\\\/inclusivenews.com.br\\\/?p=19856\"},\"author\":{\"name\":\"inclusivenews2024\",\"@id\":\"https:\\\/\\\/inclusivenews.com.br\\\/#\\\/schema\\\/person\\\/ae4ec7087559b8692fb33b6fffd2273b\"},\"headline\":\"H\u00e1 mais de um bilh\u00e3o de pessoas com defici\u00eancia no mundo, segundo relat\u00f3rio pioneiro\",\"datePublished\":\"2011-06-09T20:07:53+00:00\",\"mainEntityOfPage\":{\"@id\":\"https:\\\/\\\/inclusivenews.com.br\\\/?p=19856\"},\"wordCount\":460,\"commentCount\":1,\"publisher\":{\"@id\":\"https:\\\/\\\/inclusivenews.com.br\\\/#organization\"},\"image\":{\"@id\":\"https:\\\/\\\/inclusivenews.com.br\\\/?p=19856#primaryimage\"},\"thumbnailUrl\":\"http:\\\/\\\/inclusivenews.com.br\\\/wp-content\\\/uploads\\\/slide_01.jpg\",\"articleSection\":[\"Conven\u00e7\u00e3o\",\"Defici\u00eancia\",\"INCLUS\u00c3O SOCIAL\",\"NOT\u00cdCIAS\",\"Pol\u00edticas p\u00fablicas\",\"Sa\u00fade\"],\"inLanguage\":\"pt-PT\",\"potentialAction\":[{\"@type\":\"CommentAction\",\"name\":\"Comment\",\"target\":[\"https:\\\/\\\/inclusivenews.com.br\\\/?p=19856#respond\"]}]},{\"@type\":\"WebPage\",\"@id\":\"https:\\\/\\\/inclusivenews.com.br\\\/?p=19856\",\"url\":\"https:\\\/\\\/inclusivenews.com.br\\\/?p=19856\",\"name\":\"H\u00e1 mais de um bilh\u00e3o de pessoas com defici\u00eancia no mundo, segundo relat\u00f3rio pioneiro -\",\"isPartOf\":{\"@id\":\"https:\\\/\\\/inclusivenews.com.br\\\/#website\"},\"primaryImageOfPage\":{\"@id\":\"https:\\\/\\\/inclusivenews.com.br\\\/?p=19856#primaryimage\"},\"image\":{\"@id\":\"https:\\\/\\\/inclusivenews.com.br\\\/?p=19856#primaryimage\"},\"thumbnailUrl\":\"http:\\\/\\\/inclusivenews.com.br\\\/wp-content\\\/uploads\\\/slide_01.jpg\",\"datePublished\":\"2011-06-09T20:07:53+00:00\",\"breadcrumb\":{\"@id\":\"https:\\\/\\\/inclusivenews.com.br\\\/?p=19856#breadcrumb\"},\"inLanguage\":\"pt-PT\",\"potentialAction\":[{\"@type\":\"ReadAction\",\"target\":[\"https:\\\/\\\/inclusivenews.com.br\\\/?p=19856\"]}]},{\"@type\":\"ImageObject\",\"inLanguage\":\"pt-PT\",\"@id\":\"https:\\\/\\\/inclusivenews.com.br\\\/?p=19856#primaryimage\",\"url\":\"\",\"contentUrl\":\"\"},{\"@type\":\"BreadcrumbList\",\"@id\":\"https:\\\/\\\/inclusivenews.com.br\\\/?p=19856#breadcrumb\",\"itemListElement\":[{\"@type\":\"ListItem\",\"position\":1,\"name\":\"In\u00edcio\",\"item\":\"https:\\\/\\\/inclusivenews.com.br\\\/\"},{\"@type\":\"ListItem\",\"position\":2,\"name\":\"H\u00e1 mais de um bilh\u00e3o de pessoas com defici\u00eancia no mundo, segundo relat\u00f3rio pioneiro\"}]},{\"@type\":\"WebSite\",\"@id\":\"https:\\\/\\\/inclusivenews.com.br\\\/#website\",\"url\":\"https:\\\/\\\/inclusivenews.com.br\\\/\",\"name\":\"Inclusive News\",\"description\":\"Inclusive News\",\"publisher\":{\"@id\":\"https:\\\/\\\/inclusivenews.com.br\\\/#organization\"},\"potentialAction\":[{\"@type\":\"SearchAction\",\"target\":{\"@type\":\"EntryPoint\",\"urlTemplate\":\"https:\\\/\\\/inclusivenews.com.br\\\/?s={search_term_string}\"},\"query-input\":{\"@type\":\"PropertyValueSpecification\",\"valueRequired\":true,\"valueName\":\"search_term_string\"}}],\"inLanguage\":\"pt-PT\"},{\"@type\":\"Organization\",\"@id\":\"https:\\\/\\\/inclusivenews.com.br\\\/#organization\",\"name\":\"Inclusive - inclus\u00e3o e cidadania\",\"url\":\"https:\\\/\\\/inclusivenews.com.br\\\/\",\"logo\":{\"@type\":\"ImageObject\",\"inLanguage\":\"pt-PT\",\"@id\":\"https:\\\/\\\/inclusivenews.com.br\\\/#\\\/schema\\\/logo\\\/image\\\/\",\"url\":\"https:\\\/\\\/inclusivenews.com.br\\\/wp-content\\\/uploads\\\/2024\\\/03\\\/@grandesite.png\",\"contentUrl\":\"https:\\\/\\\/inclusivenews.com.br\\\/wp-content\\\/uploads\\\/2024\\\/03\\\/@grandesite.png\",\"width\":1080,\"height\":1080,\"caption\":\"Inclusive - inclus\u00e3o e cidadania\"},\"image\":{\"@id\":\"https:\\\/\\\/inclusivenews.com.br\\\/#\\\/schema\\\/logo\\\/image\\\/\"},\"sameAs\":[\"https:\\\/\\\/www.facebook.com\\\/agenciainclusive\\\/\",\"https:\\\/\\\/www.instagram.com\\\/newsinclusive\\\/\"]},{\"@type\":\"Person\",\"@id\":\"https:\\\/\\\/inclusivenews.com.br\\\/#\\\/schema\\\/person\\\/ae4ec7087559b8692fb33b6fffd2273b\",\"name\":\"inclusivenews2024\",\"image\":{\"@type\":\"ImageObject\",\"inLanguage\":\"pt-PT\",\"@id\":\"https:\\\/\\\/secure.gravatar.com\\\/avatar\\\/c5a7ef84c66fa914f55bc4f7ce26cfa275a3b9a1c5568b907bd184fb4dde7b40?s=96&d=mm&r=g\",\"url\":\"https:\\\/\\\/secure.gravatar.com\\\/avatar\\\/c5a7ef84c66fa914f55bc4f7ce26cfa275a3b9a1c5568b907bd184fb4dde7b40?s=96&d=mm&r=g\",\"contentUrl\":\"https:\\\/\\\/secure.gravatar.com\\\/avatar\\\/c5a7ef84c66fa914f55bc4f7ce26cfa275a3b9a1c5568b907bd184fb4dde7b40?s=96&d=mm&r=g\",\"caption\":\"inclusivenews2024\"},\"sameAs\":[\"https:\\\/\\\/inclusivenews.com.br\"],\"url\":\"https:\\\/\\\/inclusivenews.com.br\\\/?author=1\"}]}<\/script>\n<!-- \/ Yoast SEO plugin. -->","yoast_head_json":{"title":"H\u00e1 mais de um bilh\u00e3o de pessoas com defici\u00eancia no mundo, segundo relat\u00f3rio pioneiro -","robots":{"index":"index","follow":"follow","max-snippet":"max-snippet:-1","max-image-preview":"max-image-preview:large","max-video-preview":"max-video-preview:-1"},"canonical":"https:\/\/inclusivenews.com.br\/?p=19856","og_locale":"pt_PT","og_type":"article","og_title":"H\u00e1 mais de um bilh\u00e3o de pessoas com defici\u00eancia no mundo, segundo relat\u00f3rio pioneiro -","og_description":"O relat\u00f3rio foi organizado pela OMS e Banco Mundial e servir\u00e1 para orientar pol\u00edticas p\u00fablicas de inclus\u00e3o.","og_url":"https:\/\/inclusivenews.com.br\/?p=19856","article_publisher":"https:\/\/www.facebook.com\/agenciainclusive\/","article_published_time":"2011-06-09T20:07:53+00:00","og_image":[{"url":"http:\/\/inclusivenews.com.br\/wp-content\/uploads\/slide_01.jpg","type":"","width":"","height":""}],"author":"inclusivenews2024","twitter_card":"summary_large_image","twitter_misc":{"Escrito por":"inclusivenews2024","Tempo estimado de leitura":"2 minutos"},"schema":{"@context":"https:\/\/schema.org","@graph":[{"@type":"Article","@id":"https:\/\/inclusivenews.com.br\/?p=19856#article","isPartOf":{"@id":"https:\/\/inclusivenews.com.br\/?p=19856"},"author":{"name":"inclusivenews2024","@id":"https:\/\/inclusivenews.com.br\/#\/schema\/person\/ae4ec7087559b8692fb33b6fffd2273b"},"headline":"H\u00e1 mais de um bilh\u00e3o de pessoas com defici\u00eancia no mundo, segundo relat\u00f3rio pioneiro","datePublished":"2011-06-09T20:07:53+00:00","mainEntityOfPage":{"@id":"https:\/\/inclusivenews.com.br\/?p=19856"},"wordCount":460,"commentCount":1,"publisher":{"@id":"https:\/\/inclusivenews.com.br\/#organization"},"image":{"@id":"https:\/\/inclusivenews.com.br\/?p=19856#primaryimage"},"thumbnailUrl":"http:\/\/inclusivenews.com.br\/wp-content\/uploads\/slide_01.jpg","articleSection":["Conven\u00e7\u00e3o","Defici\u00eancia","INCLUS\u00c3O SOCIAL","NOT\u00cdCIAS","Pol\u00edticas p\u00fablicas","Sa\u00fade"],"inLanguage":"pt-PT","potentialAction":[{"@type":"CommentAction","name":"Comment","target":["https:\/\/inclusivenews.com.br\/?p=19856#respond"]}]},{"@type":"WebPage","@id":"https:\/\/inclusivenews.com.br\/?p=19856","url":"https:\/\/inclusivenews.com.br\/?p=19856","name":"H\u00e1 mais de um bilh\u00e3o de pessoas com defici\u00eancia no mundo, segundo relat\u00f3rio pioneiro -","isPartOf":{"@id":"https:\/\/inclusivenews.com.br\/#website"},"primaryImageOfPage":{"@id":"https:\/\/inclusivenews.com.br\/?p=19856#primaryimage"},"image":{"@id":"https:\/\/inclusivenews.com.br\/?p=19856#primaryimage"},"thumbnailUrl":"http:\/\/inclusivenews.com.br\/wp-content\/uploads\/slide_01.jpg","datePublished":"2011-06-09T20:07:53+00:00","breadcrumb":{"@id":"https:\/\/inclusivenews.com.br\/?p=19856#breadcrumb"},"inLanguage":"pt-PT","potentialAction":[{"@type":"ReadAction","target":["https:\/\/inclusivenews.com.br\/?p=19856"]}]},{"@type":"ImageObject","inLanguage":"pt-PT","@id":"https:\/\/inclusivenews.com.br\/?p=19856#primaryimage","url":"","contentUrl":""},{"@type":"BreadcrumbList","@id":"https:\/\/inclusivenews.com.br\/?p=19856#breadcrumb","itemListElement":[{"@type":"ListItem","position":1,"name":"In\u00edcio","item":"https:\/\/inclusivenews.com.br\/"},{"@type":"ListItem","position":2,"name":"H\u00e1 mais de um bilh\u00e3o de pessoas com defici\u00eancia no mundo, segundo relat\u00f3rio pioneiro"}]},{"@type":"WebSite","@id":"https:\/\/inclusivenews.com.br\/#website","url":"https:\/\/inclusivenews.com.br\/","name":"Inclusive News","description":"Inclusive News","publisher":{"@id":"https:\/\/inclusivenews.com.br\/#organization"},"potentialAction":[{"@type":"SearchAction","target":{"@type":"EntryPoint","urlTemplate":"https:\/\/inclusivenews.com.br\/?s={search_term_string}"},"query-input":{"@type":"PropertyValueSpecification","valueRequired":true,"valueName":"search_term_string"}}],"inLanguage":"pt-PT"},{"@type":"Organization","@id":"https:\/\/inclusivenews.com.br\/#organization","name":"Inclusive - inclus\u00e3o e cidadania","url":"https:\/\/inclusivenews.com.br\/","logo":{"@type":"ImageObject","inLanguage":"pt-PT","@id":"https:\/\/inclusivenews.com.br\/#\/schema\/logo\/image\/","url":"https:\/\/inclusivenews.com.br\/wp-content\/uploads\/2024\/03\/@grandesite.png","contentUrl":"https:\/\/inclusivenews.com.br\/wp-content\/uploads\/2024\/03\/@grandesite.png","width":1080,"height":1080,"caption":"Inclusive - inclus\u00e3o e cidadania"},"image":{"@id":"https:\/\/inclusivenews.com.br\/#\/schema\/logo\/image\/"},"sameAs":["https:\/\/www.facebook.com\/agenciainclusive\/","https:\/\/www.instagram.com\/newsinclusive\/"]},{"@type":"Person","@id":"https:\/\/inclusivenews.com.br\/#\/schema\/person\/ae4ec7087559b8692fb33b6fffd2273b","name":"inclusivenews2024","image":{"@type":"ImageObject","inLanguage":"pt-PT","@id":"https:\/\/secure.gravatar.com\/avatar\/c5a7ef84c66fa914f55bc4f7ce26cfa275a3b9a1c5568b907bd184fb4dde7b40?s=96&d=mm&r=g","url":"https:\/\/secure.gravatar.com\/avatar\/c5a7ef84c66fa914f55bc4f7ce26cfa275a3b9a1c5568b907bd184fb4dde7b40?s=96&d=mm&r=g","contentUrl":"https:\/\/secure.gravatar.com\/avatar\/c5a7ef84c66fa914f55bc4f7ce26cfa275a3b9a1c5568b907bd184fb4dde7b40?s=96&d=mm&r=g","caption":"inclusivenews2024"},"sameAs":["https:\/\/inclusivenews.com.br"],"url":"https:\/\/inclusivenews.com.br\/?author=1"}]}},"_links":{"self":[{"href":"https:\/\/inclusivenews.com.br\/index.php?rest_route=\/wp\/v2\/posts\/19856","targetHints":{"allow":["GET"]}}],"collection":[{"href":"https:\/\/inclusivenews.com.br\/index.php?rest_route=\/wp\/v2\/posts"}],"about":[{"href":"https:\/\/inclusivenews.com.br\/index.php?rest_route=\/wp\/v2\/types\/post"}],"author":[{"embeddable":true,"href":"https:\/\/inclusivenews.com.br\/index.php?rest_route=\/wp\/v2\/users\/1"}],"replies":[{"embeddable":true,"href":"https:\/\/inclusivenews.com.br\/index.php?rest_route=%2Fwp%2Fv2%2Fcomments&post=19856"}],"version-history":[{"count":0,"href":"https:\/\/inclusivenews.com.br\/index.php?rest_route=\/wp\/v2\/posts\/19856\/revisions"}],"wp:attachment":[{"href":"https:\/\/inclusivenews.com.br\/index.php?rest_route=%2Fwp%2Fv2%2Fmedia&parent=19856"}],"wp:term":[{"taxonomy":"category","embeddable":true,"href":"https:\/\/inclusivenews.com.br\/index.php?rest_route=%2Fwp%2Fv2%2Fcategories&post=19856"},{"taxonomy":"post_tag","embeddable":true,"href":"https:\/\/inclusivenews.com.br\/index.php?rest_route=%2Fwp%2Fv2%2Ftags&post=19856"}],"curies":[{"name":"wp","href":"https:\/\/api.w.org\/{rel}","templated":true}]}}