{"id":19861,"date":"2011-06-09T17:48:09","date_gmt":"2011-06-09T20:48:09","guid":{"rendered":"http:\/\/www.inclusive.org.br\/?p=19861"},"modified":"2011-06-09T17:48:09","modified_gmt":"2011-06-09T20:48:09","slug":"falece-o-atleta-antonio-maciel","status":"publish","type":"post","link":"https:\/\/inclusivenews.com.br\/?p=19861","title":{"rendered":"Falece o atleta Antonio Maciel"},"content":{"rendered":"<figure id=\"attachment_19862\" aria-describedby=\"caption-attachment-19862\" style=\"width: 311px\" class=\"wp-caption alignleft\"><img loading=\"lazy\" decoding=\"async\" class=\"size-full wp-image-19862   \" title=\"antonio maciel\" src=\"http:\/\/inclusivenews.com.br\/wp-content\/uploads\/antonio-maciel.jpg\" alt=\"Antonio Maciel, com pr\u00f3teses nas duas pernas, na Reatech 2011, com a camiseta Ser Diferente \u00e9 Normal.\" width=\"311\" height=\"442\" \/><figcaption id=\"caption-attachment-19862\" class=\"wp-caption-text\">Antonio Maciel, com pr\u00f3teses nas duas pernas, na Reatech 2011, com a camiseta Ser Diferente \u00e9 Normal.<\/figcaption><\/figure>\n<p>O atleta Antonio Maciel faleceu aos 46 anos no dia 6\/6 em um acidente com seu triciclo no Rio de Janeiro. Maratonista, ciclista e nadador e um dos fundadores da 3In, Inclus\u00e3o Integridade e Independ\u00eancia, al\u00e9m de brilhar no esporte era um ativista dos direitos humanos e em especial das pessoas com defici\u00eancia.<\/p>\n<p>Abaixo, a biografia de Antonio Maciel, extra\u00edda do site da 3In.<\/p>\n<p>O carioca Ant\u00f4nio Maciel,  superou v\u00e1rios obst\u00e1culos para conseguir exercer a profiss\u00e3o de t\u00e9cnico de enfermagem. Mas a carreira foi interrompida ap\u00f3s sofrer um acidente automobil\u00edstico no ano de 2000. No acidente, ele sofreu amputa\u00e7\u00e3o de ambos os p\u00e9s. A adapta\u00e7\u00e3o a nova condi\u00e7\u00e3o f\u00edsica foi lenta. Levou quase um ano at\u00e9 voltar a se locomover sozinho.<\/p>\n<p>Para a mudan\u00e7a contou com o apoio do m\u00e9dico amputado Marco Ant\u00f4nio Guedes, de S\u00e3o Paulo, especialista em pr\u00f3teses. Com a utiliza\u00e7\u00e3o de pr\u00f3teses, Maciel retomou a vida e passou a participar de atividades esportivas, algo que n\u00e3o tinha costume de fazer. O esporte ajudou na reabilita\u00e7\u00e3o. Atualmente, conhecido pelo apelido carinhoso de Perna El\u00e9trica, ele \u00e9 um dos principais corredores de rua da categoria amputados do Brasil.<\/p>\n<p>Maciel j\u00e1 participou de v\u00e1rias caminhadas e provas, como a Maratona Internacional do Rio de Janeiro e de S\u00e3o Paulo; Corrida de S\u00e3o Silvestre; Maratona de Nova York e a peregrina\u00e7\u00e3o pelo Caminho do Sol (percurso brasileiro inspirado no de Compostela, composto de aproximadamente 250 km). A primeira prova que disputou s\u00f3 aconteceu ap\u00f3s dois anos do acidente, atrav\u00e9s do incentivo do ultramaratonista Paulo de Almeida, tamb\u00e9m amputado, que o inscreveu numa maratona de revezamento, na qual percorreu 5km sem treinar.<\/p>\n<p>Em seguida participou de uma corrida de 10 milhas. Foi a partir dessa prova que Maciel come\u00e7ou a treinar e sentir satisfa\u00e7\u00e3o em praticar esporte. No mesmo ano Perna El\u00e9trica partiu para a primeira competi\u00e7\u00e3o internacional da carreira, a Maratona de Nova York, onde se tornou o primeiro brasileiro bi-amputado a participar da corrida. Desse ano em diante os feitos do carioca s\u00f3 aumentaram.<\/p>\n<p>Uma das principais conquistas do atleta foi quando percorreu, a convite, o Caminho de Santiago de Compostela. Por conta do desgaste da pr\u00f3tese, ele precisou de muita perseveran\u00e7a para concluir o trajeto de 800km. Muitas vezes, Maciel \u00e9 o \u00fanico brasileiro presente em sua categoria. Ele tamb\u00e9m concorre nas modalidades ciclismo e nata\u00e7\u00e3o, utilizando para isso diferentes pr\u00f3teses. Hoje em dia, treina de 10 a 12km por dia, al\u00e9m de fazer muscula\u00e7\u00e3o e nata\u00e7\u00e3o tr\u00eas vezes por semana.<\/p>\n<p>Para o futuro pensa em fazer o curso de Educa\u00e7\u00e3o F\u00edsica e de t\u00e9cnico em pr\u00f3teses para ajudar outras pessoas a ultrapassar obst\u00e1culos e alcan\u00e7ar seus objetivos e sonhos.<\/p>\n<p>Fonte: 3In<\/p>\n","protected":false},"excerpt":{"rendered":"<p>Maratonista, ciclista, nadador e um dos fundadores da 3In, Inclus\u00e3o Integridade e Independ\u00eancia.<\/p>\n","protected":false},"author":1,"featured_media":0,"comment_status":"open","ping_status":"open","sticky":false,"template":"","format":"standard","meta":{"site-container-style":"default","site-container-layout":"default","site-sidebar-layout":"default","disable-article-header":"default","disable-site-header":"default","disable-site-footer":"default","disable-content-area-spacing":"default","footnotes":""},"categories":[38,27,4],"tags":[],"class_list":["post-19861","post","type-post","status-publish","format-standard","hentry","category-deficiencia","category-esporte","category-noticias"],"yoast_head":"<!-- This site is optimized with the Yoast SEO plugin v27.4 - https:\/\/yoast.com\/product\/yoast-seo-wordpress\/ -->\n<title>Falece o atleta Antonio Maciel -<\/title>\n<meta name=\"robots\" content=\"index, follow, max-snippet:-1, max-image-preview:large, max-video-preview:-1\" \/>\n<link rel=\"canonical\" href=\"https:\/\/inclusivenews.com.br\/?p=19861\" \/>\n<meta property=\"og:locale\" content=\"pt_PT\" \/>\n<meta property=\"og:type\" content=\"article\" \/>\n<meta property=\"og:title\" content=\"Falece o atleta Antonio Maciel -\" \/>\n<meta property=\"og:description\" content=\"Maratonista, ciclista, nadador e um dos fundadores da 3In, Inclus\u00e3o Integridade e Independ\u00eancia.\" \/>\n<meta property=\"og:url\" content=\"https:\/\/inclusivenews.com.br\/?p=19861\" \/>\n<meta property=\"article:publisher\" content=\"https:\/\/www.facebook.com\/agenciainclusive\/\" \/>\n<meta property=\"article:published_time\" content=\"2011-06-09T20:48:09+00:00\" \/>\n<meta property=\"og:image\" content=\"http:\/\/inclusivenews.com.br\/wp-content\/uploads\/antonio-maciel.jpg\" \/>\n<meta name=\"author\" content=\"inclusivenews2024\" \/>\n<meta name=\"twitter:card\" content=\"summary_large_image\" \/>\n<meta name=\"twitter:label1\" content=\"Escrito por\" \/>\n\t<meta name=\"twitter:data1\" content=\"inclusivenews2024\" \/>\n\t<meta name=\"twitter:label2\" content=\"Tempo estimado de leitura\" \/>\n\t<meta name=\"twitter:data2\" content=\"3 minutos\" \/>\n<script type=\"application\/ld+json\" class=\"yoast-schema-graph\">{\"@context\":\"https:\\\/\\\/schema.org\",\"@graph\":[{\"@type\":\"Article\",\"@id\":\"https:\\\/\\\/inclusivenews.com.br\\\/?p=19861#article\",\"isPartOf\":{\"@id\":\"https:\\\/\\\/inclusivenews.com.br\\\/?p=19861\"},\"author\":{\"name\":\"inclusivenews2024\",\"@id\":\"https:\\\/\\\/inclusivenews.com.br\\\/#\\\/schema\\\/person\\\/ae4ec7087559b8692fb33b6fffd2273b\"},\"headline\":\"Falece o atleta Antonio Maciel\",\"datePublished\":\"2011-06-09T20:48:09+00:00\",\"mainEntityOfPage\":{\"@id\":\"https:\\\/\\\/inclusivenews.com.br\\\/?p=19861\"},\"wordCount\":517,\"commentCount\":0,\"publisher\":{\"@id\":\"https:\\\/\\\/inclusivenews.com.br\\\/#organization\"},\"image\":{\"@id\":\"https:\\\/\\\/inclusivenews.com.br\\\/?p=19861#primaryimage\"},\"thumbnailUrl\":\"http:\\\/\\\/inclusivenews.com.br\\\/wp-content\\\/uploads\\\/antonio-maciel.jpg\",\"articleSection\":[\"Defici\u00eancia\",\"Esporte\",\"NOT\u00cdCIAS\"],\"inLanguage\":\"pt-PT\",\"potentialAction\":[{\"@type\":\"CommentAction\",\"name\":\"Comment\",\"target\":[\"https:\\\/\\\/inclusivenews.com.br\\\/?p=19861#respond\"]}]},{\"@type\":\"WebPage\",\"@id\":\"https:\\\/\\\/inclusivenews.com.br\\\/?p=19861\",\"url\":\"https:\\\/\\\/inclusivenews.com.br\\\/?p=19861\",\"name\":\"Falece o atleta Antonio Maciel -\",\"isPartOf\":{\"@id\":\"https:\\\/\\\/inclusivenews.com.br\\\/#website\"},\"primaryImageOfPage\":{\"@id\":\"https:\\\/\\\/inclusivenews.com.br\\\/?p=19861#primaryimage\"},\"image\":{\"@id\":\"https:\\\/\\\/inclusivenews.com.br\\\/?p=19861#primaryimage\"},\"thumbnailUrl\":\"http:\\\/\\\/inclusivenews.com.br\\\/wp-content\\\/uploads\\\/antonio-maciel.jpg\",\"datePublished\":\"2011-06-09T20:48:09+00:00\",\"breadcrumb\":{\"@id\":\"https:\\\/\\\/inclusivenews.com.br\\\/?p=19861#breadcrumb\"},\"inLanguage\":\"pt-PT\",\"potentialAction\":[{\"@type\":\"ReadAction\",\"target\":[\"https:\\\/\\\/inclusivenews.com.br\\\/?p=19861\"]}]},{\"@type\":\"ImageObject\",\"inLanguage\":\"pt-PT\",\"@id\":\"https:\\\/\\\/inclusivenews.com.br\\\/?p=19861#primaryimage\",\"url\":\"\",\"contentUrl\":\"\"},{\"@type\":\"BreadcrumbList\",\"@id\":\"https:\\\/\\\/inclusivenews.com.br\\\/?p=19861#breadcrumb\",\"itemListElement\":[{\"@type\":\"ListItem\",\"position\":1,\"name\":\"In\u00edcio\",\"item\":\"https:\\\/\\\/inclusivenews.com.br\\\/\"},{\"@type\":\"ListItem\",\"position\":2,\"name\":\"Falece o atleta Antonio Maciel\"}]},{\"@type\":\"WebSite\",\"@id\":\"https:\\\/\\\/inclusivenews.com.br\\\/#website\",\"url\":\"https:\\\/\\\/inclusivenews.com.br\\\/\",\"name\":\"Inclusive News\",\"description\":\"Inclusive News\",\"publisher\":{\"@id\":\"https:\\\/\\\/inclusivenews.com.br\\\/#organization\"},\"potentialAction\":[{\"@type\":\"SearchAction\",\"target\":{\"@type\":\"EntryPoint\",\"urlTemplate\":\"https:\\\/\\\/inclusivenews.com.br\\\/?s={search_term_string}\"},\"query-input\":{\"@type\":\"PropertyValueSpecification\",\"valueRequired\":true,\"valueName\":\"search_term_string\"}}],\"inLanguage\":\"pt-PT\"},{\"@type\":\"Organization\",\"@id\":\"https:\\\/\\\/inclusivenews.com.br\\\/#organization\",\"name\":\"Inclusive - inclus\u00e3o e cidadania\",\"url\":\"https:\\\/\\\/inclusivenews.com.br\\\/\",\"logo\":{\"@type\":\"ImageObject\",\"inLanguage\":\"pt-PT\",\"@id\":\"https:\\\/\\\/inclusivenews.com.br\\\/#\\\/schema\\\/logo\\\/image\\\/\",\"url\":\"https:\\\/\\\/inclusivenews.com.br\\\/wp-content\\\/uploads\\\/2024\\\/03\\\/@grandesite.png\",\"contentUrl\":\"https:\\\/\\\/inclusivenews.com.br\\\/wp-content\\\/uploads\\\/2024\\\/03\\\/@grandesite.png\",\"width\":1080,\"height\":1080,\"caption\":\"Inclusive - inclus\u00e3o e cidadania\"},\"image\":{\"@id\":\"https:\\\/\\\/inclusivenews.com.br\\\/#\\\/schema\\\/logo\\\/image\\\/\"},\"sameAs\":[\"https:\\\/\\\/www.facebook.com\\\/agenciainclusive\\\/\",\"https:\\\/\\\/www.instagram.com\\\/newsinclusive\\\/\"]},{\"@type\":\"Person\",\"@id\":\"https:\\\/\\\/inclusivenews.com.br\\\/#\\\/schema\\\/person\\\/ae4ec7087559b8692fb33b6fffd2273b\",\"name\":\"inclusivenews2024\",\"image\":{\"@type\":\"ImageObject\",\"inLanguage\":\"pt-PT\",\"@id\":\"https:\\\/\\\/secure.gravatar.com\\\/avatar\\\/c5a7ef84c66fa914f55bc4f7ce26cfa275a3b9a1c5568b907bd184fb4dde7b40?s=96&d=mm&r=g\",\"url\":\"https:\\\/\\\/secure.gravatar.com\\\/avatar\\\/c5a7ef84c66fa914f55bc4f7ce26cfa275a3b9a1c5568b907bd184fb4dde7b40?s=96&d=mm&r=g\",\"contentUrl\":\"https:\\\/\\\/secure.gravatar.com\\\/avatar\\\/c5a7ef84c66fa914f55bc4f7ce26cfa275a3b9a1c5568b907bd184fb4dde7b40?s=96&d=mm&r=g\",\"caption\":\"inclusivenews2024\"},\"sameAs\":[\"https:\\\/\\\/inclusivenews.com.br\"],\"url\":\"https:\\\/\\\/inclusivenews.com.br\\\/?author=1\"}]}<\/script>\n<!-- \/ Yoast SEO plugin. -->","yoast_head_json":{"title":"Falece o atleta Antonio Maciel -","robots":{"index":"index","follow":"follow","max-snippet":"max-snippet:-1","max-image-preview":"max-image-preview:large","max-video-preview":"max-video-preview:-1"},"canonical":"https:\/\/inclusivenews.com.br\/?p=19861","og_locale":"pt_PT","og_type":"article","og_title":"Falece o atleta Antonio Maciel -","og_description":"Maratonista, ciclista, nadador e um dos fundadores da 3In, Inclus\u00e3o Integridade e Independ\u00eancia.","og_url":"https:\/\/inclusivenews.com.br\/?p=19861","article_publisher":"https:\/\/www.facebook.com\/agenciainclusive\/","article_published_time":"2011-06-09T20:48:09+00:00","og_image":[{"url":"http:\/\/inclusivenews.com.br\/wp-content\/uploads\/antonio-maciel.jpg","type":"","width":"","height":""}],"author":"inclusivenews2024","twitter_card":"summary_large_image","twitter_misc":{"Escrito por":"inclusivenews2024","Tempo estimado de leitura":"3 minutos"},"schema":{"@context":"https:\/\/schema.org","@graph":[{"@type":"Article","@id":"https:\/\/inclusivenews.com.br\/?p=19861#article","isPartOf":{"@id":"https:\/\/inclusivenews.com.br\/?p=19861"},"author":{"name":"inclusivenews2024","@id":"https:\/\/inclusivenews.com.br\/#\/schema\/person\/ae4ec7087559b8692fb33b6fffd2273b"},"headline":"Falece o atleta Antonio Maciel","datePublished":"2011-06-09T20:48:09+00:00","mainEntityOfPage":{"@id":"https:\/\/inclusivenews.com.br\/?p=19861"},"wordCount":517,"commentCount":0,"publisher":{"@id":"https:\/\/inclusivenews.com.br\/#organization"},"image":{"@id":"https:\/\/inclusivenews.com.br\/?p=19861#primaryimage"},"thumbnailUrl":"http:\/\/inclusivenews.com.br\/wp-content\/uploads\/antonio-maciel.jpg","articleSection":["Defici\u00eancia","Esporte","NOT\u00cdCIAS"],"inLanguage":"pt-PT","potentialAction":[{"@type":"CommentAction","name":"Comment","target":["https:\/\/inclusivenews.com.br\/?p=19861#respond"]}]},{"@type":"WebPage","@id":"https:\/\/inclusivenews.com.br\/?p=19861","url":"https:\/\/inclusivenews.com.br\/?p=19861","name":"Falece o atleta Antonio Maciel -","isPartOf":{"@id":"https:\/\/inclusivenews.com.br\/#website"},"primaryImageOfPage":{"@id":"https:\/\/inclusivenews.com.br\/?p=19861#primaryimage"},"image":{"@id":"https:\/\/inclusivenews.com.br\/?p=19861#primaryimage"},"thumbnailUrl":"http:\/\/inclusivenews.com.br\/wp-content\/uploads\/antonio-maciel.jpg","datePublished":"2011-06-09T20:48:09+00:00","breadcrumb":{"@id":"https:\/\/inclusivenews.com.br\/?p=19861#breadcrumb"},"inLanguage":"pt-PT","potentialAction":[{"@type":"ReadAction","target":["https:\/\/inclusivenews.com.br\/?p=19861"]}]},{"@type":"ImageObject","inLanguage":"pt-PT","@id":"https:\/\/inclusivenews.com.br\/?p=19861#primaryimage","url":"","contentUrl":""},{"@type":"BreadcrumbList","@id":"https:\/\/inclusivenews.com.br\/?p=19861#breadcrumb","itemListElement":[{"@type":"ListItem","position":1,"name":"In\u00edcio","item":"https:\/\/inclusivenews.com.br\/"},{"@type":"ListItem","position":2,"name":"Falece o atleta Antonio Maciel"}]},{"@type":"WebSite","@id":"https:\/\/inclusivenews.com.br\/#website","url":"https:\/\/inclusivenews.com.br\/","name":"Inclusive News","description":"Inclusive News","publisher":{"@id":"https:\/\/inclusivenews.com.br\/#organization"},"potentialAction":[{"@type":"SearchAction","target":{"@type":"EntryPoint","urlTemplate":"https:\/\/inclusivenews.com.br\/?s={search_term_string}"},"query-input":{"@type":"PropertyValueSpecification","valueRequired":true,"valueName":"search_term_string"}}],"inLanguage":"pt-PT"},{"@type":"Organization","@id":"https:\/\/inclusivenews.com.br\/#organization","name":"Inclusive - inclus\u00e3o e cidadania","url":"https:\/\/inclusivenews.com.br\/","logo":{"@type":"ImageObject","inLanguage":"pt-PT","@id":"https:\/\/inclusivenews.com.br\/#\/schema\/logo\/image\/","url":"https:\/\/inclusivenews.com.br\/wp-content\/uploads\/2024\/03\/@grandesite.png","contentUrl":"https:\/\/inclusivenews.com.br\/wp-content\/uploads\/2024\/03\/@grandesite.png","width":1080,"height":1080,"caption":"Inclusive - inclus\u00e3o e cidadania"},"image":{"@id":"https:\/\/inclusivenews.com.br\/#\/schema\/logo\/image\/"},"sameAs":["https:\/\/www.facebook.com\/agenciainclusive\/","https:\/\/www.instagram.com\/newsinclusive\/"]},{"@type":"Person","@id":"https:\/\/inclusivenews.com.br\/#\/schema\/person\/ae4ec7087559b8692fb33b6fffd2273b","name":"inclusivenews2024","image":{"@type":"ImageObject","inLanguage":"pt-PT","@id":"https:\/\/secure.gravatar.com\/avatar\/c5a7ef84c66fa914f55bc4f7ce26cfa275a3b9a1c5568b907bd184fb4dde7b40?s=96&d=mm&r=g","url":"https:\/\/secure.gravatar.com\/avatar\/c5a7ef84c66fa914f55bc4f7ce26cfa275a3b9a1c5568b907bd184fb4dde7b40?s=96&d=mm&r=g","contentUrl":"https:\/\/secure.gravatar.com\/avatar\/c5a7ef84c66fa914f55bc4f7ce26cfa275a3b9a1c5568b907bd184fb4dde7b40?s=96&d=mm&r=g","caption":"inclusivenews2024"},"sameAs":["https:\/\/inclusivenews.com.br"],"url":"https:\/\/inclusivenews.com.br\/?author=1"}]}},"_links":{"self":[{"href":"https:\/\/inclusivenews.com.br\/index.php?rest_route=\/wp\/v2\/posts\/19861","targetHints":{"allow":["GET"]}}],"collection":[{"href":"https:\/\/inclusivenews.com.br\/index.php?rest_route=\/wp\/v2\/posts"}],"about":[{"href":"https:\/\/inclusivenews.com.br\/index.php?rest_route=\/wp\/v2\/types\/post"}],"author":[{"embeddable":true,"href":"https:\/\/inclusivenews.com.br\/index.php?rest_route=\/wp\/v2\/users\/1"}],"replies":[{"embeddable":true,"href":"https:\/\/inclusivenews.com.br\/index.php?rest_route=%2Fwp%2Fv2%2Fcomments&post=19861"}],"version-history":[{"count":0,"href":"https:\/\/inclusivenews.com.br\/index.php?rest_route=\/wp\/v2\/posts\/19861\/revisions"}],"wp:attachment":[{"href":"https:\/\/inclusivenews.com.br\/index.php?rest_route=%2Fwp%2Fv2%2Fmedia&parent=19861"}],"wp:term":[{"taxonomy":"category","embeddable":true,"href":"https:\/\/inclusivenews.com.br\/index.php?rest_route=%2Fwp%2Fv2%2Fcategories&post=19861"},{"taxonomy":"post_tag","embeddable":true,"href":"https:\/\/inclusivenews.com.br\/index.php?rest_route=%2Fwp%2Fv2%2Ftags&post=19861"}],"curies":[{"name":"wp","href":"https:\/\/api.w.org\/{rel}","templated":true}]}}