{"id":19889,"date":"2011-06-16T01:09:24","date_gmt":"2011-06-16T04:09:24","guid":{"rendered":"http:\/\/www.inclusive.org.br\/?p=19889"},"modified":"2011-06-16T01:09:24","modified_gmt":"2011-06-16T04:09:24","slug":"i-seminario-regional-do-controle-social-educacao-permanente-em-saude-rs","status":"publish","type":"post","link":"https:\/\/inclusivenews.com.br\/?p=19889","title":{"rendered":"I Semin\u00e1rio Regional do Controle Social Educa\u00e7\u00e3o Permanente em Sa\u00fade &#8211; RS"},"content":{"rendered":"<figure id=\"attachment_19898\" aria-describedby=\"caption-attachment-19898\" style=\"width: 244px\" class=\"wp-caption alignleft\"><img loading=\"lazy\" decoding=\"async\" class=\"size-full wp-image-19898\" title=\"ciesstipo C\" src=\"http:\/\/inclusivenews.com.br\/wp-content\/uploads\/ciess.png\" alt=\"Logotipo CIES - Comiss\u00e3o de Integra\u00e7\u00e3o Ensino Servi\u00e7o - c\u00edrculo laranja marcado com um V vermelho.\" width=\"244\" height=\"130\" \/><figcaption id=\"caption-attachment-19898\" class=\"wp-caption-text\">Logotipo CIES - Comiss\u00e3o de Integra\u00e7\u00e3o Ensino Servi\u00e7o - c\u00edrculo laranja marcado com um V vermelho.<\/figcaption><\/figure>\n<p>Dando continuidade \u00e0s a\u00e7\u00f5es promovidas pela Comiss\u00e3o de Integra\u00e7\u00e3o Ensino-Servi\u00e7o, vinculada \u00e0 1\u00aa Coordenadoria Regional de Sa\u00fade &#8211; CIES 1\u00aa CRS, para a efetiva\u00e7\u00e3o da Pol\u00edtica Regional de Educa\u00e7\u00e3o Permanente em Sa\u00fade em conson\u00e2ncia com aPortaria GM\/MS n\u00ba 1.996\/07, realizar\u00e1 o I Semin\u00e1rio Regional do Controle Social Educa\u00e7\u00e3o Permanente em Sa\u00fade, para os munic\u00edpios pertencentes \u00e0 1\u00aa CRS.<\/p>\n<p>A atividade se realizar\u00e1 nos dia 17 e 18 de Junho de 2011, na forma do seguinte explicitado:<\/p>\n<p>Objetivo: Disseminar, contextualizar e fortalecer o conceito de Educa\u00e7\u00e3o Permanente em Sa\u00fade e as respectivas Pol\u00edticas atuais, problematizando-os a partir da realidade e com os atores de cada Microrregi\u00e3o, bem como fornecer subs\u00eddios para as A\u00e7\u00f5es de Educa\u00e7\u00e3o Permanente em Sa\u00fade.<\/p>\n<p>P\u00fablico esperado: Gestores, Trabalhadores de Sa\u00fade e Educa\u00e7\u00e3o, Movimentos Sociais, Estudantes, Docentes e Institui\u00e7\u00f5es de Ensino.<\/p>\n<p>Local: Centro de Treinamento e Aperfei\u00e7oamento Funcional &#8211; CETAF-CEEE Endere\u00e7o:Av. Bento Gon\u00e7alves, 8855 Hor\u00e1rios: 17 de Junho- das 13h30min \u00e0s 18h. 18 de Junho \u2013 das 08h30min as 17h30min<\/p>\n<p>Contamos com sua participa\u00e7\u00e3o e mobiliza\u00e7\u00e3o junto aos demais atores de seu munic\u00edpio. Em anexo, mandamos a programa\u00e7\u00e3o e ficha de inscri\u00e7\u00e3o a ser enviada at\u00e9 o dia 14\/06\/2011 para <a href=\"mailto:seminariocontrolesocial@yahoo.com.brou\">seminariocontrolesocial@yahoo.com.brou<\/a> <a href=\"mailto:Azsenna@yahoo.com.br\">Azsenna@yahoo.com.br<\/a>.<\/p>\n<p>Solicitamos sua colabora\u00e7\u00e3o para a participa\u00e7\u00e3o do seu Conselho Municipal de Sa\u00fade, as quais poder\u00e3o participar todos os seguimentos representado na sua composi\u00e7\u00e3o.<\/p>\n<p>D\u00favidas, contatar: Jorge Senna (Porto Alegre- 96139799) Fernanda (Porto Alegre 39011026)<\/p>\n<p>Programa\u00e7\u00e3o<\/p>\n<p>I Semin\u00e1rio Regional do Controle Social Educa\u00e7\u00e3o Permanente em Sa\u00fade 17 de Junho de 2011 Hor\u00e1rio Atividade 13h30min \u2013 14h Abertura<\/p>\n<p>1. Secretaria Estadual da Sa\u00fade 2. Ana Bol &#8211; Coordenadoria Regional de Sa\u00fade 3. Reginaldo Chagas &#8211; Sec. de Gest\u00e3o Estrat\u00e9gica e Participativa\/ Minist\u00e9rio da Sa\u00fade<\/p>\n<p>4. 14h \u2013 16h<\/p>\n<p>Mesa 1 Gest\u00e3o do Sistema e Pacto pela Sa\u00fade, Financiamento e a Rela\u00e7\u00e3o P\u00fablico x Privado.<\/p>\n<p>Reginaldo Chagas &#8211; Sec. de Gest\u00e3o Estrat\u00e9gica e Participativa\/ Minist\u00e9rio da Sa\u00fade<\/p>\n<p>Gilberto Barrichello \u2013 Diretor Jur\u00eddico do Grupo Hospitalar Concei\u00e7\u00e3o Heider Aur\u00e9lio Pinto &#8211; Departamento de Aten\u00e7\u00e3o B\u00e1sica &#8211; Minist\u00e9rio da Sa\u00fade<\/p>\n<p>16h as 16h30min Caf\u00e9 com prosa 16h30min as 18h<\/p>\n<p>Mesa 2 Gest\u00e3o do Trabalho e da Educa\u00e7\u00e3o em Sa\u00fade.<\/p>\n<p>Ricardo Burg Ceccim &#8211; Faculdade de Educa\u00e7\u00e3o &#8211; EducaSa\u00fade UFRGS Jos\u00e9 Ivo Pedrosa \u2013 Universidade Federal do Piau\u00ed M\u00e1rcio Mariath Belloc \u2013 Diretor da Escola de Sa\u00fade Publica<\/p>\n<p>18 de Junho de 2011 8h30min \u2013 10h<\/p>\n<p>Mesa 3 Controle Social \u201cParticipa\u00e7\u00e3o Social Promovendo a Equidade no SUS\u201d Luciana Soledad &#8211; Movimento Bairro de PIE Argentina Baba Diba de Yemonja -Rede Nacional de Religi\u00f5es de Matriz Africana em Sa\u00fade Emanuel Falc\u00e3o &#8211; Articula\u00e7\u00e3o Nacional de Extens\u00e3o Popular em Sa\u00fade &#8211; UFPB 10h &#8211; 10h30min Caf\u00e9 com prosa 10h30-12h30min<\/p>\n<p>Mesa 4<\/p>\n<p>As Experiencias vivenciadas do Controle Social na Educa\u00e7\u00e3o Permanente.<\/p>\n<p>Cies da 1\u00aa CRS &#8211; (10 min) Conselho Municipal de Nova Santa Rita &#8211; (10 min) Secretaria Municipal de Sapiranga &#8211; (10 min) Conselho Municipal de Gravata\u00ed &#8211; (10 min) Secretaria Municipal da Sa\u00fade de Gravata\u00ed &#8211; (10 min)<\/p>\n<p>13h30 -15h30 Rodas de Discuss\u00e3o  3 Grupos: incluindo Gestores, Trabalhadores, Movimentos Sociais e Ensino<\/p>\n<p>&#8211; Quais problemas que identificamos que afastam os Atores Sociais dos Espa\u00e7os de Controle Social no Munic\u00edpios?<\/p>\n<p>&#8211; A partir da Educa\u00e7\u00e3o Permanente como estes problemas podem ser enfrentados?<\/p>\n<p>15:30 as 16h Caf\u00e9 com Prosa 16h Avalia\u00e7\u00e3o 17h as 17:30  Avalia\u00e7\u00e3o e Entrega de Certificados<\/p>\n<p>Observa\u00e7\u00e3o:Haver\u00e1 Alimenta\u00e7\u00e3o a todos os participantes.<\/p>\n<p>A INSCRI\u00c7\u00c3O DEVER\u00c1 SER ENVIADA AT\u00c9 DIA : 14.06.2011<\/p>\n<p>Ficha de Inscri\u00e7\u00e3o<\/p>\n<p>NOME COMPLETO:<\/p>\n<p>DATA DE NASCIMENTO:<\/p>\n<p>CPF:<\/p>\n<p>RG:<\/p>\n<p>\u00d3RG\u00c3O EXPEDIDOR:<\/p>\n<p>CIDADE:<\/p>\n<p>CELULAR:<\/p>\n<p>E-MAIL:<\/p>\n<p>Vai Necessitar Alojamento? ( ) S ( ) N<\/p>\n","protected":false},"excerpt":{"rendered":"<p>A atividade se realizar\u00e1 nos dia 17 e 18 de Junho de 2011, em Porto Alegre.<\/p>\n","protected":false},"author":1,"featured_media":0,"comment_status":"open","ping_status":"open","sticky":false,"template":"","format":"standard","meta":{"site-container-style":"default","site-container-layout":"default","site-sidebar-layout":"default","disable-article-header":"default","disable-site-header":"default","disable-site-footer":"default","disable-content-area-spacing":"default","footnotes":""},"categories":[12,4,37],"tags":[],"class_list":["post-19889","post","type-post","status-publish","format-standard","hentry","category-cursos-e-eventos","category-noticias","category-saude"],"yoast_head":"<!-- This site is optimized with the Yoast SEO plugin v27.4 - https:\/\/yoast.com\/product\/yoast-seo-wordpress\/ -->\n<title>I Semin\u00e1rio Regional do Controle Social Educa\u00e7\u00e3o Permanente em Sa\u00fade - RS -<\/title>\n<meta name=\"robots\" content=\"index, follow, max-snippet:-1, max-image-preview:large, max-video-preview:-1\" \/>\n<link rel=\"canonical\" href=\"https:\/\/inclusivenews.com.br\/?p=19889\" \/>\n<meta property=\"og:locale\" content=\"pt_PT\" \/>\n<meta property=\"og:type\" content=\"article\" \/>\n<meta property=\"og:title\" content=\"I Semin\u00e1rio Regional do Controle Social Educa\u00e7\u00e3o Permanente em Sa\u00fade - RS -\" \/>\n<meta property=\"og:description\" content=\"A atividade se realizar\u00e1 nos dia 17 e 18 de Junho de 2011, em Porto Alegre.\" \/>\n<meta property=\"og:url\" content=\"https:\/\/inclusivenews.com.br\/?p=19889\" \/>\n<meta property=\"article:publisher\" content=\"https:\/\/www.facebook.com\/agenciainclusive\/\" \/>\n<meta property=\"article:published_time\" content=\"2011-06-16T04:09:24+00:00\" \/>\n<meta property=\"og:image\" content=\"http:\/\/inclusivenews.com.br\/wp-content\/uploads\/ciess.png\" \/>\n<meta name=\"author\" content=\"inclusivenews2024\" \/>\n<meta name=\"twitter:card\" content=\"summary_large_image\" \/>\n<meta name=\"twitter:label1\" content=\"Escrito por\" \/>\n\t<meta name=\"twitter:data1\" content=\"inclusivenews2024\" \/>\n\t<meta name=\"twitter:label2\" content=\"Tempo estimado de leitura\" \/>\n\t<meta name=\"twitter:data2\" content=\"3 minutos\" \/>\n<script type=\"application\/ld+json\" class=\"yoast-schema-graph\">{\"@context\":\"https:\\\/\\\/schema.org\",\"@graph\":[{\"@type\":\"Article\",\"@id\":\"https:\\\/\\\/inclusivenews.com.br\\\/?p=19889#article\",\"isPartOf\":{\"@id\":\"https:\\\/\\\/inclusivenews.com.br\\\/?p=19889\"},\"author\":{\"name\":\"inclusivenews2024\",\"@id\":\"https:\\\/\\\/inclusivenews.com.br\\\/#\\\/schema\\\/person\\\/ae4ec7087559b8692fb33b6fffd2273b\"},\"headline\":\"I Semin\u00e1rio Regional do Controle Social Educa\u00e7\u00e3o Permanente em Sa\u00fade &#8211; RS\",\"datePublished\":\"2011-06-16T04:09:24+00:00\",\"mainEntityOfPage\":{\"@id\":\"https:\\\/\\\/inclusivenews.com.br\\\/?p=19889\"},\"wordCount\":692,\"commentCount\":0,\"publisher\":{\"@id\":\"https:\\\/\\\/inclusivenews.com.br\\\/#organization\"},\"image\":{\"@id\":\"https:\\\/\\\/inclusivenews.com.br\\\/?p=19889#primaryimage\"},\"thumbnailUrl\":\"http:\\\/\\\/inclusivenews.com.br\\\/wp-content\\\/uploads\\\/ciess.png\",\"articleSection\":[\"Cursos e eventos\",\"NOT\u00cdCIAS\",\"Sa\u00fade\"],\"inLanguage\":\"pt-PT\",\"potentialAction\":[{\"@type\":\"CommentAction\",\"name\":\"Comment\",\"target\":[\"https:\\\/\\\/inclusivenews.com.br\\\/?p=19889#respond\"]}]},{\"@type\":\"WebPage\",\"@id\":\"https:\\\/\\\/inclusivenews.com.br\\\/?p=19889\",\"url\":\"https:\\\/\\\/inclusivenews.com.br\\\/?p=19889\",\"name\":\"I Semin\u00e1rio Regional do Controle Social Educa\u00e7\u00e3o Permanente em Sa\u00fade - RS -\",\"isPartOf\":{\"@id\":\"https:\\\/\\\/inclusivenews.com.br\\\/#website\"},\"primaryImageOfPage\":{\"@id\":\"https:\\\/\\\/inclusivenews.com.br\\\/?p=19889#primaryimage\"},\"image\":{\"@id\":\"https:\\\/\\\/inclusivenews.com.br\\\/?p=19889#primaryimage\"},\"thumbnailUrl\":\"http:\\\/\\\/inclusivenews.com.br\\\/wp-content\\\/uploads\\\/ciess.png\",\"datePublished\":\"2011-06-16T04:09:24+00:00\",\"breadcrumb\":{\"@id\":\"https:\\\/\\\/inclusivenews.com.br\\\/?p=19889#breadcrumb\"},\"inLanguage\":\"pt-PT\",\"potentialAction\":[{\"@type\":\"ReadAction\",\"target\":[\"https:\\\/\\\/inclusivenews.com.br\\\/?p=19889\"]}]},{\"@type\":\"ImageObject\",\"inLanguage\":\"pt-PT\",\"@id\":\"https:\\\/\\\/inclusivenews.com.br\\\/?p=19889#primaryimage\",\"url\":\"\",\"contentUrl\":\"\"},{\"@type\":\"BreadcrumbList\",\"@id\":\"https:\\\/\\\/inclusivenews.com.br\\\/?p=19889#breadcrumb\",\"itemListElement\":[{\"@type\":\"ListItem\",\"position\":1,\"name\":\"In\u00edcio\",\"item\":\"https:\\\/\\\/inclusivenews.com.br\\\/\"},{\"@type\":\"ListItem\",\"position\":2,\"name\":\"I Semin\u00e1rio Regional do Controle Social Educa\u00e7\u00e3o Permanente em Sa\u00fade &#8211; RS\"}]},{\"@type\":\"WebSite\",\"@id\":\"https:\\\/\\\/inclusivenews.com.br\\\/#website\",\"url\":\"https:\\\/\\\/inclusivenews.com.br\\\/\",\"name\":\"Inclusive News\",\"description\":\"Inclusive News\",\"publisher\":{\"@id\":\"https:\\\/\\\/inclusivenews.com.br\\\/#organization\"},\"potentialAction\":[{\"@type\":\"SearchAction\",\"target\":{\"@type\":\"EntryPoint\",\"urlTemplate\":\"https:\\\/\\\/inclusivenews.com.br\\\/?s={search_term_string}\"},\"query-input\":{\"@type\":\"PropertyValueSpecification\",\"valueRequired\":true,\"valueName\":\"search_term_string\"}}],\"inLanguage\":\"pt-PT\"},{\"@type\":\"Organization\",\"@id\":\"https:\\\/\\\/inclusivenews.com.br\\\/#organization\",\"name\":\"Inclusive - inclus\u00e3o e cidadania\",\"url\":\"https:\\\/\\\/inclusivenews.com.br\\\/\",\"logo\":{\"@type\":\"ImageObject\",\"inLanguage\":\"pt-PT\",\"@id\":\"https:\\\/\\\/inclusivenews.com.br\\\/#\\\/schema\\\/logo\\\/image\\\/\",\"url\":\"https:\\\/\\\/inclusivenews.com.br\\\/wp-content\\\/uploads\\\/2024\\\/03\\\/@grandesite.png\",\"contentUrl\":\"https:\\\/\\\/inclusivenews.com.br\\\/wp-content\\\/uploads\\\/2024\\\/03\\\/@grandesite.png\",\"width\":1080,\"height\":1080,\"caption\":\"Inclusive - inclus\u00e3o e cidadania\"},\"image\":{\"@id\":\"https:\\\/\\\/inclusivenews.com.br\\\/#\\\/schema\\\/logo\\\/image\\\/\"},\"sameAs\":[\"https:\\\/\\\/www.facebook.com\\\/agenciainclusive\\\/\",\"https:\\\/\\\/www.instagram.com\\\/newsinclusive\\\/\"]},{\"@type\":\"Person\",\"@id\":\"https:\\\/\\\/inclusivenews.com.br\\\/#\\\/schema\\\/person\\\/ae4ec7087559b8692fb33b6fffd2273b\",\"name\":\"inclusivenews2024\",\"image\":{\"@type\":\"ImageObject\",\"inLanguage\":\"pt-PT\",\"@id\":\"https:\\\/\\\/secure.gravatar.com\\\/avatar\\\/c5a7ef84c66fa914f55bc4f7ce26cfa275a3b9a1c5568b907bd184fb4dde7b40?s=96&d=mm&r=g\",\"url\":\"https:\\\/\\\/secure.gravatar.com\\\/avatar\\\/c5a7ef84c66fa914f55bc4f7ce26cfa275a3b9a1c5568b907bd184fb4dde7b40?s=96&d=mm&r=g\",\"contentUrl\":\"https:\\\/\\\/secure.gravatar.com\\\/avatar\\\/c5a7ef84c66fa914f55bc4f7ce26cfa275a3b9a1c5568b907bd184fb4dde7b40?s=96&d=mm&r=g\",\"caption\":\"inclusivenews2024\"},\"sameAs\":[\"https:\\\/\\\/inclusivenews.com.br\"],\"url\":\"https:\\\/\\\/inclusivenews.com.br\\\/?author=1\"}]}<\/script>\n<!-- \/ Yoast SEO plugin. -->","yoast_head_json":{"title":"I Semin\u00e1rio Regional do Controle Social Educa\u00e7\u00e3o Permanente em Sa\u00fade - RS -","robots":{"index":"index","follow":"follow","max-snippet":"max-snippet:-1","max-image-preview":"max-image-preview:large","max-video-preview":"max-video-preview:-1"},"canonical":"https:\/\/inclusivenews.com.br\/?p=19889","og_locale":"pt_PT","og_type":"article","og_title":"I Semin\u00e1rio Regional do Controle Social Educa\u00e7\u00e3o Permanente em Sa\u00fade - RS -","og_description":"A atividade se realizar\u00e1 nos dia 17 e 18 de Junho de 2011, em Porto Alegre.","og_url":"https:\/\/inclusivenews.com.br\/?p=19889","article_publisher":"https:\/\/www.facebook.com\/agenciainclusive\/","article_published_time":"2011-06-16T04:09:24+00:00","og_image":[{"url":"http:\/\/inclusivenews.com.br\/wp-content\/uploads\/ciess.png","type":"","width":"","height":""}],"author":"inclusivenews2024","twitter_card":"summary_large_image","twitter_misc":{"Escrito por":"inclusivenews2024","Tempo estimado de leitura":"3 minutos"},"schema":{"@context":"https:\/\/schema.org","@graph":[{"@type":"Article","@id":"https:\/\/inclusivenews.com.br\/?p=19889#article","isPartOf":{"@id":"https:\/\/inclusivenews.com.br\/?p=19889"},"author":{"name":"inclusivenews2024","@id":"https:\/\/inclusivenews.com.br\/#\/schema\/person\/ae4ec7087559b8692fb33b6fffd2273b"},"headline":"I Semin\u00e1rio Regional do Controle Social Educa\u00e7\u00e3o Permanente em Sa\u00fade &#8211; RS","datePublished":"2011-06-16T04:09:24+00:00","mainEntityOfPage":{"@id":"https:\/\/inclusivenews.com.br\/?p=19889"},"wordCount":692,"commentCount":0,"publisher":{"@id":"https:\/\/inclusivenews.com.br\/#organization"},"image":{"@id":"https:\/\/inclusivenews.com.br\/?p=19889#primaryimage"},"thumbnailUrl":"http:\/\/inclusivenews.com.br\/wp-content\/uploads\/ciess.png","articleSection":["Cursos e eventos","NOT\u00cdCIAS","Sa\u00fade"],"inLanguage":"pt-PT","potentialAction":[{"@type":"CommentAction","name":"Comment","target":["https:\/\/inclusivenews.com.br\/?p=19889#respond"]}]},{"@type":"WebPage","@id":"https:\/\/inclusivenews.com.br\/?p=19889","url":"https:\/\/inclusivenews.com.br\/?p=19889","name":"I Semin\u00e1rio Regional do Controle Social Educa\u00e7\u00e3o Permanente em Sa\u00fade - RS -","isPartOf":{"@id":"https:\/\/inclusivenews.com.br\/#website"},"primaryImageOfPage":{"@id":"https:\/\/inclusivenews.com.br\/?p=19889#primaryimage"},"image":{"@id":"https:\/\/inclusivenews.com.br\/?p=19889#primaryimage"},"thumbnailUrl":"http:\/\/inclusivenews.com.br\/wp-content\/uploads\/ciess.png","datePublished":"2011-06-16T04:09:24+00:00","breadcrumb":{"@id":"https:\/\/inclusivenews.com.br\/?p=19889#breadcrumb"},"inLanguage":"pt-PT","potentialAction":[{"@type":"ReadAction","target":["https:\/\/inclusivenews.com.br\/?p=19889"]}]},{"@type":"ImageObject","inLanguage":"pt-PT","@id":"https:\/\/inclusivenews.com.br\/?p=19889#primaryimage","url":"","contentUrl":""},{"@type":"BreadcrumbList","@id":"https:\/\/inclusivenews.com.br\/?p=19889#breadcrumb","itemListElement":[{"@type":"ListItem","position":1,"name":"In\u00edcio","item":"https:\/\/inclusivenews.com.br\/"},{"@type":"ListItem","position":2,"name":"I Semin\u00e1rio Regional do Controle Social Educa\u00e7\u00e3o Permanente em Sa\u00fade &#8211; RS"}]},{"@type":"WebSite","@id":"https:\/\/inclusivenews.com.br\/#website","url":"https:\/\/inclusivenews.com.br\/","name":"Inclusive News","description":"Inclusive News","publisher":{"@id":"https:\/\/inclusivenews.com.br\/#organization"},"potentialAction":[{"@type":"SearchAction","target":{"@type":"EntryPoint","urlTemplate":"https:\/\/inclusivenews.com.br\/?s={search_term_string}"},"query-input":{"@type":"PropertyValueSpecification","valueRequired":true,"valueName":"search_term_string"}}],"inLanguage":"pt-PT"},{"@type":"Organization","@id":"https:\/\/inclusivenews.com.br\/#organization","name":"Inclusive - inclus\u00e3o e cidadania","url":"https:\/\/inclusivenews.com.br\/","logo":{"@type":"ImageObject","inLanguage":"pt-PT","@id":"https:\/\/inclusivenews.com.br\/#\/schema\/logo\/image\/","url":"https:\/\/inclusivenews.com.br\/wp-content\/uploads\/2024\/03\/@grandesite.png","contentUrl":"https:\/\/inclusivenews.com.br\/wp-content\/uploads\/2024\/03\/@grandesite.png","width":1080,"height":1080,"caption":"Inclusive - inclus\u00e3o e cidadania"},"image":{"@id":"https:\/\/inclusivenews.com.br\/#\/schema\/logo\/image\/"},"sameAs":["https:\/\/www.facebook.com\/agenciainclusive\/","https:\/\/www.instagram.com\/newsinclusive\/"]},{"@type":"Person","@id":"https:\/\/inclusivenews.com.br\/#\/schema\/person\/ae4ec7087559b8692fb33b6fffd2273b","name":"inclusivenews2024","image":{"@type":"ImageObject","inLanguage":"pt-PT","@id":"https:\/\/secure.gravatar.com\/avatar\/c5a7ef84c66fa914f55bc4f7ce26cfa275a3b9a1c5568b907bd184fb4dde7b40?s=96&d=mm&r=g","url":"https:\/\/secure.gravatar.com\/avatar\/c5a7ef84c66fa914f55bc4f7ce26cfa275a3b9a1c5568b907bd184fb4dde7b40?s=96&d=mm&r=g","contentUrl":"https:\/\/secure.gravatar.com\/avatar\/c5a7ef84c66fa914f55bc4f7ce26cfa275a3b9a1c5568b907bd184fb4dde7b40?s=96&d=mm&r=g","caption":"inclusivenews2024"},"sameAs":["https:\/\/inclusivenews.com.br"],"url":"https:\/\/inclusivenews.com.br\/?author=1"}]}},"_links":{"self":[{"href":"https:\/\/inclusivenews.com.br\/index.php?rest_route=\/wp\/v2\/posts\/19889","targetHints":{"allow":["GET"]}}],"collection":[{"href":"https:\/\/inclusivenews.com.br\/index.php?rest_route=\/wp\/v2\/posts"}],"about":[{"href":"https:\/\/inclusivenews.com.br\/index.php?rest_route=\/wp\/v2\/types\/post"}],"author":[{"embeddable":true,"href":"https:\/\/inclusivenews.com.br\/index.php?rest_route=\/wp\/v2\/users\/1"}],"replies":[{"embeddable":true,"href":"https:\/\/inclusivenews.com.br\/index.php?rest_route=%2Fwp%2Fv2%2Fcomments&post=19889"}],"version-history":[{"count":0,"href":"https:\/\/inclusivenews.com.br\/index.php?rest_route=\/wp\/v2\/posts\/19889\/revisions"}],"wp:attachment":[{"href":"https:\/\/inclusivenews.com.br\/index.php?rest_route=%2Fwp%2Fv2%2Fmedia&parent=19889"}],"wp:term":[{"taxonomy":"category","embeddable":true,"href":"https:\/\/inclusivenews.com.br\/index.php?rest_route=%2Fwp%2Fv2%2Fcategories&post=19889"},{"taxonomy":"post_tag","embeddable":true,"href":"https:\/\/inclusivenews.com.br\/index.php?rest_route=%2Fwp%2Fv2%2Ftags&post=19889"}],"curies":[{"name":"wp","href":"https:\/\/api.w.org\/{rel}","templated":true}]}}