{"id":19899,"date":"2011-06-16T01:09:06","date_gmt":"2011-06-16T04:09:06","guid":{"rendered":"http:\/\/www.inclusive.org.br\/?p=19899"},"modified":"2011-06-16T01:09:06","modified_gmt":"2011-06-16T04:09:06","slug":"um-pais-de-ricos-e-miseraveis","status":"publish","type":"post","link":"https:\/\/inclusivenews.com.br\/?p=19899","title":{"rendered":"Um pa\u00eds de ricos e miser\u00e1veis"},"content":{"rendered":"<figure id=\"attachment_19900\" aria-describedby=\"caption-attachment-19900\" style=\"width: 300px\" class=\"wp-caption alignleft\"><img loading=\"lazy\" decoding=\"async\" class=\"size-medium wp-image-19900\" title=\"2011-06-03_onu-apoia-programa-brasil-sem-miseria_gg\" src=\"http:\/\/inclusivenews.com.br\/wp-content\/uploads\/2011-06-03_onu-apoia-programa-brasil-sem-miseria_gg-300x188.jpg\" alt=\"Logotipo do plano Brasil sem mis\u00e9ria - Mapa do Brasil com v\u00e1rios s\u00edmbolos desenhados nas cores azul, amarelo, verde e vermelho, entre eles um prato com garfo e faca, uma torneira d\u00e1gua enchendo um copo, uma cruz vermelha, um trator, um \u00f4nibus, um beb\u00ea, uma casa, etc.\" width=\"300\" height=\"188\" \/><figcaption id=\"caption-attachment-19900\" class=\"wp-caption-text\">Logotipo do plano Brasil sem mis\u00e9ria - Mapa do Brasil com v\u00e1rios s\u00edmbolos desenhados nas cores azul, amarelo, verde e vermelho, entre eles um prato com garfo e faca, uma torneira d\u00e1gua enchendo um copo, uma cruz vermelha, um trator, um \u00f4nibus, um beb\u00ea, uma casa, etc.<\/figcaption><\/figure>\n<p>Mesmo sendo a 7\u00aa economia mundial, pa\u00eds tem 44 milh\u00f5es de pessoas  pobres. Pesquisadores debatem as motiva\u00e7\u00f5es e os efeitos poss\u00edveis do  programa Brasil sem mis\u00e9ria, lan\u00e7ado pelo governo federal para acabar  com a pobreza extrema.<\/p>\n<p>A reportagem \u00e9 de Raquel J\u00fania e publicada pelo s\u00edtio da Escola Polit\u00e9cnica de Sa\u00fade Joaquim Ven\u00e2ncio (EPSJV\/Fiocruz), 10-06-2011.<\/p>\n<p>O lan\u00e7amento do programa Brasil sem mis\u00e9ria, na semana passada, pela presidente Dilma Roussef,  prop\u00f5e um exerc\u00edcio de imagina\u00e7\u00e3o. &#8220;J\u00e1 pensou quando acabarmos de vez  com a mis\u00e9ria?&#8221;, dizem as pe\u00e7as publicit\u00e1rias sobre a nova estrat\u00e9gia  governamental. As propagandas associam ainda o crescimento do pa\u00eds ao  fim da pobreza extrema, meta que o governo pretende cumprir. S\u00e3o  consideradas como miser\u00e1veis absolutas as pessoas que vivem com at\u00e9 R$  70 reais mensais. Pelos dados divulgados pelo governo no lan\u00e7amento do  programa, h\u00e1 16,2 milh\u00f5es de pessoas nessa situa\u00e7\u00e3o e outras 28 milh\u00f5es  em situa\u00e7\u00e3o de pobreza. Pelos dados do Programa para as Na\u00e7\u00f5es Unidas para o Desenvolvimento (Pnud),  de 2010, o Brasil est\u00e1 entre os sete pa\u00edses mais desiguais do mundo,  apesar de estar tamb\u00e9m entre os sete gigantes da economia mundial. Os  dados mostram que as contradi\u00e7\u00f5es e os desafios s\u00e3o muitos. \u00c9 poss\u00edvel  que o exerc\u00edcio de imagina\u00e7\u00e3o proposto pelo governo federal se torne  realidade?<\/p>\n<p>De acordo com o decreto que institui o Brasil sem mis\u00e9ria,  o programa tem tr\u00eas objetivos, todos destinados \u00e0 popula\u00e7\u00e3o  extremamente pobre: elevar a renda per capita; ampliar o acesso aos  servi\u00e7os p\u00fablicos; e propiciar o acesso a oportunidades de ocupa\u00e7\u00e3o e  renda, por meio de a\u00e7\u00f5es de inclus\u00e3o produtiva. Constituem a\u00e7\u00f5es do  programa a expans\u00e3o de pol\u00edticas j\u00e1 existentes como \u2018Bolsa-fam\u00edlia&#8217;, \u2018Luz para todos&#8217;, \u2018Rede Cegonha&#8217; e \u2018Brasil Alfabetizado&#8217;,  entre v\u00e1rios outras. A inova\u00e7\u00e3o, segundo o governo, est\u00e1 ,sobretudo, no  fato de que pessoas que at\u00e9 ent\u00e3o n\u00e3o s\u00e3o contempladas por nenhuma  dessas pol\u00edticas por fazerem parte de &#8220;uma pobreza t\u00e3o pobre que  dificilmente \u00e9 alcan\u00e7ada pela a\u00e7\u00e3o do Estado&#8221; passar\u00e3o a ser, j\u00e1 que  ser\u00e1 feita uma busca ativa para encontr\u00e1-las. Est\u00e3o previstas tamb\u00e9m  a\u00e7\u00f5es diferenciadas para a cidade e para o campo, onde a previs\u00e3o \u00e9  garantir assist\u00eancia t\u00e9cnica. &#8220;Assim, todo o pa\u00eds vai sair lucrando,  pois cada pessoa que sai da mis\u00e9ria \u00e9 um novo produtor, um novo  consumidor e, antes de tudo, um novo brasileiro disposto a construir um  novo Brasil, mais justo e mais humano&#8221;, diz a apresenta\u00e7\u00e3o do programa.<\/p>\n<p>Para o economista Marcio Pochmann,  do Instituto de Pesquisa Econ\u00f4mica Aplicada (Ipea), o programa \u00e9 uma  inova\u00e7\u00e3o na pol\u00edtica social brasileira por estabelecer uma linha de  pobreza para a qual foram definidas metas de atua\u00e7\u00e3o da pol\u00edtica  p\u00fablica. Pochmann destaca que  desde a redemocratiza\u00e7\u00e3o at\u00e9 a atualidade, os governos sempre tiveram  metas para a \u00e1rea econ\u00f4mica, como metas de infla\u00e7\u00e3o e de super\u00e1vit  fiscal, mas metas para a \u00e1rea social como um todo ainda n\u00e3o haviam sido  estabelecidas. &#8220;Evidentemente que cada uma das \u00e1reas em separado tem as  suas pr\u00f3prias metas, como metas de vacina\u00e7\u00e3o ou de universaliza\u00e7\u00e3o da  escola, mas n\u00e3o havia uma meta social que desse conta de uma s\u00edntese do  ponto de vista da a\u00e7\u00e3o governamental. Essa forma de atua\u00e7\u00e3o da \u00e1rea  social n\u00e3o permitiu, por exemplo, que n\u00f3s tiv\u00e9ssemos uma coordena\u00e7\u00e3o na  \u00e1rea social. Ent\u00e3o, \u00e9 uma inova\u00e7\u00e3o o estabelecimento de uma linha de  pobreza e, ao mesmo tempo, o compromisso do governo de tirar as pessoas  dessa condi\u00e7\u00e3o de extremamente pobres&#8221;, avalia.<\/p>\n<p>O pesquisador ressalta que o programa visa atingir um n\u00famero  consider\u00e1vel de pessoas, praticamente um a cada dez brasileiros. &#8220;\u00c9 o  segmento que diz respeito ao n\u00facleo duro da pobreza brasileira, de  dif\u00edcil acesso e que, portanto, exigir\u00e1 uma maior capacidade de  interven\u00e7\u00e3o do governo. Nesse sentido, \u00e9 fundamental as a\u00e7\u00f5es estarem  cada vez mais articuladas do ponto de vista federal, estadual e  municipal&#8221;, analisa. &#8220;O Brasil, quando era a oitava economia mundial em  1980, j\u00e1 poderia ter superado a extrema pobreza. N\u00e3o havia raz\u00e3o para  que o Brasil tivesse extrema pobreza, a raz\u00e3o era pol\u00edtica. E hoje somos  a s\u00e9tima economia do mundo, n\u00e3o h\u00e1 raz\u00e3o para termos essa quantidade  expressiva de pobres. N\u00e3o \u00e9 que n\u00e3o tenha alimentos, o problema \u00e9  pol\u00edtico&#8221;, completa.<\/p>\n<p>Marcio Pochmann observa  que a defini\u00e7\u00e3o governamental de superar a condi\u00e7\u00e3o de miserabilidade  n\u00e3o quer dizer que o pa\u00eds chegar\u00e1 a uma condi\u00e7\u00e3o na qual n\u00e3o haver\u00e1 mais  miser\u00e1veis, mas significar\u00e1 um avan\u00e7o muito significativo nesse  sentido. &#8220;Certamente haver\u00e1 miser\u00e1veis pelas vulnerabilidades impostas  por uma economia de mercado, mas do ponto de vista estat\u00edstico isso ser\u00e1  residual&#8221;, aposta. Para o pesquisador, pa\u00edses desenvolvidos mostram  que, do ponto de vista estat\u00edstico, inexistem miser\u00e1veis. &#8220;S\u00e3o condi\u00e7\u00f5es  de ordem econ\u00f4mica que permitiram, por interm\u00e9dio da pol\u00edtica p\u00fablica,  praticamente a resolu\u00e7\u00e3o da condi\u00e7\u00e3o de mis\u00e9ria. Evidentemente que a  pobreza existe, mas cada vez mais \u00e9 uma pobreza relativa&#8221;, diz.<\/p>\n<p>Pochmann acrescenta que o modelo  de desenvolvimento do Brasil \u00e9 cada vez mais combinar o progresso  econ\u00f4mico com avan\u00e7o social. &#8220;N\u00e3o h\u00e1 men\u00e7\u00e3o de supera\u00e7\u00e3o do modo de  produ\u00e7\u00e3o capitalista, pelo contr\u00e1rio, \u00e9 um aprofundamento do  desenvolvimento capitalista, mas com travas de garantias de maior  justi\u00e7a na distribui\u00e7\u00e3o dos frutos do processo econ\u00f4mico&#8221;, afirma.<\/p>\n<p>Pol\u00edtica de gotejamento<\/p>\n<p>Para Virg\u00ednia Fontes,  professora-pesquisadora da Escola Polit\u00e9cnica de Sa\u00fade Joaquim Ven\u00e2ncio  (EPSJV\/Fiocruz) e da Universidade Federal Fluminense, a propaganda do  governo de que todos sair\u00e3o ganhando com o Brasil sem Mis\u00e9ria,  n\u00e3o \u00e9 mentirosa, j\u00e1 que h\u00e1 um ganho, embora muito pequeno, para os  setores pobres e ganhos maiores tamb\u00e9m para os setores ricos. &#8220;Isso est\u00e1  expresso como promessa e de fato aconteceu ao longo dos \u00faltimos oito  anos, tanto na medida em que houve expans\u00e3o do mercado interno, que \u00e9 o  mais evidente e mais imediato, mas, sobretudo, no aprofundamento da  d\u00edvida interna&#8221;, diz.<\/p>\n<p>A professora ressalta que, mesmo diante de todas as cr\u00edticas, \u00e9 preciso  considerar que, com o programa, h\u00e1 ganhos m\u00ednimos para as pessoas pobres  no contexto de um pa\u00eds de extrema desigualdade como o Brasil. &#8220;Uma  pol\u00edtica de gotejamento como esta, que distribui gota de \u00e1gua para  regi\u00f5es muito \u00e1ridas socialmente, surte algum efeito, j\u00e1 que \u00e9 melhor  ter gota d&#8217;\u00e1gua do que n\u00e3o ter \u00e1gua nenhuma. Do ponto de vista da  redu\u00e7\u00e3o da mis\u00e9ria absoluta, ele atinge alguma coisa, mas n\u00e3o altera as  condi\u00e7\u00f5es da desigualdade e ir\u00e1 continuar sem alterar essas condi\u00e7\u00f5es&#8221;.  Para ela, essas mudan\u00e7as m\u00ednimas n\u00e3o significam garantia de direitos. &#8220;\u00c9  uma gota calibrada: n\u00e3o tem processo de reajuste, n\u00e3o tem compromisso  com produ\u00e7\u00e3o qualificada de trabalho socializado, tem um compromisso  estritamente m\u00ednimo, que \u00e9 dar uma renda minim\u00edssima para os setores de  pior condi\u00e7\u00e3o. \u00c9 melhor isso do que nada, mas isso n\u00e3o \u00e9 um direito. A  constru\u00e7\u00e3o de direitos est\u00e1 bloqueada pela oferta de programas&#8221;, aponta.<\/p>\n<p>Com R$ 20 bilh\u00f5es \u00e9 poss\u00edvel acabar com a mis\u00e9ria brasileira?<\/p>\n<p>Paralelamente \u00e0s a\u00e7\u00f5es do Brasil sem mis\u00e9ria,  o governo afirma que est\u00e1 montando tamb\u00e9m um completo mapa sobre a  pobreza do Brasil. Pelos dados preliminares do ultimo censo demogr\u00e1fico  do Instituto Brasileiro de Geografia e Estat\u00edsticas (IBGE)  de 2010, que embasaram a cria\u00e7\u00e3o da proposta, aproximadamente 46 %  desses brasileiros extremamente pobres vivem na \u00e1rea rural. Al\u00e9m disso,  59% est\u00e3o na regi\u00e3o Nordeste e cerca de 70% dos extremamente pobres s\u00e3o  pretos ou pardos. Os dados mostram ainda que 39,9% da popula\u00e7\u00e3o ind\u00edgena  do Brasil \u00e9 extremamente pobre.<\/p>\n<p>No lan\u00e7amento do programa, foi anunciado que o montante de recursos  empregados para as a\u00e7\u00f5es ser\u00e1 em torno de R$ 20 bilh\u00f5es anuais.  Entretanto, em 2010, os recursos gastos apenas para o pagamento do Bolsa  Fam\u00edlia ficaram em torno de R$ 13 bilh\u00f5es. Para Pochmann,  diferentemente de outras decis\u00f5es governamentais, o recurso n\u00e3o \u00e9 o  determinante dessa op\u00e7\u00e3o. &#8220;No passado se estabelecia um programa e se  dizia: \u2018vai se gastar tanto&#8217;. Em determinado momento se dizia que os  recursos n\u00e3o seriam suficientes: \u2018bom, \u00e9 esse recurso que temos e  infelizmente n\u00e3o ser\u00e1 poss\u00edvel atender ao compromisso daquele programa&#8217;.  Ent\u00e3o, o recurso \u00e9 que determinava a capacidade de interven\u00e7\u00e3o, sem  recurso n\u00e3o tinha a\u00e7\u00e3o. Hoje, o que determina a capacidade de  interven\u00e7\u00e3o n\u00e3o \u00e9 o recurso, embora, claro, sem o recurso n\u00e3o tenha  a\u00e7\u00e3o. Mas o determinante \u00e9 o compromisso que o governo tomou. Ele diz  que vai superar a pobreza extrema; se n\u00e3o superar, \u00e9 o item em que o  governo fracassou. E, ent\u00e3o, a oposi\u00e7\u00e3o ter\u00e1 mais for\u00e7a em seu  argumento&#8221;, opina.<\/p>\n<p>A professora-pesquisadora da Escola Polit\u00e9cnica de Sa\u00fade Joaquim Ven\u00e2ncio (EPSJV\/Fiocruz) Ial\u00ea Falleiros  tem uma opini\u00e3o diferente sobre os recursos destinados ao programa.  Para ela, o montante de recursos empregados n\u00e3o demonstra uma  prioriza\u00e7\u00e3o dessas pol\u00edticas sociais. &#8220;R$ 20 bilh\u00f5es, isoladamente,  parece interessante, mas quando olhamos o que \u00e9 o or\u00e7amento federal,  vemos que um valor muito maior do que esse \u00e9 destinado para pagar a  d\u00edvida p\u00fablica&#8221;, critica, mostrando uma reportagem do Pnud sobre  o programa cujo t\u00edtulo \u00e9 \u2018Brasil sem mis\u00e9ria e lucro para empres\u00e1rios&#8217;.  De fato, do total do or\u00e7amento do governo federal previsto para 2011 e  aprovado pelo Congresso no final de 2010 &#8211;\u00a0 R$ 2,07 trilh\u00f5es -, R$ 678,5  bilh\u00f5es ser\u00e3o destinados para o pagamento da d\u00edvida p\u00fablica. &#8220;Ent\u00e3o  qual \u00e9 o recado que esse programa quer passar do ponto de vista  pol\u00edtico, j\u00e1 que em termos econ\u00f4micos ele \u00e9 uma fal\u00e1cia? \u00c9 o mesmo  recado que os organismos internacionais v\u00eam propondo em rela\u00e7\u00e3o ao  mundo: fazer parecer que tudo \u00e9 uma coisa linda, porque todos est\u00e3o  engajados em colabora\u00e7\u00e3o, setores p\u00fablicos e privados, todas as classes  em sinergia em torno da proposta de colabora\u00e7\u00e3o para melhorar o mundo&#8221;,  observa.<\/p>\n<p>De acordo com a professora, h\u00e1 uma tentativa de afastamento das vis\u00f5es  cr\u00edticas que faz parecer, por exemplo, que os pesquisadores que  questionam esse tipo de pol\u00edtica est\u00e3o contra melhorar a vida das  pessoas. &#8220;N\u00e3o \u00e9 poss\u00edvel ser contra beneficiar as pessoas que mais  precisam, mas ao mesmo tempo, se n\u00e3o tivermos esse olhar ampliado para  al\u00e9m dessa vis\u00e3o triunfalista do desenvolvimento, n\u00f3s realmente n\u00e3o  vamos enxergar essas nuances&#8221;, pontua.<\/p>\n<p>Virg\u00edna Fontes lembra que no momento da posse da presidente Dilma  o valor mencionado para combater a extrema pobreza girava em torno de  R$ 40 bilh\u00f5es, o dobro do que foi anunciado agora. &#8220;Isso indica que deve  ter tido muita queda de bra\u00e7o entre os setores que v\u00e3o ser contemplados  com recursos p\u00fablicos. Porque a discuss\u00e3o era de eventualmente chegar a  R$ 40 bilh\u00f5es do programa de bolsas, no sentido de avan\u00e7ar  significativamente para uma melhoria m\u00ednima das condi\u00e7\u00f5es de vida de  praticamente toda a popula\u00e7\u00e3o brasileira. De fato, \u00e9 uma melhoria m\u00ednima  e \u00e9 poss\u00edvel perceber isso pelo programa lan\u00e7ado agora&#8221;, afirma. Para a  professora, o essencial da proposta \u00e9 a manuten\u00e7\u00e3o do Bolsa Fam\u00edlia,  embora com uma abrang\u00eancia maior, mas que n\u00e3o corresponde ao plano  original do governo.<\/p>\n<p>Remendo<\/p>\n<p>Na avalia\u00e7\u00e3o de Virg\u00ednia, com  esse programa, o governo federal busca atualizar na ret\u00f3rica a luta  popular que, na pr\u00e1tica, ele tenta desmantelar. Segundo ela, o slogan  principal do governo \u2018Pa\u00eds rico \u00e9 pa\u00eds sem mis\u00e9ria&#8217;, expressa uma  contradi\u00e7\u00e3o do modelo de produ\u00e7\u00e3o. &#8220;Essa luta contra a mis\u00e9ria tem um  lado ligado \u00e0 pr\u00f3pria expans\u00e3o do capital internacional, da atua\u00e7\u00e3o do  banco mundial, de uma nova filantropiza\u00e7\u00e3o. Mas tamb\u00e9m resulta de  press\u00f5es e lutas de setores populares fortes. S\u00f3 que, para n\u00e3o ter  mis\u00e9ria nesse modelo, \u00e9 preciso ser cada vez mais rico, o que significa  que atacar a mis\u00e9ria \u00e9 garantir a produ\u00e7\u00e3o crescente da concentra\u00e7\u00e3o da  riqueza&#8221;, contesta.<\/p>\n<p>Destacando que o capitalismo \u00e9 um modo de produ\u00e7\u00e3o que gera crises  permanentemente, ela situa o Brasil sem mis\u00e9ria. &#8220;Do ponto de vista da  l\u00f3gica das crises do capitalismo, esse programa significa um grande  remendo para tapar uma parte da trag\u00e9dia social que foi sendo constru\u00edda  ao longo dos s\u00e9culos XX e XXI, com a expropria\u00e7\u00e3o massiva da popula\u00e7\u00e3o e  a forma\u00e7\u00e3o, pela expans\u00e3o do capital, de uma massa de m\u00e3o de obra  gigantesca, dispon\u00edvel para fazer qualquer neg\u00f3cio. Essa massa corria o  risco de derrubar tudo, ent\u00e3o, para que n\u00e3o derrubem tudo e se garanta  que a concentra\u00e7\u00e3o siga de maneira mais tranquila, se faz uma pol\u00edtica  dessas. N\u00e3o \u00e9 uma pol\u00edtica que reforce as condi\u00e7\u00f5es de auto-organiza\u00e7\u00e3o  da popula\u00e7\u00e3o, mas sim da burguesia&#8221;, define.<\/p>\n<p>Entretanto, de acordo com a pesquisadora, existe a possibilidade de o  programa desencadear tamb\u00e9m processos de contesta\u00e7\u00e3o. &#8220;Imaginando que  ele d\u00ea completamente certo, essa popula\u00e7\u00e3o, at\u00e9 porque consegue  respirar, pode reaprender a gritar e a gritar em novo tom&#8221;, diz.<\/p>\n<p>Fonte &#8211; Instituto Humanitas<\/p>\n","protected":false},"excerpt":{"rendered":"<p>Pesquisadores debatem as motiva\u00e7\u00f5es e os efeitos poss\u00edveis do programa Brasil sem mis\u00e9ria, lan\u00e7ado pelo governo federal para acabar com a pobreza extrema. <\/p>\n","protected":false},"author":1,"featured_media":0,"comment_status":"open","ping_status":"open","sticky":false,"template":"","format":"standard","meta":{"site-container-style":"default","site-container-layout":"default","site-sidebar-layout":"default","disable-article-header":"default","disable-site-header":"default","disable-site-footer":"default","disable-content-area-spacing":"default","footnotes":""},"categories":[48,4,49],"tags":[],"class_list":["post-19899","post","type-post","status-publish","format-standard","hentry","category-inclusao","category-noticias","category-politicas-publicas"],"yoast_head":"<!-- This site is optimized with the Yoast SEO plugin v27.4 - https:\/\/yoast.com\/product\/yoast-seo-wordpress\/ -->\n<title>Um pa\u00eds de ricos e miser\u00e1veis -<\/title>\n<meta name=\"robots\" content=\"index, follow, max-snippet:-1, max-image-preview:large, max-video-preview:-1\" \/>\n<link rel=\"canonical\" href=\"https:\/\/inclusivenews.com.br\/?p=19899\" \/>\n<meta property=\"og:locale\" content=\"pt_PT\" \/>\n<meta property=\"og:type\" content=\"article\" \/>\n<meta property=\"og:title\" content=\"Um pa\u00eds de ricos e miser\u00e1veis -\" \/>\n<meta property=\"og:description\" content=\"Pesquisadores debatem as motiva\u00e7\u00f5es e os efeitos poss\u00edveis do programa Brasil sem mis\u00e9ria, lan\u00e7ado pelo governo federal para acabar com a pobreza extrema.\" \/>\n<meta property=\"og:url\" content=\"https:\/\/inclusivenews.com.br\/?p=19899\" \/>\n<meta property=\"article:publisher\" content=\"https:\/\/www.facebook.com\/agenciainclusive\/\" \/>\n<meta property=\"article:published_time\" content=\"2011-06-16T04:09:06+00:00\" \/>\n<meta property=\"og:image\" content=\"http:\/\/inclusivenews.com.br\/wp-content\/uploads\/2011-06-03_onu-apoia-programa-brasil-sem-miseria_gg-300x188.jpg\" \/>\n<meta name=\"author\" content=\"inclusivenews2024\" \/>\n<meta name=\"twitter:card\" content=\"summary_large_image\" \/>\n<meta name=\"twitter:label1\" content=\"Escrito por\" \/>\n\t<meta name=\"twitter:data1\" content=\"inclusivenews2024\" \/>\n\t<meta name=\"twitter:label2\" content=\"Tempo estimado de leitura\" \/>\n\t<meta name=\"twitter:data2\" content=\"12 minutos\" \/>\n<script type=\"application\/ld+json\" class=\"yoast-schema-graph\">{\"@context\":\"https:\\\/\\\/schema.org\",\"@graph\":[{\"@type\":\"Article\",\"@id\":\"https:\\\/\\\/inclusivenews.com.br\\\/?p=19899#article\",\"isPartOf\":{\"@id\":\"https:\\\/\\\/inclusivenews.com.br\\\/?p=19899\"},\"author\":{\"name\":\"inclusivenews2024\",\"@id\":\"https:\\\/\\\/inclusivenews.com.br\\\/#\\\/schema\\\/person\\\/ae4ec7087559b8692fb33b6fffd2273b\"},\"headline\":\"Um pa\u00eds de ricos e miser\u00e1veis\",\"datePublished\":\"2011-06-16T04:09:06+00:00\",\"mainEntityOfPage\":{\"@id\":\"https:\\\/\\\/inclusivenews.com.br\\\/?p=19899\"},\"wordCount\":2372,\"commentCount\":0,\"publisher\":{\"@id\":\"https:\\\/\\\/inclusivenews.com.br\\\/#organization\"},\"image\":{\"@id\":\"https:\\\/\\\/inclusivenews.com.br\\\/?p=19899#primaryimage\"},\"thumbnailUrl\":\"http:\\\/\\\/inclusivenews.com.br\\\/wp-content\\\/uploads\\\/2011-06-03_onu-apoia-programa-brasil-sem-miseria_gg-300x188.jpg\",\"articleSection\":[\"INCLUS\u00c3O SOCIAL\",\"NOT\u00cdCIAS\",\"Pol\u00edticas p\u00fablicas\"],\"inLanguage\":\"pt-PT\",\"potentialAction\":[{\"@type\":\"CommentAction\",\"name\":\"Comment\",\"target\":[\"https:\\\/\\\/inclusivenews.com.br\\\/?p=19899#respond\"]}]},{\"@type\":\"WebPage\",\"@id\":\"https:\\\/\\\/inclusivenews.com.br\\\/?p=19899\",\"url\":\"https:\\\/\\\/inclusivenews.com.br\\\/?p=19899\",\"name\":\"Um pa\u00eds de ricos e miser\u00e1veis -\",\"isPartOf\":{\"@id\":\"https:\\\/\\\/inclusivenews.com.br\\\/#website\"},\"primaryImageOfPage\":{\"@id\":\"https:\\\/\\\/inclusivenews.com.br\\\/?p=19899#primaryimage\"},\"image\":{\"@id\":\"https:\\\/\\\/inclusivenews.com.br\\\/?p=19899#primaryimage\"},\"thumbnailUrl\":\"http:\\\/\\\/inclusivenews.com.br\\\/wp-content\\\/uploads\\\/2011-06-03_onu-apoia-programa-brasil-sem-miseria_gg-300x188.jpg\",\"datePublished\":\"2011-06-16T04:09:06+00:00\",\"breadcrumb\":{\"@id\":\"https:\\\/\\\/inclusivenews.com.br\\\/?p=19899#breadcrumb\"},\"inLanguage\":\"pt-PT\",\"potentialAction\":[{\"@type\":\"ReadAction\",\"target\":[\"https:\\\/\\\/inclusivenews.com.br\\\/?p=19899\"]}]},{\"@type\":\"ImageObject\",\"inLanguage\":\"pt-PT\",\"@id\":\"https:\\\/\\\/inclusivenews.com.br\\\/?p=19899#primaryimage\",\"url\":\"\",\"contentUrl\":\"\"},{\"@type\":\"BreadcrumbList\",\"@id\":\"https:\\\/\\\/inclusivenews.com.br\\\/?p=19899#breadcrumb\",\"itemListElement\":[{\"@type\":\"ListItem\",\"position\":1,\"name\":\"In\u00edcio\",\"item\":\"https:\\\/\\\/inclusivenews.com.br\\\/\"},{\"@type\":\"ListItem\",\"position\":2,\"name\":\"Um pa\u00eds de ricos e miser\u00e1veis\"}]},{\"@type\":\"WebSite\",\"@id\":\"https:\\\/\\\/inclusivenews.com.br\\\/#website\",\"url\":\"https:\\\/\\\/inclusivenews.com.br\\\/\",\"name\":\"Inclusive News\",\"description\":\"Inclusive News\",\"publisher\":{\"@id\":\"https:\\\/\\\/inclusivenews.com.br\\\/#organization\"},\"potentialAction\":[{\"@type\":\"SearchAction\",\"target\":{\"@type\":\"EntryPoint\",\"urlTemplate\":\"https:\\\/\\\/inclusivenews.com.br\\\/?s={search_term_string}\"},\"query-input\":{\"@type\":\"PropertyValueSpecification\",\"valueRequired\":true,\"valueName\":\"search_term_string\"}}],\"inLanguage\":\"pt-PT\"},{\"@type\":\"Organization\",\"@id\":\"https:\\\/\\\/inclusivenews.com.br\\\/#organization\",\"name\":\"Inclusive - inclus\u00e3o e cidadania\",\"url\":\"https:\\\/\\\/inclusivenews.com.br\\\/\",\"logo\":{\"@type\":\"ImageObject\",\"inLanguage\":\"pt-PT\",\"@id\":\"https:\\\/\\\/inclusivenews.com.br\\\/#\\\/schema\\\/logo\\\/image\\\/\",\"url\":\"https:\\\/\\\/inclusivenews.com.br\\\/wp-content\\\/uploads\\\/2024\\\/03\\\/@grandesite.png\",\"contentUrl\":\"https:\\\/\\\/inclusivenews.com.br\\\/wp-content\\\/uploads\\\/2024\\\/03\\\/@grandesite.png\",\"width\":1080,\"height\":1080,\"caption\":\"Inclusive - inclus\u00e3o e cidadania\"},\"image\":{\"@id\":\"https:\\\/\\\/inclusivenews.com.br\\\/#\\\/schema\\\/logo\\\/image\\\/\"},\"sameAs\":[\"https:\\\/\\\/www.facebook.com\\\/agenciainclusive\\\/\",\"https:\\\/\\\/www.instagram.com\\\/newsinclusive\\\/\"]},{\"@type\":\"Person\",\"@id\":\"https:\\\/\\\/inclusivenews.com.br\\\/#\\\/schema\\\/person\\\/ae4ec7087559b8692fb33b6fffd2273b\",\"name\":\"inclusivenews2024\",\"image\":{\"@type\":\"ImageObject\",\"inLanguage\":\"pt-PT\",\"@id\":\"https:\\\/\\\/secure.gravatar.com\\\/avatar\\\/c5a7ef84c66fa914f55bc4f7ce26cfa275a3b9a1c5568b907bd184fb4dde7b40?s=96&d=mm&r=g\",\"url\":\"https:\\\/\\\/secure.gravatar.com\\\/avatar\\\/c5a7ef84c66fa914f55bc4f7ce26cfa275a3b9a1c5568b907bd184fb4dde7b40?s=96&d=mm&r=g\",\"contentUrl\":\"https:\\\/\\\/secure.gravatar.com\\\/avatar\\\/c5a7ef84c66fa914f55bc4f7ce26cfa275a3b9a1c5568b907bd184fb4dde7b40?s=96&d=mm&r=g\",\"caption\":\"inclusivenews2024\"},\"sameAs\":[\"https:\\\/\\\/inclusivenews.com.br\"],\"url\":\"https:\\\/\\\/inclusivenews.com.br\\\/?author=1\"}]}<\/script>\n<!-- \/ Yoast SEO plugin. -->","yoast_head_json":{"title":"Um pa\u00eds de ricos e miser\u00e1veis -","robots":{"index":"index","follow":"follow","max-snippet":"max-snippet:-1","max-image-preview":"max-image-preview:large","max-video-preview":"max-video-preview:-1"},"canonical":"https:\/\/inclusivenews.com.br\/?p=19899","og_locale":"pt_PT","og_type":"article","og_title":"Um pa\u00eds de ricos e miser\u00e1veis -","og_description":"Pesquisadores debatem as motiva\u00e7\u00f5es e os efeitos poss\u00edveis do programa Brasil sem mis\u00e9ria, lan\u00e7ado pelo governo federal para acabar com a pobreza extrema.","og_url":"https:\/\/inclusivenews.com.br\/?p=19899","article_publisher":"https:\/\/www.facebook.com\/agenciainclusive\/","article_published_time":"2011-06-16T04:09:06+00:00","og_image":[{"url":"http:\/\/inclusivenews.com.br\/wp-content\/uploads\/2011-06-03_onu-apoia-programa-brasil-sem-miseria_gg-300x188.jpg","type":"","width":"","height":""}],"author":"inclusivenews2024","twitter_card":"summary_large_image","twitter_misc":{"Escrito por":"inclusivenews2024","Tempo estimado de leitura":"12 minutos"},"schema":{"@context":"https:\/\/schema.org","@graph":[{"@type":"Article","@id":"https:\/\/inclusivenews.com.br\/?p=19899#article","isPartOf":{"@id":"https:\/\/inclusivenews.com.br\/?p=19899"},"author":{"name":"inclusivenews2024","@id":"https:\/\/inclusivenews.com.br\/#\/schema\/person\/ae4ec7087559b8692fb33b6fffd2273b"},"headline":"Um pa\u00eds de ricos e miser\u00e1veis","datePublished":"2011-06-16T04:09:06+00:00","mainEntityOfPage":{"@id":"https:\/\/inclusivenews.com.br\/?p=19899"},"wordCount":2372,"commentCount":0,"publisher":{"@id":"https:\/\/inclusivenews.com.br\/#organization"},"image":{"@id":"https:\/\/inclusivenews.com.br\/?p=19899#primaryimage"},"thumbnailUrl":"http:\/\/inclusivenews.com.br\/wp-content\/uploads\/2011-06-03_onu-apoia-programa-brasil-sem-miseria_gg-300x188.jpg","articleSection":["INCLUS\u00c3O SOCIAL","NOT\u00cdCIAS","Pol\u00edticas p\u00fablicas"],"inLanguage":"pt-PT","potentialAction":[{"@type":"CommentAction","name":"Comment","target":["https:\/\/inclusivenews.com.br\/?p=19899#respond"]}]},{"@type":"WebPage","@id":"https:\/\/inclusivenews.com.br\/?p=19899","url":"https:\/\/inclusivenews.com.br\/?p=19899","name":"Um pa\u00eds de ricos e miser\u00e1veis -","isPartOf":{"@id":"https:\/\/inclusivenews.com.br\/#website"},"primaryImageOfPage":{"@id":"https:\/\/inclusivenews.com.br\/?p=19899#primaryimage"},"image":{"@id":"https:\/\/inclusivenews.com.br\/?p=19899#primaryimage"},"thumbnailUrl":"http:\/\/inclusivenews.com.br\/wp-content\/uploads\/2011-06-03_onu-apoia-programa-brasil-sem-miseria_gg-300x188.jpg","datePublished":"2011-06-16T04:09:06+00:00","breadcrumb":{"@id":"https:\/\/inclusivenews.com.br\/?p=19899#breadcrumb"},"inLanguage":"pt-PT","potentialAction":[{"@type":"ReadAction","target":["https:\/\/inclusivenews.com.br\/?p=19899"]}]},{"@type":"ImageObject","inLanguage":"pt-PT","@id":"https:\/\/inclusivenews.com.br\/?p=19899#primaryimage","url":"","contentUrl":""},{"@type":"BreadcrumbList","@id":"https:\/\/inclusivenews.com.br\/?p=19899#breadcrumb","itemListElement":[{"@type":"ListItem","position":1,"name":"In\u00edcio","item":"https:\/\/inclusivenews.com.br\/"},{"@type":"ListItem","position":2,"name":"Um pa\u00eds de ricos e miser\u00e1veis"}]},{"@type":"WebSite","@id":"https:\/\/inclusivenews.com.br\/#website","url":"https:\/\/inclusivenews.com.br\/","name":"Inclusive News","description":"Inclusive News","publisher":{"@id":"https:\/\/inclusivenews.com.br\/#organization"},"potentialAction":[{"@type":"SearchAction","target":{"@type":"EntryPoint","urlTemplate":"https:\/\/inclusivenews.com.br\/?s={search_term_string}"},"query-input":{"@type":"PropertyValueSpecification","valueRequired":true,"valueName":"search_term_string"}}],"inLanguage":"pt-PT"},{"@type":"Organization","@id":"https:\/\/inclusivenews.com.br\/#organization","name":"Inclusive - inclus\u00e3o e cidadania","url":"https:\/\/inclusivenews.com.br\/","logo":{"@type":"ImageObject","inLanguage":"pt-PT","@id":"https:\/\/inclusivenews.com.br\/#\/schema\/logo\/image\/","url":"https:\/\/inclusivenews.com.br\/wp-content\/uploads\/2024\/03\/@grandesite.png","contentUrl":"https:\/\/inclusivenews.com.br\/wp-content\/uploads\/2024\/03\/@grandesite.png","width":1080,"height":1080,"caption":"Inclusive - inclus\u00e3o e cidadania"},"image":{"@id":"https:\/\/inclusivenews.com.br\/#\/schema\/logo\/image\/"},"sameAs":["https:\/\/www.facebook.com\/agenciainclusive\/","https:\/\/www.instagram.com\/newsinclusive\/"]},{"@type":"Person","@id":"https:\/\/inclusivenews.com.br\/#\/schema\/person\/ae4ec7087559b8692fb33b6fffd2273b","name":"inclusivenews2024","image":{"@type":"ImageObject","inLanguage":"pt-PT","@id":"https:\/\/secure.gravatar.com\/avatar\/c5a7ef84c66fa914f55bc4f7ce26cfa275a3b9a1c5568b907bd184fb4dde7b40?s=96&d=mm&r=g","url":"https:\/\/secure.gravatar.com\/avatar\/c5a7ef84c66fa914f55bc4f7ce26cfa275a3b9a1c5568b907bd184fb4dde7b40?s=96&d=mm&r=g","contentUrl":"https:\/\/secure.gravatar.com\/avatar\/c5a7ef84c66fa914f55bc4f7ce26cfa275a3b9a1c5568b907bd184fb4dde7b40?s=96&d=mm&r=g","caption":"inclusivenews2024"},"sameAs":["https:\/\/inclusivenews.com.br"],"url":"https:\/\/inclusivenews.com.br\/?author=1"}]}},"_links":{"self":[{"href":"https:\/\/inclusivenews.com.br\/index.php?rest_route=\/wp\/v2\/posts\/19899","targetHints":{"allow":["GET"]}}],"collection":[{"href":"https:\/\/inclusivenews.com.br\/index.php?rest_route=\/wp\/v2\/posts"}],"about":[{"href":"https:\/\/inclusivenews.com.br\/index.php?rest_route=\/wp\/v2\/types\/post"}],"author":[{"embeddable":true,"href":"https:\/\/inclusivenews.com.br\/index.php?rest_route=\/wp\/v2\/users\/1"}],"replies":[{"embeddable":true,"href":"https:\/\/inclusivenews.com.br\/index.php?rest_route=%2Fwp%2Fv2%2Fcomments&post=19899"}],"version-history":[{"count":0,"href":"https:\/\/inclusivenews.com.br\/index.php?rest_route=\/wp\/v2\/posts\/19899\/revisions"}],"wp:attachment":[{"href":"https:\/\/inclusivenews.com.br\/index.php?rest_route=%2Fwp%2Fv2%2Fmedia&parent=19899"}],"wp:term":[{"taxonomy":"category","embeddable":true,"href":"https:\/\/inclusivenews.com.br\/index.php?rest_route=%2Fwp%2Fv2%2Fcategories&post=19899"},{"taxonomy":"post_tag","embeddable":true,"href":"https:\/\/inclusivenews.com.br\/index.php?rest_route=%2Fwp%2Fv2%2Ftags&post=19899"}],"curies":[{"name":"wp","href":"https:\/\/api.w.org\/{rel}","templated":true}]}}