{"id":19943,"date":"2011-06-16T01:05:15","date_gmt":"2011-06-16T04:05:15","guid":{"rendered":"http:\/\/www.inclusive.org.br\/?p=19943"},"modified":"2011-06-16T01:05:15","modified_gmt":"2011-06-16T04:05:15","slug":"abdias-brasil-cala-mas-mundo-celebra-legado","status":"publish","type":"post","link":"https:\/\/inclusivenews.com.br\/?p=19943","title":{"rendered":"Abdias: Brasil cala, mas mundo celebra legado"},"content":{"rendered":"<p><strong> <\/strong><\/p>\n<figure id=\"attachment_19944\" aria-describedby=\"caption-attachment-19944\" style=\"width: 200px\" class=\"wp-caption alignleft\"><strong><strong><img loading=\"lazy\" decoding=\"async\" class=\"size-full wp-image-19944\" title=\"abnascimento\" src=\"http:\/\/inclusivenews.com.br\/wp-content\/uploads\/abnascimento-e1308065572265.jpg\" alt=\"Abdias com o punho direito erguido para cima.\" width=\"200\" height=\"266\" \/><\/strong><\/strong><figcaption id=\"caption-attachment-19944\" class=\"wp-caption-text\">Abdias com o punho direito erguido para cima.<\/figcaption><\/figure>\n<p><strong>S. Paulo<\/strong> &#8211;  Enquanto no Brasil a repercuss\u00e3o \u00e0 morte do maior l\u00edder negro do s\u00e9culo  XX, Abdias do Nascimento, foi quase inexistente, jornais em todo o  mundo registraram a import\u00e2ncia do ex-senador da Rep\u00fablica e principal  ativista da luta contra o racismo e pela igualdade.<\/p>\n<p>Os correspondentes internacionais de <strong> Afropress<\/strong> em Nova York, nos EUA, e em Londres, no Reino Unido, respectivamente, <strong>Edson Cadette<\/strong> e <strong>Alberto Castro<\/strong>,  a pedido da Reda\u00e7\u00e3o fizeram o levantamento de como o mundo reagiu \u00e0  morte de Abdias, ocorrida no dia 23 de maio passado, aos 97 anos.<\/p>\n<p>O papel e a import\u00e2ncia do l\u00edder negro, praticamente ignorados nos  grandes meios de comunica\u00e7\u00e3o e no telejornalismo das principais redes de  TV do Brasil, foi ressaltado nos meios acad\u00eamicos e nas m\u00eddias  americana americana, europ\u00e9ia e africana.<\/p>\n<p><strong>Deu no New York Times<\/strong><\/p>\n<p>A morte de Abdias mereceu destaque no <strong>New York Times<\/strong>, o mais  importante jornal norte-americano, com o t\u00edtulo &#8220;Abdias do Nascimento,  Rights Voice, Dies at 97&#8221;, na edi\u00e7\u00e3o do dia 30 de maio passado.<\/p>\n<p>Em mat\u00e9ria do jornalista Bruce Weber, o jornal destaca a import\u00e2ncia do  l\u00edder e entrevista o professor e soci\u00f3logo, da Universidade Princeton,  Edward Telles, autor do livro \u201cRace in Another Am\u00e9rica: The significance  of Skin Color in Brazil\u201d (Ra\u00e7a em outra Am\u00e9rica: O significado da cor  da pele no Brasil, em tradu\u00e7\u00e3o literal).<\/p>\n<p>\u201cDe 1.930 at\u00e9 os anos 90, o Brasil era considerado uma democracia  racial, mas ningu\u00e9m falava sobre ra\u00e7a e estava clara a hierarquia  racial. As pessoas pobres eram predominantemente negras e as elites  quase sempre brancas. Ele n\u00e3o teve medo de falar para as pessoas que a  democracia racial era um mito. E disse isso por 60 anos\u201d, afirma Telles,  acrescentando que Abdias se tornou uma lenda.<\/p>\n<p><strong>Senado do Texas<\/strong><\/p>\n<p>O Senado do Estado do Texas, na sess\u00e3o realizada no dia 27 de maio  passado, aprovou a Resolu\u00e7\u00e3o n.\u00ba 1220 em mem\u00f3ria de Abdias, em que  lembra as honrarias e pr\u00eamios recebidos pelo l\u00edder negro nos EUA, onde  esteve exilado durante a ditadura militar brasileira.<\/p>\n<p>A Resolu\u00e7\u00e3o tamb\u00e9m recorda sua passagem pela Nig\u00e9ria, M\u00e9xico, Na\u00e7\u00f5es  Unidas e as homenagens recebidas no Brasil, onde foi condecorado com a  Ordem do Rio Branco, no grau de Comendador, a mais alta condecora\u00e7\u00e3o  outorgada pelo Estado brasileiro.<\/p>\n<p>No texto de oito par\u00e1grafos, os senadores lembraram a trajet\u00f3ria de vida  do l\u00edder morto como dramaturgo, intelectual, acad\u00eamico, pol\u00edtico,  jornalista, l\u00edder dos direitos civis e promotor da cultura dos  afrodescendentes, destacando que Abdias \u201cserviu a causa da igualdade  racial com coragem, for\u00e7a e determina\u00e7\u00e3o\u201d.<\/p>\n<p>No pen\u00faltimo par\u00e1grafo do texto afirmam que Abdias do Nascimento foi uma  inspira\u00e7\u00e3o e que viver\u00e1 para sempre nos cora\u00e7\u00f5es dos que o conheceram.<\/p>\n<p><strong>Instituto Martin Luther King<\/strong><\/p>\n<p>A revista do Instituto de Educa\u00e7\u00e3o e Pesquisa Martin Luther King Jr, da  prestigiada Universidade de Stanford, EUA, noticia na sua edi\u00e7\u00e3o online  (http:\/\/mlk-kpp01.stanford.edu\/index.php) de 1\u00ba de junho a morte de  Abdias do Nascimento.<\/p>\n<p>A publica\u00e7\u00e3o cita Ollie A. Johnson, professora de Estudos Africanos da  Universidade do Estado de Wayne, dizendo: &#8220;N\u00e3o houve brasileiro mais  importante que Nascimento desde a aboli\u00e7\u00e3o da escravid\u00e3o em 1888. Para  os americanos o compreenderem e a sua contribui\u00e7\u00e3o, voc\u00ea teria que dizer  que ele foi um pouco de Marcus Garvey, um pouco de W.E.B. DuBois, um  pouco de Langston Hughes e um pouco de Adam Clayton Powel.&#8221;<\/p>\n<p>Por sua vez, a historiadora Ana Lucia Araujo, Professora Assistente no  Departamento de Hist\u00f3ria da Universidade de Howard, Washington DC,  recordou a recente entrevista de Abdias ao professor Henry Louis Gates  Jr., no epis\u00f3dio sobre o Brasil da s\u00e9rie da PBS, <strong>Black in Latin America<\/strong> (Negros na America Latina), e diz que juntamente com o rapper e  ativista MV Bill, Abdias foi o \u00fanico a fazer uma avalia\u00e7\u00e3o l\u00facida das  rela\u00e7\u00f5es raciais no Brasil.<\/p>\n<p><strong>The Root<\/strong><\/p>\n<p>A revista The Root (A Raiz), que teve como co-fundador, Henry Louis  Gates Jr., noticiou a morte de Abdias destacando o seu percurso como  dramaturgo, ator, acad\u00eamico, ativista pol\u00edtico e l\u00edder destacado na luta  pelos direitos civis dos negros brasileiros.<\/p>\n<p>Num artigo assinado por Nsenga Burton, a revista recorda o seu recente aparecimento no cap\u00edtulo dedicado ao Brasil da s\u00e9rie <strong>Black in Latin America<\/strong> e destaca que Gates foi a ultima pessoa a entrevist\u00e1-lo. O artigo repercutiu em outros portais norte-americanos.<\/p>\n<p><strong>Reino Unido<\/strong><\/p>\n<p>O Professor Anthony Pereira, director do King&#8217;s Brazil Institute na  prestigiada King&#8217;s College, Universidade de Londres, escreveu: &#8220;Abdias  do Nascimento foi um pioneiro na an\u00e1lise das rela\u00e7\u00f5es raciais no Brasil e  um dos primeiros a atacar o mito de &#8220;democracia racial&#8221;.<\/p>\n<p>&#8220;O Brasil deve muito ao trabalho do Dr. Abdias, devido \u00e0 sua  persist\u00eancia e coragem. Os avan\u00e7os recentes do Brasil nas rela\u00e7\u00f5es  raciais s\u00e3o not\u00e1veis, mas provavalmente o Dr. Abdias iria continuar nos  incentivando a evitar a complac\u00eancia e a continuar a lutar pela  igualdade racial e o fim dos preconceitos&#8221;, afirmou Pereira.<\/p>\n<p>O Protest Whatch (http:\/\/news.protestwatch.org.uk\/#), site de protesto e   ativismo do Reino Unido, fez eco a morte de Abdias noticiada com  destaque em 25 de maio pelo jornal The Root.<\/p>\n<p><strong>\u00c1frica<\/strong><\/p>\n<p>O principal di\u00e1rio angolano, o matutino estatal Jornal de Angola,  noticiou a morte de Abdias, destacando a sua vida como dramaturgo e  pol\u00edtico.<\/p>\n<p>O portal de informac\u00e3o digital angolano-brasileiro <strong>\u00c1frica 21<\/strong> destaca sua figura, citando Frei David dos Santos, da Educafro: \u201cO  Abdias deixa um legado fort\u00edssimo. Ele tinha uma convic\u00e7\u00e3o: jamais o  Brasil ser\u00e1 melhor, se o negro n\u00e3o tiver melhores condi\u00e7\u00f5es e  oportunidades&#8221;, afirma Frei David.<\/p>\n<p>Tamb\u00e9m o portal <strong>Angola 24Horas<\/strong> noticiou na sua edi\u00e7\u00e3o de 31 de  maio: &#8220;Foi-se o mais africano dos brasileiros&#8221;. O jornal &#8220;A Semana&#8221;, das  ilhas de Cabo Verde publicou no mesmo dia um artigo de opini\u00e3o com o  t\u00edtulo &#8220;Se eu fosse brasileiro queria ser como Seu Abdias&#8221;.<\/p>\n<p>Na Nig\u00e9ria a morte de Abdias tamb\u00e9m foi sentida e lamentada. O di\u00e1rio  nigeriano Guardian cita o antigo governador do Estado de Osun,  Olagunsoye Oyinlola, enfatizando o eminente acad\u00eamico que foi o  afro-brasileiro, algu\u00e9m que deixou sua marca indel\u00e9vel nas diversas  universidades em que foi professor visitante, particularmente nos  Estados Unidos.<\/p>\n<p>Oyinlola recordou o conv\u00edvio que teve com Abdias no Brasil no ano  passado no \u00e2mbito da prepara\u00e7\u00e3o da I Confer\u00eancia Global das  Nacionalidades Negras e da Confer\u00eancia Mundial dos Prefeitos Negros.<\/p>\n<p>Para o ex-governador, a morte de Abdias \u00e9 uma grande perda para todos os  que tiveram a maravilhosa oportunidade de conviver com ele durante sua  vida cheia de eventos caraterizados por lutas pela emancipa\u00e7\u00e3o da ra\u00e7a  negra e a sua extraordin\u00e1ria contribui\u00e7\u00e3o para a mudan\u00e7a das leis  relacionadas aos problemas raciais.<\/p>\n<p>No mesmo artigo o jornal cita o testemunho de Professor Tunde Babawale,  que tratava o l\u00edder afro-brasileiro de Baba (pai), uma forma carinhosa e  respeituosa de se tratar os homens mais velhos em certas regi\u00f5es da  \u00c1frica. Para ele apesar de sua idade avan\u00e7ada e sa\u00fade prec\u00e1ria &#8220;Baba  Abdias nunca cedeu na sua determina\u00e7\u00e3o para alargar as fronteiras da sua  campanha pela igualdade racial e representa\u00e7\u00e3o justa&#8221;.<\/p>\n<p>&#8220;Ele estabeleceu, para seu cr\u00e9dito, uma formid\u00e1vel rede de  relacionamentos entre os africanos e a di\u00e1spora. Era uma legenda por  excel\u00eancia atrav\u00e9s das suas convic\u00e7\u00f5es, escritas e a\u00e7\u00f5es. Legou para as  pr\u00f3ximas gera\u00e7\u00f5es do seu povo multirracial, pegadas inspiradoras e  legados duradouros dignos de serem emulados&#8221;, comentou Babawale.<\/p>\n<p>O jornalista, escritor e blogueiro angolano-portugu\u00eas Orlando Castro  transcreve no seu blog Alto Hama, de 1\u00ba de junho, com o titulo &#8220;Abdias e  a Imprensa Lusa&#8221;, um sentido e direto desabafo do jornalista Alberto  Castro, correspondente de <strong>Afropress<\/strong>, em Londres. &#8220;Em Portugal  nenhum jornal noticiou at\u00e9 hoje o desaparecimento f\u00edsico de Abdias do  Nascimento, dramaturgo, acad\u00eamico, politico e figura maior da luta  anti-racista no Brasil&#8221;, lamenta Castro.<\/p>\n<p><strong>Mais homenagens<\/strong><\/p>\n<p>O correspondente de <strong>Afropress<\/strong> disse que Toyin Falola, prestigiado  Professor da Universidade do Texas enviou-lhe um e-mail informando que  no seu campus vai criar uma prele\u00e7\u00e3o anual para memoriz\u00e1-lo, \u00e0  semelhan\u00e7a do que fez com Lumumba.<\/p>\n<p>Molefi Asante, um dos mais prof\u00edcuos acad\u00eamicos norte-americanos,  afirmou, em ensaio em mem\u00f3ria de Abdias, que n\u00e3o houve ningu\u00e9m como ele  no Brasil e nem mesmo nos EUA.<\/p>\n<p>&#8220;Fosse ele uma figura do samba, do futebol ou do crime organizado,  certamente ganharia espa\u00e7o na imprensa lusa. Afinal, Abdias era inimigo  p\u00fablico n\u00famero 1 do lusotropicalismo e do para\u00edso racial que em tempos  eram t\u00e3o orgulhosamente celebrados como sendo marca exclusiva  portuguesa\u201d, conclui o correspondente Alberto Castro.<\/p>\n<p>Fonte: <a href=\"http:\/\/www.afropress.com\/diversidadesLer.asp?id=250\">Afropress<\/a><\/p>\n","protected":false},"excerpt":{"rendered":"<p>Jornais em todo o mundo registraram a import\u00e2ncia do ex-senador da Rep\u00fablica e principal ativista da luta contra o racismo e pela igualdade. <\/p>\n","protected":false},"author":1,"featured_media":0,"comment_status":"open","ping_status":"open","sticky":false,"template":"","format":"standard","meta":{"site-container-style":"default","site-container-layout":"default","site-sidebar-layout":"default","disable-article-header":"default","disable-site-header":"default","disable-site-footer":"default","disable-content-area-spacing":"default","footnotes":""},"categories":[39,40,48,4,41],"tags":[],"class_list":["post-19943","post","type-post","status-publish","format-standard","hentry","category-discriminacao","category-diversidade","category-inclusao","category-noticias","category-preconceito"],"yoast_head":"<!-- This site is optimized with the Yoast SEO plugin v27.4 - https:\/\/yoast.com\/product\/yoast-seo-wordpress\/ -->\n<title>Abdias: Brasil cala, mas mundo celebra legado -<\/title>\n<meta name=\"robots\" content=\"index, follow, max-snippet:-1, max-image-preview:large, max-video-preview:-1\" \/>\n<link rel=\"canonical\" href=\"https:\/\/inclusivenews.com.br\/?p=19943\" \/>\n<meta property=\"og:locale\" content=\"pt_PT\" \/>\n<meta property=\"og:type\" content=\"article\" \/>\n<meta property=\"og:title\" content=\"Abdias: Brasil cala, mas mundo celebra legado -\" \/>\n<meta property=\"og:description\" content=\"Jornais em todo o mundo registraram a import\u00e2ncia do ex-senador da Rep\u00fablica e principal ativista da luta contra o racismo e pela igualdade.\" \/>\n<meta property=\"og:url\" content=\"https:\/\/inclusivenews.com.br\/?p=19943\" \/>\n<meta property=\"article:publisher\" content=\"https:\/\/www.facebook.com\/agenciainclusive\/\" \/>\n<meta property=\"article:published_time\" content=\"2011-06-16T04:05:15+00:00\" \/>\n<meta property=\"og:image\" content=\"http:\/\/inclusivenews.com.br\/wp-content\/uploads\/abnascimento-e1308065572265.jpg\" \/>\n<meta name=\"author\" content=\"inclusivenews2024\" \/>\n<meta name=\"twitter:card\" content=\"summary_large_image\" \/>\n<meta name=\"twitter:label1\" content=\"Escrito por\" \/>\n\t<meta name=\"twitter:data1\" content=\"inclusivenews2024\" \/>\n\t<meta name=\"twitter:label2\" content=\"Tempo estimado de leitura\" \/>\n\t<meta name=\"twitter:data2\" content=\"8 minutos\" \/>\n<script type=\"application\/ld+json\" class=\"yoast-schema-graph\">{\"@context\":\"https:\\\/\\\/schema.org\",\"@graph\":[{\"@type\":\"Article\",\"@id\":\"https:\\\/\\\/inclusivenews.com.br\\\/?p=19943#article\",\"isPartOf\":{\"@id\":\"https:\\\/\\\/inclusivenews.com.br\\\/?p=19943\"},\"author\":{\"name\":\"inclusivenews2024\",\"@id\":\"https:\\\/\\\/inclusivenews.com.br\\\/#\\\/schema\\\/person\\\/ae4ec7087559b8692fb33b6fffd2273b\"},\"headline\":\"Abdias: Brasil cala, mas mundo celebra legado\",\"datePublished\":\"2011-06-16T04:05:15+00:00\",\"mainEntityOfPage\":{\"@id\":\"https:\\\/\\\/inclusivenews.com.br\\\/?p=19943\"},\"wordCount\":1531,\"commentCount\":1,\"publisher\":{\"@id\":\"https:\\\/\\\/inclusivenews.com.br\\\/#organization\"},\"image\":{\"@id\":\"https:\\\/\\\/inclusivenews.com.br\\\/?p=19943#primaryimage\"},\"thumbnailUrl\":\"http:\\\/\\\/inclusivenews.com.br\\\/wp-content\\\/uploads\\\/abnascimento-e1308065572265.jpg\",\"articleSection\":[\"Discrimina\u00e7\u00e3o\",\"Diversidade\",\"INCLUS\u00c3O SOCIAL\",\"NOT\u00cdCIAS\",\"Preconceito\"],\"inLanguage\":\"pt-PT\",\"potentialAction\":[{\"@type\":\"CommentAction\",\"name\":\"Comment\",\"target\":[\"https:\\\/\\\/inclusivenews.com.br\\\/?p=19943#respond\"]}]},{\"@type\":\"WebPage\",\"@id\":\"https:\\\/\\\/inclusivenews.com.br\\\/?p=19943\",\"url\":\"https:\\\/\\\/inclusivenews.com.br\\\/?p=19943\",\"name\":\"Abdias: Brasil cala, mas mundo celebra legado -\",\"isPartOf\":{\"@id\":\"https:\\\/\\\/inclusivenews.com.br\\\/#website\"},\"primaryImageOfPage\":{\"@id\":\"https:\\\/\\\/inclusivenews.com.br\\\/?p=19943#primaryimage\"},\"image\":{\"@id\":\"https:\\\/\\\/inclusivenews.com.br\\\/?p=19943#primaryimage\"},\"thumbnailUrl\":\"http:\\\/\\\/inclusivenews.com.br\\\/wp-content\\\/uploads\\\/abnascimento-e1308065572265.jpg\",\"datePublished\":\"2011-06-16T04:05:15+00:00\",\"breadcrumb\":{\"@id\":\"https:\\\/\\\/inclusivenews.com.br\\\/?p=19943#breadcrumb\"},\"inLanguage\":\"pt-PT\",\"potentialAction\":[{\"@type\":\"ReadAction\",\"target\":[\"https:\\\/\\\/inclusivenews.com.br\\\/?p=19943\"]}]},{\"@type\":\"ImageObject\",\"inLanguage\":\"pt-PT\",\"@id\":\"https:\\\/\\\/inclusivenews.com.br\\\/?p=19943#primaryimage\",\"url\":\"\",\"contentUrl\":\"\"},{\"@type\":\"BreadcrumbList\",\"@id\":\"https:\\\/\\\/inclusivenews.com.br\\\/?p=19943#breadcrumb\",\"itemListElement\":[{\"@type\":\"ListItem\",\"position\":1,\"name\":\"In\u00edcio\",\"item\":\"https:\\\/\\\/inclusivenews.com.br\\\/\"},{\"@type\":\"ListItem\",\"position\":2,\"name\":\"Abdias: Brasil cala, mas mundo celebra legado\"}]},{\"@type\":\"WebSite\",\"@id\":\"https:\\\/\\\/inclusivenews.com.br\\\/#website\",\"url\":\"https:\\\/\\\/inclusivenews.com.br\\\/\",\"name\":\"Inclusive News\",\"description\":\"Inclusive News\",\"publisher\":{\"@id\":\"https:\\\/\\\/inclusivenews.com.br\\\/#organization\"},\"potentialAction\":[{\"@type\":\"SearchAction\",\"target\":{\"@type\":\"EntryPoint\",\"urlTemplate\":\"https:\\\/\\\/inclusivenews.com.br\\\/?s={search_term_string}\"},\"query-input\":{\"@type\":\"PropertyValueSpecification\",\"valueRequired\":true,\"valueName\":\"search_term_string\"}}],\"inLanguage\":\"pt-PT\"},{\"@type\":\"Organization\",\"@id\":\"https:\\\/\\\/inclusivenews.com.br\\\/#organization\",\"name\":\"Inclusive - inclus\u00e3o e cidadania\",\"url\":\"https:\\\/\\\/inclusivenews.com.br\\\/\",\"logo\":{\"@type\":\"ImageObject\",\"inLanguage\":\"pt-PT\",\"@id\":\"https:\\\/\\\/inclusivenews.com.br\\\/#\\\/schema\\\/logo\\\/image\\\/\",\"url\":\"https:\\\/\\\/inclusivenews.com.br\\\/wp-content\\\/uploads\\\/2024\\\/03\\\/@grandesite.png\",\"contentUrl\":\"https:\\\/\\\/inclusivenews.com.br\\\/wp-content\\\/uploads\\\/2024\\\/03\\\/@grandesite.png\",\"width\":1080,\"height\":1080,\"caption\":\"Inclusive - inclus\u00e3o e cidadania\"},\"image\":{\"@id\":\"https:\\\/\\\/inclusivenews.com.br\\\/#\\\/schema\\\/logo\\\/image\\\/\"},\"sameAs\":[\"https:\\\/\\\/www.facebook.com\\\/agenciainclusive\\\/\",\"https:\\\/\\\/www.instagram.com\\\/newsinclusive\\\/\"]},{\"@type\":\"Person\",\"@id\":\"https:\\\/\\\/inclusivenews.com.br\\\/#\\\/schema\\\/person\\\/ae4ec7087559b8692fb33b6fffd2273b\",\"name\":\"inclusivenews2024\",\"image\":{\"@type\":\"ImageObject\",\"inLanguage\":\"pt-PT\",\"@id\":\"https:\\\/\\\/secure.gravatar.com\\\/avatar\\\/c5a7ef84c66fa914f55bc4f7ce26cfa275a3b9a1c5568b907bd184fb4dde7b40?s=96&d=mm&r=g\",\"url\":\"https:\\\/\\\/secure.gravatar.com\\\/avatar\\\/c5a7ef84c66fa914f55bc4f7ce26cfa275a3b9a1c5568b907bd184fb4dde7b40?s=96&d=mm&r=g\",\"contentUrl\":\"https:\\\/\\\/secure.gravatar.com\\\/avatar\\\/c5a7ef84c66fa914f55bc4f7ce26cfa275a3b9a1c5568b907bd184fb4dde7b40?s=96&d=mm&r=g\",\"caption\":\"inclusivenews2024\"},\"sameAs\":[\"https:\\\/\\\/inclusivenews.com.br\"],\"url\":\"https:\\\/\\\/inclusivenews.com.br\\\/?author=1\"}]}<\/script>\n<!-- \/ Yoast SEO plugin. -->","yoast_head_json":{"title":"Abdias: Brasil cala, mas mundo celebra legado -","robots":{"index":"index","follow":"follow","max-snippet":"max-snippet:-1","max-image-preview":"max-image-preview:large","max-video-preview":"max-video-preview:-1"},"canonical":"https:\/\/inclusivenews.com.br\/?p=19943","og_locale":"pt_PT","og_type":"article","og_title":"Abdias: Brasil cala, mas mundo celebra legado -","og_description":"Jornais em todo o mundo registraram a import\u00e2ncia do ex-senador da Rep\u00fablica e principal ativista da luta contra o racismo e pela igualdade.","og_url":"https:\/\/inclusivenews.com.br\/?p=19943","article_publisher":"https:\/\/www.facebook.com\/agenciainclusive\/","article_published_time":"2011-06-16T04:05:15+00:00","og_image":[{"url":"http:\/\/inclusivenews.com.br\/wp-content\/uploads\/abnascimento-e1308065572265.jpg","type":"","width":"","height":""}],"author":"inclusivenews2024","twitter_card":"summary_large_image","twitter_misc":{"Escrito por":"inclusivenews2024","Tempo estimado de leitura":"8 minutos"},"schema":{"@context":"https:\/\/schema.org","@graph":[{"@type":"Article","@id":"https:\/\/inclusivenews.com.br\/?p=19943#article","isPartOf":{"@id":"https:\/\/inclusivenews.com.br\/?p=19943"},"author":{"name":"inclusivenews2024","@id":"https:\/\/inclusivenews.com.br\/#\/schema\/person\/ae4ec7087559b8692fb33b6fffd2273b"},"headline":"Abdias: Brasil cala, mas mundo celebra legado","datePublished":"2011-06-16T04:05:15+00:00","mainEntityOfPage":{"@id":"https:\/\/inclusivenews.com.br\/?p=19943"},"wordCount":1531,"commentCount":1,"publisher":{"@id":"https:\/\/inclusivenews.com.br\/#organization"},"image":{"@id":"https:\/\/inclusivenews.com.br\/?p=19943#primaryimage"},"thumbnailUrl":"http:\/\/inclusivenews.com.br\/wp-content\/uploads\/abnascimento-e1308065572265.jpg","articleSection":["Discrimina\u00e7\u00e3o","Diversidade","INCLUS\u00c3O SOCIAL","NOT\u00cdCIAS","Preconceito"],"inLanguage":"pt-PT","potentialAction":[{"@type":"CommentAction","name":"Comment","target":["https:\/\/inclusivenews.com.br\/?p=19943#respond"]}]},{"@type":"WebPage","@id":"https:\/\/inclusivenews.com.br\/?p=19943","url":"https:\/\/inclusivenews.com.br\/?p=19943","name":"Abdias: Brasil cala, mas mundo celebra legado -","isPartOf":{"@id":"https:\/\/inclusivenews.com.br\/#website"},"primaryImageOfPage":{"@id":"https:\/\/inclusivenews.com.br\/?p=19943#primaryimage"},"image":{"@id":"https:\/\/inclusivenews.com.br\/?p=19943#primaryimage"},"thumbnailUrl":"http:\/\/inclusivenews.com.br\/wp-content\/uploads\/abnascimento-e1308065572265.jpg","datePublished":"2011-06-16T04:05:15+00:00","breadcrumb":{"@id":"https:\/\/inclusivenews.com.br\/?p=19943#breadcrumb"},"inLanguage":"pt-PT","potentialAction":[{"@type":"ReadAction","target":["https:\/\/inclusivenews.com.br\/?p=19943"]}]},{"@type":"ImageObject","inLanguage":"pt-PT","@id":"https:\/\/inclusivenews.com.br\/?p=19943#primaryimage","url":"","contentUrl":""},{"@type":"BreadcrumbList","@id":"https:\/\/inclusivenews.com.br\/?p=19943#breadcrumb","itemListElement":[{"@type":"ListItem","position":1,"name":"In\u00edcio","item":"https:\/\/inclusivenews.com.br\/"},{"@type":"ListItem","position":2,"name":"Abdias: Brasil cala, mas mundo celebra legado"}]},{"@type":"WebSite","@id":"https:\/\/inclusivenews.com.br\/#website","url":"https:\/\/inclusivenews.com.br\/","name":"Inclusive News","description":"Inclusive News","publisher":{"@id":"https:\/\/inclusivenews.com.br\/#organization"},"potentialAction":[{"@type":"SearchAction","target":{"@type":"EntryPoint","urlTemplate":"https:\/\/inclusivenews.com.br\/?s={search_term_string}"},"query-input":{"@type":"PropertyValueSpecification","valueRequired":true,"valueName":"search_term_string"}}],"inLanguage":"pt-PT"},{"@type":"Organization","@id":"https:\/\/inclusivenews.com.br\/#organization","name":"Inclusive - inclus\u00e3o e cidadania","url":"https:\/\/inclusivenews.com.br\/","logo":{"@type":"ImageObject","inLanguage":"pt-PT","@id":"https:\/\/inclusivenews.com.br\/#\/schema\/logo\/image\/","url":"https:\/\/inclusivenews.com.br\/wp-content\/uploads\/2024\/03\/@grandesite.png","contentUrl":"https:\/\/inclusivenews.com.br\/wp-content\/uploads\/2024\/03\/@grandesite.png","width":1080,"height":1080,"caption":"Inclusive - inclus\u00e3o e cidadania"},"image":{"@id":"https:\/\/inclusivenews.com.br\/#\/schema\/logo\/image\/"},"sameAs":["https:\/\/www.facebook.com\/agenciainclusive\/","https:\/\/www.instagram.com\/newsinclusive\/"]},{"@type":"Person","@id":"https:\/\/inclusivenews.com.br\/#\/schema\/person\/ae4ec7087559b8692fb33b6fffd2273b","name":"inclusivenews2024","image":{"@type":"ImageObject","inLanguage":"pt-PT","@id":"https:\/\/secure.gravatar.com\/avatar\/c5a7ef84c66fa914f55bc4f7ce26cfa275a3b9a1c5568b907bd184fb4dde7b40?s=96&d=mm&r=g","url":"https:\/\/secure.gravatar.com\/avatar\/c5a7ef84c66fa914f55bc4f7ce26cfa275a3b9a1c5568b907bd184fb4dde7b40?s=96&d=mm&r=g","contentUrl":"https:\/\/secure.gravatar.com\/avatar\/c5a7ef84c66fa914f55bc4f7ce26cfa275a3b9a1c5568b907bd184fb4dde7b40?s=96&d=mm&r=g","caption":"inclusivenews2024"},"sameAs":["https:\/\/inclusivenews.com.br"],"url":"https:\/\/inclusivenews.com.br\/?author=1"}]}},"_links":{"self":[{"href":"https:\/\/inclusivenews.com.br\/index.php?rest_route=\/wp\/v2\/posts\/19943","targetHints":{"allow":["GET"]}}],"collection":[{"href":"https:\/\/inclusivenews.com.br\/index.php?rest_route=\/wp\/v2\/posts"}],"about":[{"href":"https:\/\/inclusivenews.com.br\/index.php?rest_route=\/wp\/v2\/types\/post"}],"author":[{"embeddable":true,"href":"https:\/\/inclusivenews.com.br\/index.php?rest_route=\/wp\/v2\/users\/1"}],"replies":[{"embeddable":true,"href":"https:\/\/inclusivenews.com.br\/index.php?rest_route=%2Fwp%2Fv2%2Fcomments&post=19943"}],"version-history":[{"count":0,"href":"https:\/\/inclusivenews.com.br\/index.php?rest_route=\/wp\/v2\/posts\/19943\/revisions"}],"wp:attachment":[{"href":"https:\/\/inclusivenews.com.br\/index.php?rest_route=%2Fwp%2Fv2%2Fmedia&parent=19943"}],"wp:term":[{"taxonomy":"category","embeddable":true,"href":"https:\/\/inclusivenews.com.br\/index.php?rest_route=%2Fwp%2Fv2%2Fcategories&post=19943"},{"taxonomy":"post_tag","embeddable":true,"href":"https:\/\/inclusivenews.com.br\/index.php?rest_route=%2Fwp%2Fv2%2Ftags&post=19943"}],"curies":[{"name":"wp","href":"https:\/\/api.w.org\/{rel}","templated":true}]}}