{"id":19990,"date":"2011-06-23T08:15:25","date_gmt":"2011-06-23T11:15:25","guid":{"rendered":"http:\/\/www.inclusive.org.br\/?p=19990"},"modified":"2011-06-23T08:15:25","modified_gmt":"2011-06-23T11:15:25","slug":"pos-graduacao-em-design-universal-design-para-todos-sp","status":"publish","type":"post","link":"https:\/\/inclusivenews.com.br\/?p=19990","title":{"rendered":"P\u00f3s-Gradua\u00e7\u00e3o em Design Universal \u2013 Design para Todos &#8211; SP"},"content":{"rendered":"<figure id=\"attachment_19991\" aria-describedby=\"caption-attachment-19991\" style=\"width: 171px\" class=\"wp-caption alignleft\"><img loading=\"lazy\" decoding=\"async\" class=\"size-full wp-image-19991\" title=\"rampa\" src=\"http:\/\/inclusivenews.com.br\/wp-content\/uploads\/rampa.jpg\" alt=\"Escada e ao lado rampa, com barras azuis dos lados, parede amarela ao fundo.\" width=\"171\" height=\"171\" \/><figcaption id=\"caption-attachment-19991\" class=\"wp-caption-text\">Escada e ao lado rampa, com barras azuis dos lados, parede amarela ao fundo.<\/figcaption><\/figure>\n<p>O Curso tem como objetivo capacitar o profissional  refletir criticamente, desenvolver objetos e configurar espa\u00e7os  inclusivos, tendo como princ\u00edpio o Design Universal e a Arquitetura da  acessibilidade que se prop\u00f5e a pensar objetos e espa\u00e7os adequados ao uso  e ao bem estar humano, atendendo a todos, sem distin\u00e7\u00e3o ou segrega\u00e7\u00e3o  contemplando a universalidade dos ambientes.<\/p>\n<p>\u00b7 Capacitar o  profissional a conceber e desenvolver ambientes inclusivos que  considerem a fisiologia do ser humano analisando as suas dimens\u00f5es,  capacidades e possibilidades.<\/p>\n<p>\u00b7 Capacitar o profissional para  adequa\u00e7\u00e3o ergon\u00f4mica de postos de trabalho, contribuindo para a  equipara\u00e7\u00e3o de oportunidades para todos;<\/p>\n<p>\u00b7 Capacitar o  profissional para reconhecimento de riscos ergon\u00f4micos, elabora\u00e7\u00e3o e  desenvolvimento de programas de preven\u00e7\u00e3o a acidentes e danos \u00e1 sa\u00fade;<\/p>\n<p>\u00b7  Conhecer par\u00e2metros antropom\u00e9tricos e identificar os principais  obst\u00e1culos e equipamentos para a circula\u00e7\u00e3o de pessoas com defici\u00eancia  ou mobilidade reduzida;<\/p>\n<p>\u00b7 Identificar e propor eficientes sistemas de informa\u00e7\u00e3o e formas de comunica\u00e7\u00e3o inclusiva;<\/p>\n<p>\u2022 Conhecer t\u00e9cnicas que potencializem a autonomia e a qualidade de vida de pessoas com defici\u00eancia ou mobilidade reduzida.<\/p>\n<p><strong>PROGRAMA:<br \/>\n<\/strong><\/p>\n<p>\u00b7 Arquitetura e Acessibilidade<\/p>\n<p>\u00b7 Comunica\u00e7\u00e3o e Percep\u00e7\u00e3o ambiental<\/p>\n<p>\u00b7 Conceitos e Fundamentos do Design Universal<\/p>\n<p>\u00b7 Cria\u00e7\u00e3o comparada e Criatividade<\/p>\n<p>\u00b7 Desenvolvimento do Projeto de Pesquisa<\/p>\n<p>\u00b7 Design Universal: o desafio de atender a todos<\/p>\n<p>\u00b7 Marco legal e Normas t\u00e9cnicas de Acessibilidade<\/p>\n<p>\u00b7 Minorias crescentes: configura\u00e7\u00f5es e demandas da sociedade nas pr\u00f3ximas gera\u00e7\u00f5es<\/p>\n<p>\u00b7 Mobilidade Inclusiva<\/p>\n<p>\u00b7 Orienta\u00e7\u00e3o para o Projeto de Pesquisa<\/p>\n<p>\u00b7 Semin\u00e1rios com profissionais convidados e especialistas &#8211; pesquisas e tend\u00eancias<\/p>\n<p>\u00b7  Semin\u00e1rios Quais s\u00e3o as minorias crescentes e exclu\u00eddas da nossa  sociedade hoje? O que o mercado est\u00e1 desenvolvendo para atend\u00ea-los<\/p>\n<p>\u2022 Tradi\u00e7\u00e3o e ruptura: sentido e formas da Inova\u00e7\u00e3o<\/p>\n<p><strong>JUSTIFICATIVA E OBJETIVOS:<\/strong><strong> <\/strong><\/p>\n<p><strong> <\/strong><strong>Porque fazer Design Universal &#8211; Design para todos?<\/strong><\/p>\n<p>Design  Universal significa &#8220;design que\u00a0 inclui&#8221; ou &#8220;design\u00a0 para\u00a0 todos&#8221;. O  enfoque \u00e9 formar o profissional que pense em produto,\u00a0 servi\u00e7os e  ambientes\u00a0 que\u00a0 sejam\u00a0 utilizados\u00a0 pelo\u00a0 maior\u00a0 n\u00famero\u00a0 de\u00a0 pessoas\u00a0  poss\u00edvel independente\u00a0 da\u00a0 idade,\u00a0 habilidade ou situa\u00e7\u00e3o.\u00a0 Para pessoas  com defici\u00eancia, atividades triviais do nosso cotidiano, pode ser um  desafio.<\/p>\n<p>Outras minorias crescentes,\u00a0 como\u00a0 idosos,\u00a0 encontram\u00a0 as\u00a0 mesmas dificuldades.<\/p>\n<p>Diante  destas mudan\u00e7as\u00a0 sociais\u00a0 e\u00a0 demogr\u00e1ficas,\u00a0 profissionais\u00a0 conscientes,  ligados as \u00e1reas de Sa\u00fade, Design e Arquitetura se perguntam como fazer  projetos\u00a0 acess\u00edveis a todos. A exig\u00eancia da\u00a0 acessibilidade\u00a0 na\u00a0  Arquitetura\u00a0 e no\u00a0 design,\u00a0 criada\u00a0 por\u00a0 esta\u00a0 conscientiza\u00e7\u00e3o\u00a0 social,  por novas\u00a0 legisla\u00e7\u00f5es, regulamenta\u00e7\u00f5es\u00a0 e\u00a0 selos\u00a0 de qualidade, obriga o  profissional a se\u00a0 capacitar para\u00a0 atuar\u00a0 neste\u00a0 mercado. Apesar  destes\u00a0 novos\u00a0 direcionamentos, n\u00e3o<\/p>\n<p>existem\u00a0  cursos\u00a0 especializados\u00a0 com\u00a0 a\u00a0 abrang\u00eancia\u00a0 necess\u00e1ria\u00a0 havendo,  portanto,\u00a0 poucos\u00a0 profissionais\u00a0 preparados\u00a0 para\u00a0 este\u00a0 desafio,\u00a0 o\u00a0  que vem a justificar a demanda por esta forma..o.O Design Universal se  fundamenta na\u00a0 promo\u00e7\u00e3o\u00a0 do\u00a0 &#8220;Design\u00a0 Inclusivo&#8221;, que visa a\u00a0 qualidade\u00a0  de\u00a0 vida e a inclus\u00e3o, por meio de projetos que consideram as  diferen\u00e7as fisiol\u00f3gicas do ser\u00a0 humano\u00a0 e\u00a0 promovam\u00a0 a\u00a0 socializa..o\u00a0  dos\u00a0 espa\u00e7os\u00a0 e\u00a0 objetos,\u00a0 buscando atender\u00a0 a\u00a0 todos\u00a0 com\u00a0 igualdade,\u00a0  evitando\u00a0 o\u00a0 estigma\u00a0 da\u00a0 segrega\u00e7\u00e3o\u00a0 e\u00a0 do preconceito.<\/p>\n<p>Al\u00e9m\u00a0  disso,\u00a0 este\u00a0 Curso\u00a0 atende\u00a0 ainda\u00a0 aos\u00a0 anseios\u00a0 da\u00a0 sociedade  contempor\u00e2nea\u00a0 em\u00a0 rela\u00e7\u00e3o\u00a0 ao\u00a0 conforto\u00a0 ambiental,\u00a0 visto\u00a0 que\u00a0  abordar\u00e1 conceitos\u00a0 e\u00a0 conhecimentos\u00a0 da\u00a0 ergonomia,\u00a0 antropometria,\u00a0  conforto\u00a0 visual, ilumina\u00e7\u00e3o e acondicionamento t\u00e9rmico ambiental,  visando a seguran\u00e7a do usu\u00e1rio,\u00a0 prevenindo\u00a0 e\u00a0 minimizando\u00a0 acidentes,\u00a0  les\u00f5es\u00a0 e\u00a0 enfermidades decorrentes\u00a0 de\u00a0 esfor\u00e7os\u00a0 repetitivos,\u00a0  posturas\u00a0 e esta\u00e7\u00f5es de\u00a0 trabalho inadequadas.<\/p>\n<p><strong>OBJETIVOS:<\/strong><strong> <\/strong><\/p>\n<p><strong> <\/strong><strong>Objetivo Geral<\/strong><\/p>\n<p>O  Curso tem como\u00a0 objetivo\u00a0 capacitar o p\u00f3s-graduando\u00a0 a\u00a0 refletir  criticamente, desenvolver\u00a0 objetos\u00a0 e\u00a0 configurar\u00a0 espa\u00e7os\u00a0 inclusivos,\u00a0  tendo como princ\u00edpio o Design Universal e a Arquitetura da  acessibilidade que se prop\u00f5e a pensar objetos e espa\u00e7os adequados ao uso  e ao bem estar humano, atendendo a todos, sem distin\u00e7\u00e3o ou segrega\u00e7\u00e3o  contemplando a universalidade dos ambientes.<\/p>\n<p><strong>Objetivos Espec\u00edficos<\/strong><\/p>\n<p>\u00b7\u00a0\u00a0\u00a0  Capacitar o profissional a conceber e desenvolver ambientes inclusivos  que considerem a fisiologia do ser humano analisando as suas dimens\u00f5es,  capacidades e possibilidades;<\/p>\n<p>\u00b7\u00a0\u00a0\u00a0 Capacitar o  profissional para adequa\u00e7\u00e3o ergon\u00f4mica de postos de trabalho,  contribuindo para a equipara\u00e7\u00e3o de oportunidades para todos;<\/p>\n<p>\u00b7\u00a0\u00a0\u00a0  Capacitar o profissional para reconhecimento de riscos ergon\u00f4micos,  elabora\u00e7\u00e3o e desenvolvimento de programas de preven\u00e7\u00e3o \u00e0 acidentes e  danos \u00e1 sa\u00fade;<\/p>\n<p>\u00b7\u00a0\u00a0\u00a0 Conhecer par\u00e2metros  antropom\u00e9tricos e identificar os principais obst\u00e1culos e equipamentos  para a circula\u00e7\u00e3o de pessoas com defici\u00eancia ou mobilidade reduzida;<\/p>\n<p>\u00b7\u00a0\u00a0\u00a0 Identificar e propor eficientes sistemas de informa\u00e7\u00e3o e formas de comunica\u00e7\u00e3o inclusiva;<\/p>\n<p>\u00b7\u00a0\u00a0\u00a0 Conhecer t\u00e9cnicas que potencializem a autonomia e a qualidade de vida de pessoas com defici\u00eancia ou mobilidade reduzida;<\/p>\n<p>\u00b7\u00a0\u00a0\u00a0 Refletir e solucionar problemas que surgem em seu campo de trabalho;<\/p>\n<p>\u00b7\u00a0\u00a0\u00a0 Desenvolver pesquisa cient\u00edfica.<\/p>\n<p><strong>P\u00daBLICO ALVO:<\/strong><\/p>\n<p><strong><\/strong><\/p>\n<p>Profissionais  graduados em design, arquitetura, engenharia, gest\u00e3o, administra\u00e7\u00e3o,  sa\u00fade, educa\u00e7\u00e3o e \u00e1reas afins, portadores de diploma de curso superior  em institui\u00e7\u00e3o reconhecida.<\/p>\n<p><strong>HOR\u00c1RIO, DURA\u00c7\u00c3O E LOCAL DO CURSO:<br \/>\n<\/strong><br \/>\nS\u00e1bado das 09h \u00e0s 17h<\/p>\n<p>Dura\u00e7\u00e3o do Curso: 1 ano e meio &#8211; agosto\/2011 a dezembro\/2012<\/p>\n<p>Unidade Ang\u00e9lica: Av. Ang\u00e9lica, 1900 &#8211; Higien\u00f3polis &#8211; S\u00e3o Paulo<\/p>\n<p><strong>INSCRI\u00c7\u00c3O, FORMA DE INGRESSO E MATR\u00cdCULA:<\/strong><\/p>\n<p><strong><\/strong><\/p>\n<p><strong>Inscri\u00e7\u00f5es e procedimentos<\/strong>: O\u00a0 ingresso\u00a0 do\u00a0 aluno\u00a0 na p\u00f3s-gradua\u00e7\u00e3o\u00a0 se dar\u00e1 mediante a inscri\u00e7\u00f5es e an\u00e1lise de documentos.<\/p>\n<p><strong>Per\u00edodo de inscri\u00e7\u00e3o: <\/strong><strong><br \/>\n<\/strong>Abertas at\u00e9 30 de Julho de 2011<\/p>\n<p><strong>Matr\u00edculas<\/strong>:<br \/>\nAt\u00e9 30 de Julho de 2011 &#8211; at\u00e9 as 18h<\/p>\n<p><strong>Informa\u00e7\u00f5es<\/strong>:<br \/>\nE-mail: saoep@escola-panamericana.com.br (falar com Josilene)<\/p>\n<p>Telefones 55 (11) 36618511 &#8211; Ramais 142<\/p>\n","protected":false},"excerpt":{"rendered":"<p>O enfoque \u00e9 formar o profissional que pense em produto,  servi\u00e7os e ambientes  que  sejam  utilizados  pelo  maior  n\u00famero  de  pessoas  poss\u00edvel independente  da  idade,  habilidade ou situa\u00e7\u00e3o. <\/p>\n","protected":false},"author":1,"featured_media":0,"comment_status":"open","ping_status":"open","sticky":false,"template":"","format":"standard","meta":{"site-container-style":"default","site-container-layout":"default","site-sidebar-layout":"default","disable-article-header":"default","disable-site-header":"default","disable-site-footer":"default","disable-content-area-spacing":"default","footnotes":""},"categories":[44,12,48],"tags":[],"class_list":["post-19990","post","type-post","status-publish","format-standard","hentry","category-acessibilidade","category-cursos-e-eventos","category-inclusao"],"yoast_head":"<!-- This site is optimized with the Yoast SEO plugin v27.4 - https:\/\/yoast.com\/product\/yoast-seo-wordpress\/ -->\n<title>P\u00f3s-Gradua\u00e7\u00e3o em Design Universal \u2013 Design para Todos - SP -<\/title>\n<meta name=\"robots\" content=\"index, follow, max-snippet:-1, max-image-preview:large, max-video-preview:-1\" \/>\n<link rel=\"canonical\" href=\"https:\/\/inclusivenews.com.br\/?p=19990\" \/>\n<meta property=\"og:locale\" content=\"pt_PT\" \/>\n<meta property=\"og:type\" content=\"article\" \/>\n<meta property=\"og:title\" content=\"P\u00f3s-Gradua\u00e7\u00e3o em Design Universal \u2013 Design para Todos - SP -\" \/>\n<meta property=\"og:description\" content=\"O enfoque \u00e9 formar o profissional que pense em produto, servi\u00e7os e ambientes que sejam utilizados pelo maior n\u00famero de pessoas poss\u00edvel independente da idade, habilidade ou situa\u00e7\u00e3o.\" \/>\n<meta property=\"og:url\" content=\"https:\/\/inclusivenews.com.br\/?p=19990\" \/>\n<meta property=\"article:publisher\" content=\"https:\/\/www.facebook.com\/agenciainclusive\/\" \/>\n<meta property=\"article:published_time\" content=\"2011-06-23T11:15:25+00:00\" \/>\n<meta property=\"og:image\" content=\"http:\/\/inclusivenews.com.br\/wp-content\/uploads\/rampa.jpg\" \/>\n<meta name=\"author\" content=\"inclusivenews2024\" \/>\n<meta name=\"twitter:card\" content=\"summary_large_image\" \/>\n<meta name=\"twitter:label1\" content=\"Escrito por\" \/>\n\t<meta name=\"twitter:data1\" content=\"inclusivenews2024\" \/>\n\t<meta name=\"twitter:label2\" content=\"Tempo estimado de leitura\" \/>\n\t<meta name=\"twitter:data2\" content=\"5 minutos\" \/>\n<script type=\"application\/ld+json\" class=\"yoast-schema-graph\">{\"@context\":\"https:\\\/\\\/schema.org\",\"@graph\":[{\"@type\":\"Article\",\"@id\":\"https:\\\/\\\/inclusivenews.com.br\\\/?p=19990#article\",\"isPartOf\":{\"@id\":\"https:\\\/\\\/inclusivenews.com.br\\\/?p=19990\"},\"author\":{\"name\":\"inclusivenews2024\",\"@id\":\"https:\\\/\\\/inclusivenews.com.br\\\/#\\\/schema\\\/person\\\/ae4ec7087559b8692fb33b6fffd2273b\"},\"headline\":\"P\u00f3s-Gradua\u00e7\u00e3o em Design Universal \u2013 Design para Todos &#8211; SP\",\"datePublished\":\"2011-06-23T11:15:25+00:00\",\"mainEntityOfPage\":{\"@id\":\"https:\\\/\\\/inclusivenews.com.br\\\/?p=19990\"},\"wordCount\":972,\"commentCount\":0,\"publisher\":{\"@id\":\"https:\\\/\\\/inclusivenews.com.br\\\/#organization\"},\"image\":{\"@id\":\"https:\\\/\\\/inclusivenews.com.br\\\/?p=19990#primaryimage\"},\"thumbnailUrl\":\"http:\\\/\\\/inclusivenews.com.br\\\/wp-content\\\/uploads\\\/rampa.jpg\",\"articleSection\":[\"ACESSIBILIDADE\",\"Cursos e eventos\",\"INCLUS\u00c3O SOCIAL\"],\"inLanguage\":\"pt-PT\",\"potentialAction\":[{\"@type\":\"CommentAction\",\"name\":\"Comment\",\"target\":[\"https:\\\/\\\/inclusivenews.com.br\\\/?p=19990#respond\"]}]},{\"@type\":\"WebPage\",\"@id\":\"https:\\\/\\\/inclusivenews.com.br\\\/?p=19990\",\"url\":\"https:\\\/\\\/inclusivenews.com.br\\\/?p=19990\",\"name\":\"P\u00f3s-Gradua\u00e7\u00e3o em Design Universal \u2013 Design para Todos - SP -\",\"isPartOf\":{\"@id\":\"https:\\\/\\\/inclusivenews.com.br\\\/#website\"},\"primaryImageOfPage\":{\"@id\":\"https:\\\/\\\/inclusivenews.com.br\\\/?p=19990#primaryimage\"},\"image\":{\"@id\":\"https:\\\/\\\/inclusivenews.com.br\\\/?p=19990#primaryimage\"},\"thumbnailUrl\":\"http:\\\/\\\/inclusivenews.com.br\\\/wp-content\\\/uploads\\\/rampa.jpg\",\"datePublished\":\"2011-06-23T11:15:25+00:00\",\"breadcrumb\":{\"@id\":\"https:\\\/\\\/inclusivenews.com.br\\\/?p=19990#breadcrumb\"},\"inLanguage\":\"pt-PT\",\"potentialAction\":[{\"@type\":\"ReadAction\",\"target\":[\"https:\\\/\\\/inclusivenews.com.br\\\/?p=19990\"]}]},{\"@type\":\"ImageObject\",\"inLanguage\":\"pt-PT\",\"@id\":\"https:\\\/\\\/inclusivenews.com.br\\\/?p=19990#primaryimage\",\"url\":\"\",\"contentUrl\":\"\"},{\"@type\":\"BreadcrumbList\",\"@id\":\"https:\\\/\\\/inclusivenews.com.br\\\/?p=19990#breadcrumb\",\"itemListElement\":[{\"@type\":\"ListItem\",\"position\":1,\"name\":\"In\u00edcio\",\"item\":\"https:\\\/\\\/inclusivenews.com.br\\\/\"},{\"@type\":\"ListItem\",\"position\":2,\"name\":\"P\u00f3s-Gradua\u00e7\u00e3o em Design Universal \u2013 Design para Todos &#8211; SP\"}]},{\"@type\":\"WebSite\",\"@id\":\"https:\\\/\\\/inclusivenews.com.br\\\/#website\",\"url\":\"https:\\\/\\\/inclusivenews.com.br\\\/\",\"name\":\"Inclusive News\",\"description\":\"Inclusive News\",\"publisher\":{\"@id\":\"https:\\\/\\\/inclusivenews.com.br\\\/#organization\"},\"potentialAction\":[{\"@type\":\"SearchAction\",\"target\":{\"@type\":\"EntryPoint\",\"urlTemplate\":\"https:\\\/\\\/inclusivenews.com.br\\\/?s={search_term_string}\"},\"query-input\":{\"@type\":\"PropertyValueSpecification\",\"valueRequired\":true,\"valueName\":\"search_term_string\"}}],\"inLanguage\":\"pt-PT\"},{\"@type\":\"Organization\",\"@id\":\"https:\\\/\\\/inclusivenews.com.br\\\/#organization\",\"name\":\"Inclusive - inclus\u00e3o e cidadania\",\"url\":\"https:\\\/\\\/inclusivenews.com.br\\\/\",\"logo\":{\"@type\":\"ImageObject\",\"inLanguage\":\"pt-PT\",\"@id\":\"https:\\\/\\\/inclusivenews.com.br\\\/#\\\/schema\\\/logo\\\/image\\\/\",\"url\":\"https:\\\/\\\/inclusivenews.com.br\\\/wp-content\\\/uploads\\\/2024\\\/03\\\/@grandesite.png\",\"contentUrl\":\"https:\\\/\\\/inclusivenews.com.br\\\/wp-content\\\/uploads\\\/2024\\\/03\\\/@grandesite.png\",\"width\":1080,\"height\":1080,\"caption\":\"Inclusive - inclus\u00e3o e cidadania\"},\"image\":{\"@id\":\"https:\\\/\\\/inclusivenews.com.br\\\/#\\\/schema\\\/logo\\\/image\\\/\"},\"sameAs\":[\"https:\\\/\\\/www.facebook.com\\\/agenciainclusive\\\/\",\"https:\\\/\\\/www.instagram.com\\\/newsinclusive\\\/\"]},{\"@type\":\"Person\",\"@id\":\"https:\\\/\\\/inclusivenews.com.br\\\/#\\\/schema\\\/person\\\/ae4ec7087559b8692fb33b6fffd2273b\",\"name\":\"inclusivenews2024\",\"image\":{\"@type\":\"ImageObject\",\"inLanguage\":\"pt-PT\",\"@id\":\"https:\\\/\\\/secure.gravatar.com\\\/avatar\\\/c5a7ef84c66fa914f55bc4f7ce26cfa275a3b9a1c5568b907bd184fb4dde7b40?s=96&d=mm&r=g\",\"url\":\"https:\\\/\\\/secure.gravatar.com\\\/avatar\\\/c5a7ef84c66fa914f55bc4f7ce26cfa275a3b9a1c5568b907bd184fb4dde7b40?s=96&d=mm&r=g\",\"contentUrl\":\"https:\\\/\\\/secure.gravatar.com\\\/avatar\\\/c5a7ef84c66fa914f55bc4f7ce26cfa275a3b9a1c5568b907bd184fb4dde7b40?s=96&d=mm&r=g\",\"caption\":\"inclusivenews2024\"},\"sameAs\":[\"https:\\\/\\\/inclusivenews.com.br\"],\"url\":\"https:\\\/\\\/inclusivenews.com.br\\\/?author=1\"}]}<\/script>\n<!-- \/ Yoast SEO plugin. -->","yoast_head_json":{"title":"P\u00f3s-Gradua\u00e7\u00e3o em Design Universal \u2013 Design para Todos - SP -","robots":{"index":"index","follow":"follow","max-snippet":"max-snippet:-1","max-image-preview":"max-image-preview:large","max-video-preview":"max-video-preview:-1"},"canonical":"https:\/\/inclusivenews.com.br\/?p=19990","og_locale":"pt_PT","og_type":"article","og_title":"P\u00f3s-Gradua\u00e7\u00e3o em Design Universal \u2013 Design para Todos - SP -","og_description":"O enfoque \u00e9 formar o profissional que pense em produto, servi\u00e7os e ambientes que sejam utilizados pelo maior n\u00famero de pessoas poss\u00edvel independente da idade, habilidade ou situa\u00e7\u00e3o.","og_url":"https:\/\/inclusivenews.com.br\/?p=19990","article_publisher":"https:\/\/www.facebook.com\/agenciainclusive\/","article_published_time":"2011-06-23T11:15:25+00:00","og_image":[{"url":"http:\/\/inclusivenews.com.br\/wp-content\/uploads\/rampa.jpg","type":"","width":"","height":""}],"author":"inclusivenews2024","twitter_card":"summary_large_image","twitter_misc":{"Escrito por":"inclusivenews2024","Tempo estimado de leitura":"5 minutos"},"schema":{"@context":"https:\/\/schema.org","@graph":[{"@type":"Article","@id":"https:\/\/inclusivenews.com.br\/?p=19990#article","isPartOf":{"@id":"https:\/\/inclusivenews.com.br\/?p=19990"},"author":{"name":"inclusivenews2024","@id":"https:\/\/inclusivenews.com.br\/#\/schema\/person\/ae4ec7087559b8692fb33b6fffd2273b"},"headline":"P\u00f3s-Gradua\u00e7\u00e3o em Design Universal \u2013 Design para Todos &#8211; SP","datePublished":"2011-06-23T11:15:25+00:00","mainEntityOfPage":{"@id":"https:\/\/inclusivenews.com.br\/?p=19990"},"wordCount":972,"commentCount":0,"publisher":{"@id":"https:\/\/inclusivenews.com.br\/#organization"},"image":{"@id":"https:\/\/inclusivenews.com.br\/?p=19990#primaryimage"},"thumbnailUrl":"http:\/\/inclusivenews.com.br\/wp-content\/uploads\/rampa.jpg","articleSection":["ACESSIBILIDADE","Cursos e eventos","INCLUS\u00c3O SOCIAL"],"inLanguage":"pt-PT","potentialAction":[{"@type":"CommentAction","name":"Comment","target":["https:\/\/inclusivenews.com.br\/?p=19990#respond"]}]},{"@type":"WebPage","@id":"https:\/\/inclusivenews.com.br\/?p=19990","url":"https:\/\/inclusivenews.com.br\/?p=19990","name":"P\u00f3s-Gradua\u00e7\u00e3o em Design Universal \u2013 Design para Todos - SP -","isPartOf":{"@id":"https:\/\/inclusivenews.com.br\/#website"},"primaryImageOfPage":{"@id":"https:\/\/inclusivenews.com.br\/?p=19990#primaryimage"},"image":{"@id":"https:\/\/inclusivenews.com.br\/?p=19990#primaryimage"},"thumbnailUrl":"http:\/\/inclusivenews.com.br\/wp-content\/uploads\/rampa.jpg","datePublished":"2011-06-23T11:15:25+00:00","breadcrumb":{"@id":"https:\/\/inclusivenews.com.br\/?p=19990#breadcrumb"},"inLanguage":"pt-PT","potentialAction":[{"@type":"ReadAction","target":["https:\/\/inclusivenews.com.br\/?p=19990"]}]},{"@type":"ImageObject","inLanguage":"pt-PT","@id":"https:\/\/inclusivenews.com.br\/?p=19990#primaryimage","url":"","contentUrl":""},{"@type":"BreadcrumbList","@id":"https:\/\/inclusivenews.com.br\/?p=19990#breadcrumb","itemListElement":[{"@type":"ListItem","position":1,"name":"In\u00edcio","item":"https:\/\/inclusivenews.com.br\/"},{"@type":"ListItem","position":2,"name":"P\u00f3s-Gradua\u00e7\u00e3o em Design Universal \u2013 Design para Todos &#8211; SP"}]},{"@type":"WebSite","@id":"https:\/\/inclusivenews.com.br\/#website","url":"https:\/\/inclusivenews.com.br\/","name":"Inclusive News","description":"Inclusive News","publisher":{"@id":"https:\/\/inclusivenews.com.br\/#organization"},"potentialAction":[{"@type":"SearchAction","target":{"@type":"EntryPoint","urlTemplate":"https:\/\/inclusivenews.com.br\/?s={search_term_string}"},"query-input":{"@type":"PropertyValueSpecification","valueRequired":true,"valueName":"search_term_string"}}],"inLanguage":"pt-PT"},{"@type":"Organization","@id":"https:\/\/inclusivenews.com.br\/#organization","name":"Inclusive - inclus\u00e3o e cidadania","url":"https:\/\/inclusivenews.com.br\/","logo":{"@type":"ImageObject","inLanguage":"pt-PT","@id":"https:\/\/inclusivenews.com.br\/#\/schema\/logo\/image\/","url":"https:\/\/inclusivenews.com.br\/wp-content\/uploads\/2024\/03\/@grandesite.png","contentUrl":"https:\/\/inclusivenews.com.br\/wp-content\/uploads\/2024\/03\/@grandesite.png","width":1080,"height":1080,"caption":"Inclusive - inclus\u00e3o e cidadania"},"image":{"@id":"https:\/\/inclusivenews.com.br\/#\/schema\/logo\/image\/"},"sameAs":["https:\/\/www.facebook.com\/agenciainclusive\/","https:\/\/www.instagram.com\/newsinclusive\/"]},{"@type":"Person","@id":"https:\/\/inclusivenews.com.br\/#\/schema\/person\/ae4ec7087559b8692fb33b6fffd2273b","name":"inclusivenews2024","image":{"@type":"ImageObject","inLanguage":"pt-PT","@id":"https:\/\/secure.gravatar.com\/avatar\/c5a7ef84c66fa914f55bc4f7ce26cfa275a3b9a1c5568b907bd184fb4dde7b40?s=96&d=mm&r=g","url":"https:\/\/secure.gravatar.com\/avatar\/c5a7ef84c66fa914f55bc4f7ce26cfa275a3b9a1c5568b907bd184fb4dde7b40?s=96&d=mm&r=g","contentUrl":"https:\/\/secure.gravatar.com\/avatar\/c5a7ef84c66fa914f55bc4f7ce26cfa275a3b9a1c5568b907bd184fb4dde7b40?s=96&d=mm&r=g","caption":"inclusivenews2024"},"sameAs":["https:\/\/inclusivenews.com.br"],"url":"https:\/\/inclusivenews.com.br\/?author=1"}]}},"_links":{"self":[{"href":"https:\/\/inclusivenews.com.br\/index.php?rest_route=\/wp\/v2\/posts\/19990","targetHints":{"allow":["GET"]}}],"collection":[{"href":"https:\/\/inclusivenews.com.br\/index.php?rest_route=\/wp\/v2\/posts"}],"about":[{"href":"https:\/\/inclusivenews.com.br\/index.php?rest_route=\/wp\/v2\/types\/post"}],"author":[{"embeddable":true,"href":"https:\/\/inclusivenews.com.br\/index.php?rest_route=\/wp\/v2\/users\/1"}],"replies":[{"embeddable":true,"href":"https:\/\/inclusivenews.com.br\/index.php?rest_route=%2Fwp%2Fv2%2Fcomments&post=19990"}],"version-history":[{"count":0,"href":"https:\/\/inclusivenews.com.br\/index.php?rest_route=\/wp\/v2\/posts\/19990\/revisions"}],"wp:attachment":[{"href":"https:\/\/inclusivenews.com.br\/index.php?rest_route=%2Fwp%2Fv2%2Fmedia&parent=19990"}],"wp:term":[{"taxonomy":"category","embeddable":true,"href":"https:\/\/inclusivenews.com.br\/index.php?rest_route=%2Fwp%2Fv2%2Fcategories&post=19990"},{"taxonomy":"post_tag","embeddable":true,"href":"https:\/\/inclusivenews.com.br\/index.php?rest_route=%2Fwp%2Fv2%2Ftags&post=19990"}],"curies":[{"name":"wp","href":"https:\/\/api.w.org\/{rel}","templated":true}]}}