{"id":20032,"date":"2011-06-23T08:12:07","date_gmt":"2011-06-23T11:12:07","guid":{"rendered":"http:\/\/www.inclusive.org.br\/?p=20032"},"modified":"2011-06-23T08:12:07","modified_gmt":"2011-06-23T11:12:07","slug":"com-quase-3-mil-emendas-pne-deve-ficar-para-2012","status":"publish","type":"post","link":"https:\/\/inclusivenews.com.br\/?p=20032","title":{"rendered":"Com quase 3 mil emendas, PNE deve ficar para 2012"},"content":{"rendered":"<figure id=\"attachment_13969\" aria-describedby=\"caption-attachment-13969\" style=\"width: 239px\" class=\"wp-caption alignleft\"><img loading=\"lazy\" decoding=\"async\" class=\"size-full wp-image-13969 \" title=\"Inclusive - problemas na educa\u00e7\u00e3o. A palavra educa\u00e7\u00e3o escrita com as letras invertidas e um aluno desolado em frente ao quadro negro.\" src=\"http:\/\/inclusivenews.com.br\/wp-content\/uploads\/2010\/02\/inclusive_educacao.jpg\" alt=\"Inclusive - problemas na educa\u00e7\u00e3o. A palavra educa\u00e7\u00e3o escrita com as letras invertidas e um aluno desolado em frente ao quadro negro.\" width=\"239\" height=\"180\" \/><figcaption id=\"caption-attachment-13969\" class=\"wp-caption-text\"> <\/figcaption><\/figure>\n<p><strong>Por Amanda Cieglinski<\/strong><br \/>\n<em>Rep\u00f3rter da Ag\u00eancia Brasil<br \/>\n<\/em><br \/>\nO projeto de lei que criar\u00e1 o novo Plano Nacional de Educa\u00e7\u00e3o (PNE), enviado ao Congresso Nacional no fim de 2010, recebeu 2.919 emendas parlamentares na comiss\u00e3o especial que analisa a mat\u00e9ria na C\u00e2mara. O documento ir\u00e1 estabelecer 20 metas educacionais que o pa\u00eds precisa cumprir at\u00e9 o fim da d\u00e9cada. O relator da mat\u00e9ria, deputado Angelo Vanhoni (PT-PR), tinha previs\u00e3o de terminar o relat\u00f3rio em agosto, mas, diante do n\u00famero recorde de emendas, o texto deve ser conclu\u00eddo em setembro.<\/p>\n<p>Depois da apresenta\u00e7\u00e3o do relat\u00f3rio, abre-se novo prazo para apresenta\u00e7\u00e3o de emendas. O presidente da comiss\u00e3o especial, deputado Gast\u00e3o Vieira (PMDB-MA), prev\u00ea que a tramita\u00e7\u00e3o do plano na C\u00e2mara seja conclu\u00edda at\u00e9 novembro, quando o texto ser\u00e1 encaminhado ao Senado. Apesar de boa parte das emendas serem repetidas, a comiss\u00e3o discute com o centro de inform\u00e1tica da Casa a cria\u00e7\u00e3o de um <em>software<\/em> que seja capaz de classific\u00e1-las por tema para facilitar a an\u00e1lise por parte do relator. Gast\u00e3o defende que n\u00e3o deve haver pressa para aprovar o novo PNE, apesar de o plano anterior ter perdido sua validade em dezembro de 2010 e o prazo de implanta\u00e7\u00e3o do pr\u00f3ximo ter come\u00e7ado neste ano.<\/p>\n<p>\u201cTodos os movimentos sociais queriam que o plano fosse aprovado o mais r\u00e1pido poss\u00edvel, mas essa press\u00e3o at\u00e9 j\u00e1 diminuiu um pouco. \u00c9 um plano que vai mexer com toda a estrutura da educa\u00e7\u00e3o brasileira, n\u00e3o d\u00e1 para fazer dessa forma. Temos os problemas de financiamento, por exemplo, que o pr\u00f3prio ministro n\u00e3o conseguiu dizer claramente qual ser\u00e1 a solu\u00e7\u00e3o\u201d, explica Gast\u00e3o.<\/p>\n<p>A meta de n\u00famero 20 do plano \u00e9 uma das mais pol\u00eamicas: ela prev\u00ea que o pa\u00eds amplie para 7% do Produto Interno Bruto (PIB) o percentual de investimento p\u00fablico em educa\u00e7\u00e3o \u2013 hoje esse patamar \u00e9 em torno de 5%. Boa parte das emendas querem alterar a meta para 10%, atendendo a uma reivindica\u00e7\u00e3o das entidades da \u00e1rea.<\/p>\n<p>Para a diretora executiva do movimento Todos pela Educa\u00e7\u00e3o, Priscila Cruz, a quest\u00e3o do PIB \u00e9 uma \u201cfic\u00e7\u00e3o\u201d: n\u00e3o adianta determinar o aumento dos investimentos se o plano n\u00e3o indicar quais ser\u00e3o as novas fontes de recurso. \u201cA participa\u00e7\u00e3o \u00e9 t\u00e3o grande [da apresenta\u00e7\u00e3o de emendas], mas me preocupo se de fato a gente vai ter um documento com as caracter\u00edsticas de um plano nacional, que n\u00e3o pode entrar no detalhe e querer determinar pol\u00edticas para estados e munic\u00edpios, ele precisa ser mais macro\u201d, afirma.<\/p>\n<p>Ela avalia que o debate \u00e9 importante e que todas as emendas precisam ser avaliadas, mas defende que o pr\u00f3ximo PNE precisa ser fact\u00edvel para que n\u00e3o se repita o que ocorreu no plano anterior, quando a maioria das metas foi descumprida.<\/p>\n<p>\u201cEu adoraria ter metas com 100% das crian\u00e7as aprendendo e 100% das crian\u00e7as na creche, \u00e9 claro. Mas temos que entender que h\u00e1 um caminho para chegar l\u00e1. O plano precisa ser ao mesmo tempo ambicioso e fact\u00edvel\u201d, acredita.<\/p>\n<p>Seguindo para o Senado em novembro, o PNE passar\u00e1 por uma nova rodada de discuss\u00f5es em um ano de elei\u00e7\u00f5es municipais. \u201cO PSDB, que \u00e9 oposi\u00e7\u00e3o, \u00e9 muito ativo no Senado, especialmente nos temas de educa\u00e7\u00e3o. Tamb\u00e9m temos que conciliar os anseios dos planos com os dos governadores e no Senado h\u00e1 muitos ex-governadores. Ningu\u00e9m aprova um documento com tanta complexidade em um prazo curto\u201d, avalia Gast\u00e3o.<\/p>\n<p>Fonte: <a href=\"http:\/\/agenciabrasil.ebc.com.br\/noticia\/2011-06-19\/com-quase-3-mil-emendas-pne-deve-ficar-para-2012\">Ag\u00eancia Brasil<\/a><\/p>\n","protected":false},"excerpt":{"rendered":"<p>O projeto de lei que criar\u00e1 o novo Plano Nacional de Educa\u00e7\u00e3o (PNE), enviado ao Congresso Nacional no fim de 2010, recebeu 2.919 emendas parlamentares na comiss\u00e3o especial que analisa a mat\u00e9ria na C\u00e2mara. O documento ir\u00e1 estabelecer 20 metas educacionais que o pa\u00eds precisa cumprir at\u00e9 o fim da d\u00e9cada. Da Ag\u00eancia Brasil.<\/p>\n","protected":false},"author":1,"featured_media":0,"comment_status":"open","ping_status":"open","sticky":false,"template":"","format":"standard","meta":{"site-container-style":"default","site-container-layout":"default","site-sidebar-layout":"default","disable-article-header":"default","disable-site-header":"default","disable-site-footer":"default","disable-content-area-spacing":"default","footnotes":""},"categories":[6,4],"tags":[],"class_list":["post-20032","post","type-post","status-publish","format-standard","hentry","category-educacao","category-noticias"],"yoast_head":"<!-- This site is optimized with the Yoast SEO plugin v27.4 - https:\/\/yoast.com\/product\/yoast-seo-wordpress\/ -->\n<title>Com quase 3 mil emendas, PNE deve ficar para 2012 -<\/title>\n<meta name=\"robots\" content=\"index, follow, max-snippet:-1, max-image-preview:large, max-video-preview:-1\" \/>\n<link rel=\"canonical\" href=\"https:\/\/inclusivenews.com.br\/?p=20032\" \/>\n<meta property=\"og:locale\" content=\"pt_PT\" \/>\n<meta property=\"og:type\" content=\"article\" \/>\n<meta property=\"og:title\" content=\"Com quase 3 mil emendas, PNE deve ficar para 2012 -\" \/>\n<meta property=\"og:description\" content=\"O projeto de lei que criar\u00e1 o novo Plano Nacional de Educa\u00e7\u00e3o (PNE), enviado ao Congresso Nacional no fim de 2010, recebeu 2.919 emendas parlamentares na comiss\u00e3o especial que analisa a mat\u00e9ria na C\u00e2mara. O documento ir\u00e1 estabelecer 20 metas educacionais que o pa\u00eds precisa cumprir at\u00e9 o fim da d\u00e9cada. Da Ag\u00eancia Brasil.\" \/>\n<meta property=\"og:url\" content=\"https:\/\/inclusivenews.com.br\/?p=20032\" \/>\n<meta property=\"article:publisher\" content=\"https:\/\/www.facebook.com\/agenciainclusive\/\" \/>\n<meta property=\"article:published_time\" content=\"2011-06-23T11:12:07+00:00\" \/>\n<meta property=\"og:image\" content=\"http:\/\/inclusivenews.com.br\/wp-content\/uploads\/2010\/02\/inclusive_educacao.jpg\" \/>\n<meta name=\"author\" content=\"inclusivenews2024\" \/>\n<meta name=\"twitter:card\" content=\"summary_large_image\" \/>\n<meta name=\"twitter:label1\" content=\"Escrito por\" \/>\n\t<meta name=\"twitter:data1\" content=\"inclusivenews2024\" \/>\n\t<meta name=\"twitter:label2\" content=\"Tempo estimado de leitura\" \/>\n\t<meta name=\"twitter:data2\" content=\"3 minutos\" \/>\n<script type=\"application\/ld+json\" class=\"yoast-schema-graph\">{\"@context\":\"https:\\\/\\\/schema.org\",\"@graph\":[{\"@type\":\"Article\",\"@id\":\"https:\\\/\\\/inclusivenews.com.br\\\/?p=20032#article\",\"isPartOf\":{\"@id\":\"https:\\\/\\\/inclusivenews.com.br\\\/?p=20032\"},\"author\":{\"name\":\"inclusivenews2024\",\"@id\":\"https:\\\/\\\/inclusivenews.com.br\\\/#\\\/schema\\\/person\\\/ae4ec7087559b8692fb33b6fffd2273b\"},\"headline\":\"Com quase 3 mil emendas, PNE deve ficar para 2012\",\"datePublished\":\"2011-06-23T11:12:07+00:00\",\"mainEntityOfPage\":{\"@id\":\"https:\\\/\\\/inclusivenews.com.br\\\/?p=20032\"},\"wordCount\":628,\"commentCount\":0,\"publisher\":{\"@id\":\"https:\\\/\\\/inclusivenews.com.br\\\/#organization\"},\"image\":{\"@id\":\"https:\\\/\\\/inclusivenews.com.br\\\/?p=20032#primaryimage\"},\"thumbnailUrl\":\"http:\\\/\\\/inclusivenews.com.br\\\/wp-content\\\/uploads\\\/2010\\\/02\\\/inclusive_educacao.jpg\",\"articleSection\":[\"EDUCA\u00c7\u00c3O\",\"NOT\u00cdCIAS\"],\"inLanguage\":\"pt-PT\",\"potentialAction\":[{\"@type\":\"CommentAction\",\"name\":\"Comment\",\"target\":[\"https:\\\/\\\/inclusivenews.com.br\\\/?p=20032#respond\"]}]},{\"@type\":\"WebPage\",\"@id\":\"https:\\\/\\\/inclusivenews.com.br\\\/?p=20032\",\"url\":\"https:\\\/\\\/inclusivenews.com.br\\\/?p=20032\",\"name\":\"Com quase 3 mil emendas, PNE deve ficar para 2012 -\",\"isPartOf\":{\"@id\":\"https:\\\/\\\/inclusivenews.com.br\\\/#website\"},\"primaryImageOfPage\":{\"@id\":\"https:\\\/\\\/inclusivenews.com.br\\\/?p=20032#primaryimage\"},\"image\":{\"@id\":\"https:\\\/\\\/inclusivenews.com.br\\\/?p=20032#primaryimage\"},\"thumbnailUrl\":\"http:\\\/\\\/inclusivenews.com.br\\\/wp-content\\\/uploads\\\/2010\\\/02\\\/inclusive_educacao.jpg\",\"datePublished\":\"2011-06-23T11:12:07+00:00\",\"breadcrumb\":{\"@id\":\"https:\\\/\\\/inclusivenews.com.br\\\/?p=20032#breadcrumb\"},\"inLanguage\":\"pt-PT\",\"potentialAction\":[{\"@type\":\"ReadAction\",\"target\":[\"https:\\\/\\\/inclusivenews.com.br\\\/?p=20032\"]}]},{\"@type\":\"ImageObject\",\"inLanguage\":\"pt-PT\",\"@id\":\"https:\\\/\\\/inclusivenews.com.br\\\/?p=20032#primaryimage\",\"url\":\"\",\"contentUrl\":\"\"},{\"@type\":\"BreadcrumbList\",\"@id\":\"https:\\\/\\\/inclusivenews.com.br\\\/?p=20032#breadcrumb\",\"itemListElement\":[{\"@type\":\"ListItem\",\"position\":1,\"name\":\"In\u00edcio\",\"item\":\"https:\\\/\\\/inclusivenews.com.br\\\/\"},{\"@type\":\"ListItem\",\"position\":2,\"name\":\"Com quase 3 mil emendas, PNE deve ficar para 2012\"}]},{\"@type\":\"WebSite\",\"@id\":\"https:\\\/\\\/inclusivenews.com.br\\\/#website\",\"url\":\"https:\\\/\\\/inclusivenews.com.br\\\/\",\"name\":\"Inclusive News\",\"description\":\"Inclusive News\",\"publisher\":{\"@id\":\"https:\\\/\\\/inclusivenews.com.br\\\/#organization\"},\"potentialAction\":[{\"@type\":\"SearchAction\",\"target\":{\"@type\":\"EntryPoint\",\"urlTemplate\":\"https:\\\/\\\/inclusivenews.com.br\\\/?s={search_term_string}\"},\"query-input\":{\"@type\":\"PropertyValueSpecification\",\"valueRequired\":true,\"valueName\":\"search_term_string\"}}],\"inLanguage\":\"pt-PT\"},{\"@type\":\"Organization\",\"@id\":\"https:\\\/\\\/inclusivenews.com.br\\\/#organization\",\"name\":\"Inclusive - inclus\u00e3o e cidadania\",\"url\":\"https:\\\/\\\/inclusivenews.com.br\\\/\",\"logo\":{\"@type\":\"ImageObject\",\"inLanguage\":\"pt-PT\",\"@id\":\"https:\\\/\\\/inclusivenews.com.br\\\/#\\\/schema\\\/logo\\\/image\\\/\",\"url\":\"https:\\\/\\\/inclusivenews.com.br\\\/wp-content\\\/uploads\\\/2024\\\/03\\\/@grandesite.png\",\"contentUrl\":\"https:\\\/\\\/inclusivenews.com.br\\\/wp-content\\\/uploads\\\/2024\\\/03\\\/@grandesite.png\",\"width\":1080,\"height\":1080,\"caption\":\"Inclusive - inclus\u00e3o e cidadania\"},\"image\":{\"@id\":\"https:\\\/\\\/inclusivenews.com.br\\\/#\\\/schema\\\/logo\\\/image\\\/\"},\"sameAs\":[\"https:\\\/\\\/www.facebook.com\\\/agenciainclusive\\\/\",\"https:\\\/\\\/www.instagram.com\\\/newsinclusive\\\/\"]},{\"@type\":\"Person\",\"@id\":\"https:\\\/\\\/inclusivenews.com.br\\\/#\\\/schema\\\/person\\\/ae4ec7087559b8692fb33b6fffd2273b\",\"name\":\"inclusivenews2024\",\"image\":{\"@type\":\"ImageObject\",\"inLanguage\":\"pt-PT\",\"@id\":\"https:\\\/\\\/secure.gravatar.com\\\/avatar\\\/c5a7ef84c66fa914f55bc4f7ce26cfa275a3b9a1c5568b907bd184fb4dde7b40?s=96&d=mm&r=g\",\"url\":\"https:\\\/\\\/secure.gravatar.com\\\/avatar\\\/c5a7ef84c66fa914f55bc4f7ce26cfa275a3b9a1c5568b907bd184fb4dde7b40?s=96&d=mm&r=g\",\"contentUrl\":\"https:\\\/\\\/secure.gravatar.com\\\/avatar\\\/c5a7ef84c66fa914f55bc4f7ce26cfa275a3b9a1c5568b907bd184fb4dde7b40?s=96&d=mm&r=g\",\"caption\":\"inclusivenews2024\"},\"sameAs\":[\"https:\\\/\\\/inclusivenews.com.br\"],\"url\":\"https:\\\/\\\/inclusivenews.com.br\\\/?author=1\"}]}<\/script>\n<!-- \/ Yoast SEO plugin. -->","yoast_head_json":{"title":"Com quase 3 mil emendas, PNE deve ficar para 2012 -","robots":{"index":"index","follow":"follow","max-snippet":"max-snippet:-1","max-image-preview":"max-image-preview:large","max-video-preview":"max-video-preview:-1"},"canonical":"https:\/\/inclusivenews.com.br\/?p=20032","og_locale":"pt_PT","og_type":"article","og_title":"Com quase 3 mil emendas, PNE deve ficar para 2012 -","og_description":"O projeto de lei que criar\u00e1 o novo Plano Nacional de Educa\u00e7\u00e3o (PNE), enviado ao Congresso Nacional no fim de 2010, recebeu 2.919 emendas parlamentares na comiss\u00e3o especial que analisa a mat\u00e9ria na C\u00e2mara. O documento ir\u00e1 estabelecer 20 metas educacionais que o pa\u00eds precisa cumprir at\u00e9 o fim da d\u00e9cada. Da Ag\u00eancia Brasil.","og_url":"https:\/\/inclusivenews.com.br\/?p=20032","article_publisher":"https:\/\/www.facebook.com\/agenciainclusive\/","article_published_time":"2011-06-23T11:12:07+00:00","og_image":[{"url":"http:\/\/inclusivenews.com.br\/wp-content\/uploads\/2010\/02\/inclusive_educacao.jpg","type":"","width":"","height":""}],"author":"inclusivenews2024","twitter_card":"summary_large_image","twitter_misc":{"Escrito por":"inclusivenews2024","Tempo estimado de leitura":"3 minutos"},"schema":{"@context":"https:\/\/schema.org","@graph":[{"@type":"Article","@id":"https:\/\/inclusivenews.com.br\/?p=20032#article","isPartOf":{"@id":"https:\/\/inclusivenews.com.br\/?p=20032"},"author":{"name":"inclusivenews2024","@id":"https:\/\/inclusivenews.com.br\/#\/schema\/person\/ae4ec7087559b8692fb33b6fffd2273b"},"headline":"Com quase 3 mil emendas, PNE deve ficar para 2012","datePublished":"2011-06-23T11:12:07+00:00","mainEntityOfPage":{"@id":"https:\/\/inclusivenews.com.br\/?p=20032"},"wordCount":628,"commentCount":0,"publisher":{"@id":"https:\/\/inclusivenews.com.br\/#organization"},"image":{"@id":"https:\/\/inclusivenews.com.br\/?p=20032#primaryimage"},"thumbnailUrl":"http:\/\/inclusivenews.com.br\/wp-content\/uploads\/2010\/02\/inclusive_educacao.jpg","articleSection":["EDUCA\u00c7\u00c3O","NOT\u00cdCIAS"],"inLanguage":"pt-PT","potentialAction":[{"@type":"CommentAction","name":"Comment","target":["https:\/\/inclusivenews.com.br\/?p=20032#respond"]}]},{"@type":"WebPage","@id":"https:\/\/inclusivenews.com.br\/?p=20032","url":"https:\/\/inclusivenews.com.br\/?p=20032","name":"Com quase 3 mil emendas, PNE deve ficar para 2012 -","isPartOf":{"@id":"https:\/\/inclusivenews.com.br\/#website"},"primaryImageOfPage":{"@id":"https:\/\/inclusivenews.com.br\/?p=20032#primaryimage"},"image":{"@id":"https:\/\/inclusivenews.com.br\/?p=20032#primaryimage"},"thumbnailUrl":"http:\/\/inclusivenews.com.br\/wp-content\/uploads\/2010\/02\/inclusive_educacao.jpg","datePublished":"2011-06-23T11:12:07+00:00","breadcrumb":{"@id":"https:\/\/inclusivenews.com.br\/?p=20032#breadcrumb"},"inLanguage":"pt-PT","potentialAction":[{"@type":"ReadAction","target":["https:\/\/inclusivenews.com.br\/?p=20032"]}]},{"@type":"ImageObject","inLanguage":"pt-PT","@id":"https:\/\/inclusivenews.com.br\/?p=20032#primaryimage","url":"","contentUrl":""},{"@type":"BreadcrumbList","@id":"https:\/\/inclusivenews.com.br\/?p=20032#breadcrumb","itemListElement":[{"@type":"ListItem","position":1,"name":"In\u00edcio","item":"https:\/\/inclusivenews.com.br\/"},{"@type":"ListItem","position":2,"name":"Com quase 3 mil emendas, PNE deve ficar para 2012"}]},{"@type":"WebSite","@id":"https:\/\/inclusivenews.com.br\/#website","url":"https:\/\/inclusivenews.com.br\/","name":"Inclusive News","description":"Inclusive News","publisher":{"@id":"https:\/\/inclusivenews.com.br\/#organization"},"potentialAction":[{"@type":"SearchAction","target":{"@type":"EntryPoint","urlTemplate":"https:\/\/inclusivenews.com.br\/?s={search_term_string}"},"query-input":{"@type":"PropertyValueSpecification","valueRequired":true,"valueName":"search_term_string"}}],"inLanguage":"pt-PT"},{"@type":"Organization","@id":"https:\/\/inclusivenews.com.br\/#organization","name":"Inclusive - inclus\u00e3o e cidadania","url":"https:\/\/inclusivenews.com.br\/","logo":{"@type":"ImageObject","inLanguage":"pt-PT","@id":"https:\/\/inclusivenews.com.br\/#\/schema\/logo\/image\/","url":"https:\/\/inclusivenews.com.br\/wp-content\/uploads\/2024\/03\/@grandesite.png","contentUrl":"https:\/\/inclusivenews.com.br\/wp-content\/uploads\/2024\/03\/@grandesite.png","width":1080,"height":1080,"caption":"Inclusive - inclus\u00e3o e cidadania"},"image":{"@id":"https:\/\/inclusivenews.com.br\/#\/schema\/logo\/image\/"},"sameAs":["https:\/\/www.facebook.com\/agenciainclusive\/","https:\/\/www.instagram.com\/newsinclusive\/"]},{"@type":"Person","@id":"https:\/\/inclusivenews.com.br\/#\/schema\/person\/ae4ec7087559b8692fb33b6fffd2273b","name":"inclusivenews2024","image":{"@type":"ImageObject","inLanguage":"pt-PT","@id":"https:\/\/secure.gravatar.com\/avatar\/c5a7ef84c66fa914f55bc4f7ce26cfa275a3b9a1c5568b907bd184fb4dde7b40?s=96&d=mm&r=g","url":"https:\/\/secure.gravatar.com\/avatar\/c5a7ef84c66fa914f55bc4f7ce26cfa275a3b9a1c5568b907bd184fb4dde7b40?s=96&d=mm&r=g","contentUrl":"https:\/\/secure.gravatar.com\/avatar\/c5a7ef84c66fa914f55bc4f7ce26cfa275a3b9a1c5568b907bd184fb4dde7b40?s=96&d=mm&r=g","caption":"inclusivenews2024"},"sameAs":["https:\/\/inclusivenews.com.br"],"url":"https:\/\/inclusivenews.com.br\/?author=1"}]}},"_links":{"self":[{"href":"https:\/\/inclusivenews.com.br\/index.php?rest_route=\/wp\/v2\/posts\/20032","targetHints":{"allow":["GET"]}}],"collection":[{"href":"https:\/\/inclusivenews.com.br\/index.php?rest_route=\/wp\/v2\/posts"}],"about":[{"href":"https:\/\/inclusivenews.com.br\/index.php?rest_route=\/wp\/v2\/types\/post"}],"author":[{"embeddable":true,"href":"https:\/\/inclusivenews.com.br\/index.php?rest_route=\/wp\/v2\/users\/1"}],"replies":[{"embeddable":true,"href":"https:\/\/inclusivenews.com.br\/index.php?rest_route=%2Fwp%2Fv2%2Fcomments&post=20032"}],"version-history":[{"count":0,"href":"https:\/\/inclusivenews.com.br\/index.php?rest_route=\/wp\/v2\/posts\/20032\/revisions"}],"wp:attachment":[{"href":"https:\/\/inclusivenews.com.br\/index.php?rest_route=%2Fwp%2Fv2%2Fmedia&parent=20032"}],"wp:term":[{"taxonomy":"category","embeddable":true,"href":"https:\/\/inclusivenews.com.br\/index.php?rest_route=%2Fwp%2Fv2%2Fcategories&post=20032"},{"taxonomy":"post_tag","embeddable":true,"href":"https:\/\/inclusivenews.com.br\/index.php?rest_route=%2Fwp%2Fv2%2Ftags&post=20032"}],"curies":[{"name":"wp","href":"https:\/\/api.w.org\/{rel}","templated":true}]}}