{"id":20054,"date":"2011-06-23T08:10:24","date_gmt":"2011-06-23T11:10:24","guid":{"rendered":"http:\/\/www.inclusive.org.br\/?p=20054"},"modified":"2011-06-23T08:10:24","modified_gmt":"2011-06-23T11:10:24","slug":"crianca-com-deficiencia-comeca-a-virar-prioridade-na-onu","status":"publish","type":"post","link":"https:\/\/inclusivenews.com.br\/?p=20054","title":{"rendered":"Crian\u00e7a com defici\u00eancia come\u00e7a a virar prioridade na ONU"},"content":{"rendered":"<figure id=\"attachment_20055\" aria-describedby=\"caption-attachment-20055\" style=\"width: 277px\" class=\"wp-caption alignleft\"><img loading=\"lazy\" decoding=\"async\" class=\"size-full wp-image-20055   \" title=\"photo\" src=\"http:\/\/inclusivenews.com.br\/wp-content\/uploads\/photo.jpg\" alt=\"Sala de reuni\u00e3o com v\u00e1rias pessoas sentadas \u00e0 volta da mesa e apresenta\u00e7\u00e3o sendo projetada em tela, mostrando menina pequena com vestido azul.\" width=\"277\" height=\"208\" \/><figcaption id=\"caption-attachment-20055\" class=\"wp-caption-text\">Sala de reuni\u00e3o com v\u00e1rias pessoas sentadas \u00e0 volta da mesa e apresenta\u00e7\u00e3o sendo projetada em tela, mostrando menina pequena com vestido azul.<\/figcaption><\/figure>\n<p>Por Patricia Almeida<\/p>\n<p>V\u00e1rios especialistas e defensores dos direitos das crian\u00e7as com defici\u00eancia compareceram \u00e0 sede da ONU em Nova York na \u00faltima sexta-feira(17\/6) para discutir a promo\u00e7\u00e3o e prote\u00e7\u00e3o dos direitos destas crian\u00e7as, que vem ganhando lugar de destaque na agenda das Na\u00e7\u00f5es Unidas.<\/p>\n<p>O encontro foi organizado pela Delega\u00e7\u00e3o da Uni\u00e3o Europeia(UE) para a ONU, Miss\u00e3o Permanente do Uruguai junto \u00e0 ONU, UNICEF, e Departamento da ONU de Assuntos Econ\u00f4micos e Sociais.<\/p>\n<p>O Chefe em exerc\u00edcio da delega\u00e7\u00e3o da UE para ONU, Pedro Serrano, destacou que defici\u00eancia ser\u00e1 o tema principal proposto na resolu\u00e7\u00e3o sobre os direitos da crian\u00e7a na pr\u00f3xima Assembl\u00e9ia Geral das Na\u00e7\u00f5es Unidas, o que constitui um passo importante na dire\u00e7\u00e3o da implementa\u00e7\u00e3o dos direitos das crian\u00e7as com defici\u00eancia.<\/p>\n<p>&#8220;Espero que esta resolu\u00e7\u00e3o ajude todos os estados membros a entender melhor as necessidades das crian\u00e7as com defici\u00eancia e as op\u00e7\u00f5es pol\u00edticas para atend\u00ea-las, a fim de produzir um impacto real na pr\u00e1tica&#8221;, disse ele, que tamb\u00e9m afirmou o compromisso da Uni\u00e3o Europeia para o progresso das medidas.<\/p>\n<p><strong>Orienta\u00e7\u00e3o estrat\u00e9gica<\/strong><\/p>\n<p>Vladimir Cuk, Diretor de Desenvolvimento dos Direitos Humanos da Alian\u00e7a Internacional da Defici\u00eancia (IDA), come\u00e7ou sua exposi\u00e7\u00e3o falando sobre a Conven\u00e7\u00e3o sobre os Direitos das Pessoas com Defici\u00eancia(CDPD), adotada pela ONU em 2006, ratificada at\u00e9 agora por 101 pa\u00edses. Disse que o tratado traz as diretrizes estrat\u00e9gicas para a realiza\u00e7\u00e3o dos direitos de todas as crian\u00e7as com defici\u00eancia, reconhecendo que o foco deve ser colocado em seu direito inerente a uma vida livre de discrimina\u00e7\u00e3o, e receber prote\u00e7\u00e3o em grau de igualdade com as demais crian\u00e7as, incluindo o acesso \u00e0 educa\u00e7\u00e3o e \u00e0 participa\u00e7\u00e3o plena.<\/p>\n<p>Falando sobre as principais barreiras que as crian\u00e7as com defici\u00eancia enfrentam no dia a dia, o representante da IDA cobrou dos estados partes medidas imediatas contra a discrimina\u00e7\u00e3o e para garantir pelo menos um m\u00ednimo de acessibilidade.<\/p>\n<p>Cuk defendeu ainda a necessidade de mais ampla sensibiliza\u00e7\u00e3o para a quest\u00e3o dos direitos das crian\u00e7as com defici\u00eancia, forma\u00e7\u00e3o adequada de quadros de profissionais, acessibilidade na comunidade, al\u00e9m de garantia de servi\u00e7os inclusivos.<\/p>\n<p>O representante da IDA observou que a percep\u00e7\u00e3o de que as crian\u00e7as com defici\u00eancia precisariam ter a sorte de nascer em uma comunidade com servi\u00e7os e apoio adequados estava errada. Para ele, isso &#8220;n\u00e3o pode ser uma quest\u00e3o de sorte. &#8220;Remover barreiras e aumentar o apoio e a conscientiza\u00e7\u00e3o, bem como proporcionar educa\u00e7\u00e3o inclusiva, reduz a press\u00e3o sobre a fam\u00edlia e a crian\u00e7a&#8221;, frisou.<\/p>\n<p>De acordo com Cuk \u00e9 fundamental envolver as fam\u00edlias para que conhe\u00e7am os direitos de seus filhos e ganhem maior confian\u00e7a: \u201c\u00c9 comum ouvir dos pais que \u00e9 dif\u00edcil ter um filho com defici\u00eancia, quando o dif\u00edcil n\u00e3o \u00e9 ter o filho, mas ter que lutar por transporte, escola e m\u00e9dicos para ele\u201d.<br \/>\n<strong>Maior risco de abuso<\/strong><\/p>\n<p>Marta Santos Pais, representante especial do Secret\u00e1rio-Geral da ONU para assuntos sobre viol\u00eancia contra crian\u00e7as afirmou que, junto com a Conven\u00e7\u00e3o sobre os Direitos das Crian\u00e7as, a CDPD \u00e9 um instrumento fundamental, porque adotando-a os estados n\u00e3o precisam reinventar a roda em mat\u00e9ria de legisla\u00e7\u00e3o. Ela tamb\u00e9m destacou como extremamente positivo o fato da Uni\u00e3o Europ\u00e9ia ter ratificado o tratado e estar trabalhando para implement\u00e1-lo.<\/p>\n<p>Segundo a representante, crian\u00e7as com defici\u00eancia est\u00e3o em s\u00e9ria desvantagem pois muitas vezes s\u00e3o vistas como um castigo e um fardo, havendo fam\u00edlias que t\u00eam vergonha delas e que as esconde. Por outro lado, muitas fam\u00edlias n\u00e3o recebem qualquer apoio e v\u00e1rias crian\u00e7as terminam em institui\u00e7\u00f5es de caridade ou acabam nas ruas mendigando. Embora haja poucos estudos a respeito, sabe-se que estas crian\u00e7as correm maior risco de abuso. Situa\u00e7\u00f5es extremas incluem a explora\u00e7\u00e3o sexual, tortura e at\u00e9 magia negra.<\/p>\n<p>A falta de dados e pesquisas, segundo ela, \u00e9 devido \u00e0 invisibilidade das crian\u00e7as com defici\u00eancia e \u00e0 indiferen\u00e7a da sociedade. Afirmando a urg\u00eancia de investir na sensibiliza\u00e7\u00e3o e informa\u00e7\u00e3o, inclusive em pesquisas, Marta Santos Pais alerta tamb\u00e9m para a necessidade de criar mecanismos amig\u00e1veis e acess\u00edveis para coletar as den\u00fancias: &#8220;Quando os incidentes de viol\u00eancia ocorrem, as crian\u00e7as n\u00e3o sabem para onde ir e para quem ligar para pedir conselhos e apoio&#8221;, disse ela. &#8220;Para as crian\u00e7as com defici\u00eancia, esses desafios s\u00e3o claramente maiores. Se ela for cega, por exemplo, como identificar seu agressor?&#8221;<\/p>\n<p>Para ela, o enfoque que ser\u00e1 dado \u00e0 quest\u00e3o durante a pr\u00f3xima Assembleia Geral da ONU ser\u00e1 uma oportunidade sem precedentes de chamar a aten\u00e7\u00e3o para o assunto.<\/p>\n<p>Corinna Cs\u00e1ky, Conselheira de Prote\u00e7\u00e3o Infantil da Save the Children do Reino Unido, prosseguiu com o tema, abordando a quest\u00e3o da viol\u00eancia sexual contra crian\u00e7as com defici\u00eancia.<\/p>\n<p>&#8220;Mesmo nos lugares mais desenvolvidos, as crian\u00e7as com defici\u00eancia s\u00e3o sete vezes mais propensas a sofrer abusos do que crian\u00e7as n\u00e3o-deficientes&#8221;, disse ela. &#8220;Envolto em tabus e longe de ser uma prioridade pol\u00edtica, muito pouca pesquisa tem sido feita sobre este assunto.&#8221;<\/p>\n<p>Cs\u00e1ky compartilhou um estudo feito pela Save the Children em colabora\u00e7\u00e3o com a Handicap International, intitulado &#8220;Out from the Shadows&#8221;, que visa lan\u00e7ar luz sobre a quest\u00e3o pouco estudada de viol\u00eancia sexual contra crian\u00e7as com defici\u00eancia e fazer recomenda\u00e7\u00f5es sobre como enfrentar o problema.<\/p>\n<p><strong>Das sombras<\/strong><\/p>\n<p>O Diretor de Pol\u00edtica e Pr\u00e1tica do UNICEF Richard Morgan, reiterou a necessidade de produ\u00e7\u00e3o de maior n\u00famero de relat\u00f3rios que sejam mais abrangentes sobre as crian\u00e7as com defici\u00eancia, a quem se referiu como as mais estigmatizadas e exclu\u00eddas de todas as crian\u00e7as do mundo.<\/p>\n<p>&#8220;\u00c9 por causa de seu n\u00edvel de exclus\u00e3o que n\u00e3o temos dados confi\u00e1veis sobre o n\u00famero de crian\u00e7as com defici\u00eancia ou onde encontr\u00e1-las&#8221;, disse ele. &#8220;Melhorar a disponibilidade de dados sobre crian\u00e7as com defici\u00eancia deve ser uma prioridade.&#8221;<\/p>\n<p>Ele disse que a UNICEF estava dando prioridade ao assunto, tendo contratado a brasileira Rosangela Berman-Bieler para o cargo de assessora s\u00eanior sobre crian\u00e7as com defici\u00eancia. Ativista de longa data dos direitos das pessoas com defici\u00eancia no Brasil e internacionalmente, Rosangela Berman-Bieler vem orientando os escrit\u00f3rios do UNICEF em todo o mundo sobre a quest\u00e3o.<\/p>\n<p>Concluindo o evento, Lilian Silveira, Representante Permanente Adjunto do Uruguai na ONU, expressou a esperan\u00e7a de que o painel de discuss\u00e3o ajude os participantes a compreender melhor as suas obriga\u00e7\u00f5es e compromissos em mat\u00e9ria de crian\u00e7as com defici\u00eancia.<\/p>\n<p>Fonte: UNICEF e Inclusive<\/p>\n","protected":false},"excerpt":{"rendered":"<p>Estigma associado \u00e0 defici\u00eancia resultou na marginaliza\u00e7\u00e3o de uma porcentagem significativa da popula\u00e7\u00e3o estimada em 200 milh\u00f5es de crian\u00e7as com defici\u00eancia em todo o mundo.<\/p>\n","protected":false},"author":1,"featured_media":0,"comment_status":"open","ping_status":"open","sticky":false,"template":"","format":"standard","meta":{"site-container-style":"default","site-container-layout":"default","site-sidebar-layout":"default","disable-article-header":"default","disable-site-header":"default","disable-site-footer":"default","disable-content-area-spacing":"default","footnotes":""},"categories":[35,5,38,48,26,4],"tags":[],"class_list":["post-20054","post","type-post","status-publish","format-standard","hentry","category-de-nossa-parte","category-convencao","category-deficiencia","category-inclusao","category-legislacao","category-noticias"],"yoast_head":"<!-- This site is optimized with the Yoast SEO plugin v27.4 - https:\/\/yoast.com\/product\/yoast-seo-wordpress\/ -->\n<title>Crian\u00e7a com defici\u00eancia come\u00e7a a virar prioridade na ONU -<\/title>\n<meta name=\"robots\" content=\"index, follow, max-snippet:-1, max-image-preview:large, max-video-preview:-1\" \/>\n<link rel=\"canonical\" href=\"https:\/\/inclusivenews.com.br\/?p=20054\" \/>\n<meta property=\"og:locale\" content=\"pt_PT\" \/>\n<meta property=\"og:type\" content=\"article\" \/>\n<meta property=\"og:title\" content=\"Crian\u00e7a com defici\u00eancia come\u00e7a a virar prioridade na ONU -\" \/>\n<meta property=\"og:description\" content=\"Estigma associado \u00e0 defici\u00eancia resultou na marginaliza\u00e7\u00e3o de uma porcentagem significativa da popula\u00e7\u00e3o estimada em 200 milh\u00f5es de crian\u00e7as com defici\u00eancia em todo o mundo.\" \/>\n<meta property=\"og:url\" content=\"https:\/\/inclusivenews.com.br\/?p=20054\" \/>\n<meta property=\"article:publisher\" content=\"https:\/\/www.facebook.com\/agenciainclusive\/\" \/>\n<meta property=\"article:published_time\" content=\"2011-06-23T11:10:24+00:00\" \/>\n<meta property=\"og:image\" content=\"http:\/\/inclusivenews.com.br\/wp-content\/uploads\/photo.jpg\" \/>\n<meta name=\"author\" content=\"inclusivenews2024\" \/>\n<meta name=\"twitter:card\" content=\"summary_large_image\" \/>\n<meta name=\"twitter:label1\" content=\"Escrito por\" \/>\n\t<meta name=\"twitter:data1\" content=\"inclusivenews2024\" \/>\n\t<meta name=\"twitter:label2\" content=\"Tempo estimado de leitura\" \/>\n\t<meta name=\"twitter:data2\" content=\"6 minutos\" \/>\n<script type=\"application\/ld+json\" class=\"yoast-schema-graph\">{\"@context\":\"https:\\\/\\\/schema.org\",\"@graph\":[{\"@type\":\"Article\",\"@id\":\"https:\\\/\\\/inclusivenews.com.br\\\/?p=20054#article\",\"isPartOf\":{\"@id\":\"https:\\\/\\\/inclusivenews.com.br\\\/?p=20054\"},\"author\":{\"name\":\"inclusivenews2024\",\"@id\":\"https:\\\/\\\/inclusivenews.com.br\\\/#\\\/schema\\\/person\\\/ae4ec7087559b8692fb33b6fffd2273b\"},\"headline\":\"Crian\u00e7a com defici\u00eancia come\u00e7a a virar prioridade na ONU\",\"datePublished\":\"2011-06-23T11:10:24+00:00\",\"mainEntityOfPage\":{\"@id\":\"https:\\\/\\\/inclusivenews.com.br\\\/?p=20054\"},\"wordCount\":1230,\"commentCount\":3,\"publisher\":{\"@id\":\"https:\\\/\\\/inclusivenews.com.br\\\/#organization\"},\"image\":{\"@id\":\"https:\\\/\\\/inclusivenews.com.br\\\/?p=20054#primaryimage\"},\"thumbnailUrl\":\"http:\\\/\\\/inclusivenews.com.br\\\/wp-content\\\/uploads\\\/photo.jpg\",\"articleSection\":[\"+ De nossa parte\",\"Conven\u00e7\u00e3o\",\"Defici\u00eancia\",\"INCLUS\u00c3O SOCIAL\",\"Legisla\u00e7\u00e3o ...\",\"NOT\u00cdCIAS\"],\"inLanguage\":\"pt-PT\",\"potentialAction\":[{\"@type\":\"CommentAction\",\"name\":\"Comment\",\"target\":[\"https:\\\/\\\/inclusivenews.com.br\\\/?p=20054#respond\"]}]},{\"@type\":\"WebPage\",\"@id\":\"https:\\\/\\\/inclusivenews.com.br\\\/?p=20054\",\"url\":\"https:\\\/\\\/inclusivenews.com.br\\\/?p=20054\",\"name\":\"Crian\u00e7a com defici\u00eancia come\u00e7a a virar prioridade na ONU -\",\"isPartOf\":{\"@id\":\"https:\\\/\\\/inclusivenews.com.br\\\/#website\"},\"primaryImageOfPage\":{\"@id\":\"https:\\\/\\\/inclusivenews.com.br\\\/?p=20054#primaryimage\"},\"image\":{\"@id\":\"https:\\\/\\\/inclusivenews.com.br\\\/?p=20054#primaryimage\"},\"thumbnailUrl\":\"http:\\\/\\\/inclusivenews.com.br\\\/wp-content\\\/uploads\\\/photo.jpg\",\"datePublished\":\"2011-06-23T11:10:24+00:00\",\"breadcrumb\":{\"@id\":\"https:\\\/\\\/inclusivenews.com.br\\\/?p=20054#breadcrumb\"},\"inLanguage\":\"pt-PT\",\"potentialAction\":[{\"@type\":\"ReadAction\",\"target\":[\"https:\\\/\\\/inclusivenews.com.br\\\/?p=20054\"]}]},{\"@type\":\"ImageObject\",\"inLanguage\":\"pt-PT\",\"@id\":\"https:\\\/\\\/inclusivenews.com.br\\\/?p=20054#primaryimage\",\"url\":\"\",\"contentUrl\":\"\"},{\"@type\":\"BreadcrumbList\",\"@id\":\"https:\\\/\\\/inclusivenews.com.br\\\/?p=20054#breadcrumb\",\"itemListElement\":[{\"@type\":\"ListItem\",\"position\":1,\"name\":\"In\u00edcio\",\"item\":\"https:\\\/\\\/inclusivenews.com.br\\\/\"},{\"@type\":\"ListItem\",\"position\":2,\"name\":\"Crian\u00e7a com defici\u00eancia come\u00e7a a virar prioridade na ONU\"}]},{\"@type\":\"WebSite\",\"@id\":\"https:\\\/\\\/inclusivenews.com.br\\\/#website\",\"url\":\"https:\\\/\\\/inclusivenews.com.br\\\/\",\"name\":\"Inclusive News\",\"description\":\"Inclusive News\",\"publisher\":{\"@id\":\"https:\\\/\\\/inclusivenews.com.br\\\/#organization\"},\"potentialAction\":[{\"@type\":\"SearchAction\",\"target\":{\"@type\":\"EntryPoint\",\"urlTemplate\":\"https:\\\/\\\/inclusivenews.com.br\\\/?s={search_term_string}\"},\"query-input\":{\"@type\":\"PropertyValueSpecification\",\"valueRequired\":true,\"valueName\":\"search_term_string\"}}],\"inLanguage\":\"pt-PT\"},{\"@type\":\"Organization\",\"@id\":\"https:\\\/\\\/inclusivenews.com.br\\\/#organization\",\"name\":\"Inclusive - inclus\u00e3o e cidadania\",\"url\":\"https:\\\/\\\/inclusivenews.com.br\\\/\",\"logo\":{\"@type\":\"ImageObject\",\"inLanguage\":\"pt-PT\",\"@id\":\"https:\\\/\\\/inclusivenews.com.br\\\/#\\\/schema\\\/logo\\\/image\\\/\",\"url\":\"https:\\\/\\\/inclusivenews.com.br\\\/wp-content\\\/uploads\\\/2024\\\/03\\\/@grandesite.png\",\"contentUrl\":\"https:\\\/\\\/inclusivenews.com.br\\\/wp-content\\\/uploads\\\/2024\\\/03\\\/@grandesite.png\",\"width\":1080,\"height\":1080,\"caption\":\"Inclusive - inclus\u00e3o e cidadania\"},\"image\":{\"@id\":\"https:\\\/\\\/inclusivenews.com.br\\\/#\\\/schema\\\/logo\\\/image\\\/\"},\"sameAs\":[\"https:\\\/\\\/www.facebook.com\\\/agenciainclusive\\\/\",\"https:\\\/\\\/www.instagram.com\\\/newsinclusive\\\/\"]},{\"@type\":\"Person\",\"@id\":\"https:\\\/\\\/inclusivenews.com.br\\\/#\\\/schema\\\/person\\\/ae4ec7087559b8692fb33b6fffd2273b\",\"name\":\"inclusivenews2024\",\"image\":{\"@type\":\"ImageObject\",\"inLanguage\":\"pt-PT\",\"@id\":\"https:\\\/\\\/secure.gravatar.com\\\/avatar\\\/c5a7ef84c66fa914f55bc4f7ce26cfa275a3b9a1c5568b907bd184fb4dde7b40?s=96&d=mm&r=g\",\"url\":\"https:\\\/\\\/secure.gravatar.com\\\/avatar\\\/c5a7ef84c66fa914f55bc4f7ce26cfa275a3b9a1c5568b907bd184fb4dde7b40?s=96&d=mm&r=g\",\"contentUrl\":\"https:\\\/\\\/secure.gravatar.com\\\/avatar\\\/c5a7ef84c66fa914f55bc4f7ce26cfa275a3b9a1c5568b907bd184fb4dde7b40?s=96&d=mm&r=g\",\"caption\":\"inclusivenews2024\"},\"sameAs\":[\"https:\\\/\\\/inclusivenews.com.br\"],\"url\":\"https:\\\/\\\/inclusivenews.com.br\\\/?author=1\"}]}<\/script>\n<!-- \/ Yoast SEO plugin. -->","yoast_head_json":{"title":"Crian\u00e7a com defici\u00eancia come\u00e7a a virar prioridade na ONU -","robots":{"index":"index","follow":"follow","max-snippet":"max-snippet:-1","max-image-preview":"max-image-preview:large","max-video-preview":"max-video-preview:-1"},"canonical":"https:\/\/inclusivenews.com.br\/?p=20054","og_locale":"pt_PT","og_type":"article","og_title":"Crian\u00e7a com defici\u00eancia come\u00e7a a virar prioridade na ONU -","og_description":"Estigma associado \u00e0 defici\u00eancia resultou na marginaliza\u00e7\u00e3o de uma porcentagem significativa da popula\u00e7\u00e3o estimada em 200 milh\u00f5es de crian\u00e7as com defici\u00eancia em todo o mundo.","og_url":"https:\/\/inclusivenews.com.br\/?p=20054","article_publisher":"https:\/\/www.facebook.com\/agenciainclusive\/","article_published_time":"2011-06-23T11:10:24+00:00","og_image":[{"url":"http:\/\/inclusivenews.com.br\/wp-content\/uploads\/photo.jpg","type":"","width":"","height":""}],"author":"inclusivenews2024","twitter_card":"summary_large_image","twitter_misc":{"Escrito por":"inclusivenews2024","Tempo estimado de leitura":"6 minutos"},"schema":{"@context":"https:\/\/schema.org","@graph":[{"@type":"Article","@id":"https:\/\/inclusivenews.com.br\/?p=20054#article","isPartOf":{"@id":"https:\/\/inclusivenews.com.br\/?p=20054"},"author":{"name":"inclusivenews2024","@id":"https:\/\/inclusivenews.com.br\/#\/schema\/person\/ae4ec7087559b8692fb33b6fffd2273b"},"headline":"Crian\u00e7a com defici\u00eancia come\u00e7a a virar prioridade na ONU","datePublished":"2011-06-23T11:10:24+00:00","mainEntityOfPage":{"@id":"https:\/\/inclusivenews.com.br\/?p=20054"},"wordCount":1230,"commentCount":3,"publisher":{"@id":"https:\/\/inclusivenews.com.br\/#organization"},"image":{"@id":"https:\/\/inclusivenews.com.br\/?p=20054#primaryimage"},"thumbnailUrl":"http:\/\/inclusivenews.com.br\/wp-content\/uploads\/photo.jpg","articleSection":["+ De nossa parte","Conven\u00e7\u00e3o","Defici\u00eancia","INCLUS\u00c3O SOCIAL","Legisla\u00e7\u00e3o ...","NOT\u00cdCIAS"],"inLanguage":"pt-PT","potentialAction":[{"@type":"CommentAction","name":"Comment","target":["https:\/\/inclusivenews.com.br\/?p=20054#respond"]}]},{"@type":"WebPage","@id":"https:\/\/inclusivenews.com.br\/?p=20054","url":"https:\/\/inclusivenews.com.br\/?p=20054","name":"Crian\u00e7a com defici\u00eancia come\u00e7a a virar prioridade na ONU -","isPartOf":{"@id":"https:\/\/inclusivenews.com.br\/#website"},"primaryImageOfPage":{"@id":"https:\/\/inclusivenews.com.br\/?p=20054#primaryimage"},"image":{"@id":"https:\/\/inclusivenews.com.br\/?p=20054#primaryimage"},"thumbnailUrl":"http:\/\/inclusivenews.com.br\/wp-content\/uploads\/photo.jpg","datePublished":"2011-06-23T11:10:24+00:00","breadcrumb":{"@id":"https:\/\/inclusivenews.com.br\/?p=20054#breadcrumb"},"inLanguage":"pt-PT","potentialAction":[{"@type":"ReadAction","target":["https:\/\/inclusivenews.com.br\/?p=20054"]}]},{"@type":"ImageObject","inLanguage":"pt-PT","@id":"https:\/\/inclusivenews.com.br\/?p=20054#primaryimage","url":"","contentUrl":""},{"@type":"BreadcrumbList","@id":"https:\/\/inclusivenews.com.br\/?p=20054#breadcrumb","itemListElement":[{"@type":"ListItem","position":1,"name":"In\u00edcio","item":"https:\/\/inclusivenews.com.br\/"},{"@type":"ListItem","position":2,"name":"Crian\u00e7a com defici\u00eancia come\u00e7a a virar prioridade na ONU"}]},{"@type":"WebSite","@id":"https:\/\/inclusivenews.com.br\/#website","url":"https:\/\/inclusivenews.com.br\/","name":"Inclusive News","description":"Inclusive News","publisher":{"@id":"https:\/\/inclusivenews.com.br\/#organization"},"potentialAction":[{"@type":"SearchAction","target":{"@type":"EntryPoint","urlTemplate":"https:\/\/inclusivenews.com.br\/?s={search_term_string}"},"query-input":{"@type":"PropertyValueSpecification","valueRequired":true,"valueName":"search_term_string"}}],"inLanguage":"pt-PT"},{"@type":"Organization","@id":"https:\/\/inclusivenews.com.br\/#organization","name":"Inclusive - inclus\u00e3o e cidadania","url":"https:\/\/inclusivenews.com.br\/","logo":{"@type":"ImageObject","inLanguage":"pt-PT","@id":"https:\/\/inclusivenews.com.br\/#\/schema\/logo\/image\/","url":"https:\/\/inclusivenews.com.br\/wp-content\/uploads\/2024\/03\/@grandesite.png","contentUrl":"https:\/\/inclusivenews.com.br\/wp-content\/uploads\/2024\/03\/@grandesite.png","width":1080,"height":1080,"caption":"Inclusive - inclus\u00e3o e cidadania"},"image":{"@id":"https:\/\/inclusivenews.com.br\/#\/schema\/logo\/image\/"},"sameAs":["https:\/\/www.facebook.com\/agenciainclusive\/","https:\/\/www.instagram.com\/newsinclusive\/"]},{"@type":"Person","@id":"https:\/\/inclusivenews.com.br\/#\/schema\/person\/ae4ec7087559b8692fb33b6fffd2273b","name":"inclusivenews2024","image":{"@type":"ImageObject","inLanguage":"pt-PT","@id":"https:\/\/secure.gravatar.com\/avatar\/c5a7ef84c66fa914f55bc4f7ce26cfa275a3b9a1c5568b907bd184fb4dde7b40?s=96&d=mm&r=g","url":"https:\/\/secure.gravatar.com\/avatar\/c5a7ef84c66fa914f55bc4f7ce26cfa275a3b9a1c5568b907bd184fb4dde7b40?s=96&d=mm&r=g","contentUrl":"https:\/\/secure.gravatar.com\/avatar\/c5a7ef84c66fa914f55bc4f7ce26cfa275a3b9a1c5568b907bd184fb4dde7b40?s=96&d=mm&r=g","caption":"inclusivenews2024"},"sameAs":["https:\/\/inclusivenews.com.br"],"url":"https:\/\/inclusivenews.com.br\/?author=1"}]}},"_links":{"self":[{"href":"https:\/\/inclusivenews.com.br\/index.php?rest_route=\/wp\/v2\/posts\/20054","targetHints":{"allow":["GET"]}}],"collection":[{"href":"https:\/\/inclusivenews.com.br\/index.php?rest_route=\/wp\/v2\/posts"}],"about":[{"href":"https:\/\/inclusivenews.com.br\/index.php?rest_route=\/wp\/v2\/types\/post"}],"author":[{"embeddable":true,"href":"https:\/\/inclusivenews.com.br\/index.php?rest_route=\/wp\/v2\/users\/1"}],"replies":[{"embeddable":true,"href":"https:\/\/inclusivenews.com.br\/index.php?rest_route=%2Fwp%2Fv2%2Fcomments&post=20054"}],"version-history":[{"count":0,"href":"https:\/\/inclusivenews.com.br\/index.php?rest_route=\/wp\/v2\/posts\/20054\/revisions"}],"wp:attachment":[{"href":"https:\/\/inclusivenews.com.br\/index.php?rest_route=%2Fwp%2Fv2%2Fmedia&parent=20054"}],"wp:term":[{"taxonomy":"category","embeddable":true,"href":"https:\/\/inclusivenews.com.br\/index.php?rest_route=%2Fwp%2Fv2%2Fcategories&post=20054"},{"taxonomy":"post_tag","embeddable":true,"href":"https:\/\/inclusivenews.com.br\/index.php?rest_route=%2Fwp%2Fv2%2Ftags&post=20054"}],"curies":[{"name":"wp","href":"https:\/\/api.w.org\/{rel}","templated":true}]}}