{"id":20088,"date":"2011-06-29T23:43:03","date_gmt":"2011-06-30T02:43:03","guid":{"rendered":"http:\/\/www.inclusive.org.br\/?p=20088"},"modified":"2011-06-29T23:43:03","modified_gmt":"2011-06-30T02:43:03","slug":"domesticas-a-sinha-e-o-quarto-de-empregada","status":"publish","type":"post","link":"https:\/\/inclusivenews.com.br\/?p=20088","title":{"rendered":"Dom\u00e9sticas: a sinh\u00e1 e o Quarto de Empregada"},"content":{"rendered":"<figure id=\"attachment_19952\" aria-describedby=\"caption-attachment-19952\" style=\"width: 300px\" class=\"wp-caption alignnone\"><a rel=\"attachment wp-att-19952\" href=\"http:\/\/www.inclusive.org.br\/?attachment_id=19952\"><img loading=\"lazy\" decoding=\"async\" class=\"size-medium wp-image-19952\" title=\"domestica\" src=\"http:\/\/inclusivenews.com.br\/wp-content\/uploads\/domestica-300x261.jpg\" alt=\"Ilustra\u00e7\u00e3o mostrando boneca com len\u00e7o na cabe\u00e7a lavando lou\u00e7a na pia.\" width=\"300\" height=\"261\" \/><\/a><figcaption id=\"caption-attachment-19952\" class=\"wp-caption-text\">Ilustra\u00e7\u00e3o mostrando boneca com len\u00e7o na cabe\u00e7a lavando lou\u00e7a na pia.<\/figcaption><\/figure>\n<p>De Leonardo Sakamoto<\/p>\n<p>Detesto acordar de manh\u00e3 com um especialista na TV dizendo que n\u00e3o \u00e9 o momento de garantir direitos a determinada categoria de trabalhadores porque a economia n\u00e3o aguenta, vai gerar mais informalidade, as estruturas do pa\u00eds n\u00e3o suportam esse luxo ou o bagre-de-cabelo-moicano n\u00e3o se reproduziu ainda este ano.\u00a0Peloamordenossasenhorajesusmariajos\u00e9! Fazer campanha pela libera\u00e7\u00e3o da maconha d\u00e1 g\u00e1s de pimenta na cara, bala de borracha e bomba de g\u00e1s lacrimog\u00eanio. Agora, defender situa\u00e7\u00f5es de aberra\u00e7\u00e3o legal que mant\u00e9m cidad\u00e3os de segunda classe para proveito dos de primeira classe d\u00e1 passe livre como especialista.<\/p>\n<p>A Organiza\u00e7\u00e3o Internacional do Trabalho, em sua 100\u00aa Confer\u00eancia que est\u00e1 sendo realizada em Genebra, na Su\u00ed\u00e7a, deve aprovar direitos iguais para trabalhadores dom\u00e9sticos em rela\u00e7\u00e3o ao restante da sociedade. Ratificando a nova conven\u00e7\u00e3o que tratar\u00e1 do tema, o Brasil ter\u00e1 que alterar a Constitui\u00e7\u00e3o para fazer valer a isonomia. Hoje, por exemplo, \u00e9 facultativo recolher o FGTS dos trabalhadores dom\u00e9sticos. Com a mudan\u00e7a, deve se tornar obrigat\u00f3rio.<\/p>\n<p>O pa\u00eds conta com mais de 7 milh\u00f5es de trabalhadores dom\u00e9sticos \u2013 o ideal seria falar em \u201ctrabalhadoras dom\u00e9sticas\u201d, uma vez que a esmagadora maioria \u00e9 composta de mulheres, mas a nossa l\u00edngua, crescida em terreno patriarcal, tem suas leviandades. Apenas em 2008, o aumento na categoria foi de 600 mil pessoas \u2013 fruto do crescimento econ\u00f4mico. Elas ganham, em m\u00e9dia, menos de um sal\u00e1rio m\u00ednimo por m\u00eas e passam por jornadas de quase 60 horas semanais (cad\u00ea o pessoal que gosta de espernear quando se fala em redu\u00e7\u00e3o da jornada de trabalho?)<\/p>\n<p>Por que levou tanto tempo para aprovar uma conven\u00e7\u00e3o assim, uma vez que as discuss\u00f5es se arrastam por meio s\u00e9culo? Porque a Europa precisa de m\u00e3o-de-obra barata, mas n\u00e3o quer garantir aos imigrantes os mesmos direitos de quem nasceu no continente. Reclamam que isso v\u00e1 gerar uma hecatombe sobre suas contas previdenci\u00e1rias \u2013 mas na hora em que precisam de algu\u00e9m para fazer o trabalho sujo por eles ningu\u00e9m fala nada. Al\u00e9m disso, o aumento no custo do trabalho dom\u00e9stico impacta diretamente no custo de vida de uma grande parcela da popula\u00e7\u00e3o, pressionando por aumento de sal\u00e1rios de quem utiliza desses servi\u00e7os e gerando uma press\u00e3o em empresas e governos.<\/p>\n<p>Mas se ignorarmos os direitos desses trabalhadores, estamos considerando que uma sociedade pode aceitar basear o seu crescimento sobre o esfolamento de um determinado grupo.<\/p>\n<p>(S\u00f3 por curiosidade, trabalhadores dom\u00e9sticos no Brasil e no mundo t\u00eam sido reduzidos \u00e0 condi\u00e7\u00e3o de escravos, trazidos do interior ou de outros pa\u00edses, com bastante frequ\u00eancia. Paris, com suas meninas argelinas que n\u00e3o podem sair de casa, e as sobrinhas que saem do Nordeste para trabalhar na casa dos \u201ctios\u201d nas capitais s\u00e3o exemplos disso.)<\/p>\n<p>Incomodo-me bastante que muitas plantas dos apartamentos no Brasil ainda tenham o \u201cQuarto de Empregada\u201d destacado, ao lado da cozinha e da lavanderia \u2013 vers\u00e3o contempor\u00e2nea da senzala. Pode parecer besta, mas isso \u00e9 carregado de simbolismo e, portanto, fundamental, heran\u00e7a da escravid\u00e3o oficial, que moldou o nosso pa\u00eds. Aquele tantinho de espa\u00e7o ao lado das vassouras, rodos e produtos de limpeza, destinado \u00e0 criadagem me irrita. \u201cAh, mas como voc\u00ea quer que a minha empregada durma no servi\u00e7o?\u201d Primeiro, tenho vontade de jogar um litro de c\u00e2ndida na cabe\u00e7a da \u201csinh\u00e1\u201d que solta um \u201cminha\u201d empregada, como se fosse uma t\u00e1bua de passar roupa, um objeto pessoal. Segundo, se ela tiver que dormir no servi\u00e7o, deveria compartilhar um espa\u00e7o mais digno que o fur\u00fanculo da casa.<\/p>\n<p><img decoding=\"async\" src=\"http:\/\/blogdosakamoto.uol.com.br\/wp-content\/uploads\/2011\/06\/quarto-e1308146563929.jpg\" alt=\"\" \/><\/p>\n<p>Garantir direitos iguais vai gerar informalidade no Brasil? Se o governo n\u00e3o fizer seu trabalho de fiscaliza\u00e7\u00e3o e os trabalhadores n\u00e3o se organizarem de forma firme para reivindicar isso, vai sim. Mas a incapacidade do Estado em garantir o cumprimento de uma lei n\u00e3o tira dela a sua legitimidade. Ainda mais quando \u00e9 uma regra civilizat\u00f3ria e que traz dignidade.<\/p>\n<p>De acordo com documento da Organiza\u00e7\u00e3o Internacional do Trabalho, \u201cas mulheres e os negros s\u00e3o mais presentes nas ocupa\u00e7\u00f5es informais e prec\u00e1rias e as mulheres negras s\u00e3o a grande maioria no emprego dom\u00e9stico, uma ocupa\u00e7\u00e3o que possui importantes d\u00e9ficits no que se refere ao respeito aos direitos trabalhistas\u201d no Brasil.<\/p>\n<p>As trabalhadoras dom\u00e9sticas representavam 15,8% do total da ocupa\u00e7\u00e3o feminina em 2008. S\u00e3o 6,2 milh\u00f5es de mulheres que se dedicam a essa profiss\u00e3o, e a maioria delas s\u00e3o negras. Mais de 20% das mulheres negras ocupadas est\u00e3o precisamente no trabalho dom\u00e9stico, que \u00e9 caracterizado pela precariedade. Somente 26,8% das dom\u00e9sticas tinham carteira de trabalho assinada em 2008. Entre as trabalhadoras dom\u00e9sticas negras, o n\u00edvel \u00e9 ainda maior: 76% n\u00e3o possuem carteira assinada.<\/p>\n<p>Estamos crescendo economicamente. E, por isso, este \u00e9 o momento ideal para mudarmos o rumo das coisas e garantir direitos. Essa conta n\u00f3s temos que bancar, um pre\u00e7o baixo por garantir igualdade. Afinal de contas, \u00e9 leg\u00edtimo mantermos o conforto de alguns em detrimento \u00e0 qualidade de vida de muitos?<\/p>\n<p>Fonte: <a href=\"http:\/\/blogdosakamoto.uol.com.br\/2011\/06\/15\/domesticas-a-sinha-e-o-quarto-de-empregada\/\">http:\/\/blogdosakamoto.uol.com.br\/2011\/06\/15\/domesticas-a-sinha-e-o-quarto-de-empregada\/<\/a><\/p>\n","protected":false},"excerpt":{"rendered":"<p>Detesto acordar de manh\u00e3 com um especialista na TV dizendo que n\u00e3o \u00e9 o momento de garantir direitos a determinada categoria de trabalhadores porque a economia n\u00e3o aguenta, vai gerar mais informalidade, as estruturas do pa\u00eds n\u00e3o suportam esse luxo&#8230;<\/p>\n","protected":false},"author":1,"featured_media":0,"comment_status":"open","ping_status":"open","sticky":false,"template":"","format":"standard","meta":{"site-container-style":"default","site-container-layout":"default","site-sidebar-layout":"default","disable-article-header":"default","disable-site-header":"default","disable-site-footer":"default","disable-content-area-spacing":"default","footnotes":""},"categories":[54,8],"tags":[],"class_list":["post-20088","post","type-post","status-publish","format-standard","hentry","category-blogs-e-webs","category-textos-e-artigos"],"yoast_head":"<!-- This site is optimized with the Yoast SEO plugin v27.5 - https:\/\/yoast.com\/product\/yoast-seo-wordpress\/ -->\n<title>Dom\u00e9sticas: a sinh\u00e1 e o Quarto de Empregada -<\/title>\n<meta name=\"robots\" content=\"index, follow, max-snippet:-1, max-image-preview:large, max-video-preview:-1\" \/>\n<link rel=\"canonical\" href=\"https:\/\/inclusivenews.com.br\/?p=20088\" \/>\n<meta property=\"og:locale\" content=\"pt_PT\" \/>\n<meta property=\"og:type\" content=\"article\" \/>\n<meta property=\"og:title\" content=\"Dom\u00e9sticas: a sinh\u00e1 e o Quarto de Empregada -\" \/>\n<meta property=\"og:description\" content=\"Detesto acordar de manh\u00e3 com um especialista na TV dizendo que n\u00e3o \u00e9 o momento de garantir direitos a determinada categoria de trabalhadores porque a economia n\u00e3o aguenta, vai gerar mais informalidade, as estruturas do pa\u00eds n\u00e3o suportam esse luxo...\" \/>\n<meta property=\"og:url\" content=\"https:\/\/inclusivenews.com.br\/?p=20088\" \/>\n<meta property=\"article:publisher\" content=\"https:\/\/www.facebook.com\/agenciainclusive\/\" \/>\n<meta property=\"article:published_time\" content=\"2011-06-30T02:43:03+00:00\" \/>\n<meta property=\"og:image\" content=\"http:\/\/inclusivenews.com.br\/wp-content\/uploads\/domestica-300x261.jpg\" \/>\n<meta name=\"author\" content=\"inclusivenews2024\" \/>\n<meta name=\"twitter:card\" content=\"summary_large_image\" \/>\n<meta name=\"twitter:label1\" content=\"Escrito por\" \/>\n\t<meta name=\"twitter:data1\" content=\"inclusivenews2024\" \/>\n\t<meta name=\"twitter:label2\" content=\"Tempo estimado de leitura\" \/>\n\t<meta name=\"twitter:data2\" content=\"5 minutos\" \/>\n<script type=\"application\/ld+json\" class=\"yoast-schema-graph\">{\"@context\":\"https:\\\/\\\/schema.org\",\"@graph\":[{\"@type\":\"Article\",\"@id\":\"https:\\\/\\\/inclusivenews.com.br\\\/?p=20088#article\",\"isPartOf\":{\"@id\":\"https:\\\/\\\/inclusivenews.com.br\\\/?p=20088\"},\"author\":{\"name\":\"inclusivenews2024\",\"@id\":\"https:\\\/\\\/inclusivenews.com.br\\\/#\\\/schema\\\/person\\\/ae4ec7087559b8692fb33b6fffd2273b\"},\"headline\":\"Dom\u00e9sticas: a sinh\u00e1 e o Quarto de Empregada\",\"datePublished\":\"2011-06-30T02:43:03+00:00\",\"mainEntityOfPage\":{\"@id\":\"https:\\\/\\\/inclusivenews.com.br\\\/?p=20088\"},\"wordCount\":914,\"commentCount\":0,\"publisher\":{\"@id\":\"https:\\\/\\\/inclusivenews.com.br\\\/#organization\"},\"image\":{\"@id\":\"https:\\\/\\\/inclusivenews.com.br\\\/?p=20088#primaryimage\"},\"thumbnailUrl\":\"http:\\\/\\\/inclusivenews.com.br\\\/wp-content\\\/uploads\\\/domestica-300x261.jpg\",\"articleSection\":[\"Blogs e Webs\",\"OPINI\u00c3O\"],\"inLanguage\":\"pt-PT\",\"potentialAction\":[{\"@type\":\"CommentAction\",\"name\":\"Comment\",\"target\":[\"https:\\\/\\\/inclusivenews.com.br\\\/?p=20088#respond\"]}]},{\"@type\":\"WebPage\",\"@id\":\"https:\\\/\\\/inclusivenews.com.br\\\/?p=20088\",\"url\":\"https:\\\/\\\/inclusivenews.com.br\\\/?p=20088\",\"name\":\"Dom\u00e9sticas: a sinh\u00e1 e o Quarto de Empregada -\",\"isPartOf\":{\"@id\":\"https:\\\/\\\/inclusivenews.com.br\\\/#website\"},\"primaryImageOfPage\":{\"@id\":\"https:\\\/\\\/inclusivenews.com.br\\\/?p=20088#primaryimage\"},\"image\":{\"@id\":\"https:\\\/\\\/inclusivenews.com.br\\\/?p=20088#primaryimage\"},\"thumbnailUrl\":\"http:\\\/\\\/inclusivenews.com.br\\\/wp-content\\\/uploads\\\/domestica-300x261.jpg\",\"datePublished\":\"2011-06-30T02:43:03+00:00\",\"breadcrumb\":{\"@id\":\"https:\\\/\\\/inclusivenews.com.br\\\/?p=20088#breadcrumb\"},\"inLanguage\":\"pt-PT\",\"potentialAction\":[{\"@type\":\"ReadAction\",\"target\":[\"https:\\\/\\\/inclusivenews.com.br\\\/?p=20088\"]}]},{\"@type\":\"ImageObject\",\"inLanguage\":\"pt-PT\",\"@id\":\"https:\\\/\\\/inclusivenews.com.br\\\/?p=20088#primaryimage\",\"url\":\"\",\"contentUrl\":\"\"},{\"@type\":\"BreadcrumbList\",\"@id\":\"https:\\\/\\\/inclusivenews.com.br\\\/?p=20088#breadcrumb\",\"itemListElement\":[{\"@type\":\"ListItem\",\"position\":1,\"name\":\"In\u00edcio\",\"item\":\"https:\\\/\\\/inclusivenews.com.br\\\/\"},{\"@type\":\"ListItem\",\"position\":2,\"name\":\"Dom\u00e9sticas: a sinh\u00e1 e o Quarto de Empregada\"}]},{\"@type\":\"WebSite\",\"@id\":\"https:\\\/\\\/inclusivenews.com.br\\\/#website\",\"url\":\"https:\\\/\\\/inclusivenews.com.br\\\/\",\"name\":\"Inclusive News\",\"description\":\"Inclusive News\",\"publisher\":{\"@id\":\"https:\\\/\\\/inclusivenews.com.br\\\/#organization\"},\"potentialAction\":[{\"@type\":\"SearchAction\",\"target\":{\"@type\":\"EntryPoint\",\"urlTemplate\":\"https:\\\/\\\/inclusivenews.com.br\\\/?s={search_term_string}\"},\"query-input\":{\"@type\":\"PropertyValueSpecification\",\"valueRequired\":true,\"valueName\":\"search_term_string\"}}],\"inLanguage\":\"pt-PT\"},{\"@type\":\"Organization\",\"@id\":\"https:\\\/\\\/inclusivenews.com.br\\\/#organization\",\"name\":\"Inclusive - inclus\u00e3o e cidadania\",\"url\":\"https:\\\/\\\/inclusivenews.com.br\\\/\",\"logo\":{\"@type\":\"ImageObject\",\"inLanguage\":\"pt-PT\",\"@id\":\"https:\\\/\\\/inclusivenews.com.br\\\/#\\\/schema\\\/logo\\\/image\\\/\",\"url\":\"https:\\\/\\\/inclusivenews.com.br\\\/wp-content\\\/uploads\\\/2024\\\/03\\\/@grandesite.png\",\"contentUrl\":\"https:\\\/\\\/inclusivenews.com.br\\\/wp-content\\\/uploads\\\/2024\\\/03\\\/@grandesite.png\",\"width\":1080,\"height\":1080,\"caption\":\"Inclusive - inclus\u00e3o e cidadania\"},\"image\":{\"@id\":\"https:\\\/\\\/inclusivenews.com.br\\\/#\\\/schema\\\/logo\\\/image\\\/\"},\"sameAs\":[\"https:\\\/\\\/www.facebook.com\\\/agenciainclusive\\\/\",\"https:\\\/\\\/www.instagram.com\\\/newsinclusive\\\/\"]},{\"@type\":\"Person\",\"@id\":\"https:\\\/\\\/inclusivenews.com.br\\\/#\\\/schema\\\/person\\\/ae4ec7087559b8692fb33b6fffd2273b\",\"name\":\"inclusivenews2024\",\"image\":{\"@type\":\"ImageObject\",\"inLanguage\":\"pt-PT\",\"@id\":\"https:\\\/\\\/secure.gravatar.com\\\/avatar\\\/c5a7ef84c66fa914f55bc4f7ce26cfa275a3b9a1c5568b907bd184fb4dde7b40?s=96&d=mm&r=g\",\"url\":\"https:\\\/\\\/secure.gravatar.com\\\/avatar\\\/c5a7ef84c66fa914f55bc4f7ce26cfa275a3b9a1c5568b907bd184fb4dde7b40?s=96&d=mm&r=g\",\"contentUrl\":\"https:\\\/\\\/secure.gravatar.com\\\/avatar\\\/c5a7ef84c66fa914f55bc4f7ce26cfa275a3b9a1c5568b907bd184fb4dde7b40?s=96&d=mm&r=g\",\"caption\":\"inclusivenews2024\"},\"sameAs\":[\"https:\\\/\\\/inclusivenews.com.br\"],\"url\":\"https:\\\/\\\/inclusivenews.com.br\\\/?author=1\"}]}<\/script>\n<!-- \/ Yoast SEO plugin. -->","yoast_head_json":{"title":"Dom\u00e9sticas: a sinh\u00e1 e o Quarto de Empregada -","robots":{"index":"index","follow":"follow","max-snippet":"max-snippet:-1","max-image-preview":"max-image-preview:large","max-video-preview":"max-video-preview:-1"},"canonical":"https:\/\/inclusivenews.com.br\/?p=20088","og_locale":"pt_PT","og_type":"article","og_title":"Dom\u00e9sticas: a sinh\u00e1 e o Quarto de Empregada -","og_description":"Detesto acordar de manh\u00e3 com um especialista na TV dizendo que n\u00e3o \u00e9 o momento de garantir direitos a determinada categoria de trabalhadores porque a economia n\u00e3o aguenta, vai gerar mais informalidade, as estruturas do pa\u00eds n\u00e3o suportam esse luxo...","og_url":"https:\/\/inclusivenews.com.br\/?p=20088","article_publisher":"https:\/\/www.facebook.com\/agenciainclusive\/","article_published_time":"2011-06-30T02:43:03+00:00","og_image":[{"url":"http:\/\/inclusivenews.com.br\/wp-content\/uploads\/domestica-300x261.jpg","type":"","width":"","height":""}],"author":"inclusivenews2024","twitter_card":"summary_large_image","twitter_misc":{"Escrito por":"inclusivenews2024","Tempo estimado de leitura":"5 minutos"},"schema":{"@context":"https:\/\/schema.org","@graph":[{"@type":"Article","@id":"https:\/\/inclusivenews.com.br\/?p=20088#article","isPartOf":{"@id":"https:\/\/inclusivenews.com.br\/?p=20088"},"author":{"name":"inclusivenews2024","@id":"https:\/\/inclusivenews.com.br\/#\/schema\/person\/ae4ec7087559b8692fb33b6fffd2273b"},"headline":"Dom\u00e9sticas: a sinh\u00e1 e o Quarto de Empregada","datePublished":"2011-06-30T02:43:03+00:00","mainEntityOfPage":{"@id":"https:\/\/inclusivenews.com.br\/?p=20088"},"wordCount":914,"commentCount":0,"publisher":{"@id":"https:\/\/inclusivenews.com.br\/#organization"},"image":{"@id":"https:\/\/inclusivenews.com.br\/?p=20088#primaryimage"},"thumbnailUrl":"http:\/\/inclusivenews.com.br\/wp-content\/uploads\/domestica-300x261.jpg","articleSection":["Blogs e Webs","OPINI\u00c3O"],"inLanguage":"pt-PT","potentialAction":[{"@type":"CommentAction","name":"Comment","target":["https:\/\/inclusivenews.com.br\/?p=20088#respond"]}]},{"@type":"WebPage","@id":"https:\/\/inclusivenews.com.br\/?p=20088","url":"https:\/\/inclusivenews.com.br\/?p=20088","name":"Dom\u00e9sticas: a sinh\u00e1 e o Quarto de Empregada -","isPartOf":{"@id":"https:\/\/inclusivenews.com.br\/#website"},"primaryImageOfPage":{"@id":"https:\/\/inclusivenews.com.br\/?p=20088#primaryimage"},"image":{"@id":"https:\/\/inclusivenews.com.br\/?p=20088#primaryimage"},"thumbnailUrl":"http:\/\/inclusivenews.com.br\/wp-content\/uploads\/domestica-300x261.jpg","datePublished":"2011-06-30T02:43:03+00:00","breadcrumb":{"@id":"https:\/\/inclusivenews.com.br\/?p=20088#breadcrumb"},"inLanguage":"pt-PT","potentialAction":[{"@type":"ReadAction","target":["https:\/\/inclusivenews.com.br\/?p=20088"]}]},{"@type":"ImageObject","inLanguage":"pt-PT","@id":"https:\/\/inclusivenews.com.br\/?p=20088#primaryimage","url":"","contentUrl":""},{"@type":"BreadcrumbList","@id":"https:\/\/inclusivenews.com.br\/?p=20088#breadcrumb","itemListElement":[{"@type":"ListItem","position":1,"name":"In\u00edcio","item":"https:\/\/inclusivenews.com.br\/"},{"@type":"ListItem","position":2,"name":"Dom\u00e9sticas: a sinh\u00e1 e o Quarto de Empregada"}]},{"@type":"WebSite","@id":"https:\/\/inclusivenews.com.br\/#website","url":"https:\/\/inclusivenews.com.br\/","name":"Inclusive News","description":"Inclusive News","publisher":{"@id":"https:\/\/inclusivenews.com.br\/#organization"},"potentialAction":[{"@type":"SearchAction","target":{"@type":"EntryPoint","urlTemplate":"https:\/\/inclusivenews.com.br\/?s={search_term_string}"},"query-input":{"@type":"PropertyValueSpecification","valueRequired":true,"valueName":"search_term_string"}}],"inLanguage":"pt-PT"},{"@type":"Organization","@id":"https:\/\/inclusivenews.com.br\/#organization","name":"Inclusive - inclus\u00e3o e cidadania","url":"https:\/\/inclusivenews.com.br\/","logo":{"@type":"ImageObject","inLanguage":"pt-PT","@id":"https:\/\/inclusivenews.com.br\/#\/schema\/logo\/image\/","url":"https:\/\/inclusivenews.com.br\/wp-content\/uploads\/2024\/03\/@grandesite.png","contentUrl":"https:\/\/inclusivenews.com.br\/wp-content\/uploads\/2024\/03\/@grandesite.png","width":1080,"height":1080,"caption":"Inclusive - inclus\u00e3o e cidadania"},"image":{"@id":"https:\/\/inclusivenews.com.br\/#\/schema\/logo\/image\/"},"sameAs":["https:\/\/www.facebook.com\/agenciainclusive\/","https:\/\/www.instagram.com\/newsinclusive\/"]},{"@type":"Person","@id":"https:\/\/inclusivenews.com.br\/#\/schema\/person\/ae4ec7087559b8692fb33b6fffd2273b","name":"inclusivenews2024","image":{"@type":"ImageObject","inLanguage":"pt-PT","@id":"https:\/\/secure.gravatar.com\/avatar\/c5a7ef84c66fa914f55bc4f7ce26cfa275a3b9a1c5568b907bd184fb4dde7b40?s=96&d=mm&r=g","url":"https:\/\/secure.gravatar.com\/avatar\/c5a7ef84c66fa914f55bc4f7ce26cfa275a3b9a1c5568b907bd184fb4dde7b40?s=96&d=mm&r=g","contentUrl":"https:\/\/secure.gravatar.com\/avatar\/c5a7ef84c66fa914f55bc4f7ce26cfa275a3b9a1c5568b907bd184fb4dde7b40?s=96&d=mm&r=g","caption":"inclusivenews2024"},"sameAs":["https:\/\/inclusivenews.com.br"],"url":"https:\/\/inclusivenews.com.br\/?author=1"}]}},"_links":{"self":[{"href":"https:\/\/inclusivenews.com.br\/index.php?rest_route=\/wp\/v2\/posts\/20088","targetHints":{"allow":["GET"]}}],"collection":[{"href":"https:\/\/inclusivenews.com.br\/index.php?rest_route=\/wp\/v2\/posts"}],"about":[{"href":"https:\/\/inclusivenews.com.br\/index.php?rest_route=\/wp\/v2\/types\/post"}],"author":[{"embeddable":true,"href":"https:\/\/inclusivenews.com.br\/index.php?rest_route=\/wp\/v2\/users\/1"}],"replies":[{"embeddable":true,"href":"https:\/\/inclusivenews.com.br\/index.php?rest_route=%2Fwp%2Fv2%2Fcomments&post=20088"}],"version-history":[{"count":0,"href":"https:\/\/inclusivenews.com.br\/index.php?rest_route=\/wp\/v2\/posts\/20088\/revisions"}],"wp:attachment":[{"href":"https:\/\/inclusivenews.com.br\/index.php?rest_route=%2Fwp%2Fv2%2Fmedia&parent=20088"}],"wp:term":[{"taxonomy":"category","embeddable":true,"href":"https:\/\/inclusivenews.com.br\/index.php?rest_route=%2Fwp%2Fv2%2Fcategories&post=20088"},{"taxonomy":"post_tag","embeddable":true,"href":"https:\/\/inclusivenews.com.br\/index.php?rest_route=%2Fwp%2Fv2%2Ftags&post=20088"}],"curies":[{"name":"wp","href":"https:\/\/api.w.org\/{rel}","templated":true}]}}