{"id":20090,"date":"2011-06-29T23:43:24","date_gmt":"2011-06-30T02:43:24","guid":{"rendered":"http:\/\/www.inclusive.org.br\/?p=20090"},"modified":"2011-06-29T23:43:24","modified_gmt":"2011-06-30T02:43:24","slug":"lindbergh-apresenta-pec-que-amplia-direitos-dos-empregados-domesticos","status":"publish","type":"post","link":"https:\/\/inclusivenews.com.br\/?p=20090","title":{"rendered":"Lindbergh apresenta PEC que amplia direitos dos empregados dom\u00e9sticos"},"content":{"rendered":"<figure id=\"attachment_14137\" aria-describedby=\"caption-attachment-14137\" style=\"width: 154px\" class=\"wp-caption alignnone\"><a rel=\"attachment wp-att-14137\" href=\"http:\/\/www.inclusive.org.br\/?attachment_id=14137\"><img loading=\"lazy\" decoding=\"async\" class=\"size-full wp-image-14137\" title=\"cart-trabalho\" src=\"http:\/\/inclusivenews.com.br\/wp-content\/uploads\/2010\/02\/cart-trabalho.jpg\" alt=\"Carteira de trabalho\" width=\"154\" height=\"181\" \/><\/a><figcaption id=\"caption-attachment-14137\" class=\"wp-caption-text\">Carteira de trabalho<\/figcaption><\/figure>\n<p>Com a aprova\u00e7\u00e3o, pela Organiza\u00e7\u00e3o Internacional do Trabalho (OIT), da conven\u00e7\u00e3o que estende aos\u00a0empregados\u00a0dom\u00e9sticos direitos b\u00e1sicos assegurados aos demais trabalhadores, como aposentadoria, sal\u00e1rio-fam\u00edlia, hor\u00e1rio semanal definido e pens\u00e3o por morte, o senador Lindbergh Farias (PT-RJ) apresentou, nesta ter\u00e7a-feira (21), proposta de emenda \u00e0 Constitui\u00e7\u00e3o (PEC) para regularizar essas garantias. O Brasil votou favoravelmente \u00e0 conven\u00e7\u00e3o da OIT, em assembleia realizada de 1\u00ba a 18 de junho, em Genebra, na Su\u00ed\u00e7a.<\/p>\n<p>A proposi\u00e7\u00e3o modifica o artigo 7\u00ba da Constitui\u00e7\u00e3o, que trata dos direitos dos trabalhadores urbanos e rurais e dos que visam \u00e0 melhoria de sua condi\u00e7\u00e3o social, e passa a assegurar &#8220;\u00e0 categoria dos trabalhadores dom\u00e9sticos todos os direitos previstos neste artigo&#8221;.<\/p>\n<p>Atualmente, o mesmo instrumento jur\u00eddico prev\u00ea que, aos trabalhadores dom\u00e9sticos, est\u00e3o assegurados apenas sete dos 34 benef\u00edcios l\u00e1 detalhados: sal\u00e1rio m\u00ednimo; irredutibilidade do sal\u00e1rio; 13\u00ba sal\u00e1rio; repouso semanal remunerado, preferencialmente aos domingos; f\u00e9rias anuais e gratifica\u00e7\u00e3o de um ter\u00e7o do sal\u00e1rio; licen\u00e7a \u00e0 gestante de 120 dias; licen\u00e7a-paternidade; aviso pr\u00e9vio proporcional ao tempo de servi\u00e7o; e aposentadoria, al\u00e9m de sua integra\u00e7\u00e3o \u00e0 previd\u00eancia social.<\/p>\n<p>A equipara\u00e7\u00e3o defendida significar\u00e1, por exemplo, alcance a direitos como o Fundo de Garantia do Tempo de Servi\u00e7o (FGTS), pagamento que hoje \u00e9 opcional; folga semanal de, pelo menos, 24 horas consecutivas; jornada de trabalho de at\u00e9 44 horas semanais, e consequente recebimento de horas extras, e adicional noturno para quem trabalha al\u00e9m das 22h.<\/p>\n<p>Lindbergh, no texto, salienta ainda o fato de 93% do trabalho dom\u00e9stico ser exercido por mulheres, 61,6% das quais s\u00e3o negras, segundo dados do Instituto Brasileiro de Pesquisa Aplicada (Ipea).<\/p>\n<p>&#8221;<\/p>\n<p>A proposta objetiva n\u00e3o apenas a extens\u00e3o \u00e0 categoria de trabalhadores dom\u00e9sticos de todo o rol de garantias trabalhistas prevista na Constitui\u00e7\u00e3o. Essa medida ser\u00e1 de grande impacto na popula\u00e7\u00e3o feminina&#8221;, argumenta o senador na justificativa da PEC.<\/p>\n<p>A PEC recebeu o n\u00famero\u00a0<a href=\"http:\/\/www.senado.gov.br\/atividade\/Materia\/detalhes.asp?p_cod_mate=100818\" target=\"_blank\" rel=\"noopener\">59\/2011 <\/a>e foi encaminhada \u00e0 Comiss\u00e3o de Constitui\u00e7\u00e3o, Justi\u00e7a e Cidadania (CCJ).<\/p>\n<p>Fonte: <a href=\"http:\/\/www.senado.gov.br\/noticias\/lindbergh-deve-apresentar-pec-ampliando-direitos-dos-empregados-domesticos.aspx?parametros=empregados+domesticos\">http:\/\/w<\/a><\/p>\n<p><a href=\"http:\/\/www.senado.gov.br\/noticias\/lindbergh-deve-apresentar-pec-ampliando-direitos-dos-empregados-domesticos.aspx?parametros=empregados+domesticos\">ww.senado.gov.br\/noticias\/lindbergh-deve-apresentar-pec-ampliando-direitos-dos-empregados-domesticos.aspx?parametros=empregados+domesticos<\/a><\/p>\n","protected":false},"excerpt":{"rendered":"<p>Empregados dom\u00e9sticos dever\u00e3o ter seus direitos equiparados aos dos demais trabalhadores.<\/p>\n","protected":false},"author":1,"featured_media":0,"comment_status":"open","ping_status":"open","sticky":false,"template":"","format":"standard","meta":{"site-container-style":"default","site-container-layout":"default","site-sidebar-layout":"default","disable-article-header":"default","disable-site-header":"default","disable-site-footer":"default","disable-content-area-spacing":"default","footnotes":""},"categories":[4],"tags":[],"class_list":["post-20090","post","type-post","status-publish","format-standard","hentry","category-noticias"],"yoast_head":"<!-- This site is optimized with the Yoast SEO plugin v27.4 - https:\/\/yoast.com\/product\/yoast-seo-wordpress\/ -->\n<title>Lindbergh apresenta PEC que amplia direitos dos empregados dom\u00e9sticos -<\/title>\n<meta name=\"robots\" content=\"index, follow, max-snippet:-1, max-image-preview:large, max-video-preview:-1\" \/>\n<link rel=\"canonical\" href=\"https:\/\/inclusivenews.com.br\/?p=20090\" \/>\n<meta property=\"og:locale\" content=\"pt_PT\" \/>\n<meta property=\"og:type\" content=\"article\" \/>\n<meta property=\"og:title\" content=\"Lindbergh apresenta PEC que amplia direitos dos empregados dom\u00e9sticos -\" \/>\n<meta property=\"og:description\" content=\"Empregados dom\u00e9sticos dever\u00e3o ter seus direitos equiparados aos dos demais trabalhadores.\" \/>\n<meta property=\"og:url\" content=\"https:\/\/inclusivenews.com.br\/?p=20090\" \/>\n<meta property=\"article:publisher\" content=\"https:\/\/www.facebook.com\/agenciainclusive\/\" \/>\n<meta property=\"article:published_time\" content=\"2011-06-30T02:43:24+00:00\" \/>\n<meta property=\"og:image\" content=\"http:\/\/inclusivenews.com.br\/wp-content\/uploads\/2010\/02\/cart-trabalho.jpg\" \/>\n<meta name=\"author\" content=\"inclusivenews2024\" \/>\n<meta name=\"twitter:card\" content=\"summary_large_image\" \/>\n<meta name=\"twitter:label1\" content=\"Escrito por\" \/>\n\t<meta name=\"twitter:data1\" content=\"inclusivenews2024\" \/>\n\t<meta name=\"twitter:label2\" content=\"Tempo estimado de leitura\" \/>\n\t<meta name=\"twitter:data2\" content=\"2 minutos\" \/>\n<script type=\"application\/ld+json\" class=\"yoast-schema-graph\">{\"@context\":\"https:\\\/\\\/schema.org\",\"@graph\":[{\"@type\":\"Article\",\"@id\":\"https:\\\/\\\/inclusivenews.com.br\\\/?p=20090#article\",\"isPartOf\":{\"@id\":\"https:\\\/\\\/inclusivenews.com.br\\\/?p=20090\"},\"author\":{\"name\":\"inclusivenews2024\",\"@id\":\"https:\\\/\\\/inclusivenews.com.br\\\/#\\\/schema\\\/person\\\/ae4ec7087559b8692fb33b6fffd2273b\"},\"headline\":\"Lindbergh apresenta PEC que amplia direitos dos empregados dom\u00e9sticos\",\"datePublished\":\"2011-06-30T02:43:24+00:00\",\"mainEntityOfPage\":{\"@id\":\"https:\\\/\\\/inclusivenews.com.br\\\/?p=20090\"},\"wordCount\":381,\"commentCount\":0,\"publisher\":{\"@id\":\"https:\\\/\\\/inclusivenews.com.br\\\/#organization\"},\"image\":{\"@id\":\"https:\\\/\\\/inclusivenews.com.br\\\/?p=20090#primaryimage\"},\"thumbnailUrl\":\"http:\\\/\\\/inclusivenews.com.br\\\/wp-content\\\/uploads\\\/2010\\\/02\\\/cart-trabalho.jpg\",\"articleSection\":[\"NOT\u00cdCIAS\"],\"inLanguage\":\"pt-PT\",\"potentialAction\":[{\"@type\":\"CommentAction\",\"name\":\"Comment\",\"target\":[\"https:\\\/\\\/inclusivenews.com.br\\\/?p=20090#respond\"]}]},{\"@type\":\"WebPage\",\"@id\":\"https:\\\/\\\/inclusivenews.com.br\\\/?p=20090\",\"url\":\"https:\\\/\\\/inclusivenews.com.br\\\/?p=20090\",\"name\":\"Lindbergh apresenta PEC que amplia direitos dos empregados dom\u00e9sticos -\",\"isPartOf\":{\"@id\":\"https:\\\/\\\/inclusivenews.com.br\\\/#website\"},\"primaryImageOfPage\":{\"@id\":\"https:\\\/\\\/inclusivenews.com.br\\\/?p=20090#primaryimage\"},\"image\":{\"@id\":\"https:\\\/\\\/inclusivenews.com.br\\\/?p=20090#primaryimage\"},\"thumbnailUrl\":\"http:\\\/\\\/inclusivenews.com.br\\\/wp-content\\\/uploads\\\/2010\\\/02\\\/cart-trabalho.jpg\",\"datePublished\":\"2011-06-30T02:43:24+00:00\",\"breadcrumb\":{\"@id\":\"https:\\\/\\\/inclusivenews.com.br\\\/?p=20090#breadcrumb\"},\"inLanguage\":\"pt-PT\",\"potentialAction\":[{\"@type\":\"ReadAction\",\"target\":[\"https:\\\/\\\/inclusivenews.com.br\\\/?p=20090\"]}]},{\"@type\":\"ImageObject\",\"inLanguage\":\"pt-PT\",\"@id\":\"https:\\\/\\\/inclusivenews.com.br\\\/?p=20090#primaryimage\",\"url\":\"\",\"contentUrl\":\"\"},{\"@type\":\"BreadcrumbList\",\"@id\":\"https:\\\/\\\/inclusivenews.com.br\\\/?p=20090#breadcrumb\",\"itemListElement\":[{\"@type\":\"ListItem\",\"position\":1,\"name\":\"In\u00edcio\",\"item\":\"https:\\\/\\\/inclusivenews.com.br\\\/\"},{\"@type\":\"ListItem\",\"position\":2,\"name\":\"Lindbergh apresenta PEC que amplia direitos dos empregados dom\u00e9sticos\"}]},{\"@type\":\"WebSite\",\"@id\":\"https:\\\/\\\/inclusivenews.com.br\\\/#website\",\"url\":\"https:\\\/\\\/inclusivenews.com.br\\\/\",\"name\":\"Inclusive News\",\"description\":\"Inclusive News\",\"publisher\":{\"@id\":\"https:\\\/\\\/inclusivenews.com.br\\\/#organization\"},\"potentialAction\":[{\"@type\":\"SearchAction\",\"target\":{\"@type\":\"EntryPoint\",\"urlTemplate\":\"https:\\\/\\\/inclusivenews.com.br\\\/?s={search_term_string}\"},\"query-input\":{\"@type\":\"PropertyValueSpecification\",\"valueRequired\":true,\"valueName\":\"search_term_string\"}}],\"inLanguage\":\"pt-PT\"},{\"@type\":\"Organization\",\"@id\":\"https:\\\/\\\/inclusivenews.com.br\\\/#organization\",\"name\":\"Inclusive - inclus\u00e3o e cidadania\",\"url\":\"https:\\\/\\\/inclusivenews.com.br\\\/\",\"logo\":{\"@type\":\"ImageObject\",\"inLanguage\":\"pt-PT\",\"@id\":\"https:\\\/\\\/inclusivenews.com.br\\\/#\\\/schema\\\/logo\\\/image\\\/\",\"url\":\"https:\\\/\\\/inclusivenews.com.br\\\/wp-content\\\/uploads\\\/2024\\\/03\\\/@grandesite.png\",\"contentUrl\":\"https:\\\/\\\/inclusivenews.com.br\\\/wp-content\\\/uploads\\\/2024\\\/03\\\/@grandesite.png\",\"width\":1080,\"height\":1080,\"caption\":\"Inclusive - inclus\u00e3o e cidadania\"},\"image\":{\"@id\":\"https:\\\/\\\/inclusivenews.com.br\\\/#\\\/schema\\\/logo\\\/image\\\/\"},\"sameAs\":[\"https:\\\/\\\/www.facebook.com\\\/agenciainclusive\\\/\",\"https:\\\/\\\/www.instagram.com\\\/newsinclusive\\\/\"]},{\"@type\":\"Person\",\"@id\":\"https:\\\/\\\/inclusivenews.com.br\\\/#\\\/schema\\\/person\\\/ae4ec7087559b8692fb33b6fffd2273b\",\"name\":\"inclusivenews2024\",\"image\":{\"@type\":\"ImageObject\",\"inLanguage\":\"pt-PT\",\"@id\":\"https:\\\/\\\/secure.gravatar.com\\\/avatar\\\/c5a7ef84c66fa914f55bc4f7ce26cfa275a3b9a1c5568b907bd184fb4dde7b40?s=96&d=mm&r=g\",\"url\":\"https:\\\/\\\/secure.gravatar.com\\\/avatar\\\/c5a7ef84c66fa914f55bc4f7ce26cfa275a3b9a1c5568b907bd184fb4dde7b40?s=96&d=mm&r=g\",\"contentUrl\":\"https:\\\/\\\/secure.gravatar.com\\\/avatar\\\/c5a7ef84c66fa914f55bc4f7ce26cfa275a3b9a1c5568b907bd184fb4dde7b40?s=96&d=mm&r=g\",\"caption\":\"inclusivenews2024\"},\"sameAs\":[\"https:\\\/\\\/inclusivenews.com.br\"],\"url\":\"https:\\\/\\\/inclusivenews.com.br\\\/?author=1\"}]}<\/script>\n<!-- \/ Yoast SEO plugin. -->","yoast_head_json":{"title":"Lindbergh apresenta PEC que amplia direitos dos empregados dom\u00e9sticos -","robots":{"index":"index","follow":"follow","max-snippet":"max-snippet:-1","max-image-preview":"max-image-preview:large","max-video-preview":"max-video-preview:-1"},"canonical":"https:\/\/inclusivenews.com.br\/?p=20090","og_locale":"pt_PT","og_type":"article","og_title":"Lindbergh apresenta PEC que amplia direitos dos empregados dom\u00e9sticos -","og_description":"Empregados dom\u00e9sticos dever\u00e3o ter seus direitos equiparados aos dos demais trabalhadores.","og_url":"https:\/\/inclusivenews.com.br\/?p=20090","article_publisher":"https:\/\/www.facebook.com\/agenciainclusive\/","article_published_time":"2011-06-30T02:43:24+00:00","og_image":[{"url":"http:\/\/inclusivenews.com.br\/wp-content\/uploads\/2010\/02\/cart-trabalho.jpg","type":"","width":"","height":""}],"author":"inclusivenews2024","twitter_card":"summary_large_image","twitter_misc":{"Escrito por":"inclusivenews2024","Tempo estimado de leitura":"2 minutos"},"schema":{"@context":"https:\/\/schema.org","@graph":[{"@type":"Article","@id":"https:\/\/inclusivenews.com.br\/?p=20090#article","isPartOf":{"@id":"https:\/\/inclusivenews.com.br\/?p=20090"},"author":{"name":"inclusivenews2024","@id":"https:\/\/inclusivenews.com.br\/#\/schema\/person\/ae4ec7087559b8692fb33b6fffd2273b"},"headline":"Lindbergh apresenta PEC que amplia direitos dos empregados dom\u00e9sticos","datePublished":"2011-06-30T02:43:24+00:00","mainEntityOfPage":{"@id":"https:\/\/inclusivenews.com.br\/?p=20090"},"wordCount":381,"commentCount":0,"publisher":{"@id":"https:\/\/inclusivenews.com.br\/#organization"},"image":{"@id":"https:\/\/inclusivenews.com.br\/?p=20090#primaryimage"},"thumbnailUrl":"http:\/\/inclusivenews.com.br\/wp-content\/uploads\/2010\/02\/cart-trabalho.jpg","articleSection":["NOT\u00cdCIAS"],"inLanguage":"pt-PT","potentialAction":[{"@type":"CommentAction","name":"Comment","target":["https:\/\/inclusivenews.com.br\/?p=20090#respond"]}]},{"@type":"WebPage","@id":"https:\/\/inclusivenews.com.br\/?p=20090","url":"https:\/\/inclusivenews.com.br\/?p=20090","name":"Lindbergh apresenta PEC que amplia direitos dos empregados dom\u00e9sticos -","isPartOf":{"@id":"https:\/\/inclusivenews.com.br\/#website"},"primaryImageOfPage":{"@id":"https:\/\/inclusivenews.com.br\/?p=20090#primaryimage"},"image":{"@id":"https:\/\/inclusivenews.com.br\/?p=20090#primaryimage"},"thumbnailUrl":"http:\/\/inclusivenews.com.br\/wp-content\/uploads\/2010\/02\/cart-trabalho.jpg","datePublished":"2011-06-30T02:43:24+00:00","breadcrumb":{"@id":"https:\/\/inclusivenews.com.br\/?p=20090#breadcrumb"},"inLanguage":"pt-PT","potentialAction":[{"@type":"ReadAction","target":["https:\/\/inclusivenews.com.br\/?p=20090"]}]},{"@type":"ImageObject","inLanguage":"pt-PT","@id":"https:\/\/inclusivenews.com.br\/?p=20090#primaryimage","url":"","contentUrl":""},{"@type":"BreadcrumbList","@id":"https:\/\/inclusivenews.com.br\/?p=20090#breadcrumb","itemListElement":[{"@type":"ListItem","position":1,"name":"In\u00edcio","item":"https:\/\/inclusivenews.com.br\/"},{"@type":"ListItem","position":2,"name":"Lindbergh apresenta PEC que amplia direitos dos empregados dom\u00e9sticos"}]},{"@type":"WebSite","@id":"https:\/\/inclusivenews.com.br\/#website","url":"https:\/\/inclusivenews.com.br\/","name":"Inclusive News","description":"Inclusive News","publisher":{"@id":"https:\/\/inclusivenews.com.br\/#organization"},"potentialAction":[{"@type":"SearchAction","target":{"@type":"EntryPoint","urlTemplate":"https:\/\/inclusivenews.com.br\/?s={search_term_string}"},"query-input":{"@type":"PropertyValueSpecification","valueRequired":true,"valueName":"search_term_string"}}],"inLanguage":"pt-PT"},{"@type":"Organization","@id":"https:\/\/inclusivenews.com.br\/#organization","name":"Inclusive - inclus\u00e3o e cidadania","url":"https:\/\/inclusivenews.com.br\/","logo":{"@type":"ImageObject","inLanguage":"pt-PT","@id":"https:\/\/inclusivenews.com.br\/#\/schema\/logo\/image\/","url":"https:\/\/inclusivenews.com.br\/wp-content\/uploads\/2024\/03\/@grandesite.png","contentUrl":"https:\/\/inclusivenews.com.br\/wp-content\/uploads\/2024\/03\/@grandesite.png","width":1080,"height":1080,"caption":"Inclusive - inclus\u00e3o e cidadania"},"image":{"@id":"https:\/\/inclusivenews.com.br\/#\/schema\/logo\/image\/"},"sameAs":["https:\/\/www.facebook.com\/agenciainclusive\/","https:\/\/www.instagram.com\/newsinclusive\/"]},{"@type":"Person","@id":"https:\/\/inclusivenews.com.br\/#\/schema\/person\/ae4ec7087559b8692fb33b6fffd2273b","name":"inclusivenews2024","image":{"@type":"ImageObject","inLanguage":"pt-PT","@id":"https:\/\/secure.gravatar.com\/avatar\/c5a7ef84c66fa914f55bc4f7ce26cfa275a3b9a1c5568b907bd184fb4dde7b40?s=96&d=mm&r=g","url":"https:\/\/secure.gravatar.com\/avatar\/c5a7ef84c66fa914f55bc4f7ce26cfa275a3b9a1c5568b907bd184fb4dde7b40?s=96&d=mm&r=g","contentUrl":"https:\/\/secure.gravatar.com\/avatar\/c5a7ef84c66fa914f55bc4f7ce26cfa275a3b9a1c5568b907bd184fb4dde7b40?s=96&d=mm&r=g","caption":"inclusivenews2024"},"sameAs":["https:\/\/inclusivenews.com.br"],"url":"https:\/\/inclusivenews.com.br\/?author=1"}]}},"_links":{"self":[{"href":"https:\/\/inclusivenews.com.br\/index.php?rest_route=\/wp\/v2\/posts\/20090","targetHints":{"allow":["GET"]}}],"collection":[{"href":"https:\/\/inclusivenews.com.br\/index.php?rest_route=\/wp\/v2\/posts"}],"about":[{"href":"https:\/\/inclusivenews.com.br\/index.php?rest_route=\/wp\/v2\/types\/post"}],"author":[{"embeddable":true,"href":"https:\/\/inclusivenews.com.br\/index.php?rest_route=\/wp\/v2\/users\/1"}],"replies":[{"embeddable":true,"href":"https:\/\/inclusivenews.com.br\/index.php?rest_route=%2Fwp%2Fv2%2Fcomments&post=20090"}],"version-history":[{"count":0,"href":"https:\/\/inclusivenews.com.br\/index.php?rest_route=\/wp\/v2\/posts\/20090\/revisions"}],"wp:attachment":[{"href":"https:\/\/inclusivenews.com.br\/index.php?rest_route=%2Fwp%2Fv2%2Fmedia&parent=20090"}],"wp:term":[{"taxonomy":"category","embeddable":true,"href":"https:\/\/inclusivenews.com.br\/index.php?rest_route=%2Fwp%2Fv2%2Fcategories&post=20090"},{"taxonomy":"post_tag","embeddable":true,"href":"https:\/\/inclusivenews.com.br\/index.php?rest_route=%2Fwp%2Fv2%2Ftags&post=20090"}],"curies":[{"name":"wp","href":"https:\/\/api.w.org\/{rel}","templated":true}]}}