{"id":20097,"date":"2011-06-29T23:48:19","date_gmt":"2011-06-30T02:48:19","guid":{"rendered":"http:\/\/www.inclusive.org.br\/?p=20097"},"modified":"2011-06-29T23:48:19","modified_gmt":"2011-06-30T02:48:19","slug":"diversidade-sexual-e-homofobia-no-brasil-2","status":"publish","type":"post","link":"https:\/\/inclusivenews.com.br\/?p=20097","title":{"rendered":"Diversidade sexual e homofobia no Brasil"},"content":{"rendered":"<p dir=\"ltr\">\n<p><a rel=\"attachment wp-att-20098\" href=\"http:\/\/www.inclusive.org.br\/?attachment_id=20098\"><img loading=\"lazy\" decoding=\"async\" class=\"alignnone size-medium wp-image-20098\" title=\"Diversidade sexual frontal\" src=\"http:\/\/inclusivenews.com.br\/wp-content\/uploads\/Diversidade-sexual-frontal-207x300.jpg\" alt=\"\" width=\"207\" height=\"300\" \/><\/a><\/p>\n<p>No m\u00eas Internacional do Orgulho LGBT, a Editora Funda\u00e7\u00e3o Perseu Abramo (EFPA) lan\u00e7a o t\u00edtulo \u201cDiversidade sexual e homofobia no Brasil\u201d. A publica\u00e7\u00e3o \u00e9 resultado da pesquisa \u201cDiversidade Sexual e Homofobia no Brasil \u2013 Intoler\u00e2ncia e Respeito \u00e0s Diferen\u00e7as Sexuais\u201d, realizada no ano de 2009, em parceria com a funda\u00e7\u00e3o alem\u00e3 Rosa Luxemburg, sob coordena\u00e7\u00e3o do N\u00facleo de Opini\u00e3o P\u00fablica (NOP) da Funda\u00e7\u00e3o Perseu Abramo.<\/p>\n<p dir=\"ltr\">Em um per\u00edodo hist\u00f3rico pontuado pelo debate sobre os Direitos Humanos, contrapondo-se a recente invers\u00e3o nos discursos conservadores e reacion\u00e1rios da sociedade, o livro aborda as quest\u00f5es da homofobia. Cidad\u00e3s e cidad\u00e3os do Brasil, hetero, homo e bissexuais, redimensionam o debate sobre temas como intoler\u00e2ncia \u00e0s diferen\u00e7as, identidade de g\u00eanero, orienta\u00e7\u00e3o sexual, exposi\u00e7\u00e3o e a constru\u00e7\u00e3o da personagem LGBT na m\u00eddia.<\/p>\n<p dir=\"ltr\">Partindo da opini\u00e3o p\u00fablica para a esfera da an\u00e1lise e da intelectualidade, militantes, estudiosos e pesquisadores ligados ao tema LGBT e sexualidade foram convidados a interpretar panoramas e revela\u00e7\u00f5es da pesquisa, como a quest\u00e3o da homofobia e da perman\u00eancia do preconceito, da discrimina\u00e7\u00e3o e da viol\u00eancia homof\u00f3bica entre os brasileiros.<\/p>\n<p dir=\"ltr\">Organizados pelos pesquisadores Gustavo Venturi e Vilma Bokany, treze artigos evidenciam as necessidades com medidas de pol\u00edticas p\u00fablicas. Na pr\u00e1tica, apesar das conquistas efetivadas, os textos denotam a nega\u00e7\u00e3o do exerc\u00edcio da cidadania plena a uma parcela significativa da sociedade brasileira, seja na \u00e1rea da sa\u00fade, educa\u00e7\u00e3o e outros direitos constitu\u00eddos.<\/p>\n<p dir=\"ltr\"><strong>Para al\u00e9m dos dados: a interpreta\u00e7\u00e3o dos resultados<\/strong><\/p>\n<p dir=\"ltr\">De car\u00e1ter multitem\u00e1tico, os artigos se debru\u00e7am sobre as perspectivas dos dados, a conjuntura nacional, os fatos e os apontamentos para as conquistas de equiparidades. No primeiro artigo, Julian Rodrigues, coordenador nacional do Setorial LGBT do Partido dos Trabalhadores (PT), situa a luta pelo reconhecimento da diversidade sexual e dos direitos LGBTs na hist\u00f3ria ocidental, com a amplia\u00e7\u00e3o da no\u00e7\u00e3o de direitos humanos. A \u00eanfase recai sobre o regime democr\u00e1tico brasileiro, as exclus\u00f5es e a import\u00e2ncia da laicidade no Estado.<\/p>\n<p dir=\"ltr\">Escritora, cantora e ativista pelas lutas das mulheres, Vange Leonel reflete em \u201cLesbofobia\u201d sobre as pautas dos discursos machistas, patriarcais, lesbof\u00f3bicos e mis\u00f3ginos. Assunto recorrente da m\u00eddia, as transexuais e travestis ganham destaque nos textos \u201cTransexuais: identidade e cidadania\u201d, de Elizabeth Zambrano, e \u201cTravestis: entre a atra\u00e7\u00e3o e a avers\u00e3o\u201d, de Keila Simpson.<\/p>\n<p dir=\"ltr\">\u201cNo artigo: \u2018Viver sob amea\u00e7a: preconceito, discrimina\u00e7\u00e3o e viol\u00eancia homof\u00f3bica no Brasil\u2019, de S\u00e9rgio Carrara e Paula Lacerda, observamos a tend\u00eancia \u00e0 intoler\u00e2ncia entre homens heterossexuais jovens \u2013 contrariando a expectativa de maior compreens\u00e3o da juventude em rela\u00e7\u00e3o a quest\u00f5es que envolvem valores morais \u2013 e apontam contradi\u00e7\u00f5es na vis\u00e3o da opini\u00e3o p\u00fablica sobre a homossexualidade, as quais sugeririam a conforma\u00e7\u00e3o de uma esp\u00e9cie de \u2018\u00e9tica particular\u2019 que, oscilando entre consider\u00e1-la uma falha moral e uma doen\u00e7a, tende a toler\u00e1-la desde que confinada a quatro paredes\u201d, pontuam Gustavo Venturi e Vilma Bokany, organizadores do livro.<\/p>\n<p dir=\"ltr\">Lula Ramires em \u201cHomofobia na escola: o olhar de um educador social do movimento LGBT\u201d discute o papel do corpo docente em rela\u00e7\u00e3o \u00e0 preconiza\u00e7\u00e3o do preconceito e do bullyng nas escolas. O t\u00edtulo ainda \u00e9 composto pelos artigos \u201cIdentidade de g\u00eanero, orienta\u00e7\u00e3o sexual e vulnerabilidade social: pensando algumas situa\u00e7\u00f5es brasileiras\u201d, de Fernando Seffner, \u201cHomofobia, hierarquiza\u00e7\u00e3o e humilha\u00e7\u00e3o social\u201d, por Marco Aur\u00e9lio M\u00e1ximo Prado e Rog\u00e9rio Diniz Junqueira, \u201cA intersec\u00e7\u00e3o dos conjuntos: gays e l\u00e9sbicas negras em confronto com as hegemonias e sub-hegemonias\u201d, de Robenilton dos Santos Luz, \u201cPreven\u00e7\u00e3o ao HIV\/AIDS, estigmatiza\u00e7\u00e3o e vulnerabilidade\u201d, assinado por Gabriela Calazans, \u201cPresen\u00e7a LGBT na m\u00eddia\u201d, de L\u00e9o Mendes, \u201cLegisla\u00e7\u00e3o brasileira e homofobia\u201d, sob a autoria de Maria Berenice Dias.<\/p>\n<p dir=\"ltr\">Em \u201cDa constru\u00e7\u00e3o dos dados \u00e0 cultura da intoler\u00e2ncia \u00e0s diferen\u00e7as\u201d, artigo que fecha o livro, o pesquisador e organizador Gustavo Venturi, antecede o Anexo com a s\u00edntese dos principais resultados da pesquisa, realizando um comparativo entre as j\u00e1 realizadas e novas possibilidades de abordagens. No anexo de 64 p\u00e1ginas coloridas, a sele\u00e7\u00e3o traz 109 quadros com tabelas e gr\u00e1ficos.<\/p>\n<p dir=\"ltr\">A pesquisa est\u00e1 dispon\u00edvel no Portal da Funda\u00e7\u00e3o Perseu Abramo:<a href=\"http:\/\/migre.me\/4EEL3\">http:\/\/migre.me\/4EEL3<\/a><\/p>\n<p dir=\"ltr\">Editora Funda\u00e7\u00e3o Perseu Abramo e a Diversidade Sexual<\/p>\n<p dir=\"ltr\">Nascida do desejo e do objetivo em aprofundar o conhecimento sobre a sociedade brasileira, suas transforma\u00e7\u00f5es e especificidades hist\u00f3ricas, a Editora da Funda\u00e7\u00e3o Perseu Abramo desde a sua funda\u00e7\u00e3o, verbaliza e prop\u00f5e o debate sobre a quest\u00e3o da identidade de g\u00eanero, da orienta\u00e7\u00e3o sexual, da diversidade e da luta das minorias contra o preconceito e a exclus\u00e3o do papel de cidadania e garantia de direitos.<\/p>\n<p dir=\"ltr\">Destaque para \u201dNa trilha do arco-\u00edris \u2013 Do movimento homossexual ao LGBT\u201d, de J\u00falio Assis Sim\u00f5es e Regina Facchini, lan\u00e7ado no ano de 2009. Vencedor no quesito literatura do 10\u00ba Pr\u00eamio Cidadania em Respeito \u00e0 Diversidade, promovido Associa\u00e7\u00e3o da Parada do Orgulho GLBT de S\u00e3o Paulo (APOGLBT) em 2010, o livro narra uma trajet\u00f3ria de vit\u00f3rias e desafios desde a d\u00e9cada de 1970, para a implanta\u00e7\u00e3o de pol\u00edticas e direitos aos LGBT.<\/p>\n<p dir=\"ltr\">\u201cO neg\u00f3cio do mich\u00ea: a prostitui\u00e7\u00e3o viril em S\u00e3o Paulo\u201d, de N\u00e9stor Perlongher, lan\u00e7ado em 2008, merece aten\u00e7\u00e3o na abordagem do assunto, sob a perspectiva das densidades sociais.<\/p>\n<p dir=\"ltr\"><strong>Ficha T\u00e9cnica:<\/strong><\/p>\n<p dir=\"ltr\">T\u00edtulo: \u201cDiversidade sexual e homofobia no Brasil\u201d<\/p>\n<p dir=\"ltr\">Organizadores: Gustavo Venturi e Vilma Bokany<\/p>\n<p dir=\"ltr\">Ano: 2011 \u2013 n\u00famero de p\u00e1ginas: 252 \u2013 ISBN: 978-85-7643-084-1<\/p>\n<p dir=\"ltr\">Valor: R$ 45,00<\/p>\n<p><strong>Sobre os organizadores:<\/strong><\/p>\n<p>Gustavo Venturi \u00e9 professor do Departamento de Sociologia da Faculdade de Filosofia, Letras e Ci\u00eancias Humanas (FFLCH) da Universidade de S\u00e3o Paulo (USP), \u00e9 assessor cient\u00edfico ad-hoc do N\u00facleo de Opini\u00e3o P\u00fablica (NOP) da Funda\u00e7\u00e3o Perseu Abramo.<\/p>\n<p>Vilma Bokany \u00e9 mestranda em Sociologia (PUC-SP), e tamb\u00e9m, analista do NOP.<\/p>\n<p>Editora Funda\u00e7\u00e3o Perseu Abramo: Fundada em 1997, a Editora \u00e9 um espa\u00e7o para o desenvolvimento de atividades de reflex\u00e3o pol\u00edtico-ideol\u00f3gica, estudos e pesquisas, destacando a pluralidade de opini\u00f5es, sem dogmatismos e com autonomia. Conta com mais de 180 livros em cat\u00e1logo. Website:\u00a0<a href=\"http:\/\/www.efpa.com.br\/\">www.efpa.com.br<\/a> \u2013 twitter:@editora_perseu<\/p>\n<p>Funda\u00e7\u00e3o Perseu Abramo: Completando 15 anos de exist\u00eancia neste ano, \u00e9 um espa\u00e7o para o desenvolvimento de atividades de reflex\u00e3o pol\u00edtico-ideol\u00f3gica, estudos, pesquisa e forma\u00e7\u00e3o pol\u00edtica. Criada em 1996 pelo Diret\u00f3rio Nacional do Partido dos Trabalhadores (PT), a Funda\u00e7\u00e3o realiza pesquisas nacionais sobre temas de interesse da sociedade, publica livros e revistas que traduzem o pensamento de esquerda e progressista. Mant\u00e9m o acervo hist\u00f3rico do PT e da esquerda, realiza semin\u00e1rios e debates em todo o pa\u00eds e em eventos internacionais, mant\u00e9m rela\u00e7\u00f5es com institui\u00e7\u00f5es do Brasil e do exterior. Por meio de seu N\u00facleo de Opini\u00e3o P\u00fablica (NOP), a Funda\u00e7\u00e3o j\u00e1 realizou, entre outras, pesquisas sobre Cultura Pol\u00edtica e Cidadania, Juventude, Idosos, Mulheres, Racismo e Homofobia.<\/p>\n<p>Portal www.fpabramo.org.br<\/p>\n<p>Funda\u00e7\u00e3o Rosa Luxemburg (Rosa Luxemburg Stiftung \u2013 RLS): Fundada na Alemanha em 1990 e, desde 1992, \u00e9 uma funda\u00e7\u00e3o pol\u00edtica pr\u00f3xima ao antigo Partido do Socialismo Democr\u00e1tico (PDS), hoje o Partido de Esquerda (Die Linke). Os princ\u00edpios que orientam o trabalho da Funda\u00e7\u00e3o est\u00e3o fundados nas ideias do socialismo democr\u00e1tico, internacionalismo, antifascismo e antirracismo.<\/p>\n<p>Fonte: <a href=\"http:\/\/mariafro.com.br\/wordpress\/2011\/06\/22\/diversidade-sexual-e-homofobia-no-brasil\/\">http:\/\/mariafro.com.br\/wordpress\/2011\/06\/22\/diversidade-sexual-e-homofobia-no-brasil\/<\/a><\/p>\n","protected":false},"excerpt":{"rendered":"<p>Editora Funda\u00e7\u00e3o Perseu Abramo lan\u00e7a novo t\u00edtulo com pesquisa de opini\u00e3o p\u00fablica e reflex\u00f5es sobre a tem\u00e1tica LGBT e a homofobia.<\/p>\n","protected":false},"author":1,"featured_media":0,"comment_status":"open","ping_status":"open","sticky":false,"template":"","format":"standard","meta":{"site-container-style":"default","site-container-layout":"default","site-sidebar-layout":"default","disable-article-header":"default","disable-site-header":"default","disable-site-footer":"default","disable-content-area-spacing":"default","footnotes":""},"categories":[11,51,10],"tags":[],"class_list":["post-20097","post","type-post","status-publish","format-standard","hentry","category-direitos-humanos","category-livros","category-publicacoes"],"yoast_head":"<!-- This site is optimized with the Yoast SEO plugin v27.4 - https:\/\/yoast.com\/product\/yoast-seo-wordpress\/ -->\n<title>Diversidade sexual e homofobia no Brasil -<\/title>\n<meta name=\"robots\" content=\"index, follow, max-snippet:-1, max-image-preview:large, max-video-preview:-1\" \/>\n<link rel=\"canonical\" href=\"https:\/\/inclusivenews.com.br\/?p=20097\" \/>\n<meta property=\"og:locale\" content=\"pt_PT\" \/>\n<meta property=\"og:type\" content=\"article\" \/>\n<meta property=\"og:title\" content=\"Diversidade sexual e homofobia no Brasil -\" \/>\n<meta property=\"og:description\" content=\"Editora Funda\u00e7\u00e3o Perseu Abramo lan\u00e7a novo t\u00edtulo com pesquisa de opini\u00e3o p\u00fablica e reflex\u00f5es sobre a tem\u00e1tica LGBT e a homofobia.\" \/>\n<meta property=\"og:url\" content=\"https:\/\/inclusivenews.com.br\/?p=20097\" \/>\n<meta property=\"article:publisher\" content=\"https:\/\/www.facebook.com\/agenciainclusive\/\" \/>\n<meta property=\"article:published_time\" content=\"2011-06-30T02:48:19+00:00\" \/>\n<meta property=\"og:image\" content=\"http:\/\/inclusivenews.com.br\/wp-content\/uploads\/Diversidade-sexual-frontal-207x300.jpg\" \/>\n<meta name=\"author\" content=\"inclusivenews2024\" \/>\n<meta name=\"twitter:card\" content=\"summary_large_image\" \/>\n<meta name=\"twitter:label1\" content=\"Escrito por\" \/>\n\t<meta name=\"twitter:data1\" content=\"inclusivenews2024\" \/>\n\t<meta name=\"twitter:label2\" content=\"Tempo estimado de leitura\" \/>\n\t<meta name=\"twitter:data2\" content=\"6 minutos\" \/>\n<script type=\"application\/ld+json\" class=\"yoast-schema-graph\">{\"@context\":\"https:\\\/\\\/schema.org\",\"@graph\":[{\"@type\":\"Article\",\"@id\":\"https:\\\/\\\/inclusivenews.com.br\\\/?p=20097#article\",\"isPartOf\":{\"@id\":\"https:\\\/\\\/inclusivenews.com.br\\\/?p=20097\"},\"author\":{\"name\":\"inclusivenews2024\",\"@id\":\"https:\\\/\\\/inclusivenews.com.br\\\/#\\\/schema\\\/person\\\/ae4ec7087559b8692fb33b6fffd2273b\"},\"headline\":\"Diversidade sexual e homofobia no Brasil\",\"datePublished\":\"2011-06-30T02:48:19+00:00\",\"mainEntityOfPage\":{\"@id\":\"https:\\\/\\\/inclusivenews.com.br\\\/?p=20097\"},\"wordCount\":1297,\"commentCount\":0,\"publisher\":{\"@id\":\"https:\\\/\\\/inclusivenews.com.br\\\/#organization\"},\"image\":{\"@id\":\"https:\\\/\\\/inclusivenews.com.br\\\/?p=20097#primaryimage\"},\"thumbnailUrl\":\"http:\\\/\\\/inclusivenews.com.br\\\/wp-content\\\/uploads\\\/Diversidade-sexual-frontal-207x300.jpg\",\"articleSection\":[\"DIREITOS HUMANOS\",\"Livros\",\"PUBLICA\u00c7\u00d5ES\"],\"inLanguage\":\"pt-PT\",\"potentialAction\":[{\"@type\":\"CommentAction\",\"name\":\"Comment\",\"target\":[\"https:\\\/\\\/inclusivenews.com.br\\\/?p=20097#respond\"]}]},{\"@type\":\"WebPage\",\"@id\":\"https:\\\/\\\/inclusivenews.com.br\\\/?p=20097\",\"url\":\"https:\\\/\\\/inclusivenews.com.br\\\/?p=20097\",\"name\":\"Diversidade sexual e homofobia no Brasil -\",\"isPartOf\":{\"@id\":\"https:\\\/\\\/inclusivenews.com.br\\\/#website\"},\"primaryImageOfPage\":{\"@id\":\"https:\\\/\\\/inclusivenews.com.br\\\/?p=20097#primaryimage\"},\"image\":{\"@id\":\"https:\\\/\\\/inclusivenews.com.br\\\/?p=20097#primaryimage\"},\"thumbnailUrl\":\"http:\\\/\\\/inclusivenews.com.br\\\/wp-content\\\/uploads\\\/Diversidade-sexual-frontal-207x300.jpg\",\"datePublished\":\"2011-06-30T02:48:19+00:00\",\"breadcrumb\":{\"@id\":\"https:\\\/\\\/inclusivenews.com.br\\\/?p=20097#breadcrumb\"},\"inLanguage\":\"pt-PT\",\"potentialAction\":[{\"@type\":\"ReadAction\",\"target\":[\"https:\\\/\\\/inclusivenews.com.br\\\/?p=20097\"]}]},{\"@type\":\"ImageObject\",\"inLanguage\":\"pt-PT\",\"@id\":\"https:\\\/\\\/inclusivenews.com.br\\\/?p=20097#primaryimage\",\"url\":\"\",\"contentUrl\":\"\"},{\"@type\":\"BreadcrumbList\",\"@id\":\"https:\\\/\\\/inclusivenews.com.br\\\/?p=20097#breadcrumb\",\"itemListElement\":[{\"@type\":\"ListItem\",\"position\":1,\"name\":\"In\u00edcio\",\"item\":\"https:\\\/\\\/inclusivenews.com.br\\\/\"},{\"@type\":\"ListItem\",\"position\":2,\"name\":\"Diversidade sexual e homofobia no Brasil\"}]},{\"@type\":\"WebSite\",\"@id\":\"https:\\\/\\\/inclusivenews.com.br\\\/#website\",\"url\":\"https:\\\/\\\/inclusivenews.com.br\\\/\",\"name\":\"Inclusive News\",\"description\":\"Inclusive News\",\"publisher\":{\"@id\":\"https:\\\/\\\/inclusivenews.com.br\\\/#organization\"},\"potentialAction\":[{\"@type\":\"SearchAction\",\"target\":{\"@type\":\"EntryPoint\",\"urlTemplate\":\"https:\\\/\\\/inclusivenews.com.br\\\/?s={search_term_string}\"},\"query-input\":{\"@type\":\"PropertyValueSpecification\",\"valueRequired\":true,\"valueName\":\"search_term_string\"}}],\"inLanguage\":\"pt-PT\"},{\"@type\":\"Organization\",\"@id\":\"https:\\\/\\\/inclusivenews.com.br\\\/#organization\",\"name\":\"Inclusive - inclus\u00e3o e cidadania\",\"url\":\"https:\\\/\\\/inclusivenews.com.br\\\/\",\"logo\":{\"@type\":\"ImageObject\",\"inLanguage\":\"pt-PT\",\"@id\":\"https:\\\/\\\/inclusivenews.com.br\\\/#\\\/schema\\\/logo\\\/image\\\/\",\"url\":\"https:\\\/\\\/inclusivenews.com.br\\\/wp-content\\\/uploads\\\/2024\\\/03\\\/@grandesite.png\",\"contentUrl\":\"https:\\\/\\\/inclusivenews.com.br\\\/wp-content\\\/uploads\\\/2024\\\/03\\\/@grandesite.png\",\"width\":1080,\"height\":1080,\"caption\":\"Inclusive - inclus\u00e3o e cidadania\"},\"image\":{\"@id\":\"https:\\\/\\\/inclusivenews.com.br\\\/#\\\/schema\\\/logo\\\/image\\\/\"},\"sameAs\":[\"https:\\\/\\\/www.facebook.com\\\/agenciainclusive\\\/\",\"https:\\\/\\\/www.instagram.com\\\/newsinclusive\\\/\"]},{\"@type\":\"Person\",\"@id\":\"https:\\\/\\\/inclusivenews.com.br\\\/#\\\/schema\\\/person\\\/ae4ec7087559b8692fb33b6fffd2273b\",\"name\":\"inclusivenews2024\",\"image\":{\"@type\":\"ImageObject\",\"inLanguage\":\"pt-PT\",\"@id\":\"https:\\\/\\\/secure.gravatar.com\\\/avatar\\\/c5a7ef84c66fa914f55bc4f7ce26cfa275a3b9a1c5568b907bd184fb4dde7b40?s=96&d=mm&r=g\",\"url\":\"https:\\\/\\\/secure.gravatar.com\\\/avatar\\\/c5a7ef84c66fa914f55bc4f7ce26cfa275a3b9a1c5568b907bd184fb4dde7b40?s=96&d=mm&r=g\",\"contentUrl\":\"https:\\\/\\\/secure.gravatar.com\\\/avatar\\\/c5a7ef84c66fa914f55bc4f7ce26cfa275a3b9a1c5568b907bd184fb4dde7b40?s=96&d=mm&r=g\",\"caption\":\"inclusivenews2024\"},\"sameAs\":[\"https:\\\/\\\/inclusivenews.com.br\"],\"url\":\"https:\\\/\\\/inclusivenews.com.br\\\/?author=1\"}]}<\/script>\n<!-- \/ Yoast SEO plugin. -->","yoast_head_json":{"title":"Diversidade sexual e homofobia no Brasil -","robots":{"index":"index","follow":"follow","max-snippet":"max-snippet:-1","max-image-preview":"max-image-preview:large","max-video-preview":"max-video-preview:-1"},"canonical":"https:\/\/inclusivenews.com.br\/?p=20097","og_locale":"pt_PT","og_type":"article","og_title":"Diversidade sexual e homofobia no Brasil -","og_description":"Editora Funda\u00e7\u00e3o Perseu Abramo lan\u00e7a novo t\u00edtulo com pesquisa de opini\u00e3o p\u00fablica e reflex\u00f5es sobre a tem\u00e1tica LGBT e a homofobia.","og_url":"https:\/\/inclusivenews.com.br\/?p=20097","article_publisher":"https:\/\/www.facebook.com\/agenciainclusive\/","article_published_time":"2011-06-30T02:48:19+00:00","og_image":[{"url":"http:\/\/inclusivenews.com.br\/wp-content\/uploads\/Diversidade-sexual-frontal-207x300.jpg","type":"","width":"","height":""}],"author":"inclusivenews2024","twitter_card":"summary_large_image","twitter_misc":{"Escrito por":"inclusivenews2024","Tempo estimado de leitura":"6 minutos"},"schema":{"@context":"https:\/\/schema.org","@graph":[{"@type":"Article","@id":"https:\/\/inclusivenews.com.br\/?p=20097#article","isPartOf":{"@id":"https:\/\/inclusivenews.com.br\/?p=20097"},"author":{"name":"inclusivenews2024","@id":"https:\/\/inclusivenews.com.br\/#\/schema\/person\/ae4ec7087559b8692fb33b6fffd2273b"},"headline":"Diversidade sexual e homofobia no Brasil","datePublished":"2011-06-30T02:48:19+00:00","mainEntityOfPage":{"@id":"https:\/\/inclusivenews.com.br\/?p=20097"},"wordCount":1297,"commentCount":0,"publisher":{"@id":"https:\/\/inclusivenews.com.br\/#organization"},"image":{"@id":"https:\/\/inclusivenews.com.br\/?p=20097#primaryimage"},"thumbnailUrl":"http:\/\/inclusivenews.com.br\/wp-content\/uploads\/Diversidade-sexual-frontal-207x300.jpg","articleSection":["DIREITOS HUMANOS","Livros","PUBLICA\u00c7\u00d5ES"],"inLanguage":"pt-PT","potentialAction":[{"@type":"CommentAction","name":"Comment","target":["https:\/\/inclusivenews.com.br\/?p=20097#respond"]}]},{"@type":"WebPage","@id":"https:\/\/inclusivenews.com.br\/?p=20097","url":"https:\/\/inclusivenews.com.br\/?p=20097","name":"Diversidade sexual e homofobia no Brasil -","isPartOf":{"@id":"https:\/\/inclusivenews.com.br\/#website"},"primaryImageOfPage":{"@id":"https:\/\/inclusivenews.com.br\/?p=20097#primaryimage"},"image":{"@id":"https:\/\/inclusivenews.com.br\/?p=20097#primaryimage"},"thumbnailUrl":"http:\/\/inclusivenews.com.br\/wp-content\/uploads\/Diversidade-sexual-frontal-207x300.jpg","datePublished":"2011-06-30T02:48:19+00:00","breadcrumb":{"@id":"https:\/\/inclusivenews.com.br\/?p=20097#breadcrumb"},"inLanguage":"pt-PT","potentialAction":[{"@type":"ReadAction","target":["https:\/\/inclusivenews.com.br\/?p=20097"]}]},{"@type":"ImageObject","inLanguage":"pt-PT","@id":"https:\/\/inclusivenews.com.br\/?p=20097#primaryimage","url":"","contentUrl":""},{"@type":"BreadcrumbList","@id":"https:\/\/inclusivenews.com.br\/?p=20097#breadcrumb","itemListElement":[{"@type":"ListItem","position":1,"name":"In\u00edcio","item":"https:\/\/inclusivenews.com.br\/"},{"@type":"ListItem","position":2,"name":"Diversidade sexual e homofobia no Brasil"}]},{"@type":"WebSite","@id":"https:\/\/inclusivenews.com.br\/#website","url":"https:\/\/inclusivenews.com.br\/","name":"Inclusive News","description":"Inclusive News","publisher":{"@id":"https:\/\/inclusivenews.com.br\/#organization"},"potentialAction":[{"@type":"SearchAction","target":{"@type":"EntryPoint","urlTemplate":"https:\/\/inclusivenews.com.br\/?s={search_term_string}"},"query-input":{"@type":"PropertyValueSpecification","valueRequired":true,"valueName":"search_term_string"}}],"inLanguage":"pt-PT"},{"@type":"Organization","@id":"https:\/\/inclusivenews.com.br\/#organization","name":"Inclusive - inclus\u00e3o e cidadania","url":"https:\/\/inclusivenews.com.br\/","logo":{"@type":"ImageObject","inLanguage":"pt-PT","@id":"https:\/\/inclusivenews.com.br\/#\/schema\/logo\/image\/","url":"https:\/\/inclusivenews.com.br\/wp-content\/uploads\/2024\/03\/@grandesite.png","contentUrl":"https:\/\/inclusivenews.com.br\/wp-content\/uploads\/2024\/03\/@grandesite.png","width":1080,"height":1080,"caption":"Inclusive - inclus\u00e3o e cidadania"},"image":{"@id":"https:\/\/inclusivenews.com.br\/#\/schema\/logo\/image\/"},"sameAs":["https:\/\/www.facebook.com\/agenciainclusive\/","https:\/\/www.instagram.com\/newsinclusive\/"]},{"@type":"Person","@id":"https:\/\/inclusivenews.com.br\/#\/schema\/person\/ae4ec7087559b8692fb33b6fffd2273b","name":"inclusivenews2024","image":{"@type":"ImageObject","inLanguage":"pt-PT","@id":"https:\/\/secure.gravatar.com\/avatar\/c5a7ef84c66fa914f55bc4f7ce26cfa275a3b9a1c5568b907bd184fb4dde7b40?s=96&d=mm&r=g","url":"https:\/\/secure.gravatar.com\/avatar\/c5a7ef84c66fa914f55bc4f7ce26cfa275a3b9a1c5568b907bd184fb4dde7b40?s=96&d=mm&r=g","contentUrl":"https:\/\/secure.gravatar.com\/avatar\/c5a7ef84c66fa914f55bc4f7ce26cfa275a3b9a1c5568b907bd184fb4dde7b40?s=96&d=mm&r=g","caption":"inclusivenews2024"},"sameAs":["https:\/\/inclusivenews.com.br"],"url":"https:\/\/inclusivenews.com.br\/?author=1"}]}},"_links":{"self":[{"href":"https:\/\/inclusivenews.com.br\/index.php?rest_route=\/wp\/v2\/posts\/20097","targetHints":{"allow":["GET"]}}],"collection":[{"href":"https:\/\/inclusivenews.com.br\/index.php?rest_route=\/wp\/v2\/posts"}],"about":[{"href":"https:\/\/inclusivenews.com.br\/index.php?rest_route=\/wp\/v2\/types\/post"}],"author":[{"embeddable":true,"href":"https:\/\/inclusivenews.com.br\/index.php?rest_route=\/wp\/v2\/users\/1"}],"replies":[{"embeddable":true,"href":"https:\/\/inclusivenews.com.br\/index.php?rest_route=%2Fwp%2Fv2%2Fcomments&post=20097"}],"version-history":[{"count":0,"href":"https:\/\/inclusivenews.com.br\/index.php?rest_route=\/wp\/v2\/posts\/20097\/revisions"}],"wp:attachment":[{"href":"https:\/\/inclusivenews.com.br\/index.php?rest_route=%2Fwp%2Fv2%2Fmedia&parent=20097"}],"wp:term":[{"taxonomy":"category","embeddable":true,"href":"https:\/\/inclusivenews.com.br\/index.php?rest_route=%2Fwp%2Fv2%2Fcategories&post=20097"},{"taxonomy":"post_tag","embeddable":true,"href":"https:\/\/inclusivenews.com.br\/index.php?rest_route=%2Fwp%2Fv2%2Ftags&post=20097"}],"curies":[{"name":"wp","href":"https:\/\/api.w.org\/{rel}","templated":true}]}}