{"id":20107,"date":"2011-06-29T23:49:33","date_gmt":"2011-06-30T02:49:33","guid":{"rendered":"http:\/\/www.inclusive.org.br\/?p=20107"},"modified":"2011-06-29T23:49:33","modified_gmt":"2011-06-30T02:49:33","slug":"em-cachoeira-do-sul-rs-educadores-se-preparam-para-uma-educacao-realmente-inclusiva","status":"publish","type":"post","link":"https:\/\/inclusivenews.com.br\/?p=20107","title":{"rendered":"Em Cachoeira do Sul (RS), educadores se preparam para uma educa\u00e7\u00e3o realmente inclusiva"},"content":{"rendered":"<p><img loading=\"lazy\" decoding=\"async\" class=\"alignleft size-full wp-image-18995\" title=\"Inclusive - inclus\u00e3o - v\u00e1rias figuras multicoloridas de m\u00e3os dadas: um cadeirante, um muito alto, um muito baixo e outros olhando para dire\u00e7\u00f5es diversas\" src=\"http:\/\/inclusivenews.com.br\/wp-content\/uploads\/2011\/04\/inclusive_inclusao.jpg\" alt=\"Inclusive - inclus\u00e3o - v\u00e1rias figuras multicoloridas de m\u00e3os dadas: um cadeirante, um muito alto, um muito baixo e outros olhando para dire\u00e7\u00f5es diversas\" width=\"232\" height=\"126\" \/>Cachoeira do Sul, munic\u00edpio polo de outros 14 da regi\u00e3o para a educa\u00e7\u00e3o inclusiva, receber\u00e1 entre a pr\u00f3xima segunda e sexta-feira (27 de junho a 1\u00ba de julho), sua primeira forma\u00e7\u00e3o de gestores e educadores para o Programa \u201cEduca\u00e7\u00e3o Inclusiva: direito \u00e0 diversidade\u201d. O evento reunir\u00e1 professores e diretores de escolas dos 15 munic\u00edpios. Na abertura, segunda-feira pela manh\u00e3, na Ulbra\/Cachoeira, a palestra \u00e9 aberta a todos os educadores interessados. Ap\u00f3s, o curso passa a ser espec\u00edfico para gestores e professores das salas de recursos multifuncionais e que atendam a estudantes portadores de defici\u00eancia. S\u00e3o 80 participantes, cerca de 40 deles de Cachoeira do Sul. Representantes do Minist\u00e9rio da Educa\u00e7\u00e3o j\u00e1 confirmaram presen\u00e7a no encontro.<\/p>\n<p>A educa\u00e7\u00e3o inclusiva busca a constru\u00e7\u00e3o de uma escola para todos, onde n\u00e3o existam mecanismos de sele\u00e7\u00e3o ou discrimina\u00e7\u00e3o para o acesso, perman\u00eancia e a continuidade nos estudos de todos os alunos. A Pol\u00edtica Nacional de Educa\u00e7\u00e3o Especial na perspectiva de educa\u00e7\u00e3o inclusiva define a educa\u00e7\u00e3o especial como uma modalidade complementar ou de suplementa\u00e7\u00e3o \u00e0 forma\u00e7\u00e3o dos alunos com defici\u00eancia, transtornos globais do desenvolvimento e altas habilidades\/superdota\u00e7\u00e3o. Segundo o Censo Escolar 2008, as classes comuns de ensino regular alcan\u00e7aram 54% do total de matr\u00edculas dos alunos p\u00fablico alvo da educa\u00e7\u00e3o especial. Para que estes n\u00fameros sejam ainda melhores, o MEC vem desenvolvendo um conjunto de programas e a\u00e7\u00f5es de apoio \u00e0 implanta\u00e7\u00e3o de salas de recursos multifuncionais, adequa\u00e7\u00e3o arquitet\u00f4nica dos pr\u00e9dios escolares, disponibiliza\u00e7\u00e3o de livros did\u00e1ticos acess\u00edveis e oferta de cursos de forma\u00e7\u00e3o continuada para professores e gestores, como a que acontecer\u00e1 em Cachoeira do Sul na pr\u00f3xima semana.<\/p>\n<p>EXEMPLOS \u2013 Durante toda a semana de forma\u00e7\u00e3o, o atendimento educacional especializado ser\u00e1 o foco dos debates, mostrando bons exemplos de a\u00e7\u00f5es que deram certo e orientando o modo mais adequado para lidar com as diversas defici\u00eancias que os educadores podem encontrar dentro do ambiente escolar. Os aspectos legais da educa\u00e7\u00e3o inclusiva tamb\u00e9m ser\u00e3o debatido durante a forma\u00e7\u00e3o.<\/p>\n<p>Quem s\u00e3o os munic\u00edpios participantes<\/p>\n<p>&#8211; Cachoeira do Sul &#8211; Arroio do Tigre &#8211; Buti\u00e1 &#8211; Cerro Branco &#8211; Lago\u00e3o &#8211; Minas do Le\u00e3o &#8211; Novo Cabrais &#8211; Passa Sete &#8211; Pantano Grande &#8211; Para\u00edso do Sul &#8211; Rio Pardo &#8211; Sobradinho &#8211; Ven\u00e2ncio Aires &#8211; Vera Cruz &#8211; Salto do Jacu\u00ed<\/p>\n","protected":false},"excerpt":{"rendered":"<p>Cachoeira do Sul, munic\u00edpio polo de outros 14 da regi\u00e3o para a educa\u00e7\u00e3o inclusiva, receber\u00e1 entre a pr\u00f3xima segunda e sexta-feira (27 de junho a 1\u00ba de julho), sua primeira forma\u00e7\u00e3o de gestores e educadores para o Programa \u201cEduca\u00e7\u00e3o Inclusiva: direito \u00e0 diversidade\u201d. <\/p>\n","protected":false},"author":1,"featured_media":0,"comment_status":"open","ping_status":"open","sticky":false,"template":"","format":"standard","meta":{"site-container-style":"default","site-container-layout":"default","site-sidebar-layout":"default","disable-article-header":"default","disable-site-header":"default","disable-site-footer":"default","disable-content-area-spacing":"default","footnotes":""},"categories":[38,6,48,4],"tags":[],"class_list":["post-20107","post","type-post","status-publish","format-standard","hentry","category-deficiencia","category-educacao","category-inclusao","category-noticias"],"yoast_head":"<!-- This site is optimized with the Yoast SEO plugin v27.4 - https:\/\/yoast.com\/product\/yoast-seo-wordpress\/ -->\n<title>Em Cachoeira do Sul (RS), educadores se preparam para uma educa\u00e7\u00e3o realmente inclusiva -<\/title>\n<meta name=\"robots\" content=\"index, follow, max-snippet:-1, max-image-preview:large, max-video-preview:-1\" \/>\n<link rel=\"canonical\" href=\"https:\/\/inclusivenews.com.br\/?p=20107\" \/>\n<meta property=\"og:locale\" content=\"pt_PT\" \/>\n<meta property=\"og:type\" content=\"article\" \/>\n<meta property=\"og:title\" content=\"Em Cachoeira do Sul (RS), educadores se preparam para uma educa\u00e7\u00e3o realmente inclusiva -\" \/>\n<meta property=\"og:description\" content=\"Cachoeira do Sul, munic\u00edpio polo de outros 14 da regi\u00e3o para a educa\u00e7\u00e3o inclusiva, receber\u00e1 entre a pr\u00f3xima segunda e sexta-feira (27 de junho a 1\u00ba de julho), sua primeira forma\u00e7\u00e3o de gestores e educadores para o Programa \u201cEduca\u00e7\u00e3o Inclusiva: direito \u00e0 diversidade\u201d.\" \/>\n<meta property=\"og:url\" content=\"https:\/\/inclusivenews.com.br\/?p=20107\" \/>\n<meta property=\"article:publisher\" content=\"https:\/\/www.facebook.com\/agenciainclusive\/\" \/>\n<meta property=\"article:published_time\" content=\"2011-06-30T02:49:33+00:00\" \/>\n<meta property=\"og:image\" content=\"http:\/\/inclusivenews.com.br\/wp-content\/uploads\/2011\/04\/inclusive_inclusao.jpg\" \/>\n<meta name=\"author\" content=\"inclusivenews2024\" \/>\n<meta name=\"twitter:card\" content=\"summary_large_image\" \/>\n<meta name=\"twitter:label1\" content=\"Escrito por\" \/>\n\t<meta name=\"twitter:data1\" content=\"inclusivenews2024\" \/>\n\t<meta name=\"twitter:label2\" content=\"Tempo estimado de leitura\" \/>\n\t<meta name=\"twitter:data2\" content=\"2 minutos\" \/>\n<script type=\"application\/ld+json\" class=\"yoast-schema-graph\">{\"@context\":\"https:\\\/\\\/schema.org\",\"@graph\":[{\"@type\":\"Article\",\"@id\":\"https:\\\/\\\/inclusivenews.com.br\\\/?p=20107#article\",\"isPartOf\":{\"@id\":\"https:\\\/\\\/inclusivenews.com.br\\\/?p=20107\"},\"author\":{\"name\":\"inclusivenews2024\",\"@id\":\"https:\\\/\\\/inclusivenews.com.br\\\/#\\\/schema\\\/person\\\/ae4ec7087559b8692fb33b6fffd2273b\"},\"headline\":\"Em Cachoeira do Sul (RS), educadores se preparam para uma educa\u00e7\u00e3o realmente inclusiva\",\"datePublished\":\"2011-06-30T02:49:33+00:00\",\"mainEntityOfPage\":{\"@id\":\"https:\\\/\\\/inclusivenews.com.br\\\/?p=20107\"},\"wordCount\":433,\"commentCount\":0,\"publisher\":{\"@id\":\"https:\\\/\\\/inclusivenews.com.br\\\/#organization\"},\"image\":{\"@id\":\"https:\\\/\\\/inclusivenews.com.br\\\/?p=20107#primaryimage\"},\"thumbnailUrl\":\"http:\\\/\\\/inclusivenews.com.br\\\/wp-content\\\/uploads\\\/2011\\\/04\\\/inclusive_inclusao.jpg\",\"articleSection\":[\"Defici\u00eancia\",\"EDUCA\u00c7\u00c3O\",\"INCLUS\u00c3O SOCIAL\",\"NOT\u00cdCIAS\"],\"inLanguage\":\"pt-PT\",\"potentialAction\":[{\"@type\":\"CommentAction\",\"name\":\"Comment\",\"target\":[\"https:\\\/\\\/inclusivenews.com.br\\\/?p=20107#respond\"]}]},{\"@type\":\"WebPage\",\"@id\":\"https:\\\/\\\/inclusivenews.com.br\\\/?p=20107\",\"url\":\"https:\\\/\\\/inclusivenews.com.br\\\/?p=20107\",\"name\":\"Em Cachoeira do Sul (RS), educadores se preparam para uma educa\u00e7\u00e3o realmente inclusiva -\",\"isPartOf\":{\"@id\":\"https:\\\/\\\/inclusivenews.com.br\\\/#website\"},\"primaryImageOfPage\":{\"@id\":\"https:\\\/\\\/inclusivenews.com.br\\\/?p=20107#primaryimage\"},\"image\":{\"@id\":\"https:\\\/\\\/inclusivenews.com.br\\\/?p=20107#primaryimage\"},\"thumbnailUrl\":\"http:\\\/\\\/inclusivenews.com.br\\\/wp-content\\\/uploads\\\/2011\\\/04\\\/inclusive_inclusao.jpg\",\"datePublished\":\"2011-06-30T02:49:33+00:00\",\"breadcrumb\":{\"@id\":\"https:\\\/\\\/inclusivenews.com.br\\\/?p=20107#breadcrumb\"},\"inLanguage\":\"pt-PT\",\"potentialAction\":[{\"@type\":\"ReadAction\",\"target\":[\"https:\\\/\\\/inclusivenews.com.br\\\/?p=20107\"]}]},{\"@type\":\"ImageObject\",\"inLanguage\":\"pt-PT\",\"@id\":\"https:\\\/\\\/inclusivenews.com.br\\\/?p=20107#primaryimage\",\"url\":\"\",\"contentUrl\":\"\"},{\"@type\":\"BreadcrumbList\",\"@id\":\"https:\\\/\\\/inclusivenews.com.br\\\/?p=20107#breadcrumb\",\"itemListElement\":[{\"@type\":\"ListItem\",\"position\":1,\"name\":\"In\u00edcio\",\"item\":\"https:\\\/\\\/inclusivenews.com.br\\\/\"},{\"@type\":\"ListItem\",\"position\":2,\"name\":\"Em Cachoeira do Sul (RS), educadores se preparam para uma educa\u00e7\u00e3o realmente inclusiva\"}]},{\"@type\":\"WebSite\",\"@id\":\"https:\\\/\\\/inclusivenews.com.br\\\/#website\",\"url\":\"https:\\\/\\\/inclusivenews.com.br\\\/\",\"name\":\"Inclusive News\",\"description\":\"Inclusive News\",\"publisher\":{\"@id\":\"https:\\\/\\\/inclusivenews.com.br\\\/#organization\"},\"potentialAction\":[{\"@type\":\"SearchAction\",\"target\":{\"@type\":\"EntryPoint\",\"urlTemplate\":\"https:\\\/\\\/inclusivenews.com.br\\\/?s={search_term_string}\"},\"query-input\":{\"@type\":\"PropertyValueSpecification\",\"valueRequired\":true,\"valueName\":\"search_term_string\"}}],\"inLanguage\":\"pt-PT\"},{\"@type\":\"Organization\",\"@id\":\"https:\\\/\\\/inclusivenews.com.br\\\/#organization\",\"name\":\"Inclusive - inclus\u00e3o e cidadania\",\"url\":\"https:\\\/\\\/inclusivenews.com.br\\\/\",\"logo\":{\"@type\":\"ImageObject\",\"inLanguage\":\"pt-PT\",\"@id\":\"https:\\\/\\\/inclusivenews.com.br\\\/#\\\/schema\\\/logo\\\/image\\\/\",\"url\":\"https:\\\/\\\/inclusivenews.com.br\\\/wp-content\\\/uploads\\\/2024\\\/03\\\/@grandesite.png\",\"contentUrl\":\"https:\\\/\\\/inclusivenews.com.br\\\/wp-content\\\/uploads\\\/2024\\\/03\\\/@grandesite.png\",\"width\":1080,\"height\":1080,\"caption\":\"Inclusive - inclus\u00e3o e cidadania\"},\"image\":{\"@id\":\"https:\\\/\\\/inclusivenews.com.br\\\/#\\\/schema\\\/logo\\\/image\\\/\"},\"sameAs\":[\"https:\\\/\\\/www.facebook.com\\\/agenciainclusive\\\/\",\"https:\\\/\\\/www.instagram.com\\\/newsinclusive\\\/\"]},{\"@type\":\"Person\",\"@id\":\"https:\\\/\\\/inclusivenews.com.br\\\/#\\\/schema\\\/person\\\/ae4ec7087559b8692fb33b6fffd2273b\",\"name\":\"inclusivenews2024\",\"image\":{\"@type\":\"ImageObject\",\"inLanguage\":\"pt-PT\",\"@id\":\"https:\\\/\\\/secure.gravatar.com\\\/avatar\\\/c5a7ef84c66fa914f55bc4f7ce26cfa275a3b9a1c5568b907bd184fb4dde7b40?s=96&d=mm&r=g\",\"url\":\"https:\\\/\\\/secure.gravatar.com\\\/avatar\\\/c5a7ef84c66fa914f55bc4f7ce26cfa275a3b9a1c5568b907bd184fb4dde7b40?s=96&d=mm&r=g\",\"contentUrl\":\"https:\\\/\\\/secure.gravatar.com\\\/avatar\\\/c5a7ef84c66fa914f55bc4f7ce26cfa275a3b9a1c5568b907bd184fb4dde7b40?s=96&d=mm&r=g\",\"caption\":\"inclusivenews2024\"},\"sameAs\":[\"https:\\\/\\\/inclusivenews.com.br\"],\"url\":\"https:\\\/\\\/inclusivenews.com.br\\\/?author=1\"}]}<\/script>\n<!-- \/ Yoast SEO plugin. -->","yoast_head_json":{"title":"Em Cachoeira do Sul (RS), educadores se preparam para uma educa\u00e7\u00e3o realmente inclusiva -","robots":{"index":"index","follow":"follow","max-snippet":"max-snippet:-1","max-image-preview":"max-image-preview:large","max-video-preview":"max-video-preview:-1"},"canonical":"https:\/\/inclusivenews.com.br\/?p=20107","og_locale":"pt_PT","og_type":"article","og_title":"Em Cachoeira do Sul (RS), educadores se preparam para uma educa\u00e7\u00e3o realmente inclusiva -","og_description":"Cachoeira do Sul, munic\u00edpio polo de outros 14 da regi\u00e3o para a educa\u00e7\u00e3o inclusiva, receber\u00e1 entre a pr\u00f3xima segunda e sexta-feira (27 de junho a 1\u00ba de julho), sua primeira forma\u00e7\u00e3o de gestores e educadores para o Programa \u201cEduca\u00e7\u00e3o Inclusiva: direito \u00e0 diversidade\u201d.","og_url":"https:\/\/inclusivenews.com.br\/?p=20107","article_publisher":"https:\/\/www.facebook.com\/agenciainclusive\/","article_published_time":"2011-06-30T02:49:33+00:00","og_image":[{"url":"http:\/\/inclusivenews.com.br\/wp-content\/uploads\/2011\/04\/inclusive_inclusao.jpg","type":"","width":"","height":""}],"author":"inclusivenews2024","twitter_card":"summary_large_image","twitter_misc":{"Escrito por":"inclusivenews2024","Tempo estimado de leitura":"2 minutos"},"schema":{"@context":"https:\/\/schema.org","@graph":[{"@type":"Article","@id":"https:\/\/inclusivenews.com.br\/?p=20107#article","isPartOf":{"@id":"https:\/\/inclusivenews.com.br\/?p=20107"},"author":{"name":"inclusivenews2024","@id":"https:\/\/inclusivenews.com.br\/#\/schema\/person\/ae4ec7087559b8692fb33b6fffd2273b"},"headline":"Em Cachoeira do Sul (RS), educadores se preparam para uma educa\u00e7\u00e3o realmente inclusiva","datePublished":"2011-06-30T02:49:33+00:00","mainEntityOfPage":{"@id":"https:\/\/inclusivenews.com.br\/?p=20107"},"wordCount":433,"commentCount":0,"publisher":{"@id":"https:\/\/inclusivenews.com.br\/#organization"},"image":{"@id":"https:\/\/inclusivenews.com.br\/?p=20107#primaryimage"},"thumbnailUrl":"http:\/\/inclusivenews.com.br\/wp-content\/uploads\/2011\/04\/inclusive_inclusao.jpg","articleSection":["Defici\u00eancia","EDUCA\u00c7\u00c3O","INCLUS\u00c3O SOCIAL","NOT\u00cdCIAS"],"inLanguage":"pt-PT","potentialAction":[{"@type":"CommentAction","name":"Comment","target":["https:\/\/inclusivenews.com.br\/?p=20107#respond"]}]},{"@type":"WebPage","@id":"https:\/\/inclusivenews.com.br\/?p=20107","url":"https:\/\/inclusivenews.com.br\/?p=20107","name":"Em Cachoeira do Sul (RS), educadores se preparam para uma educa\u00e7\u00e3o realmente inclusiva -","isPartOf":{"@id":"https:\/\/inclusivenews.com.br\/#website"},"primaryImageOfPage":{"@id":"https:\/\/inclusivenews.com.br\/?p=20107#primaryimage"},"image":{"@id":"https:\/\/inclusivenews.com.br\/?p=20107#primaryimage"},"thumbnailUrl":"http:\/\/inclusivenews.com.br\/wp-content\/uploads\/2011\/04\/inclusive_inclusao.jpg","datePublished":"2011-06-30T02:49:33+00:00","breadcrumb":{"@id":"https:\/\/inclusivenews.com.br\/?p=20107#breadcrumb"},"inLanguage":"pt-PT","potentialAction":[{"@type":"ReadAction","target":["https:\/\/inclusivenews.com.br\/?p=20107"]}]},{"@type":"ImageObject","inLanguage":"pt-PT","@id":"https:\/\/inclusivenews.com.br\/?p=20107#primaryimage","url":"","contentUrl":""},{"@type":"BreadcrumbList","@id":"https:\/\/inclusivenews.com.br\/?p=20107#breadcrumb","itemListElement":[{"@type":"ListItem","position":1,"name":"In\u00edcio","item":"https:\/\/inclusivenews.com.br\/"},{"@type":"ListItem","position":2,"name":"Em Cachoeira do Sul (RS), educadores se preparam para uma educa\u00e7\u00e3o realmente inclusiva"}]},{"@type":"WebSite","@id":"https:\/\/inclusivenews.com.br\/#website","url":"https:\/\/inclusivenews.com.br\/","name":"Inclusive News","description":"Inclusive News","publisher":{"@id":"https:\/\/inclusivenews.com.br\/#organization"},"potentialAction":[{"@type":"SearchAction","target":{"@type":"EntryPoint","urlTemplate":"https:\/\/inclusivenews.com.br\/?s={search_term_string}"},"query-input":{"@type":"PropertyValueSpecification","valueRequired":true,"valueName":"search_term_string"}}],"inLanguage":"pt-PT"},{"@type":"Organization","@id":"https:\/\/inclusivenews.com.br\/#organization","name":"Inclusive - inclus\u00e3o e cidadania","url":"https:\/\/inclusivenews.com.br\/","logo":{"@type":"ImageObject","inLanguage":"pt-PT","@id":"https:\/\/inclusivenews.com.br\/#\/schema\/logo\/image\/","url":"https:\/\/inclusivenews.com.br\/wp-content\/uploads\/2024\/03\/@grandesite.png","contentUrl":"https:\/\/inclusivenews.com.br\/wp-content\/uploads\/2024\/03\/@grandesite.png","width":1080,"height":1080,"caption":"Inclusive - inclus\u00e3o e cidadania"},"image":{"@id":"https:\/\/inclusivenews.com.br\/#\/schema\/logo\/image\/"},"sameAs":["https:\/\/www.facebook.com\/agenciainclusive\/","https:\/\/www.instagram.com\/newsinclusive\/"]},{"@type":"Person","@id":"https:\/\/inclusivenews.com.br\/#\/schema\/person\/ae4ec7087559b8692fb33b6fffd2273b","name":"inclusivenews2024","image":{"@type":"ImageObject","inLanguage":"pt-PT","@id":"https:\/\/secure.gravatar.com\/avatar\/c5a7ef84c66fa914f55bc4f7ce26cfa275a3b9a1c5568b907bd184fb4dde7b40?s=96&d=mm&r=g","url":"https:\/\/secure.gravatar.com\/avatar\/c5a7ef84c66fa914f55bc4f7ce26cfa275a3b9a1c5568b907bd184fb4dde7b40?s=96&d=mm&r=g","contentUrl":"https:\/\/secure.gravatar.com\/avatar\/c5a7ef84c66fa914f55bc4f7ce26cfa275a3b9a1c5568b907bd184fb4dde7b40?s=96&d=mm&r=g","caption":"inclusivenews2024"},"sameAs":["https:\/\/inclusivenews.com.br"],"url":"https:\/\/inclusivenews.com.br\/?author=1"}]}},"_links":{"self":[{"href":"https:\/\/inclusivenews.com.br\/index.php?rest_route=\/wp\/v2\/posts\/20107","targetHints":{"allow":["GET"]}}],"collection":[{"href":"https:\/\/inclusivenews.com.br\/index.php?rest_route=\/wp\/v2\/posts"}],"about":[{"href":"https:\/\/inclusivenews.com.br\/index.php?rest_route=\/wp\/v2\/types\/post"}],"author":[{"embeddable":true,"href":"https:\/\/inclusivenews.com.br\/index.php?rest_route=\/wp\/v2\/users\/1"}],"replies":[{"embeddable":true,"href":"https:\/\/inclusivenews.com.br\/index.php?rest_route=%2Fwp%2Fv2%2Fcomments&post=20107"}],"version-history":[{"count":0,"href":"https:\/\/inclusivenews.com.br\/index.php?rest_route=\/wp\/v2\/posts\/20107\/revisions"}],"wp:attachment":[{"href":"https:\/\/inclusivenews.com.br\/index.php?rest_route=%2Fwp%2Fv2%2Fmedia&parent=20107"}],"wp:term":[{"taxonomy":"category","embeddable":true,"href":"https:\/\/inclusivenews.com.br\/index.php?rest_route=%2Fwp%2Fv2%2Fcategories&post=20107"},{"taxonomy":"post_tag","embeddable":true,"href":"https:\/\/inclusivenews.com.br\/index.php?rest_route=%2Fwp%2Fv2%2Ftags&post=20107"}],"curies":[{"name":"wp","href":"https:\/\/api.w.org\/{rel}","templated":true}]}}