{"id":20131,"date":"2011-07-21T02:52:16","date_gmt":"2011-07-21T05:52:16","guid":{"rendered":"http:\/\/www.inclusive.org.br\/?p=20131"},"modified":"2011-07-21T02:52:16","modified_gmt":"2011-07-21T05:52:16","slug":"video-mostra-um-dia-do-pnud-no-mundo","status":"publish","type":"post","link":"https:\/\/inclusivenews.com.br\/?p=20131","title":{"rendered":"V\u00eddeo mostra um dia do PNUD no mundo"},"content":{"rendered":"<figure id=\"attachment_19474\" aria-describedby=\"caption-attachment-19474\" style=\"width: 166px\" class=\"wp-caption alignleft\"><img loading=\"lazy\" decoding=\"async\" class=\"size-full wp-image-19474 \" title=\"Logotipo das na\u00e7\u00f5es unidas e a sigla PNUD\" src=\"http:\/\/inclusivenews.com.br\/wp-content\/uploads\/2011\/05\/pnud.gif\" alt=\"Logotipo das na\u00e7\u00f5es unidas e a sigla PNUD\" width=\"166\" height=\"336\" \/><figcaption id=\"caption-attachment-19474\" class=\"wp-caption-text\"> <\/figcaption><\/figure>\n<p><span class=\"linhafina\"><em>Sequ\u00eancia de imagens, que come\u00e7a com amanhecer no Paraguai e termina com dan\u00e7a noturna na China, apresenta projetos da ag\u00eancia<\/em><\/span><\/p>\n<p><span class=\"linhafina\"><em> <\/em><\/span>da Prima Pagina<\/p>\n<p>Uma sa\u00edda para pescar logo de manh\u00e3, a impress\u00e3o de um jornal no Kuait, elei\u00e7\u00f5es na Rep\u00fablica Centro-Africana, um carro atolado no Sud\u00e3o, a distribui\u00e7\u00e3o de comida no N\u00edger, um mercado na Venezuela, uma consulta m\u00e9dica no Benin, a lavagem coletiva de roupas no Mali, uma dan\u00e7a no Qu\u00eania, brincadeira de crian\u00e7as no Nepal, recolhimento de lixo na G\u00e2mbia, uma reuni\u00e3o de planejamento entre mulheres no Turcomenist\u00e3o, a organiza\u00e7\u00e3o de tendas provis\u00f3rias para refugiados no Togo. Essas s\u00e3o algumas das cenas capturadas por funcion\u00e1rios e colaboradores do PNUD ao longo de 24 horas, em outubro do ano passado \u2014 ou seja, 10\/10\/10.<\/p>\n<p>A atividade fez parte do <a class=\"textolinkbold\" onclick=\"s_objectID=&quot;http:\/\/www.onedayonearth.org\/_1&quot;;return this.s_oc?this.s_oc(e):true\" href=\"http:\/\/www.onedayonearth.org\" target=\"blank_\" rel=\"noopener\">One Day on Earth<\/a>, uma iniciativa global que convidou pessoas do mundo inteiro a registrar, em v\u00eddeo, um pouco de sua rotina. Participaram cerca de 16 mil profissionais e amadores de quase 190 na\u00e7\u00f5es, o que gerou um conjunto de enorme de imagens, reunidas num <a class=\"textolinkbold\" onclick=\"s_objectID=&quot;http:\/\/archive.onedayonearth.org\/_1&quot;;return this.s_oc?this.s_oc(e):true\" href=\"http:\/\/archive.onedayonearth.org\" target=\"blank_\" rel=\"noopener\">link<\/a> que mostra um mapa interativo com todos os locais em que o cotidiano foi registrado. Basta clicar na cidade e escolher o v\u00eddeo ao qual deseja assistir.<\/p>\n<p>As imagens registradas pelos colaboradores do PNUD foram editadas num filme de 8 minutos. O resultado \u00e9 uma sequ\u00eancia que tem como fio condutor o passar do dia e atua\u00e7\u00e3o da ag\u00eancia. O v\u00eddeo come\u00e7a com o amanhecer no Paraguai e terminam com uma dan\u00e7a noturna na China. Entre as duas cenas, h\u00e1 um pouco das vit\u00f3rias, das esperan\u00e7as, das boas e das m\u00e1s not\u00edcias vivenciadas diariamente pelas representa\u00e7\u00f5es do PNUD em 167 pa\u00edses.<\/p>\n<p>No v\u00eddeo, o p\u00fablico conhece a atua\u00e7\u00e3o do programa para proteger ecossistemas aqu\u00edferos de 93 pa\u00edses, para auxiliar 1,5 milh\u00e3o de pessoas a reconstruir suas vidas ap\u00f3s o desastre nuclear em Chernobyl, em 1986. A pe\u00e7a tamb\u00e9m mostra um pouco do apoio do PNUD a elei\u00e7\u00f5es \u2014 a cada duas semanas ocorre alguma vota\u00e7\u00e3o que contou com a colabora\u00e7\u00e3o da ag\u00eancia.<\/p>\n<p>&#8220;O valor desse tipo de colabora\u00e7\u00e3o internacional n\u00e3o est\u00e1 somente na cria\u00e7\u00e3o de um amplo instant\u00e2neo e de uma nova perspectiva, mas tamb\u00e9m em estabelecer um projeto compartilhado para o mundo abra\u00e7ar e se divertir&#8221;, afirmou Brandon Litman, cofundador e produtor-executivo da iniciativa One Day on Earth.<\/p>\n<p>Para garantir que a iniciativa n\u00e3o fosse prejudicada por falta de estrutura, o projeto doou 120 c\u00e2meras de alta defini\u00e7\u00e3o para as equipes do PNUD em v\u00e1rios pa\u00edses, incluindo Afeganist\u00e3o, Bangladesh, Sud\u00e3o e Venezuela. Os \u201ccineastas\u201d tamb\u00e9m receberam apoio log\u00edstico dos escrit\u00f3rios locais e regionais para gravar e transmitir os v\u00eddeos em \u00e1reas remotas.<\/p>\n<p>A ideia \u00e9, em 11 de novembro deste ano \u2014 ou seja, 11\/11\/11 \u2014, fazer uma nova vers\u00e3o do projeto One Day on Earth, para continuar divulgando os ODM (Objetivos de Desenvolvimento do Mil\u00eanio).<\/p>\n<p>Fonte: <a href=\"http:\/\/www.pnud.org.br\/educacao\/reportagens\/index.php?id01=3765&amp;lay=ecu\">PNUD<\/a><\/p>\n","protected":false},"excerpt":{"rendered":"<p>Sequ\u00eancia de imagens, que come\u00e7a com amanhecer no Paraguai e termina com dan\u00e7a noturna na China, apresenta projetos da ag\u00eancia. Informa\u00e7\u00e3o vem do PNUD.<\/p>\n","protected":false},"author":1,"featured_media":0,"comment_status":"open","ping_status":"open","sticky":false,"template":"","format":"standard","meta":{"site-container-style":"default","site-container-layout":"default","site-sidebar-layout":"default","disable-article-header":"default","disable-site-header":"default","disable-site-footer":"default","disable-content-area-spacing":"default","footnotes":""},"categories":[11,4],"tags":[],"class_list":["post-20131","post","type-post","status-publish","format-standard","hentry","category-direitos-humanos","category-noticias"],"yoast_head":"<!-- This site is optimized with the Yoast SEO plugin v27.4 - https:\/\/yoast.com\/product\/yoast-seo-wordpress\/ -->\n<title>V\u00eddeo mostra um dia do PNUD no mundo -<\/title>\n<meta name=\"robots\" content=\"index, follow, max-snippet:-1, max-image-preview:large, max-video-preview:-1\" \/>\n<link rel=\"canonical\" href=\"https:\/\/inclusivenews.com.br\/?p=20131\" \/>\n<meta property=\"og:locale\" content=\"pt_PT\" \/>\n<meta property=\"og:type\" content=\"article\" \/>\n<meta property=\"og:title\" content=\"V\u00eddeo mostra um dia do PNUD no mundo -\" \/>\n<meta property=\"og:description\" content=\"Sequ\u00eancia de imagens, que come\u00e7a com amanhecer no Paraguai e termina com dan\u00e7a noturna na China, apresenta projetos da ag\u00eancia. Informa\u00e7\u00e3o vem do PNUD.\" \/>\n<meta property=\"og:url\" content=\"https:\/\/inclusivenews.com.br\/?p=20131\" \/>\n<meta property=\"article:publisher\" content=\"https:\/\/www.facebook.com\/agenciainclusive\/\" \/>\n<meta property=\"article:published_time\" content=\"2011-07-21T05:52:16+00:00\" \/>\n<meta property=\"og:image\" content=\"http:\/\/inclusivenews.com.br\/wp-content\/uploads\/2011\/05\/pnud.gif\" \/>\n<meta name=\"author\" content=\"inclusivenews2024\" \/>\n<meta name=\"twitter:card\" content=\"summary_large_image\" \/>\n<meta name=\"twitter:label1\" content=\"Escrito por\" \/>\n\t<meta name=\"twitter:data1\" content=\"inclusivenews2024\" \/>\n\t<meta name=\"twitter:label2\" content=\"Tempo estimado de leitura\" \/>\n\t<meta name=\"twitter:data2\" content=\"3 minutos\" \/>\n<script type=\"application\/ld+json\" class=\"yoast-schema-graph\">{\"@context\":\"https:\\\/\\\/schema.org\",\"@graph\":[{\"@type\":\"Article\",\"@id\":\"https:\\\/\\\/inclusivenews.com.br\\\/?p=20131#article\",\"isPartOf\":{\"@id\":\"https:\\\/\\\/inclusivenews.com.br\\\/?p=20131\"},\"author\":{\"name\":\"inclusivenews2024\",\"@id\":\"https:\\\/\\\/inclusivenews.com.br\\\/#\\\/schema\\\/person\\\/ae4ec7087559b8692fb33b6fffd2273b\"},\"headline\":\"V\u00eddeo mostra um dia do PNUD no mundo\",\"datePublished\":\"2011-07-21T05:52:16+00:00\",\"mainEntityOfPage\":{\"@id\":\"https:\\\/\\\/inclusivenews.com.br\\\/?p=20131\"},\"wordCount\":543,\"commentCount\":0,\"publisher\":{\"@id\":\"https:\\\/\\\/inclusivenews.com.br\\\/#organization\"},\"image\":{\"@id\":\"https:\\\/\\\/inclusivenews.com.br\\\/?p=20131#primaryimage\"},\"thumbnailUrl\":\"http:\\\/\\\/inclusivenews.com.br\\\/wp-content\\\/uploads\\\/2011\\\/05\\\/pnud.gif\",\"articleSection\":[\"DIREITOS HUMANOS\",\"NOT\u00cdCIAS\"],\"inLanguage\":\"pt-PT\",\"potentialAction\":[{\"@type\":\"CommentAction\",\"name\":\"Comment\",\"target\":[\"https:\\\/\\\/inclusivenews.com.br\\\/?p=20131#respond\"]}]},{\"@type\":\"WebPage\",\"@id\":\"https:\\\/\\\/inclusivenews.com.br\\\/?p=20131\",\"url\":\"https:\\\/\\\/inclusivenews.com.br\\\/?p=20131\",\"name\":\"V\u00eddeo mostra um dia do PNUD no mundo -\",\"isPartOf\":{\"@id\":\"https:\\\/\\\/inclusivenews.com.br\\\/#website\"},\"primaryImageOfPage\":{\"@id\":\"https:\\\/\\\/inclusivenews.com.br\\\/?p=20131#primaryimage\"},\"image\":{\"@id\":\"https:\\\/\\\/inclusivenews.com.br\\\/?p=20131#primaryimage\"},\"thumbnailUrl\":\"http:\\\/\\\/inclusivenews.com.br\\\/wp-content\\\/uploads\\\/2011\\\/05\\\/pnud.gif\",\"datePublished\":\"2011-07-21T05:52:16+00:00\",\"breadcrumb\":{\"@id\":\"https:\\\/\\\/inclusivenews.com.br\\\/?p=20131#breadcrumb\"},\"inLanguage\":\"pt-PT\",\"potentialAction\":[{\"@type\":\"ReadAction\",\"target\":[\"https:\\\/\\\/inclusivenews.com.br\\\/?p=20131\"]}]},{\"@type\":\"ImageObject\",\"inLanguage\":\"pt-PT\",\"@id\":\"https:\\\/\\\/inclusivenews.com.br\\\/?p=20131#primaryimage\",\"url\":\"\",\"contentUrl\":\"\"},{\"@type\":\"BreadcrumbList\",\"@id\":\"https:\\\/\\\/inclusivenews.com.br\\\/?p=20131#breadcrumb\",\"itemListElement\":[{\"@type\":\"ListItem\",\"position\":1,\"name\":\"In\u00edcio\",\"item\":\"https:\\\/\\\/inclusivenews.com.br\\\/\"},{\"@type\":\"ListItem\",\"position\":2,\"name\":\"V\u00eddeo mostra um dia do PNUD no mundo\"}]},{\"@type\":\"WebSite\",\"@id\":\"https:\\\/\\\/inclusivenews.com.br\\\/#website\",\"url\":\"https:\\\/\\\/inclusivenews.com.br\\\/\",\"name\":\"Inclusive News\",\"description\":\"Inclusive News\",\"publisher\":{\"@id\":\"https:\\\/\\\/inclusivenews.com.br\\\/#organization\"},\"potentialAction\":[{\"@type\":\"SearchAction\",\"target\":{\"@type\":\"EntryPoint\",\"urlTemplate\":\"https:\\\/\\\/inclusivenews.com.br\\\/?s={search_term_string}\"},\"query-input\":{\"@type\":\"PropertyValueSpecification\",\"valueRequired\":true,\"valueName\":\"search_term_string\"}}],\"inLanguage\":\"pt-PT\"},{\"@type\":\"Organization\",\"@id\":\"https:\\\/\\\/inclusivenews.com.br\\\/#organization\",\"name\":\"Inclusive - inclus\u00e3o e cidadania\",\"url\":\"https:\\\/\\\/inclusivenews.com.br\\\/\",\"logo\":{\"@type\":\"ImageObject\",\"inLanguage\":\"pt-PT\",\"@id\":\"https:\\\/\\\/inclusivenews.com.br\\\/#\\\/schema\\\/logo\\\/image\\\/\",\"url\":\"https:\\\/\\\/inclusivenews.com.br\\\/wp-content\\\/uploads\\\/2024\\\/03\\\/@grandesite.png\",\"contentUrl\":\"https:\\\/\\\/inclusivenews.com.br\\\/wp-content\\\/uploads\\\/2024\\\/03\\\/@grandesite.png\",\"width\":1080,\"height\":1080,\"caption\":\"Inclusive - inclus\u00e3o e cidadania\"},\"image\":{\"@id\":\"https:\\\/\\\/inclusivenews.com.br\\\/#\\\/schema\\\/logo\\\/image\\\/\"},\"sameAs\":[\"https:\\\/\\\/www.facebook.com\\\/agenciainclusive\\\/\",\"https:\\\/\\\/www.instagram.com\\\/newsinclusive\\\/\"]},{\"@type\":\"Person\",\"@id\":\"https:\\\/\\\/inclusivenews.com.br\\\/#\\\/schema\\\/person\\\/ae4ec7087559b8692fb33b6fffd2273b\",\"name\":\"inclusivenews2024\",\"image\":{\"@type\":\"ImageObject\",\"inLanguage\":\"pt-PT\",\"@id\":\"https:\\\/\\\/secure.gravatar.com\\\/avatar\\\/c5a7ef84c66fa914f55bc4f7ce26cfa275a3b9a1c5568b907bd184fb4dde7b40?s=96&d=mm&r=g\",\"url\":\"https:\\\/\\\/secure.gravatar.com\\\/avatar\\\/c5a7ef84c66fa914f55bc4f7ce26cfa275a3b9a1c5568b907bd184fb4dde7b40?s=96&d=mm&r=g\",\"contentUrl\":\"https:\\\/\\\/secure.gravatar.com\\\/avatar\\\/c5a7ef84c66fa914f55bc4f7ce26cfa275a3b9a1c5568b907bd184fb4dde7b40?s=96&d=mm&r=g\",\"caption\":\"inclusivenews2024\"},\"sameAs\":[\"https:\\\/\\\/inclusivenews.com.br\"],\"url\":\"https:\\\/\\\/inclusivenews.com.br\\\/?author=1\"}]}<\/script>\n<!-- \/ Yoast SEO plugin. -->","yoast_head_json":{"title":"V\u00eddeo mostra um dia do PNUD no mundo -","robots":{"index":"index","follow":"follow","max-snippet":"max-snippet:-1","max-image-preview":"max-image-preview:large","max-video-preview":"max-video-preview:-1"},"canonical":"https:\/\/inclusivenews.com.br\/?p=20131","og_locale":"pt_PT","og_type":"article","og_title":"V\u00eddeo mostra um dia do PNUD no mundo -","og_description":"Sequ\u00eancia de imagens, que come\u00e7a com amanhecer no Paraguai e termina com dan\u00e7a noturna na China, apresenta projetos da ag\u00eancia. Informa\u00e7\u00e3o vem do PNUD.","og_url":"https:\/\/inclusivenews.com.br\/?p=20131","article_publisher":"https:\/\/www.facebook.com\/agenciainclusive\/","article_published_time":"2011-07-21T05:52:16+00:00","og_image":[{"url":"http:\/\/inclusivenews.com.br\/wp-content\/uploads\/2011\/05\/pnud.gif","type":"","width":"","height":""}],"author":"inclusivenews2024","twitter_card":"summary_large_image","twitter_misc":{"Escrito por":"inclusivenews2024","Tempo estimado de leitura":"3 minutos"},"schema":{"@context":"https:\/\/schema.org","@graph":[{"@type":"Article","@id":"https:\/\/inclusivenews.com.br\/?p=20131#article","isPartOf":{"@id":"https:\/\/inclusivenews.com.br\/?p=20131"},"author":{"name":"inclusivenews2024","@id":"https:\/\/inclusivenews.com.br\/#\/schema\/person\/ae4ec7087559b8692fb33b6fffd2273b"},"headline":"V\u00eddeo mostra um dia do PNUD no mundo","datePublished":"2011-07-21T05:52:16+00:00","mainEntityOfPage":{"@id":"https:\/\/inclusivenews.com.br\/?p=20131"},"wordCount":543,"commentCount":0,"publisher":{"@id":"https:\/\/inclusivenews.com.br\/#organization"},"image":{"@id":"https:\/\/inclusivenews.com.br\/?p=20131#primaryimage"},"thumbnailUrl":"http:\/\/inclusivenews.com.br\/wp-content\/uploads\/2011\/05\/pnud.gif","articleSection":["DIREITOS HUMANOS","NOT\u00cdCIAS"],"inLanguage":"pt-PT","potentialAction":[{"@type":"CommentAction","name":"Comment","target":["https:\/\/inclusivenews.com.br\/?p=20131#respond"]}]},{"@type":"WebPage","@id":"https:\/\/inclusivenews.com.br\/?p=20131","url":"https:\/\/inclusivenews.com.br\/?p=20131","name":"V\u00eddeo mostra um dia do PNUD no mundo -","isPartOf":{"@id":"https:\/\/inclusivenews.com.br\/#website"},"primaryImageOfPage":{"@id":"https:\/\/inclusivenews.com.br\/?p=20131#primaryimage"},"image":{"@id":"https:\/\/inclusivenews.com.br\/?p=20131#primaryimage"},"thumbnailUrl":"http:\/\/inclusivenews.com.br\/wp-content\/uploads\/2011\/05\/pnud.gif","datePublished":"2011-07-21T05:52:16+00:00","breadcrumb":{"@id":"https:\/\/inclusivenews.com.br\/?p=20131#breadcrumb"},"inLanguage":"pt-PT","potentialAction":[{"@type":"ReadAction","target":["https:\/\/inclusivenews.com.br\/?p=20131"]}]},{"@type":"ImageObject","inLanguage":"pt-PT","@id":"https:\/\/inclusivenews.com.br\/?p=20131#primaryimage","url":"","contentUrl":""},{"@type":"BreadcrumbList","@id":"https:\/\/inclusivenews.com.br\/?p=20131#breadcrumb","itemListElement":[{"@type":"ListItem","position":1,"name":"In\u00edcio","item":"https:\/\/inclusivenews.com.br\/"},{"@type":"ListItem","position":2,"name":"V\u00eddeo mostra um dia do PNUD no mundo"}]},{"@type":"WebSite","@id":"https:\/\/inclusivenews.com.br\/#website","url":"https:\/\/inclusivenews.com.br\/","name":"Inclusive News","description":"Inclusive News","publisher":{"@id":"https:\/\/inclusivenews.com.br\/#organization"},"potentialAction":[{"@type":"SearchAction","target":{"@type":"EntryPoint","urlTemplate":"https:\/\/inclusivenews.com.br\/?s={search_term_string}"},"query-input":{"@type":"PropertyValueSpecification","valueRequired":true,"valueName":"search_term_string"}}],"inLanguage":"pt-PT"},{"@type":"Organization","@id":"https:\/\/inclusivenews.com.br\/#organization","name":"Inclusive - inclus\u00e3o e cidadania","url":"https:\/\/inclusivenews.com.br\/","logo":{"@type":"ImageObject","inLanguage":"pt-PT","@id":"https:\/\/inclusivenews.com.br\/#\/schema\/logo\/image\/","url":"https:\/\/inclusivenews.com.br\/wp-content\/uploads\/2024\/03\/@grandesite.png","contentUrl":"https:\/\/inclusivenews.com.br\/wp-content\/uploads\/2024\/03\/@grandesite.png","width":1080,"height":1080,"caption":"Inclusive - inclus\u00e3o e cidadania"},"image":{"@id":"https:\/\/inclusivenews.com.br\/#\/schema\/logo\/image\/"},"sameAs":["https:\/\/www.facebook.com\/agenciainclusive\/","https:\/\/www.instagram.com\/newsinclusive\/"]},{"@type":"Person","@id":"https:\/\/inclusivenews.com.br\/#\/schema\/person\/ae4ec7087559b8692fb33b6fffd2273b","name":"inclusivenews2024","image":{"@type":"ImageObject","inLanguage":"pt-PT","@id":"https:\/\/secure.gravatar.com\/avatar\/c5a7ef84c66fa914f55bc4f7ce26cfa275a3b9a1c5568b907bd184fb4dde7b40?s=96&d=mm&r=g","url":"https:\/\/secure.gravatar.com\/avatar\/c5a7ef84c66fa914f55bc4f7ce26cfa275a3b9a1c5568b907bd184fb4dde7b40?s=96&d=mm&r=g","contentUrl":"https:\/\/secure.gravatar.com\/avatar\/c5a7ef84c66fa914f55bc4f7ce26cfa275a3b9a1c5568b907bd184fb4dde7b40?s=96&d=mm&r=g","caption":"inclusivenews2024"},"sameAs":["https:\/\/inclusivenews.com.br"],"url":"https:\/\/inclusivenews.com.br\/?author=1"}]}},"_links":{"self":[{"href":"https:\/\/inclusivenews.com.br\/index.php?rest_route=\/wp\/v2\/posts\/20131","targetHints":{"allow":["GET"]}}],"collection":[{"href":"https:\/\/inclusivenews.com.br\/index.php?rest_route=\/wp\/v2\/posts"}],"about":[{"href":"https:\/\/inclusivenews.com.br\/index.php?rest_route=\/wp\/v2\/types\/post"}],"author":[{"embeddable":true,"href":"https:\/\/inclusivenews.com.br\/index.php?rest_route=\/wp\/v2\/users\/1"}],"replies":[{"embeddable":true,"href":"https:\/\/inclusivenews.com.br\/index.php?rest_route=%2Fwp%2Fv2%2Fcomments&post=20131"}],"version-history":[{"count":0,"href":"https:\/\/inclusivenews.com.br\/index.php?rest_route=\/wp\/v2\/posts\/20131\/revisions"}],"wp:attachment":[{"href":"https:\/\/inclusivenews.com.br\/index.php?rest_route=%2Fwp%2Fv2%2Fmedia&parent=20131"}],"wp:term":[{"taxonomy":"category","embeddable":true,"href":"https:\/\/inclusivenews.com.br\/index.php?rest_route=%2Fwp%2Fv2%2Fcategories&post=20131"},{"taxonomy":"post_tag","embeddable":true,"href":"https:\/\/inclusivenews.com.br\/index.php?rest_route=%2Fwp%2Fv2%2Ftags&post=20131"}],"curies":[{"name":"wp","href":"https:\/\/api.w.org\/{rel}","templated":true}]}}