{"id":20133,"date":"2011-06-29T23:44:15","date_gmt":"2011-06-30T02:44:15","guid":{"rendered":"http:\/\/www.inclusive.org.br\/?p=20133"},"modified":"2011-06-29T23:44:15","modified_gmt":"2011-06-30T02:44:15","slug":"eu-era-feliz-e-nao-sabia","status":"publish","type":"post","link":"https:\/\/inclusivenews.com.br\/?p=20133","title":{"rendered":"Eu era feliz e n\u00e3o sabia"},"content":{"rendered":"<figure id=\"attachment_20173\" aria-describedby=\"caption-attachment-20173\" style=\"width: 375px\" class=\"wp-caption alignleft\"><img loading=\"lazy\" decoding=\"async\" class=\"size-full wp-image-20173\" title=\"porMobUrbSustvel_3b\" src=\"http:\/\/inclusivenews.com.br\/wp-content\/uploads\/porMobUrbSustvel_3b.jpg\" alt=\"Pessoa em cadeira de rodas (n\u00e3o se pode ver o rosto), passa por cal\u00e7ada esburacada. V\u00ea-se as pernas de mais duas pessoas atr\u00e1s dela.\" width=\"375\" height=\"250\" \/><figcaption id=\"caption-attachment-20173\" class=\"wp-caption-text\">Pessoa em cadeira de rodas (n\u00e3o se pode ver o rosto), passa por cal\u00e7ada esburacada. V\u00ea-se as pernas de mais duas pessoas atr\u00e1s dela.<\/figcaption><\/figure>\n<p>ANDREI BASTOS<\/p>\n<p>Vida de cadeirante \u00e9 uma merda! Ooops! N\u00e3o \u00e9 educado nem politicamente correto falar assim. Diz a boa regra afirmativa que devemos sempre ressaltar o aspecto positivo de quem vive a dificuldade imposta pelo mundo \u00e0 pessoa com defici\u00eancia ou com mobilidade reduzida.<\/p>\n<p>Mas como evitar a express\u00e3o chula se o apartamento n\u00e3o tem portas largas o suficiente nem banheiro com espa\u00e7o para manobras; se o pr\u00e9dio, ao cumprir determina\u00e7\u00e3o legal de acessibilidade, construiu uma rampa estreita e que n\u00e3o vai at\u00e9 a porta da rua, onde restou degrau de altura consider\u00e1vel; se as cal\u00e7adas s\u00e3o esburacadas e n\u00e3o t\u00eam rampas em todas as esquinas, com a louv\u00e1vel exce\u00e7\u00e3o de onde fizeram reforma urban\u00edstica assessorada por especialistas; se os edif\u00edcios que abrigam escrit\u00f3rios ou consult\u00f3rios s\u00e3o inacess\u00edveis; se a maioria dos \u00f4nibus n\u00e3o \u00e9 adaptada ou acess\u00edvel, o que seria o correto, e mesmo os que disp\u00f5em de elevadores funcionam precariamente; se a maioria das esta\u00e7\u00f5es do metr\u00f4 n\u00e3o oferece acessibilidade adequada, expondo cadeirantes (pessoas que usam cadeiras de rodas) ao risco de quedas ao serem carregados pelas escadarias por seus funcion\u00e1rios; se, enfim, o mundo em que vivemos tem a defici\u00eancia de n\u00e3o enxergar a si mesmo com os olhos da acessibilidade e rejeita as necessidades espec\u00edficas dos que lhe s\u00e3o \u201cinvis\u00edveis\u201d?<\/p>\n<p>\u00c9 imposs\u00edvel conter o desabafo agora, grosseiro ou refinado, porque, apesar de j\u00e1 ser muletante (pessoa que usa muletas) h\u00e1 oito anos, fui obrigado, por uma cirurgia no ombro, a substituir temporariamente muletas por cadeira de rodas. Eu era feliz e n\u00e3o sabia.<\/p>\n<p>Eu tamb\u00e9m n\u00e3o sabia, embora milite e me envolva com pessoas com todas as defici\u00eancias h\u00e1 dez anos, qual era exatamente a raz\u00e3o de ser a cadeira de rodas o s\u00edmbolo universal da acessibilidade. Agora eu sei.<\/p>\n<p>Agora sei tamb\u00e9m que a \u201cinvisibilidade\u201d do deficiente chega ao ponto de me colocar em disputa com um andante (pessoa que n\u00e3o usa muletas ou cadeira de rodas) quando desembarcava de um trem do metr\u00f4, para ver quem daria passagem ao outro. O apre\u00e7o que tenho pela vida me fez aceitar a derrota, tendo ainda que suportar a passagem do \u201cadvers\u00e1rio\u201d quase que pelo meu colo.<\/p>\n<p>O que eu n\u00e3o sabia e continuo sem saber \u00e9 quando o Estado vai assumir sua responsabilidade nessa hist\u00f3ria, sem que as iniciativas que ocorram possam ser creditadas \u00e0 demagogia, ao clientelismo ou ao assistencialismo.<\/p>\n<p>Mas sei e tenho certeza de que a discuss\u00e3o das quest\u00f5es referentes \u00e0 pessoa com defici\u00eancia estar\u00e1 longe de acabar se n\u00e3o se der prioridade total \u00e0 inclus\u00e3o da crian\u00e7a com defici\u00eancia, na primeira inf\u00e2ncia e no ensino fundamental, ao mesmo tempo em que se realiza a inclus\u00e3o dessas pessoas no mercado de trabalho. Como \u00e9 de fato, este deve ser o in\u00edcio do processo de inclus\u00e3o, que tem no emprego seu final, e num futuro menos distante a discuss\u00e3o poder\u00e1 ter acabado, assim como a falta de acessibilidade e as disputas nas portas de trens do metr\u00f4.<\/p>\n<p>ANDREI BASTOS <em>\u00e9 jornalista e integra a Comiss\u00e3o de Direitos Humanos da OAB\/RJ.<\/em><\/p>\n","protected":false},"excerpt":{"rendered":"<p>J\u00e1 era muletante (pessoa que usa muletas) h\u00e1 oito anos, fui obrigado, por uma cirurgia no ombro, a substituir temporariamente muletas por cadeira de rodas. <\/p>\n","protected":false},"author":1,"featured_media":0,"comment_status":"open","ping_status":"open","sticky":false,"template":"","format":"standard","meta":{"site-container-style":"default","site-container-layout":"default","site-sidebar-layout":"default","disable-article-header":"default","disable-site-header":"default","disable-site-footer":"default","disable-content-area-spacing":"default","footnotes":""},"categories":[44,36,48,8],"tags":[],"class_list":["post-20133","post","type-post","status-publish","format-standard","hentry","category-acessibilidade","category-colunas-especiais","category-inclusao","category-textos-e-artigos"],"yoast_head":"<!-- This site is optimized with the Yoast SEO plugin v27.4 - https:\/\/yoast.com\/product\/yoast-seo-wordpress\/ -->\n<title>Eu era feliz e n\u00e3o sabia -<\/title>\n<meta name=\"robots\" content=\"index, follow, max-snippet:-1, max-image-preview:large, max-video-preview:-1\" \/>\n<link rel=\"canonical\" href=\"https:\/\/inclusivenews.com.br\/?p=20133\" \/>\n<meta property=\"og:locale\" content=\"pt_PT\" \/>\n<meta property=\"og:type\" content=\"article\" \/>\n<meta property=\"og:title\" content=\"Eu era feliz e n\u00e3o sabia -\" \/>\n<meta property=\"og:description\" content=\"J\u00e1 era muletante (pessoa que usa muletas) h\u00e1 oito anos, fui obrigado, por uma cirurgia no ombro, a substituir temporariamente muletas por cadeira de rodas.\" \/>\n<meta property=\"og:url\" content=\"https:\/\/inclusivenews.com.br\/?p=20133\" \/>\n<meta property=\"article:publisher\" content=\"https:\/\/www.facebook.com\/agenciainclusive\/\" \/>\n<meta property=\"article:published_time\" content=\"2011-06-30T02:44:15+00:00\" \/>\n<meta property=\"og:image\" content=\"http:\/\/inclusivenews.com.br\/wp-content\/uploads\/porMobUrbSustvel_3b.jpg\" \/>\n<meta name=\"author\" content=\"inclusivenews2024\" \/>\n<meta name=\"twitter:card\" content=\"summary_large_image\" \/>\n<meta name=\"twitter:label1\" content=\"Escrito por\" \/>\n\t<meta name=\"twitter:data1\" content=\"inclusivenews2024\" \/>\n\t<meta name=\"twitter:label2\" content=\"Tempo estimado de leitura\" \/>\n\t<meta name=\"twitter:data2\" content=\"3 minutos\" \/>\n<script type=\"application\/ld+json\" class=\"yoast-schema-graph\">{\"@context\":\"https:\\\/\\\/schema.org\",\"@graph\":[{\"@type\":\"Article\",\"@id\":\"https:\\\/\\\/inclusivenews.com.br\\\/?p=20133#article\",\"isPartOf\":{\"@id\":\"https:\\\/\\\/inclusivenews.com.br\\\/?p=20133\"},\"author\":{\"name\":\"inclusivenews2024\",\"@id\":\"https:\\\/\\\/inclusivenews.com.br\\\/#\\\/schema\\\/person\\\/ae4ec7087559b8692fb33b6fffd2273b\"},\"headline\":\"Eu era feliz e n\u00e3o sabia\",\"datePublished\":\"2011-06-30T02:44:15+00:00\",\"mainEntityOfPage\":{\"@id\":\"https:\\\/\\\/inclusivenews.com.br\\\/?p=20133\"},\"wordCount\":598,\"commentCount\":1,\"publisher\":{\"@id\":\"https:\\\/\\\/inclusivenews.com.br\\\/#organization\"},\"image\":{\"@id\":\"https:\\\/\\\/inclusivenews.com.br\\\/?p=20133#primaryimage\"},\"thumbnailUrl\":\"http:\\\/\\\/inclusivenews.com.br\\\/wp-content\\\/uploads\\\/porMobUrbSustvel_3b.jpg\",\"articleSection\":[\"ACESSIBILIDADE\",\"Colunas especiais\",\"INCLUS\u00c3O SOCIAL\",\"OPINI\u00c3O\"],\"inLanguage\":\"pt-PT\",\"potentialAction\":[{\"@type\":\"CommentAction\",\"name\":\"Comment\",\"target\":[\"https:\\\/\\\/inclusivenews.com.br\\\/?p=20133#respond\"]}]},{\"@type\":\"WebPage\",\"@id\":\"https:\\\/\\\/inclusivenews.com.br\\\/?p=20133\",\"url\":\"https:\\\/\\\/inclusivenews.com.br\\\/?p=20133\",\"name\":\"Eu era feliz e n\u00e3o sabia -\",\"isPartOf\":{\"@id\":\"https:\\\/\\\/inclusivenews.com.br\\\/#website\"},\"primaryImageOfPage\":{\"@id\":\"https:\\\/\\\/inclusivenews.com.br\\\/?p=20133#primaryimage\"},\"image\":{\"@id\":\"https:\\\/\\\/inclusivenews.com.br\\\/?p=20133#primaryimage\"},\"thumbnailUrl\":\"http:\\\/\\\/inclusivenews.com.br\\\/wp-content\\\/uploads\\\/porMobUrbSustvel_3b.jpg\",\"datePublished\":\"2011-06-30T02:44:15+00:00\",\"breadcrumb\":{\"@id\":\"https:\\\/\\\/inclusivenews.com.br\\\/?p=20133#breadcrumb\"},\"inLanguage\":\"pt-PT\",\"potentialAction\":[{\"@type\":\"ReadAction\",\"target\":[\"https:\\\/\\\/inclusivenews.com.br\\\/?p=20133\"]}]},{\"@type\":\"ImageObject\",\"inLanguage\":\"pt-PT\",\"@id\":\"https:\\\/\\\/inclusivenews.com.br\\\/?p=20133#primaryimage\",\"url\":\"\",\"contentUrl\":\"\"},{\"@type\":\"BreadcrumbList\",\"@id\":\"https:\\\/\\\/inclusivenews.com.br\\\/?p=20133#breadcrumb\",\"itemListElement\":[{\"@type\":\"ListItem\",\"position\":1,\"name\":\"In\u00edcio\",\"item\":\"https:\\\/\\\/inclusivenews.com.br\\\/\"},{\"@type\":\"ListItem\",\"position\":2,\"name\":\"Eu era feliz e n\u00e3o sabia\"}]},{\"@type\":\"WebSite\",\"@id\":\"https:\\\/\\\/inclusivenews.com.br\\\/#website\",\"url\":\"https:\\\/\\\/inclusivenews.com.br\\\/\",\"name\":\"Inclusive News\",\"description\":\"Inclusive News\",\"publisher\":{\"@id\":\"https:\\\/\\\/inclusivenews.com.br\\\/#organization\"},\"potentialAction\":[{\"@type\":\"SearchAction\",\"target\":{\"@type\":\"EntryPoint\",\"urlTemplate\":\"https:\\\/\\\/inclusivenews.com.br\\\/?s={search_term_string}\"},\"query-input\":{\"@type\":\"PropertyValueSpecification\",\"valueRequired\":true,\"valueName\":\"search_term_string\"}}],\"inLanguage\":\"pt-PT\"},{\"@type\":\"Organization\",\"@id\":\"https:\\\/\\\/inclusivenews.com.br\\\/#organization\",\"name\":\"Inclusive - inclus\u00e3o e cidadania\",\"url\":\"https:\\\/\\\/inclusivenews.com.br\\\/\",\"logo\":{\"@type\":\"ImageObject\",\"inLanguage\":\"pt-PT\",\"@id\":\"https:\\\/\\\/inclusivenews.com.br\\\/#\\\/schema\\\/logo\\\/image\\\/\",\"url\":\"https:\\\/\\\/inclusivenews.com.br\\\/wp-content\\\/uploads\\\/2024\\\/03\\\/@grandesite.png\",\"contentUrl\":\"https:\\\/\\\/inclusivenews.com.br\\\/wp-content\\\/uploads\\\/2024\\\/03\\\/@grandesite.png\",\"width\":1080,\"height\":1080,\"caption\":\"Inclusive - inclus\u00e3o e cidadania\"},\"image\":{\"@id\":\"https:\\\/\\\/inclusivenews.com.br\\\/#\\\/schema\\\/logo\\\/image\\\/\"},\"sameAs\":[\"https:\\\/\\\/www.facebook.com\\\/agenciainclusive\\\/\",\"https:\\\/\\\/www.instagram.com\\\/newsinclusive\\\/\"]},{\"@type\":\"Person\",\"@id\":\"https:\\\/\\\/inclusivenews.com.br\\\/#\\\/schema\\\/person\\\/ae4ec7087559b8692fb33b6fffd2273b\",\"name\":\"inclusivenews2024\",\"image\":{\"@type\":\"ImageObject\",\"inLanguage\":\"pt-PT\",\"@id\":\"https:\\\/\\\/secure.gravatar.com\\\/avatar\\\/c5a7ef84c66fa914f55bc4f7ce26cfa275a3b9a1c5568b907bd184fb4dde7b40?s=96&d=mm&r=g\",\"url\":\"https:\\\/\\\/secure.gravatar.com\\\/avatar\\\/c5a7ef84c66fa914f55bc4f7ce26cfa275a3b9a1c5568b907bd184fb4dde7b40?s=96&d=mm&r=g\",\"contentUrl\":\"https:\\\/\\\/secure.gravatar.com\\\/avatar\\\/c5a7ef84c66fa914f55bc4f7ce26cfa275a3b9a1c5568b907bd184fb4dde7b40?s=96&d=mm&r=g\",\"caption\":\"inclusivenews2024\"},\"sameAs\":[\"https:\\\/\\\/inclusivenews.com.br\"],\"url\":\"https:\\\/\\\/inclusivenews.com.br\\\/?author=1\"}]}<\/script>\n<!-- \/ Yoast SEO plugin. -->","yoast_head_json":{"title":"Eu era feliz e n\u00e3o sabia -","robots":{"index":"index","follow":"follow","max-snippet":"max-snippet:-1","max-image-preview":"max-image-preview:large","max-video-preview":"max-video-preview:-1"},"canonical":"https:\/\/inclusivenews.com.br\/?p=20133","og_locale":"pt_PT","og_type":"article","og_title":"Eu era feliz e n\u00e3o sabia -","og_description":"J\u00e1 era muletante (pessoa que usa muletas) h\u00e1 oito anos, fui obrigado, por uma cirurgia no ombro, a substituir temporariamente muletas por cadeira de rodas.","og_url":"https:\/\/inclusivenews.com.br\/?p=20133","article_publisher":"https:\/\/www.facebook.com\/agenciainclusive\/","article_published_time":"2011-06-30T02:44:15+00:00","og_image":[{"url":"http:\/\/inclusivenews.com.br\/wp-content\/uploads\/porMobUrbSustvel_3b.jpg","type":"","width":"","height":""}],"author":"inclusivenews2024","twitter_card":"summary_large_image","twitter_misc":{"Escrito por":"inclusivenews2024","Tempo estimado de leitura":"3 minutos"},"schema":{"@context":"https:\/\/schema.org","@graph":[{"@type":"Article","@id":"https:\/\/inclusivenews.com.br\/?p=20133#article","isPartOf":{"@id":"https:\/\/inclusivenews.com.br\/?p=20133"},"author":{"name":"inclusivenews2024","@id":"https:\/\/inclusivenews.com.br\/#\/schema\/person\/ae4ec7087559b8692fb33b6fffd2273b"},"headline":"Eu era feliz e n\u00e3o sabia","datePublished":"2011-06-30T02:44:15+00:00","mainEntityOfPage":{"@id":"https:\/\/inclusivenews.com.br\/?p=20133"},"wordCount":598,"commentCount":1,"publisher":{"@id":"https:\/\/inclusivenews.com.br\/#organization"},"image":{"@id":"https:\/\/inclusivenews.com.br\/?p=20133#primaryimage"},"thumbnailUrl":"http:\/\/inclusivenews.com.br\/wp-content\/uploads\/porMobUrbSustvel_3b.jpg","articleSection":["ACESSIBILIDADE","Colunas especiais","INCLUS\u00c3O SOCIAL","OPINI\u00c3O"],"inLanguage":"pt-PT","potentialAction":[{"@type":"CommentAction","name":"Comment","target":["https:\/\/inclusivenews.com.br\/?p=20133#respond"]}]},{"@type":"WebPage","@id":"https:\/\/inclusivenews.com.br\/?p=20133","url":"https:\/\/inclusivenews.com.br\/?p=20133","name":"Eu era feliz e n\u00e3o sabia -","isPartOf":{"@id":"https:\/\/inclusivenews.com.br\/#website"},"primaryImageOfPage":{"@id":"https:\/\/inclusivenews.com.br\/?p=20133#primaryimage"},"image":{"@id":"https:\/\/inclusivenews.com.br\/?p=20133#primaryimage"},"thumbnailUrl":"http:\/\/inclusivenews.com.br\/wp-content\/uploads\/porMobUrbSustvel_3b.jpg","datePublished":"2011-06-30T02:44:15+00:00","breadcrumb":{"@id":"https:\/\/inclusivenews.com.br\/?p=20133#breadcrumb"},"inLanguage":"pt-PT","potentialAction":[{"@type":"ReadAction","target":["https:\/\/inclusivenews.com.br\/?p=20133"]}]},{"@type":"ImageObject","inLanguage":"pt-PT","@id":"https:\/\/inclusivenews.com.br\/?p=20133#primaryimage","url":"","contentUrl":""},{"@type":"BreadcrumbList","@id":"https:\/\/inclusivenews.com.br\/?p=20133#breadcrumb","itemListElement":[{"@type":"ListItem","position":1,"name":"In\u00edcio","item":"https:\/\/inclusivenews.com.br\/"},{"@type":"ListItem","position":2,"name":"Eu era feliz e n\u00e3o sabia"}]},{"@type":"WebSite","@id":"https:\/\/inclusivenews.com.br\/#website","url":"https:\/\/inclusivenews.com.br\/","name":"Inclusive News","description":"Inclusive News","publisher":{"@id":"https:\/\/inclusivenews.com.br\/#organization"},"potentialAction":[{"@type":"SearchAction","target":{"@type":"EntryPoint","urlTemplate":"https:\/\/inclusivenews.com.br\/?s={search_term_string}"},"query-input":{"@type":"PropertyValueSpecification","valueRequired":true,"valueName":"search_term_string"}}],"inLanguage":"pt-PT"},{"@type":"Organization","@id":"https:\/\/inclusivenews.com.br\/#organization","name":"Inclusive - inclus\u00e3o e cidadania","url":"https:\/\/inclusivenews.com.br\/","logo":{"@type":"ImageObject","inLanguage":"pt-PT","@id":"https:\/\/inclusivenews.com.br\/#\/schema\/logo\/image\/","url":"https:\/\/inclusivenews.com.br\/wp-content\/uploads\/2024\/03\/@grandesite.png","contentUrl":"https:\/\/inclusivenews.com.br\/wp-content\/uploads\/2024\/03\/@grandesite.png","width":1080,"height":1080,"caption":"Inclusive - inclus\u00e3o e cidadania"},"image":{"@id":"https:\/\/inclusivenews.com.br\/#\/schema\/logo\/image\/"},"sameAs":["https:\/\/www.facebook.com\/agenciainclusive\/","https:\/\/www.instagram.com\/newsinclusive\/"]},{"@type":"Person","@id":"https:\/\/inclusivenews.com.br\/#\/schema\/person\/ae4ec7087559b8692fb33b6fffd2273b","name":"inclusivenews2024","image":{"@type":"ImageObject","inLanguage":"pt-PT","@id":"https:\/\/secure.gravatar.com\/avatar\/c5a7ef84c66fa914f55bc4f7ce26cfa275a3b9a1c5568b907bd184fb4dde7b40?s=96&d=mm&r=g","url":"https:\/\/secure.gravatar.com\/avatar\/c5a7ef84c66fa914f55bc4f7ce26cfa275a3b9a1c5568b907bd184fb4dde7b40?s=96&d=mm&r=g","contentUrl":"https:\/\/secure.gravatar.com\/avatar\/c5a7ef84c66fa914f55bc4f7ce26cfa275a3b9a1c5568b907bd184fb4dde7b40?s=96&d=mm&r=g","caption":"inclusivenews2024"},"sameAs":["https:\/\/inclusivenews.com.br"],"url":"https:\/\/inclusivenews.com.br\/?author=1"}]}},"_links":{"self":[{"href":"https:\/\/inclusivenews.com.br\/index.php?rest_route=\/wp\/v2\/posts\/20133","targetHints":{"allow":["GET"]}}],"collection":[{"href":"https:\/\/inclusivenews.com.br\/index.php?rest_route=\/wp\/v2\/posts"}],"about":[{"href":"https:\/\/inclusivenews.com.br\/index.php?rest_route=\/wp\/v2\/types\/post"}],"author":[{"embeddable":true,"href":"https:\/\/inclusivenews.com.br\/index.php?rest_route=\/wp\/v2\/users\/1"}],"replies":[{"embeddable":true,"href":"https:\/\/inclusivenews.com.br\/index.php?rest_route=%2Fwp%2Fv2%2Fcomments&post=20133"}],"version-history":[{"count":0,"href":"https:\/\/inclusivenews.com.br\/index.php?rest_route=\/wp\/v2\/posts\/20133\/revisions"}],"wp:attachment":[{"href":"https:\/\/inclusivenews.com.br\/index.php?rest_route=%2Fwp%2Fv2%2Fmedia&parent=20133"}],"wp:term":[{"taxonomy":"category","embeddable":true,"href":"https:\/\/inclusivenews.com.br\/index.php?rest_route=%2Fwp%2Fv2%2Fcategories&post=20133"},{"taxonomy":"post_tag","embeddable":true,"href":"https:\/\/inclusivenews.com.br\/index.php?rest_route=%2Fwp%2Fv2%2Ftags&post=20133"}],"curies":[{"name":"wp","href":"https:\/\/api.w.org\/{rel}","templated":true}]}}