{"id":20151,"date":"2011-06-29T11:51:03","date_gmt":"2011-06-29T14:51:03","guid":{"rendered":"http:\/\/www.inclusive.org.br\/?p=20151"},"modified":"2011-06-29T11:51:03","modified_gmt":"2011-06-29T14:51:03","slug":"seminario-debate-o-futuro-do-trabalho-domestico-no-brasil","status":"publish","type":"post","link":"https:\/\/inclusivenews.com.br\/?p=20151","title":{"rendered":"Semin\u00e1rio debate o futuro do trabalho dom\u00e9stico no Brasil"},"content":{"rendered":"<p><em><\/p>\n<figure id=\"attachment_19952\" aria-describedby=\"caption-attachment-19952\" style=\"width: 256px\" class=\"wp-caption alignleft\"><em><img loading=\"lazy\" decoding=\"async\" class=\"size-full wp-image-19952\" title=\"domestica\" src=\"http:\/\/inclusivenews.com.br\/wp-content\/uploads\/domestica.jpg\" alt=\"Ilustra\u00e7\u00e3o mostrando boneca com len\u00e7o na cabe\u00e7a lavando lou\u00e7a na pia.\" width=\"256\" height=\"223\" \/><\/em><figcaption id=\"caption-attachment-19952\" class=\"wp-caption-text\">Ilustra\u00e7\u00e3o mostrando boneca com len\u00e7o na cabe\u00e7a lavando lou\u00e7a na pia.<\/figcaption><\/figure>\n<p>Em comemora\u00e7\u00e3o ao Ano Internacional dos Afrodescendentes, evento discute o futuro da legisla\u00e7\u00e3o dos trabalhadoras(os) dom\u00e9sticas (os) do pa\u00eds ap\u00f3s a aprova\u00e7\u00e3o da Conven\u00e7\u00e3o sobre Direitos dos Trabalhadores Dom\u00e9sticos.<\/em><\/p>\n<p>Nesta quarta-feira (29\/06), ser\u00e1 realizado, em Bras\u00edlia, o semin\u00e1rio \u201cQue trabalho dom\u00e9stico queremos para o Brasil do s\u00e9culo XXI?\u201d. O evento inaugura uma s\u00e9rie de debates em comemora\u00e7\u00e3o ao Ano Internacional dos Afrodescendentes promovida pelo Instituto de Pesquisa Econ\u00f4mica Aplicada (Ipea), em parceria com a ONU-Mulheres; o Centro Feminista de Estudos e Assessoria (CFEMEA); e a Federa\u00e7\u00e3o Nacional das Trabalhadoras Dom\u00e9sticas (FENATRAD).<\/p>\n<p>Eliana Gra\u00e7a, assessora pol\u00edtica do Inesc, entende como essencial a proposta do semin\u00e1rio. De acordo com a assessora, este \u00e9 o momento de reflex\u00e3o e decis\u00e3o das normas que ir\u00e3o reger legalmente os trabalhadores dom\u00e9sticos depois da aprova\u00e7\u00e3o da Conven\u00e7\u00e3o sobre Direitos dos Trabalhadores Dom\u00e9sticos pela Organiza\u00e7\u00e3o Internacional do Trabalho (OIT) no dia 16 de junho. \u201cEste debate \u00e9 fundamental para abrir mentes e cora\u00e7\u00f5es sobre os direitos e deveres dos trabalhadores dom\u00e9sticos no pa\u00eds\u201d, afirma Eliana.<\/p>\n<p>A Conven\u00e7\u00e3o sobre Direitos dos Trabalhadores Dom\u00e9sticos, aprovada pela OIT, equipara a categoria \u00e0s demais. Entre as recomenda\u00e7\u00f5es, est\u00e1 a de assegurar aos trabalhadores dom\u00e9sticos regime de sal\u00e1rio m\u00ednimo e que essa remunera\u00e7\u00e3o n\u00e3o tenha diferencia\u00e7\u00e3o entre os sexos. Estas regras devem ser adotadas por todos os pa\u00edses-membros da organiza\u00e7\u00e3o, inclusive o Brasil, onde 20% da popula\u00e7\u00e3o economicamente ativa feminina \u00e9 de trabalhadoras dom\u00e9sticas.<\/p>\n<p><a href=\"http:\/\/www.inesc.org.br\/biblioteca\/publicacoes\/artigos\/trabalhadoras-domesticas-de-segunda-para-a-primeira-categoria\/\">Clique para mais informa\u00e7\u00f5es sobre a ado\u00e7\u00e3o da Conven\u00e7\u00e3o sobre Direitos dos Trabalhadores Dom\u00e9sticos no artigo escrito por Eliana Gra\u00e7a<\/a><br \/>\n<strong><br \/>\nServi\u00e7o<\/strong><\/p>\n<p>Semin\u00e1rio \u201cQue trabalho dom\u00e9stico queremos para o Brasil do s\u00e9culo XXI?\u201d<br \/>\nData: 29 de junho de 2011<br \/>\nLocal: Bras\u00edlia-DF SBS, Quadra I, Bloco J Edif\u00edcio Ipea\/BNDES, Audit\u00f3rio do Subsolo<br \/>\nInforma\u00e7\u00f5es: eventos@ipea.gov.br \u00a0 \u00a0\u00a0(61) 3315-5108<\/p>\n<p>*Com informa\u00e7\u00f5es dos portais <a href=\"http:\/\/ipea.gov.br\/portal\/index.php?option=com_content&amp;view=article&amp;id=9100:seminario-aborda-futuro-do-trabalho-domestico-no-pais&amp;catid=10:disoc&amp;Itemid=9\">IPEA<\/a> e <a href=\"http:\/\/agenciabrasil.ebc.com.br\/noticia\/2011-06-16\/oit-aprova-normas-para-empregados-domesticos\">Ag\u00eancia Brasil<\/a><\/p>\n<p>Fonte: <a href=\"http:\/\/www.inesc.org.br\/noticias\/noticias-do-inesc\/2011\/junho\/seminario-debate-o-futuro-do-trabalho-domestico-no-brasil\">INESC<\/a><\/p>\n","protected":false},"excerpt":{"rendered":"<p>Em comemora\u00e7\u00e3o ao Ano Internacional dos Afrodescendentes, evento discute o futuro da legisla\u00e7\u00e3o dos trabalhadoras(os) dom\u00e9sticas (os) do pa\u00eds ap\u00f3s a aprova\u00e7\u00e3o da Conven\u00e7\u00e3o sobre Direitos dos Trabalhadores Dom\u00e9sticos.<\/p>\n","protected":false},"author":1,"featured_media":0,"comment_status":"open","ping_status":"open","sticky":false,"template":"","format":"standard","meta":{"site-container-style":"default","site-container-layout":"default","site-sidebar-layout":"default","disable-article-header":"default","disable-site-header":"default","disable-site-footer":"default","disable-content-area-spacing":"default","footnotes":""},"categories":[12,4],"tags":[],"class_list":["post-20151","post","type-post","status-publish","format-standard","hentry","category-cursos-e-eventos","category-noticias"],"yoast_head":"<!-- This site is optimized with the Yoast SEO plugin v27.4 - https:\/\/yoast.com\/product\/yoast-seo-wordpress\/ -->\n<title>Semin\u00e1rio debate o futuro do trabalho dom\u00e9stico no Brasil -<\/title>\n<meta name=\"robots\" content=\"index, follow, max-snippet:-1, max-image-preview:large, max-video-preview:-1\" \/>\n<link rel=\"canonical\" href=\"https:\/\/inclusivenews.com.br\/?p=20151\" \/>\n<meta property=\"og:locale\" content=\"pt_PT\" \/>\n<meta property=\"og:type\" content=\"article\" \/>\n<meta property=\"og:title\" content=\"Semin\u00e1rio debate o futuro do trabalho dom\u00e9stico no Brasil -\" \/>\n<meta property=\"og:description\" content=\"Em comemora\u00e7\u00e3o ao Ano Internacional dos Afrodescendentes, evento discute o futuro da legisla\u00e7\u00e3o dos trabalhadoras(os) dom\u00e9sticas (os) do pa\u00eds ap\u00f3s a aprova\u00e7\u00e3o da Conven\u00e7\u00e3o sobre Direitos dos Trabalhadores Dom\u00e9sticos.\" \/>\n<meta property=\"og:url\" content=\"https:\/\/inclusivenews.com.br\/?p=20151\" \/>\n<meta property=\"article:publisher\" content=\"https:\/\/www.facebook.com\/agenciainclusive\/\" \/>\n<meta property=\"article:published_time\" content=\"2011-06-29T14:51:03+00:00\" \/>\n<meta property=\"og:image\" content=\"http:\/\/inclusivenews.com.br\/wp-content\/uploads\/domestica.jpg\" \/>\n<meta name=\"author\" content=\"inclusivenews2024\" \/>\n<meta name=\"twitter:card\" content=\"summary_large_image\" \/>\n<meta name=\"twitter:label1\" content=\"Escrito por\" \/>\n\t<meta name=\"twitter:data1\" content=\"inclusivenews2024\" \/>\n\t<meta name=\"twitter:label2\" content=\"Tempo estimado de leitura\" \/>\n\t<meta name=\"twitter:data2\" content=\"2 minutos\" \/>\n<script type=\"application\/ld+json\" class=\"yoast-schema-graph\">{\"@context\":\"https:\\\/\\\/schema.org\",\"@graph\":[{\"@type\":\"Article\",\"@id\":\"https:\\\/\\\/inclusivenews.com.br\\\/?p=20151#article\",\"isPartOf\":{\"@id\":\"https:\\\/\\\/inclusivenews.com.br\\\/?p=20151\"},\"author\":{\"name\":\"inclusivenews2024\",\"@id\":\"https:\\\/\\\/inclusivenews.com.br\\\/#\\\/schema\\\/person\\\/ae4ec7087559b8692fb33b6fffd2273b\"},\"headline\":\"Semin\u00e1rio debate o futuro do trabalho dom\u00e9stico no Brasil\",\"datePublished\":\"2011-06-29T14:51:03+00:00\",\"mainEntityOfPage\":{\"@id\":\"https:\\\/\\\/inclusivenews.com.br\\\/?p=20151\"},\"wordCount\":385,\"commentCount\":0,\"publisher\":{\"@id\":\"https:\\\/\\\/inclusivenews.com.br\\\/#organization\"},\"image\":{\"@id\":\"https:\\\/\\\/inclusivenews.com.br\\\/?p=20151#primaryimage\"},\"thumbnailUrl\":\"http:\\\/\\\/inclusivenews.com.br\\\/wp-content\\\/uploads\\\/domestica.jpg\",\"articleSection\":[\"Cursos e eventos\",\"NOT\u00cdCIAS\"],\"inLanguage\":\"pt-PT\",\"potentialAction\":[{\"@type\":\"CommentAction\",\"name\":\"Comment\",\"target\":[\"https:\\\/\\\/inclusivenews.com.br\\\/?p=20151#respond\"]}]},{\"@type\":\"WebPage\",\"@id\":\"https:\\\/\\\/inclusivenews.com.br\\\/?p=20151\",\"url\":\"https:\\\/\\\/inclusivenews.com.br\\\/?p=20151\",\"name\":\"Semin\u00e1rio debate o futuro do trabalho dom\u00e9stico no Brasil -\",\"isPartOf\":{\"@id\":\"https:\\\/\\\/inclusivenews.com.br\\\/#website\"},\"primaryImageOfPage\":{\"@id\":\"https:\\\/\\\/inclusivenews.com.br\\\/?p=20151#primaryimage\"},\"image\":{\"@id\":\"https:\\\/\\\/inclusivenews.com.br\\\/?p=20151#primaryimage\"},\"thumbnailUrl\":\"http:\\\/\\\/inclusivenews.com.br\\\/wp-content\\\/uploads\\\/domestica.jpg\",\"datePublished\":\"2011-06-29T14:51:03+00:00\",\"breadcrumb\":{\"@id\":\"https:\\\/\\\/inclusivenews.com.br\\\/?p=20151#breadcrumb\"},\"inLanguage\":\"pt-PT\",\"potentialAction\":[{\"@type\":\"ReadAction\",\"target\":[\"https:\\\/\\\/inclusivenews.com.br\\\/?p=20151\"]}]},{\"@type\":\"ImageObject\",\"inLanguage\":\"pt-PT\",\"@id\":\"https:\\\/\\\/inclusivenews.com.br\\\/?p=20151#primaryimage\",\"url\":\"\",\"contentUrl\":\"\"},{\"@type\":\"BreadcrumbList\",\"@id\":\"https:\\\/\\\/inclusivenews.com.br\\\/?p=20151#breadcrumb\",\"itemListElement\":[{\"@type\":\"ListItem\",\"position\":1,\"name\":\"In\u00edcio\",\"item\":\"https:\\\/\\\/inclusivenews.com.br\\\/\"},{\"@type\":\"ListItem\",\"position\":2,\"name\":\"Semin\u00e1rio debate o futuro do trabalho dom\u00e9stico no Brasil\"}]},{\"@type\":\"WebSite\",\"@id\":\"https:\\\/\\\/inclusivenews.com.br\\\/#website\",\"url\":\"https:\\\/\\\/inclusivenews.com.br\\\/\",\"name\":\"Inclusive News\",\"description\":\"Inclusive News\",\"publisher\":{\"@id\":\"https:\\\/\\\/inclusivenews.com.br\\\/#organization\"},\"potentialAction\":[{\"@type\":\"SearchAction\",\"target\":{\"@type\":\"EntryPoint\",\"urlTemplate\":\"https:\\\/\\\/inclusivenews.com.br\\\/?s={search_term_string}\"},\"query-input\":{\"@type\":\"PropertyValueSpecification\",\"valueRequired\":true,\"valueName\":\"search_term_string\"}}],\"inLanguage\":\"pt-PT\"},{\"@type\":\"Organization\",\"@id\":\"https:\\\/\\\/inclusivenews.com.br\\\/#organization\",\"name\":\"Inclusive - inclus\u00e3o e cidadania\",\"url\":\"https:\\\/\\\/inclusivenews.com.br\\\/\",\"logo\":{\"@type\":\"ImageObject\",\"inLanguage\":\"pt-PT\",\"@id\":\"https:\\\/\\\/inclusivenews.com.br\\\/#\\\/schema\\\/logo\\\/image\\\/\",\"url\":\"https:\\\/\\\/inclusivenews.com.br\\\/wp-content\\\/uploads\\\/2024\\\/03\\\/@grandesite.png\",\"contentUrl\":\"https:\\\/\\\/inclusivenews.com.br\\\/wp-content\\\/uploads\\\/2024\\\/03\\\/@grandesite.png\",\"width\":1080,\"height\":1080,\"caption\":\"Inclusive - inclus\u00e3o e cidadania\"},\"image\":{\"@id\":\"https:\\\/\\\/inclusivenews.com.br\\\/#\\\/schema\\\/logo\\\/image\\\/\"},\"sameAs\":[\"https:\\\/\\\/www.facebook.com\\\/agenciainclusive\\\/\",\"https:\\\/\\\/www.instagram.com\\\/newsinclusive\\\/\"]},{\"@type\":\"Person\",\"@id\":\"https:\\\/\\\/inclusivenews.com.br\\\/#\\\/schema\\\/person\\\/ae4ec7087559b8692fb33b6fffd2273b\",\"name\":\"inclusivenews2024\",\"image\":{\"@type\":\"ImageObject\",\"inLanguage\":\"pt-PT\",\"@id\":\"https:\\\/\\\/secure.gravatar.com\\\/avatar\\\/c5a7ef84c66fa914f55bc4f7ce26cfa275a3b9a1c5568b907bd184fb4dde7b40?s=96&d=mm&r=g\",\"url\":\"https:\\\/\\\/secure.gravatar.com\\\/avatar\\\/c5a7ef84c66fa914f55bc4f7ce26cfa275a3b9a1c5568b907bd184fb4dde7b40?s=96&d=mm&r=g\",\"contentUrl\":\"https:\\\/\\\/secure.gravatar.com\\\/avatar\\\/c5a7ef84c66fa914f55bc4f7ce26cfa275a3b9a1c5568b907bd184fb4dde7b40?s=96&d=mm&r=g\",\"caption\":\"inclusivenews2024\"},\"sameAs\":[\"https:\\\/\\\/inclusivenews.com.br\"],\"url\":\"https:\\\/\\\/inclusivenews.com.br\\\/?author=1\"}]}<\/script>\n<!-- \/ Yoast SEO plugin. -->","yoast_head_json":{"title":"Semin\u00e1rio debate o futuro do trabalho dom\u00e9stico no Brasil -","robots":{"index":"index","follow":"follow","max-snippet":"max-snippet:-1","max-image-preview":"max-image-preview:large","max-video-preview":"max-video-preview:-1"},"canonical":"https:\/\/inclusivenews.com.br\/?p=20151","og_locale":"pt_PT","og_type":"article","og_title":"Semin\u00e1rio debate o futuro do trabalho dom\u00e9stico no Brasil -","og_description":"Em comemora\u00e7\u00e3o ao Ano Internacional dos Afrodescendentes, evento discute o futuro da legisla\u00e7\u00e3o dos trabalhadoras(os) dom\u00e9sticas (os) do pa\u00eds ap\u00f3s a aprova\u00e7\u00e3o da Conven\u00e7\u00e3o sobre Direitos dos Trabalhadores Dom\u00e9sticos.","og_url":"https:\/\/inclusivenews.com.br\/?p=20151","article_publisher":"https:\/\/www.facebook.com\/agenciainclusive\/","article_published_time":"2011-06-29T14:51:03+00:00","og_image":[{"url":"http:\/\/inclusivenews.com.br\/wp-content\/uploads\/domestica.jpg","type":"","width":"","height":""}],"author":"inclusivenews2024","twitter_card":"summary_large_image","twitter_misc":{"Escrito por":"inclusivenews2024","Tempo estimado de leitura":"2 minutos"},"schema":{"@context":"https:\/\/schema.org","@graph":[{"@type":"Article","@id":"https:\/\/inclusivenews.com.br\/?p=20151#article","isPartOf":{"@id":"https:\/\/inclusivenews.com.br\/?p=20151"},"author":{"name":"inclusivenews2024","@id":"https:\/\/inclusivenews.com.br\/#\/schema\/person\/ae4ec7087559b8692fb33b6fffd2273b"},"headline":"Semin\u00e1rio debate o futuro do trabalho dom\u00e9stico no Brasil","datePublished":"2011-06-29T14:51:03+00:00","mainEntityOfPage":{"@id":"https:\/\/inclusivenews.com.br\/?p=20151"},"wordCount":385,"commentCount":0,"publisher":{"@id":"https:\/\/inclusivenews.com.br\/#organization"},"image":{"@id":"https:\/\/inclusivenews.com.br\/?p=20151#primaryimage"},"thumbnailUrl":"http:\/\/inclusivenews.com.br\/wp-content\/uploads\/domestica.jpg","articleSection":["Cursos e eventos","NOT\u00cdCIAS"],"inLanguage":"pt-PT","potentialAction":[{"@type":"CommentAction","name":"Comment","target":["https:\/\/inclusivenews.com.br\/?p=20151#respond"]}]},{"@type":"WebPage","@id":"https:\/\/inclusivenews.com.br\/?p=20151","url":"https:\/\/inclusivenews.com.br\/?p=20151","name":"Semin\u00e1rio debate o futuro do trabalho dom\u00e9stico no Brasil -","isPartOf":{"@id":"https:\/\/inclusivenews.com.br\/#website"},"primaryImageOfPage":{"@id":"https:\/\/inclusivenews.com.br\/?p=20151#primaryimage"},"image":{"@id":"https:\/\/inclusivenews.com.br\/?p=20151#primaryimage"},"thumbnailUrl":"http:\/\/inclusivenews.com.br\/wp-content\/uploads\/domestica.jpg","datePublished":"2011-06-29T14:51:03+00:00","breadcrumb":{"@id":"https:\/\/inclusivenews.com.br\/?p=20151#breadcrumb"},"inLanguage":"pt-PT","potentialAction":[{"@type":"ReadAction","target":["https:\/\/inclusivenews.com.br\/?p=20151"]}]},{"@type":"ImageObject","inLanguage":"pt-PT","@id":"https:\/\/inclusivenews.com.br\/?p=20151#primaryimage","url":"","contentUrl":""},{"@type":"BreadcrumbList","@id":"https:\/\/inclusivenews.com.br\/?p=20151#breadcrumb","itemListElement":[{"@type":"ListItem","position":1,"name":"In\u00edcio","item":"https:\/\/inclusivenews.com.br\/"},{"@type":"ListItem","position":2,"name":"Semin\u00e1rio debate o futuro do trabalho dom\u00e9stico no Brasil"}]},{"@type":"WebSite","@id":"https:\/\/inclusivenews.com.br\/#website","url":"https:\/\/inclusivenews.com.br\/","name":"Inclusive News","description":"Inclusive News","publisher":{"@id":"https:\/\/inclusivenews.com.br\/#organization"},"potentialAction":[{"@type":"SearchAction","target":{"@type":"EntryPoint","urlTemplate":"https:\/\/inclusivenews.com.br\/?s={search_term_string}"},"query-input":{"@type":"PropertyValueSpecification","valueRequired":true,"valueName":"search_term_string"}}],"inLanguage":"pt-PT"},{"@type":"Organization","@id":"https:\/\/inclusivenews.com.br\/#organization","name":"Inclusive - inclus\u00e3o e cidadania","url":"https:\/\/inclusivenews.com.br\/","logo":{"@type":"ImageObject","inLanguage":"pt-PT","@id":"https:\/\/inclusivenews.com.br\/#\/schema\/logo\/image\/","url":"https:\/\/inclusivenews.com.br\/wp-content\/uploads\/2024\/03\/@grandesite.png","contentUrl":"https:\/\/inclusivenews.com.br\/wp-content\/uploads\/2024\/03\/@grandesite.png","width":1080,"height":1080,"caption":"Inclusive - inclus\u00e3o e cidadania"},"image":{"@id":"https:\/\/inclusivenews.com.br\/#\/schema\/logo\/image\/"},"sameAs":["https:\/\/www.facebook.com\/agenciainclusive\/","https:\/\/www.instagram.com\/newsinclusive\/"]},{"@type":"Person","@id":"https:\/\/inclusivenews.com.br\/#\/schema\/person\/ae4ec7087559b8692fb33b6fffd2273b","name":"inclusivenews2024","image":{"@type":"ImageObject","inLanguage":"pt-PT","@id":"https:\/\/secure.gravatar.com\/avatar\/c5a7ef84c66fa914f55bc4f7ce26cfa275a3b9a1c5568b907bd184fb4dde7b40?s=96&d=mm&r=g","url":"https:\/\/secure.gravatar.com\/avatar\/c5a7ef84c66fa914f55bc4f7ce26cfa275a3b9a1c5568b907bd184fb4dde7b40?s=96&d=mm&r=g","contentUrl":"https:\/\/secure.gravatar.com\/avatar\/c5a7ef84c66fa914f55bc4f7ce26cfa275a3b9a1c5568b907bd184fb4dde7b40?s=96&d=mm&r=g","caption":"inclusivenews2024"},"sameAs":["https:\/\/inclusivenews.com.br"],"url":"https:\/\/inclusivenews.com.br\/?author=1"}]}},"_links":{"self":[{"href":"https:\/\/inclusivenews.com.br\/index.php?rest_route=\/wp\/v2\/posts\/20151","targetHints":{"allow":["GET"]}}],"collection":[{"href":"https:\/\/inclusivenews.com.br\/index.php?rest_route=\/wp\/v2\/posts"}],"about":[{"href":"https:\/\/inclusivenews.com.br\/index.php?rest_route=\/wp\/v2\/types\/post"}],"author":[{"embeddable":true,"href":"https:\/\/inclusivenews.com.br\/index.php?rest_route=\/wp\/v2\/users\/1"}],"replies":[{"embeddable":true,"href":"https:\/\/inclusivenews.com.br\/index.php?rest_route=%2Fwp%2Fv2%2Fcomments&post=20151"}],"version-history":[{"count":0,"href":"https:\/\/inclusivenews.com.br\/index.php?rest_route=\/wp\/v2\/posts\/20151\/revisions"}],"wp:attachment":[{"href":"https:\/\/inclusivenews.com.br\/index.php?rest_route=%2Fwp%2Fv2%2Fmedia&parent=20151"}],"wp:term":[{"taxonomy":"category","embeddable":true,"href":"https:\/\/inclusivenews.com.br\/index.php?rest_route=%2Fwp%2Fv2%2Fcategories&post=20151"},{"taxonomy":"post_tag","embeddable":true,"href":"https:\/\/inclusivenews.com.br\/index.php?rest_route=%2Fwp%2Fv2%2Ftags&post=20151"}],"curies":[{"name":"wp","href":"https:\/\/api.w.org\/{rel}","templated":true}]}}