{"id":20213,"date":"2011-07-06T23:59:46","date_gmt":"2011-07-07T02:59:46","guid":{"rendered":"http:\/\/www.inclusive.org.br\/?p=20213"},"modified":"2011-07-06T23:59:46","modified_gmt":"2011-07-07T02:59:46","slug":"eles-vieram-pra-matar-dizem-vitimas","status":"publish","type":"post","link":"https:\/\/inclusivenews.com.br\/?p=20213","title":{"rendered":"Eles vieram pra matar, dizem v\u00edtimas"},"content":{"rendered":"<figure id=\"attachment_20056\" aria-describedby=\"caption-attachment-20056\" style=\"width: 218px\" class=\"wp-caption alignleft\"><img loading=\"lazy\" decoding=\"async\" class=\"size-medium wp-image-20056 \" title=\"Viol\u00eancia - Em fundo preto, impress\u00e3o de palma da m\u00e3o espalmada com tinta branca.\" src=\"http:\/\/inclusivenews.com.br\/wp-content\/uploads\/no-violencia-272x300.jpg\" alt=\"Viol\u00eancia - Em fundo preto, impress\u00e3o de palma da m\u00e3o espalmada com tinta branca.\" width=\"218\" height=\"240\" \/><figcaption id=\"caption-attachment-20056\" class=\"wp-caption-text\"> <\/figcaption><\/figure>\n<p>Os quatro moradores de rua atacados por skinheads, em S. Paulo, na madrugada de domingo, disseram que os agressores estavam dispostos a matar. \u201cOs caras surgiram do nada, xingando a gente de preto, pobre e nordestino e dando socos e pontap\u00e9s&#8221;\u201d, contou Samuel de Oliveira, 34, branco, a rep\u00f3rter Eliane Trindade, do Jornal Folha de S. Paulo.<\/p>\n<p>Segundo ele, al\u00e9m dos cinco presos pela Pol\u00edcia, outros quatro participaram das agress\u00f5es. &#8220;Duas mulheres eram da gangue. Tinha uma menor e a namorada de um dos caras&#8221;, acrescentou Aline de Souza, 21, gr\u00e1vida de tr\u00eas meses, que escapou da pancadaria abra\u00e7ada ao marido, J\u00falio C\u00e9sar Souza, 20 anos, negro, atingido com golpes nas costas.<\/p>\n<p>As v\u00edtimas s\u00f3 conseguiram ser salvas gra\u00e7as a a\u00e7\u00e3o de policiais de uma viatura da PM que passava pelo local. &#8220;Deus mandou pra c\u00e1 naquela hora policiais treinados para combater esse terrorismo burro&#8221;, diz Carvalho, ex-pastor e negro.<\/p>\n<p>Mesmo com a chegada da Pol\u00edcia, os agressores ainda reagiram e partiram para o confronto com os dois policiais que chegaram primeiro e deram voz de pris\u00e3o em flagrante. Foram necess\u00e1rios dois tiros para o alto para cont\u00ea-los. Rendidos, um deles continuou a destilar o \u00f3dio racista.<\/p>\n<p>\u201cNo ch\u00e3o, o folgado gritava que odiava negro. Um dos policiais tamb\u00e9m era preto&#8221;, diz Samuel, que, sob a amea\u00e7a de um fac\u00e3o, chamou a aten\u00e7\u00e3o do carro de pol\u00edcia que passava pelo local.<br \/>\nCom os agressores, a Pol\u00edcia encontrou um pequeno arsenal de armas brancas: tr\u00eas machados, quatro facas, um punhal e um fac\u00e3o.<\/p>\n<p>Os quatro sem-teto vivem numa autodenominada \u201cComunidade democr\u00e1tica de rua\u201d, com 17 integrantes e tiram o susto da venda de material reciclado. Carlos trabalha fazendo bicos como entregador de \u00e1gua mineral para uma distribuidora vizinha \u00e0 pra\u00e7a do Para\u00edso.<\/p>\n<p>Fonte: <a href=\"http:\/\/www.afropress.com\/noticiasLer.asp?id=2710\">Afropress<\/a><\/p>\n","protected":false},"excerpt":{"rendered":"<p>\u201cOs caras surgiram do nada, xingando a gente de preto, pobre e nordestino e dando socos e pontap\u00e9s&#8221;\u201d, contou Samuel de Oliveira. Reprtagem \u00e9 da Afrropress.<\/p>\n","protected":false},"author":1,"featured_media":0,"comment_status":"open","ping_status":"open","sticky":false,"template":"","format":"standard","meta":{"site-container-style":"default","site-container-layout":"default","site-sidebar-layout":"default","disable-article-header":"default","disable-site-header":"default","disable-site-footer":"default","disable-content-area-spacing":"default","footnotes":""},"categories":[11,4],"tags":[94],"class_list":["post-20213","post","type-post","status-publish","format-standard","hentry","category-direitos-humanos","category-noticias","tag-violencia"],"yoast_head":"<!-- This site is optimized with the Yoast SEO plugin v27.4 - https:\/\/yoast.com\/product\/yoast-seo-wordpress\/ -->\n<title>Eles vieram pra matar, dizem v\u00edtimas -<\/title>\n<meta name=\"robots\" content=\"index, follow, max-snippet:-1, max-image-preview:large, max-video-preview:-1\" \/>\n<link rel=\"canonical\" href=\"https:\/\/inclusivenews.com.br\/?p=20213\" \/>\n<meta property=\"og:locale\" content=\"pt_PT\" \/>\n<meta property=\"og:type\" content=\"article\" \/>\n<meta property=\"og:title\" content=\"Eles vieram pra matar, dizem v\u00edtimas -\" \/>\n<meta property=\"og:description\" content=\"\u201cOs caras surgiram do nada, xingando a gente de preto, pobre e nordestino e dando socos e pontap\u00e9s&quot;\u201d, contou Samuel de Oliveira. Reprtagem \u00e9 da Afrropress.\" \/>\n<meta property=\"og:url\" content=\"https:\/\/inclusivenews.com.br\/?p=20213\" \/>\n<meta property=\"article:publisher\" content=\"https:\/\/www.facebook.com\/agenciainclusive\/\" \/>\n<meta property=\"article:published_time\" content=\"2011-07-07T02:59:46+00:00\" \/>\n<meta property=\"og:image\" content=\"http:\/\/inclusivenews.com.br\/wp-content\/uploads\/no-violencia-272x300.jpg\" \/>\n<meta name=\"author\" content=\"inclusivenews2024\" \/>\n<meta name=\"twitter:card\" content=\"summary_large_image\" \/>\n<meta name=\"twitter:label1\" content=\"Escrito por\" \/>\n\t<meta name=\"twitter:data1\" content=\"inclusivenews2024\" \/>\n\t<meta name=\"twitter:label2\" content=\"Tempo estimado de leitura\" \/>\n\t<meta name=\"twitter:data2\" content=\"2 minutos\" \/>\n<script type=\"application\/ld+json\" class=\"yoast-schema-graph\">{\"@context\":\"https:\\\/\\\/schema.org\",\"@graph\":[{\"@type\":\"Article\",\"@id\":\"https:\\\/\\\/inclusivenews.com.br\\\/?p=20213#article\",\"isPartOf\":{\"@id\":\"https:\\\/\\\/inclusivenews.com.br\\\/?p=20213\"},\"author\":{\"name\":\"inclusivenews2024\",\"@id\":\"https:\\\/\\\/inclusivenews.com.br\\\/#\\\/schema\\\/person\\\/ae4ec7087559b8692fb33b6fffd2273b\"},\"headline\":\"Eles vieram pra matar, dizem v\u00edtimas\",\"datePublished\":\"2011-07-07T02:59:46+00:00\",\"mainEntityOfPage\":{\"@id\":\"https:\\\/\\\/inclusivenews.com.br\\\/?p=20213\"},\"wordCount\":332,\"commentCount\":1,\"publisher\":{\"@id\":\"https:\\\/\\\/inclusivenews.com.br\\\/#organization\"},\"image\":{\"@id\":\"https:\\\/\\\/inclusivenews.com.br\\\/?p=20213#primaryimage\"},\"thumbnailUrl\":\"http:\\\/\\\/inclusivenews.com.br\\\/wp-content\\\/uploads\\\/no-violencia-272x300.jpg\",\"keywords\":[\"Viol\u00eancia\"],\"articleSection\":[\"DIREITOS HUMANOS\",\"NOT\u00cdCIAS\"],\"inLanguage\":\"pt-PT\",\"potentialAction\":[{\"@type\":\"CommentAction\",\"name\":\"Comment\",\"target\":[\"https:\\\/\\\/inclusivenews.com.br\\\/?p=20213#respond\"]}]},{\"@type\":\"WebPage\",\"@id\":\"https:\\\/\\\/inclusivenews.com.br\\\/?p=20213\",\"url\":\"https:\\\/\\\/inclusivenews.com.br\\\/?p=20213\",\"name\":\"Eles vieram pra matar, dizem v\u00edtimas -\",\"isPartOf\":{\"@id\":\"https:\\\/\\\/inclusivenews.com.br\\\/#website\"},\"primaryImageOfPage\":{\"@id\":\"https:\\\/\\\/inclusivenews.com.br\\\/?p=20213#primaryimage\"},\"image\":{\"@id\":\"https:\\\/\\\/inclusivenews.com.br\\\/?p=20213#primaryimage\"},\"thumbnailUrl\":\"http:\\\/\\\/inclusivenews.com.br\\\/wp-content\\\/uploads\\\/no-violencia-272x300.jpg\",\"datePublished\":\"2011-07-07T02:59:46+00:00\",\"breadcrumb\":{\"@id\":\"https:\\\/\\\/inclusivenews.com.br\\\/?p=20213#breadcrumb\"},\"inLanguage\":\"pt-PT\",\"potentialAction\":[{\"@type\":\"ReadAction\",\"target\":[\"https:\\\/\\\/inclusivenews.com.br\\\/?p=20213\"]}]},{\"@type\":\"ImageObject\",\"inLanguage\":\"pt-PT\",\"@id\":\"https:\\\/\\\/inclusivenews.com.br\\\/?p=20213#primaryimage\",\"url\":\"\",\"contentUrl\":\"\"},{\"@type\":\"BreadcrumbList\",\"@id\":\"https:\\\/\\\/inclusivenews.com.br\\\/?p=20213#breadcrumb\",\"itemListElement\":[{\"@type\":\"ListItem\",\"position\":1,\"name\":\"In\u00edcio\",\"item\":\"https:\\\/\\\/inclusivenews.com.br\\\/\"},{\"@type\":\"ListItem\",\"position\":2,\"name\":\"Eles vieram pra matar, dizem v\u00edtimas\"}]},{\"@type\":\"WebSite\",\"@id\":\"https:\\\/\\\/inclusivenews.com.br\\\/#website\",\"url\":\"https:\\\/\\\/inclusivenews.com.br\\\/\",\"name\":\"Inclusive News\",\"description\":\"Inclusive News\",\"publisher\":{\"@id\":\"https:\\\/\\\/inclusivenews.com.br\\\/#organization\"},\"potentialAction\":[{\"@type\":\"SearchAction\",\"target\":{\"@type\":\"EntryPoint\",\"urlTemplate\":\"https:\\\/\\\/inclusivenews.com.br\\\/?s={search_term_string}\"},\"query-input\":{\"@type\":\"PropertyValueSpecification\",\"valueRequired\":true,\"valueName\":\"search_term_string\"}}],\"inLanguage\":\"pt-PT\"},{\"@type\":\"Organization\",\"@id\":\"https:\\\/\\\/inclusivenews.com.br\\\/#organization\",\"name\":\"Inclusive - inclus\u00e3o e cidadania\",\"url\":\"https:\\\/\\\/inclusivenews.com.br\\\/\",\"logo\":{\"@type\":\"ImageObject\",\"inLanguage\":\"pt-PT\",\"@id\":\"https:\\\/\\\/inclusivenews.com.br\\\/#\\\/schema\\\/logo\\\/image\\\/\",\"url\":\"https:\\\/\\\/inclusivenews.com.br\\\/wp-content\\\/uploads\\\/2024\\\/03\\\/@grandesite.png\",\"contentUrl\":\"https:\\\/\\\/inclusivenews.com.br\\\/wp-content\\\/uploads\\\/2024\\\/03\\\/@grandesite.png\",\"width\":1080,\"height\":1080,\"caption\":\"Inclusive - inclus\u00e3o e cidadania\"},\"image\":{\"@id\":\"https:\\\/\\\/inclusivenews.com.br\\\/#\\\/schema\\\/logo\\\/image\\\/\"},\"sameAs\":[\"https:\\\/\\\/www.facebook.com\\\/agenciainclusive\\\/\",\"https:\\\/\\\/www.instagram.com\\\/newsinclusive\\\/\"]},{\"@type\":\"Person\",\"@id\":\"https:\\\/\\\/inclusivenews.com.br\\\/#\\\/schema\\\/person\\\/ae4ec7087559b8692fb33b6fffd2273b\",\"name\":\"inclusivenews2024\",\"image\":{\"@type\":\"ImageObject\",\"inLanguage\":\"pt-PT\",\"@id\":\"https:\\\/\\\/secure.gravatar.com\\\/avatar\\\/c5a7ef84c66fa914f55bc4f7ce26cfa275a3b9a1c5568b907bd184fb4dde7b40?s=96&d=mm&r=g\",\"url\":\"https:\\\/\\\/secure.gravatar.com\\\/avatar\\\/c5a7ef84c66fa914f55bc4f7ce26cfa275a3b9a1c5568b907bd184fb4dde7b40?s=96&d=mm&r=g\",\"contentUrl\":\"https:\\\/\\\/secure.gravatar.com\\\/avatar\\\/c5a7ef84c66fa914f55bc4f7ce26cfa275a3b9a1c5568b907bd184fb4dde7b40?s=96&d=mm&r=g\",\"caption\":\"inclusivenews2024\"},\"sameAs\":[\"https:\\\/\\\/inclusivenews.com.br\"],\"url\":\"https:\\\/\\\/inclusivenews.com.br\\\/?author=1\"}]}<\/script>\n<!-- \/ Yoast SEO plugin. -->","yoast_head_json":{"title":"Eles vieram pra matar, dizem v\u00edtimas -","robots":{"index":"index","follow":"follow","max-snippet":"max-snippet:-1","max-image-preview":"max-image-preview:large","max-video-preview":"max-video-preview:-1"},"canonical":"https:\/\/inclusivenews.com.br\/?p=20213","og_locale":"pt_PT","og_type":"article","og_title":"Eles vieram pra matar, dizem v\u00edtimas -","og_description":"\u201cOs caras surgiram do nada, xingando a gente de preto, pobre e nordestino e dando socos e pontap\u00e9s\"\u201d, contou Samuel de Oliveira. Reprtagem \u00e9 da Afrropress.","og_url":"https:\/\/inclusivenews.com.br\/?p=20213","article_publisher":"https:\/\/www.facebook.com\/agenciainclusive\/","article_published_time":"2011-07-07T02:59:46+00:00","og_image":[{"url":"http:\/\/inclusivenews.com.br\/wp-content\/uploads\/no-violencia-272x300.jpg","type":"","width":"","height":""}],"author":"inclusivenews2024","twitter_card":"summary_large_image","twitter_misc":{"Escrito por":"inclusivenews2024","Tempo estimado de leitura":"2 minutos"},"schema":{"@context":"https:\/\/schema.org","@graph":[{"@type":"Article","@id":"https:\/\/inclusivenews.com.br\/?p=20213#article","isPartOf":{"@id":"https:\/\/inclusivenews.com.br\/?p=20213"},"author":{"name":"inclusivenews2024","@id":"https:\/\/inclusivenews.com.br\/#\/schema\/person\/ae4ec7087559b8692fb33b6fffd2273b"},"headline":"Eles vieram pra matar, dizem v\u00edtimas","datePublished":"2011-07-07T02:59:46+00:00","mainEntityOfPage":{"@id":"https:\/\/inclusivenews.com.br\/?p=20213"},"wordCount":332,"commentCount":1,"publisher":{"@id":"https:\/\/inclusivenews.com.br\/#organization"},"image":{"@id":"https:\/\/inclusivenews.com.br\/?p=20213#primaryimage"},"thumbnailUrl":"http:\/\/inclusivenews.com.br\/wp-content\/uploads\/no-violencia-272x300.jpg","keywords":["Viol\u00eancia"],"articleSection":["DIREITOS HUMANOS","NOT\u00cdCIAS"],"inLanguage":"pt-PT","potentialAction":[{"@type":"CommentAction","name":"Comment","target":["https:\/\/inclusivenews.com.br\/?p=20213#respond"]}]},{"@type":"WebPage","@id":"https:\/\/inclusivenews.com.br\/?p=20213","url":"https:\/\/inclusivenews.com.br\/?p=20213","name":"Eles vieram pra matar, dizem v\u00edtimas -","isPartOf":{"@id":"https:\/\/inclusivenews.com.br\/#website"},"primaryImageOfPage":{"@id":"https:\/\/inclusivenews.com.br\/?p=20213#primaryimage"},"image":{"@id":"https:\/\/inclusivenews.com.br\/?p=20213#primaryimage"},"thumbnailUrl":"http:\/\/inclusivenews.com.br\/wp-content\/uploads\/no-violencia-272x300.jpg","datePublished":"2011-07-07T02:59:46+00:00","breadcrumb":{"@id":"https:\/\/inclusivenews.com.br\/?p=20213#breadcrumb"},"inLanguage":"pt-PT","potentialAction":[{"@type":"ReadAction","target":["https:\/\/inclusivenews.com.br\/?p=20213"]}]},{"@type":"ImageObject","inLanguage":"pt-PT","@id":"https:\/\/inclusivenews.com.br\/?p=20213#primaryimage","url":"","contentUrl":""},{"@type":"BreadcrumbList","@id":"https:\/\/inclusivenews.com.br\/?p=20213#breadcrumb","itemListElement":[{"@type":"ListItem","position":1,"name":"In\u00edcio","item":"https:\/\/inclusivenews.com.br\/"},{"@type":"ListItem","position":2,"name":"Eles vieram pra matar, dizem v\u00edtimas"}]},{"@type":"WebSite","@id":"https:\/\/inclusivenews.com.br\/#website","url":"https:\/\/inclusivenews.com.br\/","name":"Inclusive News","description":"Inclusive News","publisher":{"@id":"https:\/\/inclusivenews.com.br\/#organization"},"potentialAction":[{"@type":"SearchAction","target":{"@type":"EntryPoint","urlTemplate":"https:\/\/inclusivenews.com.br\/?s={search_term_string}"},"query-input":{"@type":"PropertyValueSpecification","valueRequired":true,"valueName":"search_term_string"}}],"inLanguage":"pt-PT"},{"@type":"Organization","@id":"https:\/\/inclusivenews.com.br\/#organization","name":"Inclusive - inclus\u00e3o e cidadania","url":"https:\/\/inclusivenews.com.br\/","logo":{"@type":"ImageObject","inLanguage":"pt-PT","@id":"https:\/\/inclusivenews.com.br\/#\/schema\/logo\/image\/","url":"https:\/\/inclusivenews.com.br\/wp-content\/uploads\/2024\/03\/@grandesite.png","contentUrl":"https:\/\/inclusivenews.com.br\/wp-content\/uploads\/2024\/03\/@grandesite.png","width":1080,"height":1080,"caption":"Inclusive - inclus\u00e3o e cidadania"},"image":{"@id":"https:\/\/inclusivenews.com.br\/#\/schema\/logo\/image\/"},"sameAs":["https:\/\/www.facebook.com\/agenciainclusive\/","https:\/\/www.instagram.com\/newsinclusive\/"]},{"@type":"Person","@id":"https:\/\/inclusivenews.com.br\/#\/schema\/person\/ae4ec7087559b8692fb33b6fffd2273b","name":"inclusivenews2024","image":{"@type":"ImageObject","inLanguage":"pt-PT","@id":"https:\/\/secure.gravatar.com\/avatar\/c5a7ef84c66fa914f55bc4f7ce26cfa275a3b9a1c5568b907bd184fb4dde7b40?s=96&d=mm&r=g","url":"https:\/\/secure.gravatar.com\/avatar\/c5a7ef84c66fa914f55bc4f7ce26cfa275a3b9a1c5568b907bd184fb4dde7b40?s=96&d=mm&r=g","contentUrl":"https:\/\/secure.gravatar.com\/avatar\/c5a7ef84c66fa914f55bc4f7ce26cfa275a3b9a1c5568b907bd184fb4dde7b40?s=96&d=mm&r=g","caption":"inclusivenews2024"},"sameAs":["https:\/\/inclusivenews.com.br"],"url":"https:\/\/inclusivenews.com.br\/?author=1"}]}},"_links":{"self":[{"href":"https:\/\/inclusivenews.com.br\/index.php?rest_route=\/wp\/v2\/posts\/20213","targetHints":{"allow":["GET"]}}],"collection":[{"href":"https:\/\/inclusivenews.com.br\/index.php?rest_route=\/wp\/v2\/posts"}],"about":[{"href":"https:\/\/inclusivenews.com.br\/index.php?rest_route=\/wp\/v2\/types\/post"}],"author":[{"embeddable":true,"href":"https:\/\/inclusivenews.com.br\/index.php?rest_route=\/wp\/v2\/users\/1"}],"replies":[{"embeddable":true,"href":"https:\/\/inclusivenews.com.br\/index.php?rest_route=%2Fwp%2Fv2%2Fcomments&post=20213"}],"version-history":[{"count":0,"href":"https:\/\/inclusivenews.com.br\/index.php?rest_route=\/wp\/v2\/posts\/20213\/revisions"}],"wp:attachment":[{"href":"https:\/\/inclusivenews.com.br\/index.php?rest_route=%2Fwp%2Fv2%2Fmedia&parent=20213"}],"wp:term":[{"taxonomy":"category","embeddable":true,"href":"https:\/\/inclusivenews.com.br\/index.php?rest_route=%2Fwp%2Fv2%2Fcategories&post=20213"},{"taxonomy":"post_tag","embeddable":true,"href":"https:\/\/inclusivenews.com.br\/index.php?rest_route=%2Fwp%2Fv2%2Ftags&post=20213"}],"curies":[{"name":"wp","href":"https:\/\/api.w.org\/{rel}","templated":true}]}}