{"id":20224,"date":"2011-07-06T23:56:41","date_gmt":"2011-07-07T02:56:41","guid":{"rendered":"http:\/\/www.inclusive.org.br\/?p=20224"},"modified":"2011-07-06T23:56:41","modified_gmt":"2011-07-07T02:56:41","slug":"em-mobilizacao-nacional-organizacoes-reivindicam-educacao-alimento-e-trabalho-decente","status":"publish","type":"post","link":"https:\/\/inclusivenews.com.br\/?p=20224","title":{"rendered":"Em mobiliza\u00e7\u00e3o nacional, organiza\u00e7\u00f5es reivindicam educa\u00e7\u00e3o, alimento e trabalho decente"},"content":{"rendered":"<p><img loading=\"lazy\" decoding=\"async\" class=\"alignleft size-medium wp-image-13141\" title=\"Inclusive - direitos humanos: o globo terrestre e \u00edcones representando pessoas de v\u00e1rias cores.\" src=\"http:\/\/inclusivenews.com.br\/wp-content\/uploads\/2009\/12\/Inclusive_direitos_humanos-300x246.jpg\" alt=\"Inclusive - direitos humanos: o globo terrestre e \u00edcones representando pessoas de v\u00e1rias cores.\" width=\"300\" height=\"246\" \/>N<em>o quesito educa\u00e7\u00e3o, o Dia Nacional de Mobiliza\u00e7\u00e3o exigir\u00e1 destina\u00e7\u00e3o de 10% do PIB brasileiro para o setor e a constru\u00e7\u00e3o de mais creches, o que favorece a autonomia econ\u00f4mica das mulheres.<\/em><\/p>\n<p><strong>Por Camila Queiroz, da Adital<\/strong><\/p>\n<p>Militantes sociais e sindicalistas da Central \u00danica dos Trabalhadores (CUT), Marcha Mundial das Mulheres, Movimento dos Trabalhadores Rurais Sem Terra (MST), Federa\u00e7\u00e3o \u00danica dos Petroleiros (FUP) e Central de Movimentos Populares (CMP) realizar\u00e3o, no Brasil, o Dia Nacional de Mobiliza\u00e7\u00e3o na luta por educa\u00e7\u00e3o, alimento e trabalho decente.<\/p>\n<p>Paralisa\u00e7\u00f5es, atraso na entrada do trabalho, passeatas, panfletagens e debates compor\u00e3o o Dia Nacional, que ocorrer\u00e1 de maneira descentralizada, em 23 dos 26 estados brasileiros, al\u00e9m do Distrito Federal. A expectativa dos organizadores \u00e9 que milhares de trabalhadores se unam \u00e0 manifesta\u00e7\u00e3o.<\/p>\n<p>De acordo com a militante da Sempreviva Organiza\u00e7\u00e3o Feminista (SOF) e da Marcha Mundial das Mulheres, S\u00f4nia Coelho, os movimentos decidiram se articular conjuntamente por entender que precisam fortalecer suas bandeiras no contexto de novo governo, sob o comando da presidenta Dilma Rousseff desde o in\u00edcio deste ano.<\/p>\n<p>&#8220;Estamos come\u00e7ando um novo governo, j\u00e1 est\u00e1 a\u00ed com seis meses, e esse \u00e9 o momento de os movimentos irem pra rua, mostrar que est\u00e3o mais vivos do que nunca e que querem conquistar direitos\u201d, afirmou.<\/p>\n<p>S\u00f4nia detalha que os movimentos analisam como boa a conjuntura econ\u00f4mica brasileira e, por isso, avaliam que esta \u00e9 a ocasi\u00e3o prop\u00edcia para reivindicar direitos sociais. &#8220;H\u00e1 temas que os movimentos entendem que t\u00eam que avan\u00e7ar no Brasil. O pa\u00eds est\u00e1 bem e \u00e9 hora de melhorar a distribui\u00e7\u00e3o de riqueza por meio da educa\u00e7\u00e3o, por exemplo, muito importante para gerar mais crescimento\u201d, ressaltou.<\/p>\n<p>Dentre as reivindica\u00e7\u00f5es, est\u00e1 o trabalho decente, eixo de luta que inclui o combate \u00e0 terceiriza\u00e7\u00e3o; remunera\u00e7\u00e3o igual para tarefa igual, no caso das mulheres, que muitas vezes recebem remunera\u00e7\u00e3o inferior aos homens mesmo desempenhando a mesma tarefa; fim do fator previdenci\u00e1rio, que atinge os trabalhadores aposentados ou prestes a se aposentar, al\u00e9m da redu\u00e7\u00e3o da jornada de trabalho, de 44 para 40 horas semanais, sem redu\u00e7\u00e3o salarial. &#8220;Uma demanda que est\u00e1 no Congresso desde meados da d\u00e9cada de 1990\u201d, comenta S\u00f4nia.<\/p>\n<p>No quesito educa\u00e7\u00e3o, o Dia Nacional de Mobiliza\u00e7\u00e3o exigir\u00e1 destina\u00e7\u00e3o de 10% do PIB brasileiro para o setor e a constru\u00e7\u00e3o de mais creches, o que favorece a autonomia econ\u00f4mica das mulheres.<\/p>\n<p>&#8220;Apenas 20% das crian\u00e7as tem acesso a creches, o que dificulta muito a participa\u00e7\u00e3o das mulheres no mercado de trabalho. O Dieese (Departamento Intersindical de Estat\u00edstica e Estudos S\u00f3cio-Econ\u00f4micos) divulgou um estudo mostrando exatamente isso, que a falta de creches afeta economicamente as mulheres, da\u00ed a import\u00e2ncia de defender o fortalecimento desses equipamentos de pol\u00edticas p\u00fablicas\u201d, enfatizou.<\/p>\n<p>Tamb\u00e9m un\u00e2nime entre as organiza\u00e7\u00f5es \u00e9 a luta por Reforma Agr\u00e1ria. &#8220;N\u00f3s queremos outro modelo de produ\u00e7\u00e3o, fortalecer a agricultura familiar, respons\u00e1vel por 70% dos alimentos consumidos no pa\u00eds, mas sem os investimentos necess\u00e1rios, \u00e9 inverter essa l\u00f3gica que faz com que o agroneg\u00f3cio leve a maior parte dos investimentos\u201d, explica, acrescentando que assim o valor dos alimentos poderia ser barateado.<\/p>\n<p>Somado a essa bandeira, vem o rep\u00fadio aos agrot\u00f3xicos, que causam adoecimento \u00e0 popula\u00e7\u00e3o e enriquecem transnacionais como Syngenta, Bayer e Monsanto, consideradas as maiores produtoras. Os movimentos revelam que, apenas em 2009, o Brasil consumiu cerca de um bilh\u00e3o de litros de agrot\u00f3xicos, o equivalente a cinco litros por brasileiro.<\/p>\n<p>Para saber o que cada estado vai realizar no Dia Nacional de Mobiliza\u00e7\u00e3o, acesse <a href=\"http:\/\/www.cut.org.br\/destaques\/20902\/rumo-ao-6-de-julho-dia-nacional-de-mobilizacao\">http:\/\/www.cut.org.br\/destaques\/20902\/rumo-ao-6-de-julho-dia-nacional-de-mobilizacao<\/a><\/p>\n<p>Fonte: <a href=\"http:\/\/www.adital.org.br\/site\/noticia.asp?lang=PT&amp;cat=7&amp;cod=58042\">Adital<\/a><\/p>\n","protected":false},"excerpt":{"rendered":"<p>No quesito educa\u00e7\u00e3o, o Dia Nacional de Mobiliza\u00e7\u00e3o exigir\u00e1 destina\u00e7\u00e3o de 10% do PIB brasileiro para o setor e a constru\u00e7\u00e3o de mais creches, o que favorece a autonomia econ\u00f4mica das mulheres.<\/p>\n","protected":false},"author":1,"featured_media":0,"comment_status":"open","ping_status":"open","sticky":false,"template":"","format":"standard","meta":{"site-container-style":"default","site-container-layout":"default","site-sidebar-layout":"default","disable-article-header":"default","disable-site-header":"default","disable-site-footer":"default","disable-content-area-spacing":"default","footnotes":""},"categories":[11,4],"tags":[],"class_list":["post-20224","post","type-post","status-publish","format-standard","hentry","category-direitos-humanos","category-noticias"],"yoast_head":"<!-- This site is optimized with the Yoast SEO plugin v27.5 - https:\/\/yoast.com\/product\/yoast-seo-wordpress\/ -->\n<title>Em mobiliza\u00e7\u00e3o nacional, organiza\u00e7\u00f5es reivindicam educa\u00e7\u00e3o, alimento e trabalho decente -<\/title>\n<meta name=\"robots\" content=\"index, follow, max-snippet:-1, max-image-preview:large, max-video-preview:-1\" \/>\n<link rel=\"canonical\" href=\"https:\/\/inclusivenews.com.br\/?p=20224\" \/>\n<meta property=\"og:locale\" content=\"pt_PT\" \/>\n<meta property=\"og:type\" content=\"article\" \/>\n<meta property=\"og:title\" content=\"Em mobiliza\u00e7\u00e3o nacional, organiza\u00e7\u00f5es reivindicam educa\u00e7\u00e3o, alimento e trabalho decente -\" \/>\n<meta property=\"og:description\" content=\"No quesito educa\u00e7\u00e3o, o Dia Nacional de Mobiliza\u00e7\u00e3o exigir\u00e1 destina\u00e7\u00e3o de 10% do PIB brasileiro para o setor e a constru\u00e7\u00e3o de mais creches, o que favorece a autonomia econ\u00f4mica das mulheres.\" \/>\n<meta property=\"og:url\" content=\"https:\/\/inclusivenews.com.br\/?p=20224\" \/>\n<meta property=\"article:publisher\" content=\"https:\/\/www.facebook.com\/agenciainclusive\/\" \/>\n<meta property=\"article:published_time\" content=\"2011-07-07T02:56:41+00:00\" \/>\n<meta property=\"og:image\" content=\"http:\/\/inclusivenews.com.br\/wp-content\/uploads\/2009\/12\/Inclusive_direitos_humanos-300x246.jpg\" \/>\n<meta name=\"author\" content=\"inclusivenews2024\" \/>\n<meta name=\"twitter:card\" content=\"summary_large_image\" \/>\n<meta name=\"twitter:label1\" content=\"Escrito por\" \/>\n\t<meta name=\"twitter:data1\" content=\"inclusivenews2024\" \/>\n\t<meta name=\"twitter:label2\" content=\"Tempo estimado de leitura\" \/>\n\t<meta name=\"twitter:data2\" content=\"3 minutos\" \/>\n<script type=\"application\/ld+json\" class=\"yoast-schema-graph\">{\"@context\":\"https:\\\/\\\/schema.org\",\"@graph\":[{\"@type\":\"Article\",\"@id\":\"https:\\\/\\\/inclusivenews.com.br\\\/?p=20224#article\",\"isPartOf\":{\"@id\":\"https:\\\/\\\/inclusivenews.com.br\\\/?p=20224\"},\"author\":{\"name\":\"inclusivenews2024\",\"@id\":\"https:\\\/\\\/inclusivenews.com.br\\\/#\\\/schema\\\/person\\\/ae4ec7087559b8692fb33b6fffd2273b\"},\"headline\":\"Em mobiliza\u00e7\u00e3o nacional, organiza\u00e7\u00f5es reivindicam educa\u00e7\u00e3o, alimento e trabalho decente\",\"datePublished\":\"2011-07-07T02:56:41+00:00\",\"mainEntityOfPage\":{\"@id\":\"https:\\\/\\\/inclusivenews.com.br\\\/?p=20224\"},\"wordCount\":643,\"commentCount\":0,\"publisher\":{\"@id\":\"https:\\\/\\\/inclusivenews.com.br\\\/#organization\"},\"image\":{\"@id\":\"https:\\\/\\\/inclusivenews.com.br\\\/?p=20224#primaryimage\"},\"thumbnailUrl\":\"http:\\\/\\\/inclusivenews.com.br\\\/wp-content\\\/uploads\\\/2009\\\/12\\\/Inclusive_direitos_humanos-300x246.jpg\",\"articleSection\":[\"DIREITOS HUMANOS\",\"NOT\u00cdCIAS\"],\"inLanguage\":\"pt-PT\",\"potentialAction\":[{\"@type\":\"CommentAction\",\"name\":\"Comment\",\"target\":[\"https:\\\/\\\/inclusivenews.com.br\\\/?p=20224#respond\"]}]},{\"@type\":\"WebPage\",\"@id\":\"https:\\\/\\\/inclusivenews.com.br\\\/?p=20224\",\"url\":\"https:\\\/\\\/inclusivenews.com.br\\\/?p=20224\",\"name\":\"Em mobiliza\u00e7\u00e3o nacional, organiza\u00e7\u00f5es reivindicam educa\u00e7\u00e3o, alimento e trabalho decente -\",\"isPartOf\":{\"@id\":\"https:\\\/\\\/inclusivenews.com.br\\\/#website\"},\"primaryImageOfPage\":{\"@id\":\"https:\\\/\\\/inclusivenews.com.br\\\/?p=20224#primaryimage\"},\"image\":{\"@id\":\"https:\\\/\\\/inclusivenews.com.br\\\/?p=20224#primaryimage\"},\"thumbnailUrl\":\"http:\\\/\\\/inclusivenews.com.br\\\/wp-content\\\/uploads\\\/2009\\\/12\\\/Inclusive_direitos_humanos-300x246.jpg\",\"datePublished\":\"2011-07-07T02:56:41+00:00\",\"breadcrumb\":{\"@id\":\"https:\\\/\\\/inclusivenews.com.br\\\/?p=20224#breadcrumb\"},\"inLanguage\":\"pt-PT\",\"potentialAction\":[{\"@type\":\"ReadAction\",\"target\":[\"https:\\\/\\\/inclusivenews.com.br\\\/?p=20224\"]}]},{\"@type\":\"ImageObject\",\"inLanguage\":\"pt-PT\",\"@id\":\"https:\\\/\\\/inclusivenews.com.br\\\/?p=20224#primaryimage\",\"url\":\"\",\"contentUrl\":\"\"},{\"@type\":\"BreadcrumbList\",\"@id\":\"https:\\\/\\\/inclusivenews.com.br\\\/?p=20224#breadcrumb\",\"itemListElement\":[{\"@type\":\"ListItem\",\"position\":1,\"name\":\"In\u00edcio\",\"item\":\"https:\\\/\\\/inclusivenews.com.br\\\/\"},{\"@type\":\"ListItem\",\"position\":2,\"name\":\"Em mobiliza\u00e7\u00e3o nacional, organiza\u00e7\u00f5es reivindicam educa\u00e7\u00e3o, alimento e trabalho decente\"}]},{\"@type\":\"WebSite\",\"@id\":\"https:\\\/\\\/inclusivenews.com.br\\\/#website\",\"url\":\"https:\\\/\\\/inclusivenews.com.br\\\/\",\"name\":\"Inclusive News\",\"description\":\"Inclusive News\",\"publisher\":{\"@id\":\"https:\\\/\\\/inclusivenews.com.br\\\/#organization\"},\"potentialAction\":[{\"@type\":\"SearchAction\",\"target\":{\"@type\":\"EntryPoint\",\"urlTemplate\":\"https:\\\/\\\/inclusivenews.com.br\\\/?s={search_term_string}\"},\"query-input\":{\"@type\":\"PropertyValueSpecification\",\"valueRequired\":true,\"valueName\":\"search_term_string\"}}],\"inLanguage\":\"pt-PT\"},{\"@type\":\"Organization\",\"@id\":\"https:\\\/\\\/inclusivenews.com.br\\\/#organization\",\"name\":\"Inclusive - inclus\u00e3o e cidadania\",\"url\":\"https:\\\/\\\/inclusivenews.com.br\\\/\",\"logo\":{\"@type\":\"ImageObject\",\"inLanguage\":\"pt-PT\",\"@id\":\"https:\\\/\\\/inclusivenews.com.br\\\/#\\\/schema\\\/logo\\\/image\\\/\",\"url\":\"https:\\\/\\\/inclusivenews.com.br\\\/wp-content\\\/uploads\\\/2024\\\/03\\\/@grandesite.png\",\"contentUrl\":\"https:\\\/\\\/inclusivenews.com.br\\\/wp-content\\\/uploads\\\/2024\\\/03\\\/@grandesite.png\",\"width\":1080,\"height\":1080,\"caption\":\"Inclusive - inclus\u00e3o e cidadania\"},\"image\":{\"@id\":\"https:\\\/\\\/inclusivenews.com.br\\\/#\\\/schema\\\/logo\\\/image\\\/\"},\"sameAs\":[\"https:\\\/\\\/www.facebook.com\\\/agenciainclusive\\\/\",\"https:\\\/\\\/www.instagram.com\\\/newsinclusive\\\/\"]},{\"@type\":\"Person\",\"@id\":\"https:\\\/\\\/inclusivenews.com.br\\\/#\\\/schema\\\/person\\\/ae4ec7087559b8692fb33b6fffd2273b\",\"name\":\"inclusivenews2024\",\"image\":{\"@type\":\"ImageObject\",\"inLanguage\":\"pt-PT\",\"@id\":\"https:\\\/\\\/secure.gravatar.com\\\/avatar\\\/c5a7ef84c66fa914f55bc4f7ce26cfa275a3b9a1c5568b907bd184fb4dde7b40?s=96&d=mm&r=g\",\"url\":\"https:\\\/\\\/secure.gravatar.com\\\/avatar\\\/c5a7ef84c66fa914f55bc4f7ce26cfa275a3b9a1c5568b907bd184fb4dde7b40?s=96&d=mm&r=g\",\"contentUrl\":\"https:\\\/\\\/secure.gravatar.com\\\/avatar\\\/c5a7ef84c66fa914f55bc4f7ce26cfa275a3b9a1c5568b907bd184fb4dde7b40?s=96&d=mm&r=g\",\"caption\":\"inclusivenews2024\"},\"sameAs\":[\"https:\\\/\\\/inclusivenews.com.br\"],\"url\":\"https:\\\/\\\/inclusivenews.com.br\\\/?author=1\"}]}<\/script>\n<!-- \/ Yoast SEO plugin. -->","yoast_head_json":{"title":"Em mobiliza\u00e7\u00e3o nacional, organiza\u00e7\u00f5es reivindicam educa\u00e7\u00e3o, alimento e trabalho decente -","robots":{"index":"index","follow":"follow","max-snippet":"max-snippet:-1","max-image-preview":"max-image-preview:large","max-video-preview":"max-video-preview:-1"},"canonical":"https:\/\/inclusivenews.com.br\/?p=20224","og_locale":"pt_PT","og_type":"article","og_title":"Em mobiliza\u00e7\u00e3o nacional, organiza\u00e7\u00f5es reivindicam educa\u00e7\u00e3o, alimento e trabalho decente -","og_description":"No quesito educa\u00e7\u00e3o, o Dia Nacional de Mobiliza\u00e7\u00e3o exigir\u00e1 destina\u00e7\u00e3o de 10% do PIB brasileiro para o setor e a constru\u00e7\u00e3o de mais creches, o que favorece a autonomia econ\u00f4mica das mulheres.","og_url":"https:\/\/inclusivenews.com.br\/?p=20224","article_publisher":"https:\/\/www.facebook.com\/agenciainclusive\/","article_published_time":"2011-07-07T02:56:41+00:00","og_image":[{"url":"http:\/\/inclusivenews.com.br\/wp-content\/uploads\/2009\/12\/Inclusive_direitos_humanos-300x246.jpg","type":"","width":"","height":""}],"author":"inclusivenews2024","twitter_card":"summary_large_image","twitter_misc":{"Escrito por":"inclusivenews2024","Tempo estimado de leitura":"3 minutos"},"schema":{"@context":"https:\/\/schema.org","@graph":[{"@type":"Article","@id":"https:\/\/inclusivenews.com.br\/?p=20224#article","isPartOf":{"@id":"https:\/\/inclusivenews.com.br\/?p=20224"},"author":{"name":"inclusivenews2024","@id":"https:\/\/inclusivenews.com.br\/#\/schema\/person\/ae4ec7087559b8692fb33b6fffd2273b"},"headline":"Em mobiliza\u00e7\u00e3o nacional, organiza\u00e7\u00f5es reivindicam educa\u00e7\u00e3o, alimento e trabalho decente","datePublished":"2011-07-07T02:56:41+00:00","mainEntityOfPage":{"@id":"https:\/\/inclusivenews.com.br\/?p=20224"},"wordCount":643,"commentCount":0,"publisher":{"@id":"https:\/\/inclusivenews.com.br\/#organization"},"image":{"@id":"https:\/\/inclusivenews.com.br\/?p=20224#primaryimage"},"thumbnailUrl":"http:\/\/inclusivenews.com.br\/wp-content\/uploads\/2009\/12\/Inclusive_direitos_humanos-300x246.jpg","articleSection":["DIREITOS HUMANOS","NOT\u00cdCIAS"],"inLanguage":"pt-PT","potentialAction":[{"@type":"CommentAction","name":"Comment","target":["https:\/\/inclusivenews.com.br\/?p=20224#respond"]}]},{"@type":"WebPage","@id":"https:\/\/inclusivenews.com.br\/?p=20224","url":"https:\/\/inclusivenews.com.br\/?p=20224","name":"Em mobiliza\u00e7\u00e3o nacional, organiza\u00e7\u00f5es reivindicam educa\u00e7\u00e3o, alimento e trabalho decente -","isPartOf":{"@id":"https:\/\/inclusivenews.com.br\/#website"},"primaryImageOfPage":{"@id":"https:\/\/inclusivenews.com.br\/?p=20224#primaryimage"},"image":{"@id":"https:\/\/inclusivenews.com.br\/?p=20224#primaryimage"},"thumbnailUrl":"http:\/\/inclusivenews.com.br\/wp-content\/uploads\/2009\/12\/Inclusive_direitos_humanos-300x246.jpg","datePublished":"2011-07-07T02:56:41+00:00","breadcrumb":{"@id":"https:\/\/inclusivenews.com.br\/?p=20224#breadcrumb"},"inLanguage":"pt-PT","potentialAction":[{"@type":"ReadAction","target":["https:\/\/inclusivenews.com.br\/?p=20224"]}]},{"@type":"ImageObject","inLanguage":"pt-PT","@id":"https:\/\/inclusivenews.com.br\/?p=20224#primaryimage","url":"","contentUrl":""},{"@type":"BreadcrumbList","@id":"https:\/\/inclusivenews.com.br\/?p=20224#breadcrumb","itemListElement":[{"@type":"ListItem","position":1,"name":"In\u00edcio","item":"https:\/\/inclusivenews.com.br\/"},{"@type":"ListItem","position":2,"name":"Em mobiliza\u00e7\u00e3o nacional, organiza\u00e7\u00f5es reivindicam educa\u00e7\u00e3o, alimento e trabalho decente"}]},{"@type":"WebSite","@id":"https:\/\/inclusivenews.com.br\/#website","url":"https:\/\/inclusivenews.com.br\/","name":"Inclusive News","description":"Inclusive News","publisher":{"@id":"https:\/\/inclusivenews.com.br\/#organization"},"potentialAction":[{"@type":"SearchAction","target":{"@type":"EntryPoint","urlTemplate":"https:\/\/inclusivenews.com.br\/?s={search_term_string}"},"query-input":{"@type":"PropertyValueSpecification","valueRequired":true,"valueName":"search_term_string"}}],"inLanguage":"pt-PT"},{"@type":"Organization","@id":"https:\/\/inclusivenews.com.br\/#organization","name":"Inclusive - inclus\u00e3o e cidadania","url":"https:\/\/inclusivenews.com.br\/","logo":{"@type":"ImageObject","inLanguage":"pt-PT","@id":"https:\/\/inclusivenews.com.br\/#\/schema\/logo\/image\/","url":"https:\/\/inclusivenews.com.br\/wp-content\/uploads\/2024\/03\/@grandesite.png","contentUrl":"https:\/\/inclusivenews.com.br\/wp-content\/uploads\/2024\/03\/@grandesite.png","width":1080,"height":1080,"caption":"Inclusive - inclus\u00e3o e cidadania"},"image":{"@id":"https:\/\/inclusivenews.com.br\/#\/schema\/logo\/image\/"},"sameAs":["https:\/\/www.facebook.com\/agenciainclusive\/","https:\/\/www.instagram.com\/newsinclusive\/"]},{"@type":"Person","@id":"https:\/\/inclusivenews.com.br\/#\/schema\/person\/ae4ec7087559b8692fb33b6fffd2273b","name":"inclusivenews2024","image":{"@type":"ImageObject","inLanguage":"pt-PT","@id":"https:\/\/secure.gravatar.com\/avatar\/c5a7ef84c66fa914f55bc4f7ce26cfa275a3b9a1c5568b907bd184fb4dde7b40?s=96&d=mm&r=g","url":"https:\/\/secure.gravatar.com\/avatar\/c5a7ef84c66fa914f55bc4f7ce26cfa275a3b9a1c5568b907bd184fb4dde7b40?s=96&d=mm&r=g","contentUrl":"https:\/\/secure.gravatar.com\/avatar\/c5a7ef84c66fa914f55bc4f7ce26cfa275a3b9a1c5568b907bd184fb4dde7b40?s=96&d=mm&r=g","caption":"inclusivenews2024"},"sameAs":["https:\/\/inclusivenews.com.br"],"url":"https:\/\/inclusivenews.com.br\/?author=1"}]}},"_links":{"self":[{"href":"https:\/\/inclusivenews.com.br\/index.php?rest_route=\/wp\/v2\/posts\/20224","targetHints":{"allow":["GET"]}}],"collection":[{"href":"https:\/\/inclusivenews.com.br\/index.php?rest_route=\/wp\/v2\/posts"}],"about":[{"href":"https:\/\/inclusivenews.com.br\/index.php?rest_route=\/wp\/v2\/types\/post"}],"author":[{"embeddable":true,"href":"https:\/\/inclusivenews.com.br\/index.php?rest_route=\/wp\/v2\/users\/1"}],"replies":[{"embeddable":true,"href":"https:\/\/inclusivenews.com.br\/index.php?rest_route=%2Fwp%2Fv2%2Fcomments&post=20224"}],"version-history":[{"count":0,"href":"https:\/\/inclusivenews.com.br\/index.php?rest_route=\/wp\/v2\/posts\/20224\/revisions"}],"wp:attachment":[{"href":"https:\/\/inclusivenews.com.br\/index.php?rest_route=%2Fwp%2Fv2%2Fmedia&parent=20224"}],"wp:term":[{"taxonomy":"category","embeddable":true,"href":"https:\/\/inclusivenews.com.br\/index.php?rest_route=%2Fwp%2Fv2%2Fcategories&post=20224"},{"taxonomy":"post_tag","embeddable":true,"href":"https:\/\/inclusivenews.com.br\/index.php?rest_route=%2Fwp%2Fv2%2Ftags&post=20224"}],"curies":[{"name":"wp","href":"https:\/\/api.w.org\/{rel}","templated":true}]}}