{"id":20357,"date":"2011-07-21T03:02:25","date_gmt":"2011-07-21T06:02:25","guid":{"rendered":"http:\/\/www.inclusive.org.br\/?p=20357"},"modified":"2011-07-21T03:02:25","modified_gmt":"2011-07-21T06:02:25","slug":"instalacao-do-nucleo-de-projetos-sociais-da-adh-poars","status":"publish","type":"post","link":"https:\/\/inclusivenews.com.br\/?p=20357","title":{"rendered":"Instala\u00e7\u00e3o do N\u00facleo de Projetos Sociais da ADH &#8211; POA\/RS"},"content":{"rendered":"<p><a rel=\"attachment wp-att-20358\" href=\"http:\/\/www.inclusive.org.br\/?attachment_id=20358\"><img decoding=\"async\" class=\"size-medium wp-image-20358\" title=\"CONVITE_INSTALACAO_PROJETOS_SOCIAIS\" src=\"http:\/\/inclusivenews.com.br\/wp-content\/uploads\/CONVITE_INSTALACAO_PROJETOS_SOCIAIS-208x300.jpg\" alt=\"\" \/> <\/a> TEATRO RENASCEN\u00c7A SER\u00c1 PALCO DA INSTALA\u00c7\u00c3O DO N\u00daCLEO DE PROJETOS SOCIAIS DA ADH<\/p>\n<p><a rel=\"attachment wp-att-20358\" href=\"http:\/\/www.inclusive.org.br\/?attachment_id=20358\"> <\/a>A Brigada Militar far\u00e1 a solenidade de Instala\u00e7\u00e3o do N\u00facleo de Projetos Sociais, vinculado a Assessoria de Direitos Humanos, no dia 20 de julho de 2011, as 14h, no Teatro Renascen\u00e7a, em Porto Alegre. O N\u00facleo de Projetos Sociais \u00e9 respons\u00e1vel pela coordena\u00e7\u00e3o pedag\u00f3gica dos programas, projetos e a\u00e7\u00f5es sociais da institui\u00e7\u00e3o, principalmente os direcionados \u00e0s crian\u00e7as e aos adolescentes, visando a integra\u00e7\u00e3o com a comunidade. Est\u00e3o convidados para a solenidade o Governador do Estado, Tarso Genro, a Ministra de Direitos Humanos, Maria do Ros\u00e1rio, os Secret\u00e1rios Estaduais da Seguran\u00e7a P\u00fablica, da Justi\u00e7a e Direitos Humanos e da Educa\u00e7\u00e3o, o Prefeito de Porto Alegre e os Secret\u00e1rios Municipais de Educa\u00e7\u00e3o e da Cultura, Presidentes da Assembl\u00e9ia\u00a0<a rel=\"attachment wp-att-20358\" href=\"http:\/\/www.inclusive.org.br\/?attachment_id=20358\"> <\/a>Legislativa e da C\u00e2mara de Vereadores de Porto Alegre e diversas autoridades dos Poderes Executivo, Legislativo e Judici\u00e1rio, al\u00e9m de Comiss\u00f5es de Direitos Humanos, comunidade escolar e entidades vinculadas \u00e0 educa\u00e7\u00e3o e aos Direitos Humanos. Ap\u00f3s a solenidade ser\u00e1 apresentada a pe\u00e7a teatral &#8220;Ser Policial n\u00e3o \u00e9 f\u00e1cil!&#8221;, baseada na Cartilha de Direitos Humanos da SENASP\/MJ, pelo Projeto Social &#8220;Brigada em Cena&#8221;, do 4\u00ba Batalh\u00e3o de Policiamento em \u00c1reas de Fronteira, de Santa Rosa.<\/p>\n<p>Fonte &#8211;<a href=\"http:\/\/direitoshumanosbm.blogspot.com\/2011\/07\/teatro-renascenca-sera-palco-da.html\"> http:\/\/direitoshumanosbm.blogspot.com\/2011\/07\/teatro-renascenca-sera-palco-da.html<\/a>\ufeff \ufeff<\/p>\n","protected":false},"excerpt":{"rendered":"<p>O N\u00facleo \u00e9 respons\u00e1vel pela coordena\u00e7\u00e3o pedag\u00f3gica dos programas, projetos e a\u00e7\u00f5es sociais da institui\u00e7\u00e3o, principalmente os direcionados \u00e0s crian\u00e7as e aos adolescentes, visando a integra\u00e7\u00e3o com a comunidade. <\/p>\n","protected":false},"author":1,"featured_media":0,"comment_status":"open","ping_status":"open","sticky":false,"template":"","format":"standard","meta":{"site-container-style":"default","site-container-layout":"default","site-sidebar-layout":"default","disable-article-header":"default","disable-site-header":"default","disable-site-footer":"default","disable-content-area-spacing":"default","footnotes":""},"categories":[11,4],"tags":[],"class_list":["post-20357","post","type-post","status-publish","format-standard","hentry","category-direitos-humanos","category-noticias"],"yoast_head":"<!-- This site is optimized with the Yoast SEO plugin v27.4 - https:\/\/yoast.com\/product\/yoast-seo-wordpress\/ -->\n<title>Instala\u00e7\u00e3o do N\u00facleo de Projetos Sociais da ADH - POA\/RS -<\/title>\n<meta name=\"robots\" content=\"index, follow, max-snippet:-1, max-image-preview:large, max-video-preview:-1\" \/>\n<link rel=\"canonical\" href=\"https:\/\/inclusivenews.com.br\/?p=20357\" \/>\n<meta property=\"og:locale\" content=\"pt_PT\" \/>\n<meta property=\"og:type\" content=\"article\" \/>\n<meta property=\"og:title\" content=\"Instala\u00e7\u00e3o do N\u00facleo de Projetos Sociais da ADH - POA\/RS -\" \/>\n<meta property=\"og:description\" content=\"O N\u00facleo \u00e9 respons\u00e1vel pela coordena\u00e7\u00e3o pedag\u00f3gica dos programas, projetos e a\u00e7\u00f5es sociais da institui\u00e7\u00e3o, principalmente os direcionados \u00e0s crian\u00e7as e aos adolescentes, visando a integra\u00e7\u00e3o com a comunidade.\" \/>\n<meta property=\"og:url\" content=\"https:\/\/inclusivenews.com.br\/?p=20357\" \/>\n<meta property=\"article:publisher\" content=\"https:\/\/www.facebook.com\/agenciainclusive\/\" \/>\n<meta property=\"article:published_time\" content=\"2011-07-21T06:02:25+00:00\" \/>\n<meta property=\"og:image\" content=\"http:\/\/inclusivenews.com.br\/wp-content\/uploads\/CONVITE_INSTALACAO_PROJETOS_SOCIAIS-208x300.jpg\" \/>\n<meta name=\"author\" content=\"inclusivenews2024\" \/>\n<meta name=\"twitter:card\" content=\"summary_large_image\" \/>\n<meta name=\"twitter:label1\" content=\"Escrito por\" \/>\n\t<meta name=\"twitter:data1\" content=\"inclusivenews2024\" \/>\n\t<meta name=\"twitter:label2\" content=\"Tempo estimado de leitura\" \/>\n\t<meta name=\"twitter:data2\" content=\"1 minuto\" \/>\n<script type=\"application\/ld+json\" class=\"yoast-schema-graph\">{\"@context\":\"https:\\\/\\\/schema.org\",\"@graph\":[{\"@type\":\"Article\",\"@id\":\"https:\\\/\\\/inclusivenews.com.br\\\/?p=20357#article\",\"isPartOf\":{\"@id\":\"https:\\\/\\\/inclusivenews.com.br\\\/?p=20357\"},\"author\":{\"name\":\"inclusivenews2024\",\"@id\":\"https:\\\/\\\/inclusivenews.com.br\\\/#\\\/schema\\\/person\\\/ae4ec7087559b8692fb33b6fffd2273b\"},\"headline\":\"Instala\u00e7\u00e3o do N\u00facleo de Projetos Sociais da ADH &#8211; POA\\\/RS\",\"datePublished\":\"2011-07-21T06:02:25+00:00\",\"mainEntityOfPage\":{\"@id\":\"https:\\\/\\\/inclusivenews.com.br\\\/?p=20357\"},\"wordCount\":253,\"commentCount\":0,\"publisher\":{\"@id\":\"https:\\\/\\\/inclusivenews.com.br\\\/#organization\"},\"image\":{\"@id\":\"https:\\\/\\\/inclusivenews.com.br\\\/?p=20357#primaryimage\"},\"thumbnailUrl\":\"http:\\\/\\\/inclusivenews.com.br\\\/wp-content\\\/uploads\\\/CONVITE_INSTALACAO_PROJETOS_SOCIAIS-208x300.jpg\",\"articleSection\":[\"DIREITOS HUMANOS\",\"NOT\u00cdCIAS\"],\"inLanguage\":\"pt-PT\",\"potentialAction\":[{\"@type\":\"CommentAction\",\"name\":\"Comment\",\"target\":[\"https:\\\/\\\/inclusivenews.com.br\\\/?p=20357#respond\"]}]},{\"@type\":\"WebPage\",\"@id\":\"https:\\\/\\\/inclusivenews.com.br\\\/?p=20357\",\"url\":\"https:\\\/\\\/inclusivenews.com.br\\\/?p=20357\",\"name\":\"Instala\u00e7\u00e3o do N\u00facleo de Projetos Sociais da ADH - POA\\\/RS -\",\"isPartOf\":{\"@id\":\"https:\\\/\\\/inclusivenews.com.br\\\/#website\"},\"primaryImageOfPage\":{\"@id\":\"https:\\\/\\\/inclusivenews.com.br\\\/?p=20357#primaryimage\"},\"image\":{\"@id\":\"https:\\\/\\\/inclusivenews.com.br\\\/?p=20357#primaryimage\"},\"thumbnailUrl\":\"http:\\\/\\\/inclusivenews.com.br\\\/wp-content\\\/uploads\\\/CONVITE_INSTALACAO_PROJETOS_SOCIAIS-208x300.jpg\",\"datePublished\":\"2011-07-21T06:02:25+00:00\",\"breadcrumb\":{\"@id\":\"https:\\\/\\\/inclusivenews.com.br\\\/?p=20357#breadcrumb\"},\"inLanguage\":\"pt-PT\",\"potentialAction\":[{\"@type\":\"ReadAction\",\"target\":[\"https:\\\/\\\/inclusivenews.com.br\\\/?p=20357\"]}]},{\"@type\":\"ImageObject\",\"inLanguage\":\"pt-PT\",\"@id\":\"https:\\\/\\\/inclusivenews.com.br\\\/?p=20357#primaryimage\",\"url\":\"\",\"contentUrl\":\"\"},{\"@type\":\"BreadcrumbList\",\"@id\":\"https:\\\/\\\/inclusivenews.com.br\\\/?p=20357#breadcrumb\",\"itemListElement\":[{\"@type\":\"ListItem\",\"position\":1,\"name\":\"In\u00edcio\",\"item\":\"https:\\\/\\\/inclusivenews.com.br\\\/\"},{\"@type\":\"ListItem\",\"position\":2,\"name\":\"Instala\u00e7\u00e3o do N\u00facleo de Projetos Sociais da ADH &#8211; POA\\\/RS\"}]},{\"@type\":\"WebSite\",\"@id\":\"https:\\\/\\\/inclusivenews.com.br\\\/#website\",\"url\":\"https:\\\/\\\/inclusivenews.com.br\\\/\",\"name\":\"Inclusive News\",\"description\":\"Inclusive News\",\"publisher\":{\"@id\":\"https:\\\/\\\/inclusivenews.com.br\\\/#organization\"},\"potentialAction\":[{\"@type\":\"SearchAction\",\"target\":{\"@type\":\"EntryPoint\",\"urlTemplate\":\"https:\\\/\\\/inclusivenews.com.br\\\/?s={search_term_string}\"},\"query-input\":{\"@type\":\"PropertyValueSpecification\",\"valueRequired\":true,\"valueName\":\"search_term_string\"}}],\"inLanguage\":\"pt-PT\"},{\"@type\":\"Organization\",\"@id\":\"https:\\\/\\\/inclusivenews.com.br\\\/#organization\",\"name\":\"Inclusive - inclus\u00e3o e cidadania\",\"url\":\"https:\\\/\\\/inclusivenews.com.br\\\/\",\"logo\":{\"@type\":\"ImageObject\",\"inLanguage\":\"pt-PT\",\"@id\":\"https:\\\/\\\/inclusivenews.com.br\\\/#\\\/schema\\\/logo\\\/image\\\/\",\"url\":\"https:\\\/\\\/inclusivenews.com.br\\\/wp-content\\\/uploads\\\/2024\\\/03\\\/@grandesite.png\",\"contentUrl\":\"https:\\\/\\\/inclusivenews.com.br\\\/wp-content\\\/uploads\\\/2024\\\/03\\\/@grandesite.png\",\"width\":1080,\"height\":1080,\"caption\":\"Inclusive - inclus\u00e3o e cidadania\"},\"image\":{\"@id\":\"https:\\\/\\\/inclusivenews.com.br\\\/#\\\/schema\\\/logo\\\/image\\\/\"},\"sameAs\":[\"https:\\\/\\\/www.facebook.com\\\/agenciainclusive\\\/\",\"https:\\\/\\\/www.instagram.com\\\/newsinclusive\\\/\"]},{\"@type\":\"Person\",\"@id\":\"https:\\\/\\\/inclusivenews.com.br\\\/#\\\/schema\\\/person\\\/ae4ec7087559b8692fb33b6fffd2273b\",\"name\":\"inclusivenews2024\",\"image\":{\"@type\":\"ImageObject\",\"inLanguage\":\"pt-PT\",\"@id\":\"https:\\\/\\\/secure.gravatar.com\\\/avatar\\\/c5a7ef84c66fa914f55bc4f7ce26cfa275a3b9a1c5568b907bd184fb4dde7b40?s=96&d=mm&r=g\",\"url\":\"https:\\\/\\\/secure.gravatar.com\\\/avatar\\\/c5a7ef84c66fa914f55bc4f7ce26cfa275a3b9a1c5568b907bd184fb4dde7b40?s=96&d=mm&r=g\",\"contentUrl\":\"https:\\\/\\\/secure.gravatar.com\\\/avatar\\\/c5a7ef84c66fa914f55bc4f7ce26cfa275a3b9a1c5568b907bd184fb4dde7b40?s=96&d=mm&r=g\",\"caption\":\"inclusivenews2024\"},\"sameAs\":[\"https:\\\/\\\/inclusivenews.com.br\"],\"url\":\"https:\\\/\\\/inclusivenews.com.br\\\/?author=1\"}]}<\/script>\n<!-- \/ Yoast SEO plugin. -->","yoast_head_json":{"title":"Instala\u00e7\u00e3o do N\u00facleo de Projetos Sociais da ADH - POA\/RS -","robots":{"index":"index","follow":"follow","max-snippet":"max-snippet:-1","max-image-preview":"max-image-preview:large","max-video-preview":"max-video-preview:-1"},"canonical":"https:\/\/inclusivenews.com.br\/?p=20357","og_locale":"pt_PT","og_type":"article","og_title":"Instala\u00e7\u00e3o do N\u00facleo de Projetos Sociais da ADH - POA\/RS -","og_description":"O N\u00facleo \u00e9 respons\u00e1vel pela coordena\u00e7\u00e3o pedag\u00f3gica dos programas, projetos e a\u00e7\u00f5es sociais da institui\u00e7\u00e3o, principalmente os direcionados \u00e0s crian\u00e7as e aos adolescentes, visando a integra\u00e7\u00e3o com a comunidade.","og_url":"https:\/\/inclusivenews.com.br\/?p=20357","article_publisher":"https:\/\/www.facebook.com\/agenciainclusive\/","article_published_time":"2011-07-21T06:02:25+00:00","og_image":[{"url":"http:\/\/inclusivenews.com.br\/wp-content\/uploads\/CONVITE_INSTALACAO_PROJETOS_SOCIAIS-208x300.jpg","type":"","width":"","height":""}],"author":"inclusivenews2024","twitter_card":"summary_large_image","twitter_misc":{"Escrito por":"inclusivenews2024","Tempo estimado de leitura":"1 minuto"},"schema":{"@context":"https:\/\/schema.org","@graph":[{"@type":"Article","@id":"https:\/\/inclusivenews.com.br\/?p=20357#article","isPartOf":{"@id":"https:\/\/inclusivenews.com.br\/?p=20357"},"author":{"name":"inclusivenews2024","@id":"https:\/\/inclusivenews.com.br\/#\/schema\/person\/ae4ec7087559b8692fb33b6fffd2273b"},"headline":"Instala\u00e7\u00e3o do N\u00facleo de Projetos Sociais da ADH &#8211; POA\/RS","datePublished":"2011-07-21T06:02:25+00:00","mainEntityOfPage":{"@id":"https:\/\/inclusivenews.com.br\/?p=20357"},"wordCount":253,"commentCount":0,"publisher":{"@id":"https:\/\/inclusivenews.com.br\/#organization"},"image":{"@id":"https:\/\/inclusivenews.com.br\/?p=20357#primaryimage"},"thumbnailUrl":"http:\/\/inclusivenews.com.br\/wp-content\/uploads\/CONVITE_INSTALACAO_PROJETOS_SOCIAIS-208x300.jpg","articleSection":["DIREITOS HUMANOS","NOT\u00cdCIAS"],"inLanguage":"pt-PT","potentialAction":[{"@type":"CommentAction","name":"Comment","target":["https:\/\/inclusivenews.com.br\/?p=20357#respond"]}]},{"@type":"WebPage","@id":"https:\/\/inclusivenews.com.br\/?p=20357","url":"https:\/\/inclusivenews.com.br\/?p=20357","name":"Instala\u00e7\u00e3o do N\u00facleo de Projetos Sociais da ADH - POA\/RS -","isPartOf":{"@id":"https:\/\/inclusivenews.com.br\/#website"},"primaryImageOfPage":{"@id":"https:\/\/inclusivenews.com.br\/?p=20357#primaryimage"},"image":{"@id":"https:\/\/inclusivenews.com.br\/?p=20357#primaryimage"},"thumbnailUrl":"http:\/\/inclusivenews.com.br\/wp-content\/uploads\/CONVITE_INSTALACAO_PROJETOS_SOCIAIS-208x300.jpg","datePublished":"2011-07-21T06:02:25+00:00","breadcrumb":{"@id":"https:\/\/inclusivenews.com.br\/?p=20357#breadcrumb"},"inLanguage":"pt-PT","potentialAction":[{"@type":"ReadAction","target":["https:\/\/inclusivenews.com.br\/?p=20357"]}]},{"@type":"ImageObject","inLanguage":"pt-PT","@id":"https:\/\/inclusivenews.com.br\/?p=20357#primaryimage","url":"","contentUrl":""},{"@type":"BreadcrumbList","@id":"https:\/\/inclusivenews.com.br\/?p=20357#breadcrumb","itemListElement":[{"@type":"ListItem","position":1,"name":"In\u00edcio","item":"https:\/\/inclusivenews.com.br\/"},{"@type":"ListItem","position":2,"name":"Instala\u00e7\u00e3o do N\u00facleo de Projetos Sociais da ADH &#8211; POA\/RS"}]},{"@type":"WebSite","@id":"https:\/\/inclusivenews.com.br\/#website","url":"https:\/\/inclusivenews.com.br\/","name":"Inclusive News","description":"Inclusive News","publisher":{"@id":"https:\/\/inclusivenews.com.br\/#organization"},"potentialAction":[{"@type":"SearchAction","target":{"@type":"EntryPoint","urlTemplate":"https:\/\/inclusivenews.com.br\/?s={search_term_string}"},"query-input":{"@type":"PropertyValueSpecification","valueRequired":true,"valueName":"search_term_string"}}],"inLanguage":"pt-PT"},{"@type":"Organization","@id":"https:\/\/inclusivenews.com.br\/#organization","name":"Inclusive - inclus\u00e3o e cidadania","url":"https:\/\/inclusivenews.com.br\/","logo":{"@type":"ImageObject","inLanguage":"pt-PT","@id":"https:\/\/inclusivenews.com.br\/#\/schema\/logo\/image\/","url":"https:\/\/inclusivenews.com.br\/wp-content\/uploads\/2024\/03\/@grandesite.png","contentUrl":"https:\/\/inclusivenews.com.br\/wp-content\/uploads\/2024\/03\/@grandesite.png","width":1080,"height":1080,"caption":"Inclusive - inclus\u00e3o e cidadania"},"image":{"@id":"https:\/\/inclusivenews.com.br\/#\/schema\/logo\/image\/"},"sameAs":["https:\/\/www.facebook.com\/agenciainclusive\/","https:\/\/www.instagram.com\/newsinclusive\/"]},{"@type":"Person","@id":"https:\/\/inclusivenews.com.br\/#\/schema\/person\/ae4ec7087559b8692fb33b6fffd2273b","name":"inclusivenews2024","image":{"@type":"ImageObject","inLanguage":"pt-PT","@id":"https:\/\/secure.gravatar.com\/avatar\/c5a7ef84c66fa914f55bc4f7ce26cfa275a3b9a1c5568b907bd184fb4dde7b40?s=96&d=mm&r=g","url":"https:\/\/secure.gravatar.com\/avatar\/c5a7ef84c66fa914f55bc4f7ce26cfa275a3b9a1c5568b907bd184fb4dde7b40?s=96&d=mm&r=g","contentUrl":"https:\/\/secure.gravatar.com\/avatar\/c5a7ef84c66fa914f55bc4f7ce26cfa275a3b9a1c5568b907bd184fb4dde7b40?s=96&d=mm&r=g","caption":"inclusivenews2024"},"sameAs":["https:\/\/inclusivenews.com.br"],"url":"https:\/\/inclusivenews.com.br\/?author=1"}]}},"_links":{"self":[{"href":"https:\/\/inclusivenews.com.br\/index.php?rest_route=\/wp\/v2\/posts\/20357","targetHints":{"allow":["GET"]}}],"collection":[{"href":"https:\/\/inclusivenews.com.br\/index.php?rest_route=\/wp\/v2\/posts"}],"about":[{"href":"https:\/\/inclusivenews.com.br\/index.php?rest_route=\/wp\/v2\/types\/post"}],"author":[{"embeddable":true,"href":"https:\/\/inclusivenews.com.br\/index.php?rest_route=\/wp\/v2\/users\/1"}],"replies":[{"embeddable":true,"href":"https:\/\/inclusivenews.com.br\/index.php?rest_route=%2Fwp%2Fv2%2Fcomments&post=20357"}],"version-history":[{"count":0,"href":"https:\/\/inclusivenews.com.br\/index.php?rest_route=\/wp\/v2\/posts\/20357\/revisions"}],"wp:attachment":[{"href":"https:\/\/inclusivenews.com.br\/index.php?rest_route=%2Fwp%2Fv2%2Fmedia&parent=20357"}],"wp:term":[{"taxonomy":"category","embeddable":true,"href":"https:\/\/inclusivenews.com.br\/index.php?rest_route=%2Fwp%2Fv2%2Fcategories&post=20357"},{"taxonomy":"post_tag","embeddable":true,"href":"https:\/\/inclusivenews.com.br\/index.php?rest_route=%2Fwp%2Fv2%2Ftags&post=20357"}],"curies":[{"name":"wp","href":"https:\/\/api.w.org\/{rel}","templated":true}]}}