{"id":20360,"date":"2011-07-21T02:56:41","date_gmt":"2011-07-21T05:56:41","guid":{"rendered":"http:\/\/www.inclusive.org.br\/?p=20360"},"modified":"2011-07-21T02:56:41","modified_gmt":"2011-07-21T05:56:41","slug":"sociedade-pela-responsabilidade-publica","status":"publish","type":"post","link":"https:\/\/inclusivenews.com.br\/?p=20360","title":{"rendered":"Sociedade pela Responsabilidade P\u00fablica"},"content":{"rendered":"<p><strong><img loading=\"lazy\" decoding=\"async\" class=\"alignleft size-full wp-image-20456\" title=\"marca-srp\" src=\"http:\/\/inclusivenews.com.br\/wp-content\/uploads\/marca-srp.png\" alt=\"Logo em azul da Sociedade pela Responsabilidade P\u00fablica - SRP.\" width=\"170\" height=\"221\" \/>Criada no Rio entidade de apoio jur\u00eddico a v\u00edtimas de omiss\u00e3o ou dolo de autoridades<\/strong><\/p>\n<p>Foi criada a Sociedade pela Responsabilidade P\u00fablica (SRP), entidade que se prop\u00f5e a apoiar reclama\u00e7\u00f5es de cidad\u00e3os e organiza\u00e7\u00f5es por indeniza\u00e7\u00f5es e pela responsabiliza\u00e7\u00e3o de autoridades por omiss\u00e3o, inc\u00faria ou dolo. A iniciativa \u00e9 de um grupo de advogados e outros profissionais, que se mobilizaram com este objetivo desde a trag\u00e9dia ocorrida na Regi\u00e3o Serrana do Rio de Janeiro, em janeiro deste ano. A SRP busca tamb\u00e9m o aprimoramento da legisla\u00e7\u00e3o, a come\u00e7ar pela cria\u00e7\u00e3o de uma Lei de Responsabilidade Social ou Lei de Defesa do Cidad\u00e3o.<\/p>\n<p>A assembl\u00e9ia de funda\u00e7\u00e3o foi realizada na noite desta quarta-feira (13 de julho), seis meses ap\u00f3s aquela cat\u00e1strofe e na semana em que a imprensa noticia que v\u00edtimas ainda n\u00e3o receberam o apoio das autoridades e que verbas destinadas \u00e0 reconstru\u00e7\u00e3o podem ter sido desviadas para propina. Foram quase mil pessoas mortas, mais de 350 desaparecidos e centenas de casas destru\u00eddas. Um ano antes, diversos deslizamentos de terra assolaram Angra dos Reis e Niter\u00f3i.<\/p>\n<p><strong>Repara\u00e7\u00e3o justa<\/strong><\/p>\n<p>Segundo o advogado Francisco de Assis Chagas de Mello e Silva, presidente da SRP, \u201cmuitas trag\u00e9dias ocorreram no pa\u00eds e lamentavelmente outras ocorrer\u00e3o, sem que as v\u00edtimas recebam a repara\u00e7\u00e3o justa\u201d. Segundo Mello e Silva, a trag\u00e9dia de 2011 no Rio de Janeiro provocou a cria\u00e7\u00e3o da Sociedade, mas a sua atua\u00e7\u00e3o n\u00e3o estar\u00e1 restrita a essa ocorr\u00eancia. A SRP poder\u00e1 apoiar com orienta\u00e7\u00e3o jur\u00eddica demandas de v\u00edtimas de eventos semelhantes que tenham acontecido ou venham a acontecer no pa\u00eds.<\/p>\n<p>Mello e Silva acrescentou que a entidade pretende abrir novas possibilidades de solidariedade \u00e0s v\u00edtimas, ampliando o seu acesso \u00e0 Justi\u00e7a, al\u00e9m de contribuir para a melhoria da governan\u00e7a e dos servi\u00e7os p\u00fablicos e para reduzir as conseq\u00fc\u00eancias das trag\u00e9dias. &#8220;O prop\u00f3sito nodal da Sociedade \u00e9 exigir do servidor p\u00fablico que sirva ao p\u00fablico e n\u00e3o a si mesmo. N\u00e3o se pode prescindir de um m\u00ednimo de zelo. Se os servidores apenas cumprissem as suas mais elementares obriga\u00e7\u00f5es, o Brasil seria um pa\u00eds excepcional&#8221;, disse o presidente da SRP.<\/p>\n<p><strong>Diretoria<\/strong><\/p>\n<p><em>Presidente<\/em> \u2013 Francisco de Assis Chagas de Mello e Silva \u2013 Advogado. S\u00f3cio do Escrit\u00f3rio Candido de Oliveira Advogados. Foi Consultor Jur\u00eddico de Furnas Centrais El\u00e9tricas e da Lightpar, fundador da Ouvidoria da Eletrobr\u00e1s e seu primeiro ouvidor.<\/p>\n<p><em>Diretor Jur\u00eddico<\/em> \u2013 Guilherme Vaz Porto Brechb\u00fchler \u2013 Advogado, professor da Pontif\u00edcia Universidade Cat\u00f3lica do Rio de Janeiro e Mestre pela Faculdade de Direito da Universidade de Coimbra, Portugal.<\/p>\n<p><em>Diretor de Comunica\u00e7\u00e3o<\/em> \u2013 Altamir Tojal \u2013 Jornalista. Dirige a empresa SPS Comunica\u00e7\u00e3o. Foi rep\u00f3rter no Jornal do Brasil, O Globo e Isto\u00c9. Dirigiu o Departamento de Comunica\u00e7\u00e3o do BNDES e foi membro do Conema-RJ.<\/p>\n<p><em>Diretor Administrativo<\/em> \u2013 M\u00e1rio Assis Causanilhas Rodrigues \u2013 Graduado e p\u00f3s-graduado em administra\u00e7\u00e3o p\u00fablica. Foi Oficial da Marinha do Brasil, trabalhou no BNDES por 27 anos, nas \u00e1reas de recursos humanos, rela\u00e7\u00f5es institucionais e meio ambiente. Foi Secret\u00e1rio de Estado da Administra\u00e7\u00e3o RJ no Governo Nilo Batista.<\/p>\n<p><em>Diretor de Rela\u00e7\u00f5es Institucionais<\/em> \u2013 Gustavo Brechbuhler \u2013 Advogado, especializado em Direito Financeiro e Tribut\u00e1rio.<\/p>\n<p><em>Diretor Financeiro<\/em> \u2013 Carlos Fernando Carvalho Motta \u2013 Engenheiro civil, com cursos de extens\u00e3o no Brasil e no exterior, exerceu fun\u00e7\u00f5es de ger\u00eancia e alta dire\u00e7\u00e3o em empresas nacionais e multinacionais, sendo atualmente s\u00f3cio e dirigente de empresas comerciais.<\/p>\n<p><em>Diretor de Planejamento<\/em> \u2013 Andrei Bastos \u2013 Jornalista, ativista dos direitos humanos, em particular da inclus\u00e3o social das pessoas com defici\u00eancia, com atua\u00e7\u00e3o no Terceiro Setor, na m\u00eddia e no campo pol\u00edtico. Desde 2008 tamb\u00e9m integra a Comiss\u00e3o de Direitos Humanos da OAB\/RJ como membro colaborador.<\/p>\n<p><em>Conselho Fiscal:<\/em> Sidinei Bento Vidal, Elyethe Regina Gentile Marinho e Renato Medeiros Barbosa Leite.<\/p>\n<p><a href=\"http:\/\/www.srpcidadania.com.br\">www.srpcidadania.com.br<\/a><\/p>\n","protected":false},"excerpt":{"rendered":"<p>A entidade se prop\u00f5e a apoiar reclama\u00e7\u00f5es de cidad\u00e3os e organiza\u00e7\u00f5es por indeniza\u00e7\u00f5es e pela responsabiliza\u00e7\u00e3o de autoridades por omiss\u00e3o, inc\u00faria ou dolo.<\/p>\n","protected":false},"author":1,"featured_media":0,"comment_status":"open","ping_status":"open","sticky":false,"template":"","format":"standard","meta":{"site-container-style":"default","site-container-layout":"default","site-sidebar-layout":"default","disable-article-header":"default","disable-site-header":"default","disable-site-footer":"default","disable-content-area-spacing":"default","footnotes":""},"categories":[103,13,11,4],"tags":[],"class_list":["post-20360","post","type-post","status-publish","format-standard","hentry","category-comunidades","category-denuncias","category-direitos-humanos","category-noticias"],"yoast_head":"<!-- This site is optimized with the Yoast SEO plugin v27.4 - https:\/\/yoast.com\/product\/yoast-seo-wordpress\/ -->\n<title>Sociedade pela Responsabilidade P\u00fablica -<\/title>\n<meta name=\"robots\" content=\"index, follow, max-snippet:-1, max-image-preview:large, max-video-preview:-1\" \/>\n<link rel=\"canonical\" href=\"https:\/\/inclusivenews.com.br\/?p=20360\" \/>\n<meta property=\"og:locale\" content=\"pt_PT\" \/>\n<meta property=\"og:type\" content=\"article\" \/>\n<meta property=\"og:title\" content=\"Sociedade pela Responsabilidade P\u00fablica -\" \/>\n<meta property=\"og:description\" content=\"A entidade se prop\u00f5e a apoiar reclama\u00e7\u00f5es de cidad\u00e3os e organiza\u00e7\u00f5es por indeniza\u00e7\u00f5es e pela responsabiliza\u00e7\u00e3o de autoridades por omiss\u00e3o, inc\u00faria ou dolo.\" \/>\n<meta property=\"og:url\" content=\"https:\/\/inclusivenews.com.br\/?p=20360\" \/>\n<meta property=\"article:publisher\" content=\"https:\/\/www.facebook.com\/agenciainclusive\/\" \/>\n<meta property=\"article:published_time\" content=\"2011-07-21T05:56:41+00:00\" \/>\n<meta property=\"og:image\" content=\"http:\/\/inclusivenews.com.br\/wp-content\/uploads\/marca-srp.png\" \/>\n<meta name=\"author\" content=\"inclusivenews2024\" \/>\n<meta name=\"twitter:card\" content=\"summary_large_image\" \/>\n<meta name=\"twitter:label1\" content=\"Escrito por\" \/>\n\t<meta name=\"twitter:data1\" content=\"inclusivenews2024\" \/>\n\t<meta name=\"twitter:label2\" content=\"Tempo estimado de leitura\" \/>\n\t<meta name=\"twitter:data2\" content=\"3 minutos\" \/>\n<script type=\"application\/ld+json\" class=\"yoast-schema-graph\">{\"@context\":\"https:\\\/\\\/schema.org\",\"@graph\":[{\"@type\":\"Article\",\"@id\":\"https:\\\/\\\/inclusivenews.com.br\\\/?p=20360#article\",\"isPartOf\":{\"@id\":\"https:\\\/\\\/inclusivenews.com.br\\\/?p=20360\"},\"author\":{\"name\":\"inclusivenews2024\",\"@id\":\"https:\\\/\\\/inclusivenews.com.br\\\/#\\\/schema\\\/person\\\/ae4ec7087559b8692fb33b6fffd2273b\"},\"headline\":\"Sociedade pela Responsabilidade P\u00fablica\",\"datePublished\":\"2011-07-21T05:56:41+00:00\",\"mainEntityOfPage\":{\"@id\":\"https:\\\/\\\/inclusivenews.com.br\\\/?p=20360\"},\"wordCount\":691,\"commentCount\":0,\"publisher\":{\"@id\":\"https:\\\/\\\/inclusivenews.com.br\\\/#organization\"},\"image\":{\"@id\":\"https:\\\/\\\/inclusivenews.com.br\\\/?p=20360#primaryimage\"},\"thumbnailUrl\":\"http:\\\/\\\/inclusivenews.com.br\\\/wp-content\\\/uploads\\\/marca-srp.png\",\"articleSection\":[\"Comunidades\",\"Den\u00fancias\",\"DIREITOS HUMANOS\",\"NOT\u00cdCIAS\"],\"inLanguage\":\"pt-PT\",\"potentialAction\":[{\"@type\":\"CommentAction\",\"name\":\"Comment\",\"target\":[\"https:\\\/\\\/inclusivenews.com.br\\\/?p=20360#respond\"]}]},{\"@type\":\"WebPage\",\"@id\":\"https:\\\/\\\/inclusivenews.com.br\\\/?p=20360\",\"url\":\"https:\\\/\\\/inclusivenews.com.br\\\/?p=20360\",\"name\":\"Sociedade pela Responsabilidade P\u00fablica -\",\"isPartOf\":{\"@id\":\"https:\\\/\\\/inclusivenews.com.br\\\/#website\"},\"primaryImageOfPage\":{\"@id\":\"https:\\\/\\\/inclusivenews.com.br\\\/?p=20360#primaryimage\"},\"image\":{\"@id\":\"https:\\\/\\\/inclusivenews.com.br\\\/?p=20360#primaryimage\"},\"thumbnailUrl\":\"http:\\\/\\\/inclusivenews.com.br\\\/wp-content\\\/uploads\\\/marca-srp.png\",\"datePublished\":\"2011-07-21T05:56:41+00:00\",\"breadcrumb\":{\"@id\":\"https:\\\/\\\/inclusivenews.com.br\\\/?p=20360#breadcrumb\"},\"inLanguage\":\"pt-PT\",\"potentialAction\":[{\"@type\":\"ReadAction\",\"target\":[\"https:\\\/\\\/inclusivenews.com.br\\\/?p=20360\"]}]},{\"@type\":\"ImageObject\",\"inLanguage\":\"pt-PT\",\"@id\":\"https:\\\/\\\/inclusivenews.com.br\\\/?p=20360#primaryimage\",\"url\":\"\",\"contentUrl\":\"\"},{\"@type\":\"BreadcrumbList\",\"@id\":\"https:\\\/\\\/inclusivenews.com.br\\\/?p=20360#breadcrumb\",\"itemListElement\":[{\"@type\":\"ListItem\",\"position\":1,\"name\":\"In\u00edcio\",\"item\":\"https:\\\/\\\/inclusivenews.com.br\\\/\"},{\"@type\":\"ListItem\",\"position\":2,\"name\":\"Sociedade pela Responsabilidade P\u00fablica\"}]},{\"@type\":\"WebSite\",\"@id\":\"https:\\\/\\\/inclusivenews.com.br\\\/#website\",\"url\":\"https:\\\/\\\/inclusivenews.com.br\\\/\",\"name\":\"Inclusive News\",\"description\":\"Inclusive News\",\"publisher\":{\"@id\":\"https:\\\/\\\/inclusivenews.com.br\\\/#organization\"},\"potentialAction\":[{\"@type\":\"SearchAction\",\"target\":{\"@type\":\"EntryPoint\",\"urlTemplate\":\"https:\\\/\\\/inclusivenews.com.br\\\/?s={search_term_string}\"},\"query-input\":{\"@type\":\"PropertyValueSpecification\",\"valueRequired\":true,\"valueName\":\"search_term_string\"}}],\"inLanguage\":\"pt-PT\"},{\"@type\":\"Organization\",\"@id\":\"https:\\\/\\\/inclusivenews.com.br\\\/#organization\",\"name\":\"Inclusive - inclus\u00e3o e cidadania\",\"url\":\"https:\\\/\\\/inclusivenews.com.br\\\/\",\"logo\":{\"@type\":\"ImageObject\",\"inLanguage\":\"pt-PT\",\"@id\":\"https:\\\/\\\/inclusivenews.com.br\\\/#\\\/schema\\\/logo\\\/image\\\/\",\"url\":\"https:\\\/\\\/inclusivenews.com.br\\\/wp-content\\\/uploads\\\/2024\\\/03\\\/@grandesite.png\",\"contentUrl\":\"https:\\\/\\\/inclusivenews.com.br\\\/wp-content\\\/uploads\\\/2024\\\/03\\\/@grandesite.png\",\"width\":1080,\"height\":1080,\"caption\":\"Inclusive - inclus\u00e3o e cidadania\"},\"image\":{\"@id\":\"https:\\\/\\\/inclusivenews.com.br\\\/#\\\/schema\\\/logo\\\/image\\\/\"},\"sameAs\":[\"https:\\\/\\\/www.facebook.com\\\/agenciainclusive\\\/\",\"https:\\\/\\\/www.instagram.com\\\/newsinclusive\\\/\"]},{\"@type\":\"Person\",\"@id\":\"https:\\\/\\\/inclusivenews.com.br\\\/#\\\/schema\\\/person\\\/ae4ec7087559b8692fb33b6fffd2273b\",\"name\":\"inclusivenews2024\",\"image\":{\"@type\":\"ImageObject\",\"inLanguage\":\"pt-PT\",\"@id\":\"https:\\\/\\\/secure.gravatar.com\\\/avatar\\\/c5a7ef84c66fa914f55bc4f7ce26cfa275a3b9a1c5568b907bd184fb4dde7b40?s=96&d=mm&r=g\",\"url\":\"https:\\\/\\\/secure.gravatar.com\\\/avatar\\\/c5a7ef84c66fa914f55bc4f7ce26cfa275a3b9a1c5568b907bd184fb4dde7b40?s=96&d=mm&r=g\",\"contentUrl\":\"https:\\\/\\\/secure.gravatar.com\\\/avatar\\\/c5a7ef84c66fa914f55bc4f7ce26cfa275a3b9a1c5568b907bd184fb4dde7b40?s=96&d=mm&r=g\",\"caption\":\"inclusivenews2024\"},\"sameAs\":[\"https:\\\/\\\/inclusivenews.com.br\"],\"url\":\"https:\\\/\\\/inclusivenews.com.br\\\/?author=1\"}]}<\/script>\n<!-- \/ Yoast SEO plugin. -->","yoast_head_json":{"title":"Sociedade pela Responsabilidade P\u00fablica -","robots":{"index":"index","follow":"follow","max-snippet":"max-snippet:-1","max-image-preview":"max-image-preview:large","max-video-preview":"max-video-preview:-1"},"canonical":"https:\/\/inclusivenews.com.br\/?p=20360","og_locale":"pt_PT","og_type":"article","og_title":"Sociedade pela Responsabilidade P\u00fablica -","og_description":"A entidade se prop\u00f5e a apoiar reclama\u00e7\u00f5es de cidad\u00e3os e organiza\u00e7\u00f5es por indeniza\u00e7\u00f5es e pela responsabiliza\u00e7\u00e3o de autoridades por omiss\u00e3o, inc\u00faria ou dolo.","og_url":"https:\/\/inclusivenews.com.br\/?p=20360","article_publisher":"https:\/\/www.facebook.com\/agenciainclusive\/","article_published_time":"2011-07-21T05:56:41+00:00","og_image":[{"url":"http:\/\/inclusivenews.com.br\/wp-content\/uploads\/marca-srp.png","type":"","width":"","height":""}],"author":"inclusivenews2024","twitter_card":"summary_large_image","twitter_misc":{"Escrito por":"inclusivenews2024","Tempo estimado de leitura":"3 minutos"},"schema":{"@context":"https:\/\/schema.org","@graph":[{"@type":"Article","@id":"https:\/\/inclusivenews.com.br\/?p=20360#article","isPartOf":{"@id":"https:\/\/inclusivenews.com.br\/?p=20360"},"author":{"name":"inclusivenews2024","@id":"https:\/\/inclusivenews.com.br\/#\/schema\/person\/ae4ec7087559b8692fb33b6fffd2273b"},"headline":"Sociedade pela Responsabilidade P\u00fablica","datePublished":"2011-07-21T05:56:41+00:00","mainEntityOfPage":{"@id":"https:\/\/inclusivenews.com.br\/?p=20360"},"wordCount":691,"commentCount":0,"publisher":{"@id":"https:\/\/inclusivenews.com.br\/#organization"},"image":{"@id":"https:\/\/inclusivenews.com.br\/?p=20360#primaryimage"},"thumbnailUrl":"http:\/\/inclusivenews.com.br\/wp-content\/uploads\/marca-srp.png","articleSection":["Comunidades","Den\u00fancias","DIREITOS HUMANOS","NOT\u00cdCIAS"],"inLanguage":"pt-PT","potentialAction":[{"@type":"CommentAction","name":"Comment","target":["https:\/\/inclusivenews.com.br\/?p=20360#respond"]}]},{"@type":"WebPage","@id":"https:\/\/inclusivenews.com.br\/?p=20360","url":"https:\/\/inclusivenews.com.br\/?p=20360","name":"Sociedade pela Responsabilidade P\u00fablica -","isPartOf":{"@id":"https:\/\/inclusivenews.com.br\/#website"},"primaryImageOfPage":{"@id":"https:\/\/inclusivenews.com.br\/?p=20360#primaryimage"},"image":{"@id":"https:\/\/inclusivenews.com.br\/?p=20360#primaryimage"},"thumbnailUrl":"http:\/\/inclusivenews.com.br\/wp-content\/uploads\/marca-srp.png","datePublished":"2011-07-21T05:56:41+00:00","breadcrumb":{"@id":"https:\/\/inclusivenews.com.br\/?p=20360#breadcrumb"},"inLanguage":"pt-PT","potentialAction":[{"@type":"ReadAction","target":["https:\/\/inclusivenews.com.br\/?p=20360"]}]},{"@type":"ImageObject","inLanguage":"pt-PT","@id":"https:\/\/inclusivenews.com.br\/?p=20360#primaryimage","url":"","contentUrl":""},{"@type":"BreadcrumbList","@id":"https:\/\/inclusivenews.com.br\/?p=20360#breadcrumb","itemListElement":[{"@type":"ListItem","position":1,"name":"In\u00edcio","item":"https:\/\/inclusivenews.com.br\/"},{"@type":"ListItem","position":2,"name":"Sociedade pela Responsabilidade P\u00fablica"}]},{"@type":"WebSite","@id":"https:\/\/inclusivenews.com.br\/#website","url":"https:\/\/inclusivenews.com.br\/","name":"Inclusive News","description":"Inclusive News","publisher":{"@id":"https:\/\/inclusivenews.com.br\/#organization"},"potentialAction":[{"@type":"SearchAction","target":{"@type":"EntryPoint","urlTemplate":"https:\/\/inclusivenews.com.br\/?s={search_term_string}"},"query-input":{"@type":"PropertyValueSpecification","valueRequired":true,"valueName":"search_term_string"}}],"inLanguage":"pt-PT"},{"@type":"Organization","@id":"https:\/\/inclusivenews.com.br\/#organization","name":"Inclusive - inclus\u00e3o e cidadania","url":"https:\/\/inclusivenews.com.br\/","logo":{"@type":"ImageObject","inLanguage":"pt-PT","@id":"https:\/\/inclusivenews.com.br\/#\/schema\/logo\/image\/","url":"https:\/\/inclusivenews.com.br\/wp-content\/uploads\/2024\/03\/@grandesite.png","contentUrl":"https:\/\/inclusivenews.com.br\/wp-content\/uploads\/2024\/03\/@grandesite.png","width":1080,"height":1080,"caption":"Inclusive - inclus\u00e3o e cidadania"},"image":{"@id":"https:\/\/inclusivenews.com.br\/#\/schema\/logo\/image\/"},"sameAs":["https:\/\/www.facebook.com\/agenciainclusive\/","https:\/\/www.instagram.com\/newsinclusive\/"]},{"@type":"Person","@id":"https:\/\/inclusivenews.com.br\/#\/schema\/person\/ae4ec7087559b8692fb33b6fffd2273b","name":"inclusivenews2024","image":{"@type":"ImageObject","inLanguage":"pt-PT","@id":"https:\/\/secure.gravatar.com\/avatar\/c5a7ef84c66fa914f55bc4f7ce26cfa275a3b9a1c5568b907bd184fb4dde7b40?s=96&d=mm&r=g","url":"https:\/\/secure.gravatar.com\/avatar\/c5a7ef84c66fa914f55bc4f7ce26cfa275a3b9a1c5568b907bd184fb4dde7b40?s=96&d=mm&r=g","contentUrl":"https:\/\/secure.gravatar.com\/avatar\/c5a7ef84c66fa914f55bc4f7ce26cfa275a3b9a1c5568b907bd184fb4dde7b40?s=96&d=mm&r=g","caption":"inclusivenews2024"},"sameAs":["https:\/\/inclusivenews.com.br"],"url":"https:\/\/inclusivenews.com.br\/?author=1"}]}},"_links":{"self":[{"href":"https:\/\/inclusivenews.com.br\/index.php?rest_route=\/wp\/v2\/posts\/20360","targetHints":{"allow":["GET"]}}],"collection":[{"href":"https:\/\/inclusivenews.com.br\/index.php?rest_route=\/wp\/v2\/posts"}],"about":[{"href":"https:\/\/inclusivenews.com.br\/index.php?rest_route=\/wp\/v2\/types\/post"}],"author":[{"embeddable":true,"href":"https:\/\/inclusivenews.com.br\/index.php?rest_route=\/wp\/v2\/users\/1"}],"replies":[{"embeddable":true,"href":"https:\/\/inclusivenews.com.br\/index.php?rest_route=%2Fwp%2Fv2%2Fcomments&post=20360"}],"version-history":[{"count":0,"href":"https:\/\/inclusivenews.com.br\/index.php?rest_route=\/wp\/v2\/posts\/20360\/revisions"}],"wp:attachment":[{"href":"https:\/\/inclusivenews.com.br\/index.php?rest_route=%2Fwp%2Fv2%2Fmedia&parent=20360"}],"wp:term":[{"taxonomy":"category","embeddable":true,"href":"https:\/\/inclusivenews.com.br\/index.php?rest_route=%2Fwp%2Fv2%2Fcategories&post=20360"},{"taxonomy":"post_tag","embeddable":true,"href":"https:\/\/inclusivenews.com.br\/index.php?rest_route=%2Fwp%2Fv2%2Ftags&post=20360"}],"curies":[{"name":"wp","href":"https:\/\/api.w.org\/{rel}","templated":true}]}}