{"id":20414,"date":"2011-07-21T02:51:28","date_gmt":"2011-07-21T05:51:28","guid":{"rendered":"http:\/\/www.inclusive.org.br\/?p=20414"},"modified":"2011-07-21T02:51:28","modified_gmt":"2011-07-21T05:51:28","slug":"projeto-coloca-criancas-como-comunicadoras-de-suas-proprias-realidades","status":"publish","type":"post","link":"https:\/\/inclusivenews.com.br\/?p=20414","title":{"rendered":"Projeto coloca crian\u00e7as como comunicadoras de suas pr\u00f3prias realidades"},"content":{"rendered":"<figure style=\"width: 425px\" class=\"wp-caption alignleft\"><img loading=\"lazy\" decoding=\"async\" title=\"Jovens participam do programa como forma de aprendizado\/ Foto: reprodu\u00e7\u00e3o\" src=\"http:\/\/www.ecodesenvolvimento.org.br\/posts\/2011\/julho\/projeto-coloca-criancas-como-comunicadoras-da-sua\/images\/capa.jpg\" alt=\"\" width=\"425\" height=\"260\" \/><figcaption class=\"wp-caption-text\">Jovens participam do programa como forma de aprendizado\/ Foto: reprodu\u00e7\u00e3o<\/figcaption><\/figure>\n<p>O projeto R\u00e1dio pela Educa\u00e7\u00e3o (PRPE), desenvolvido em 1999, promove a\u00e7\u00f5es de educomunica\u00e7\u00f5es a partir de um programa de r\u00e1dio que coloca crian\u00e7as e adolescentes para participarem do mundo da comunica\u00e7\u00e3o como protagonistas da pr\u00f3pria realidade em que vivem.<\/p>\n<p>Esse projeto \u00e9 uma a\u00e7\u00e3o social realizada pela Diocese de Santar\u00e9m no Par\u00e1, por meio da R\u00e1dio Rural de Santar\u00e9m e em parceria com a Prefeitura de Santar\u00e9m por meio da Secretaria Municipal de Educa\u00e7\u00e3o (SEMED).<\/p>\n<p>O programa \u201cPara Ouvir e Aprender\u201d, que \u00e9 transmitido pela R\u00e1dio Rural, aborda o incentivo \u00e0 leitura e \u00e0 escrita, al\u00e9m de educa\u00e7\u00e3o ambiental, os direitos da crian\u00e7a e do adolescente e temas ligados \u00e0 cidadania. Os professores desenvolvem as atividades em sala de aula, com base em um Guia Pedag\u00f3gico produzido pela equipe do PRPE em parceria com a Universidade Federal do Par\u00e1.<\/p>\n<p>O \u201cPara Ouvir e Aprender\u201d chega a escolas espalhadas na regi\u00e3o, tanto nas zonas urbanas quanto nas zonas rurais dos munic\u00edpios de Santar\u00e9m, Juruti, Belterra, Monte Alegre e Aveiro, levando as vozes de meninas, meninos, professores, pais, comunit\u00e1rios, especialistas e gestores p\u00fablicos. Essas vozes falam da escola, comunidade, bairro, cidade, educa\u00e7\u00e3o, sonhos, esperan\u00e7as, futuro e cidadania.<\/p>\n<p>A iniciativa tem como objetivos despertar a consci\u00eancia cr\u00edtica das crian\u00e7as e dos adolescentes na busca da valoriza\u00e7\u00e3o de seus direitos; incentivar a leitura, a escrita e o desenvolvimento da express\u00e3o oral de professores e alunos; garantir o protagonismo de crian\u00e7as e jovens na produ\u00e7\u00e3o de programas radiof\u00f4nicos nas r\u00e1dios internas que est\u00e3o sendo implantadas em escolas e estimular a intera\u00e7\u00e3o com a comunidade.<\/p>\n<p>Al\u00e9m do programa \u201cPara Ouvir e Aprender\u201d, o projeto conta tamb\u00e9m com outras linhas de a\u00e7\u00f5es como:<\/p>\n<p>-Rede de Rep\u00f3rteres Educativos: \u00e9 composto por um grupo de crian\u00e7as e adolescentes, selecionados nas escolas, onde enviam, periodicamente, mat\u00e9rias para a equipe t\u00e9cnica editar e colocar no programa \u201cPara ouvir e Aprender\u201d, garantindo a voz das crian\u00e7as e adolescentes no r\u00e1dio, apresentando suas pr\u00f3prias realidades. O grupo recebe capacita\u00e7\u00e3o duas vezes por ano, assim como gravadores e fitas K7 para que possam retratar o dia a dia da sua escola\/comunidade de acordo com seus pontos de vista.<\/p>\n<p>-N\u00facleo de Leitores: capacitam crian\u00e7as e adolescentes para participarem mais efetivamente do programa de r\u00e1dio, lendo not\u00edcias, cartas, hist\u00f3rias, ou mesmo apresentando o programa, pois as crian\u00e7as e adolescentes protagonizam sua pr\u00f3pria hist\u00f3ria na constru\u00e7\u00e3o de um processo educacional participativo.<\/p>\n<p>-N\u00facleo de Radioatores: As radio novelas est\u00e3o entre as principais atra\u00e7\u00f5es do programa de r\u00e1dio do projeto. \u00c9 o l\u00fadico chamando a aten\u00e7\u00e3o dos alunos. O n\u00facleo de radioatores incentiva a participa\u00e7\u00e3o de crian\u00e7as, adolescentes e colaboradores no mundo da interpreta\u00e7\u00e3o teatral no r\u00e1dio. O grupo cria as hist\u00f3rias e interpreta os personagens. As produ\u00e7\u00f5es abordam tem\u00e1ticas educativas, com destaque para as ambientais.<\/p>\n<p>-Encontro do R\u00e1dio Pela Educa\u00e7\u00e3o: acontece de dois em dois anos sempre destacando como tem\u00e1tica principal \u201cA escola que queremos\u201d. Re\u00fane, em m\u00e9dia, 150 crian\u00e7as e adolescentes em v\u00e1rias oficinas de comunica\u00e7\u00e3o e educa\u00e7\u00e3o (Dan\u00e7a, Teatro, Arte e Cultura, V\u00eddeo, R\u00e1dio, Internet, Educa\u00e7\u00e3o Ambiental, Educa\u00e7\u00e3o Especial e Artes Pl\u00e1sticas), que abordam o tema proposto de maneira criativa e din\u00e2mica.<\/p>\n<p>-Oficinas de R\u00e1dio no Programa Mais Educa\u00e7\u00e3o: Membros da equipe do Projeto (rep\u00f3rter e bolsistas) ministram oficinas de r\u00e1dio do Programa Mais Educa\u00e7\u00e3o, envolvendo mais de 200 alunos que exercitam a comunica\u00e7\u00e3o com atividades pr\u00e1ticas de r\u00e1dio.<\/p>\n<p>-R\u00e1dios Internas nas Escolas: Se antes os alunos eram estimulados s\u00f3 por ouvir o programa de r\u00e1dio, hoje eles j\u00e1 querem ter espa\u00e7o para se expressar. Por conta disso, surgiu a necessidade de criar r\u00e1dios internas nas escolas, nas quais os alunos, acompanhados por seus professores, podem criar seus pr\u00f3prios programas de r\u00e1dio. Agora n\u00e3o mais s\u00f3 ouvem, mas produzem bem mais perto da comunidade escolar.<\/p>\n<p>Fonte: <a href=\"http:\/\/mercadoetico.terra.com.br\/arquivo\/projeto-coloca-criancas-como-comunicadoras-de-sua-propria-realidade\/?utm_source=newsletter&amp;utm_medium=email&amp;utm_campaign=mercado-etico-hoje\">Mercado \u00c9tico <\/a><\/p>\n","protected":false},"excerpt":{"rendered":"<p>O projeto R\u00e1dio pela Educa\u00e7\u00e3o (PRPE), desenvolvido em 1999, promove a\u00e7\u00f5es de educomunica\u00e7\u00f5es a partir de um programa de r\u00e1dio que coloca crian\u00e7as e adolescentes para participarem do mundo da comunica\u00e7\u00e3o como protagonistas da pr\u00f3pria realidade em que vivem.<\/p>\n","protected":false},"author":1,"featured_media":0,"comment_status":"open","ping_status":"open","sticky":false,"template":"","format":"standard","meta":{"site-container-style":"default","site-container-layout":"default","site-sidebar-layout":"default","disable-article-header":"default","disable-site-header":"default","disable-site-footer":"default","disable-content-area-spacing":"default","footnotes":""},"categories":[6,4],"tags":[],"class_list":["post-20414","post","type-post","status-publish","format-standard","hentry","category-educacao","category-noticias"],"yoast_head":"<!-- This site is optimized with the Yoast SEO plugin v27.4 - https:\/\/yoast.com\/product\/yoast-seo-wordpress\/ -->\n<title>Projeto coloca crian\u00e7as como comunicadoras de suas pr\u00f3prias realidades -<\/title>\n<meta name=\"robots\" content=\"index, follow, max-snippet:-1, max-image-preview:large, max-video-preview:-1\" \/>\n<link rel=\"canonical\" href=\"https:\/\/inclusivenews.com.br\/?p=20414\" \/>\n<meta property=\"og:locale\" content=\"pt_PT\" \/>\n<meta property=\"og:type\" content=\"article\" \/>\n<meta property=\"og:title\" content=\"Projeto coloca crian\u00e7as como comunicadoras de suas pr\u00f3prias realidades -\" \/>\n<meta property=\"og:description\" content=\"O projeto R\u00e1dio pela Educa\u00e7\u00e3o (PRPE), desenvolvido em 1999, promove a\u00e7\u00f5es de educomunica\u00e7\u00f5es a partir de um programa de r\u00e1dio que coloca crian\u00e7as e adolescentes para participarem do mundo da comunica\u00e7\u00e3o como protagonistas da pr\u00f3pria realidade em que vivem.\" \/>\n<meta property=\"og:url\" content=\"https:\/\/inclusivenews.com.br\/?p=20414\" \/>\n<meta property=\"article:publisher\" content=\"https:\/\/www.facebook.com\/agenciainclusive\/\" \/>\n<meta property=\"article:published_time\" content=\"2011-07-21T05:51:28+00:00\" \/>\n<meta property=\"og:image\" content=\"http:\/\/www.ecodesenvolvimento.org.br\/posts\/2011\/julho\/projeto-coloca-criancas-como-comunicadoras-da-sua\/images\/capa.jpg\" \/>\n<meta name=\"author\" content=\"inclusivenews2024\" \/>\n<meta name=\"twitter:card\" content=\"summary_large_image\" \/>\n<meta name=\"twitter:label1\" content=\"Escrito por\" \/>\n\t<meta name=\"twitter:data1\" content=\"inclusivenews2024\" \/>\n\t<meta name=\"twitter:label2\" content=\"Tempo estimado de leitura\" \/>\n\t<meta name=\"twitter:data2\" content=\"4 minutos\" \/>\n<script type=\"application\/ld+json\" class=\"yoast-schema-graph\">{\"@context\":\"https:\\\/\\\/schema.org\",\"@graph\":[{\"@type\":\"Article\",\"@id\":\"https:\\\/\\\/inclusivenews.com.br\\\/?p=20414#article\",\"isPartOf\":{\"@id\":\"https:\\\/\\\/inclusivenews.com.br\\\/?p=20414\"},\"author\":{\"name\":\"inclusivenews2024\",\"@id\":\"https:\\\/\\\/inclusivenews.com.br\\\/#\\\/schema\\\/person\\\/ae4ec7087559b8692fb33b6fffd2273b\"},\"headline\":\"Projeto coloca crian\u00e7as como comunicadoras de suas pr\u00f3prias realidades\",\"datePublished\":\"2011-07-21T05:51:28+00:00\",\"mainEntityOfPage\":{\"@id\":\"https:\\\/\\\/inclusivenews.com.br\\\/?p=20414\"},\"wordCount\":744,\"commentCount\":0,\"publisher\":{\"@id\":\"https:\\\/\\\/inclusivenews.com.br\\\/#organization\"},\"image\":{\"@id\":\"https:\\\/\\\/inclusivenews.com.br\\\/?p=20414#primaryimage\"},\"thumbnailUrl\":\"http:\\\/\\\/www.ecodesenvolvimento.org.br\\\/posts\\\/2011\\\/julho\\\/projeto-coloca-criancas-como-comunicadoras-da-sua\\\/images\\\/capa.jpg\",\"articleSection\":[\"EDUCA\u00c7\u00c3O\",\"NOT\u00cdCIAS\"],\"inLanguage\":\"pt-PT\",\"potentialAction\":[{\"@type\":\"CommentAction\",\"name\":\"Comment\",\"target\":[\"https:\\\/\\\/inclusivenews.com.br\\\/?p=20414#respond\"]}]},{\"@type\":\"WebPage\",\"@id\":\"https:\\\/\\\/inclusivenews.com.br\\\/?p=20414\",\"url\":\"https:\\\/\\\/inclusivenews.com.br\\\/?p=20414\",\"name\":\"Projeto coloca crian\u00e7as como comunicadoras de suas pr\u00f3prias realidades -\",\"isPartOf\":{\"@id\":\"https:\\\/\\\/inclusivenews.com.br\\\/#website\"},\"primaryImageOfPage\":{\"@id\":\"https:\\\/\\\/inclusivenews.com.br\\\/?p=20414#primaryimage\"},\"image\":{\"@id\":\"https:\\\/\\\/inclusivenews.com.br\\\/?p=20414#primaryimage\"},\"thumbnailUrl\":\"http:\\\/\\\/www.ecodesenvolvimento.org.br\\\/posts\\\/2011\\\/julho\\\/projeto-coloca-criancas-como-comunicadoras-da-sua\\\/images\\\/capa.jpg\",\"datePublished\":\"2011-07-21T05:51:28+00:00\",\"breadcrumb\":{\"@id\":\"https:\\\/\\\/inclusivenews.com.br\\\/?p=20414#breadcrumb\"},\"inLanguage\":\"pt-PT\",\"potentialAction\":[{\"@type\":\"ReadAction\",\"target\":[\"https:\\\/\\\/inclusivenews.com.br\\\/?p=20414\"]}]},{\"@type\":\"ImageObject\",\"inLanguage\":\"pt-PT\",\"@id\":\"https:\\\/\\\/inclusivenews.com.br\\\/?p=20414#primaryimage\",\"url\":\"http:\\\/\\\/www.ecodesenvolvimento.org.br\\\/posts\\\/2011\\\/julho\\\/projeto-coloca-criancas-como-comunicadoras-da-sua\\\/images\\\/capa.jpg\",\"contentUrl\":\"http:\\\/\\\/www.ecodesenvolvimento.org.br\\\/posts\\\/2011\\\/julho\\\/projeto-coloca-criancas-como-comunicadoras-da-sua\\\/images\\\/capa.jpg\"},{\"@type\":\"BreadcrumbList\",\"@id\":\"https:\\\/\\\/inclusivenews.com.br\\\/?p=20414#breadcrumb\",\"itemListElement\":[{\"@type\":\"ListItem\",\"position\":1,\"name\":\"In\u00edcio\",\"item\":\"https:\\\/\\\/inclusivenews.com.br\\\/\"},{\"@type\":\"ListItem\",\"position\":2,\"name\":\"Projeto coloca crian\u00e7as como comunicadoras de suas pr\u00f3prias realidades\"}]},{\"@type\":\"WebSite\",\"@id\":\"https:\\\/\\\/inclusivenews.com.br\\\/#website\",\"url\":\"https:\\\/\\\/inclusivenews.com.br\\\/\",\"name\":\"Inclusive News\",\"description\":\"Inclusive News\",\"publisher\":{\"@id\":\"https:\\\/\\\/inclusivenews.com.br\\\/#organization\"},\"potentialAction\":[{\"@type\":\"SearchAction\",\"target\":{\"@type\":\"EntryPoint\",\"urlTemplate\":\"https:\\\/\\\/inclusivenews.com.br\\\/?s={search_term_string}\"},\"query-input\":{\"@type\":\"PropertyValueSpecification\",\"valueRequired\":true,\"valueName\":\"search_term_string\"}}],\"inLanguage\":\"pt-PT\"},{\"@type\":\"Organization\",\"@id\":\"https:\\\/\\\/inclusivenews.com.br\\\/#organization\",\"name\":\"Inclusive - inclus\u00e3o e cidadania\",\"url\":\"https:\\\/\\\/inclusivenews.com.br\\\/\",\"logo\":{\"@type\":\"ImageObject\",\"inLanguage\":\"pt-PT\",\"@id\":\"https:\\\/\\\/inclusivenews.com.br\\\/#\\\/schema\\\/logo\\\/image\\\/\",\"url\":\"https:\\\/\\\/inclusivenews.com.br\\\/wp-content\\\/uploads\\\/2024\\\/03\\\/@grandesite.png\",\"contentUrl\":\"https:\\\/\\\/inclusivenews.com.br\\\/wp-content\\\/uploads\\\/2024\\\/03\\\/@grandesite.png\",\"width\":1080,\"height\":1080,\"caption\":\"Inclusive - inclus\u00e3o e cidadania\"},\"image\":{\"@id\":\"https:\\\/\\\/inclusivenews.com.br\\\/#\\\/schema\\\/logo\\\/image\\\/\"},\"sameAs\":[\"https:\\\/\\\/www.facebook.com\\\/agenciainclusive\\\/\",\"https:\\\/\\\/www.instagram.com\\\/newsinclusive\\\/\"]},{\"@type\":\"Person\",\"@id\":\"https:\\\/\\\/inclusivenews.com.br\\\/#\\\/schema\\\/person\\\/ae4ec7087559b8692fb33b6fffd2273b\",\"name\":\"inclusivenews2024\",\"image\":{\"@type\":\"ImageObject\",\"inLanguage\":\"pt-PT\",\"@id\":\"https:\\\/\\\/secure.gravatar.com\\\/avatar\\\/c5a7ef84c66fa914f55bc4f7ce26cfa275a3b9a1c5568b907bd184fb4dde7b40?s=96&d=mm&r=g\",\"url\":\"https:\\\/\\\/secure.gravatar.com\\\/avatar\\\/c5a7ef84c66fa914f55bc4f7ce26cfa275a3b9a1c5568b907bd184fb4dde7b40?s=96&d=mm&r=g\",\"contentUrl\":\"https:\\\/\\\/secure.gravatar.com\\\/avatar\\\/c5a7ef84c66fa914f55bc4f7ce26cfa275a3b9a1c5568b907bd184fb4dde7b40?s=96&d=mm&r=g\",\"caption\":\"inclusivenews2024\"},\"sameAs\":[\"https:\\\/\\\/inclusivenews.com.br\"],\"url\":\"https:\\\/\\\/inclusivenews.com.br\\\/?author=1\"}]}<\/script>\n<!-- \/ Yoast SEO plugin. -->","yoast_head_json":{"title":"Projeto coloca crian\u00e7as como comunicadoras de suas pr\u00f3prias realidades -","robots":{"index":"index","follow":"follow","max-snippet":"max-snippet:-1","max-image-preview":"max-image-preview:large","max-video-preview":"max-video-preview:-1"},"canonical":"https:\/\/inclusivenews.com.br\/?p=20414","og_locale":"pt_PT","og_type":"article","og_title":"Projeto coloca crian\u00e7as como comunicadoras de suas pr\u00f3prias realidades -","og_description":"O projeto R\u00e1dio pela Educa\u00e7\u00e3o (PRPE), desenvolvido em 1999, promove a\u00e7\u00f5es de educomunica\u00e7\u00f5es a partir de um programa de r\u00e1dio que coloca crian\u00e7as e adolescentes para participarem do mundo da comunica\u00e7\u00e3o como protagonistas da pr\u00f3pria realidade em que vivem.","og_url":"https:\/\/inclusivenews.com.br\/?p=20414","article_publisher":"https:\/\/www.facebook.com\/agenciainclusive\/","article_published_time":"2011-07-21T05:51:28+00:00","og_image":[{"url":"http:\/\/www.ecodesenvolvimento.org.br\/posts\/2011\/julho\/projeto-coloca-criancas-como-comunicadoras-da-sua\/images\/capa.jpg","type":"","width":"","height":""}],"author":"inclusivenews2024","twitter_card":"summary_large_image","twitter_misc":{"Escrito por":"inclusivenews2024","Tempo estimado de leitura":"4 minutos"},"schema":{"@context":"https:\/\/schema.org","@graph":[{"@type":"Article","@id":"https:\/\/inclusivenews.com.br\/?p=20414#article","isPartOf":{"@id":"https:\/\/inclusivenews.com.br\/?p=20414"},"author":{"name":"inclusivenews2024","@id":"https:\/\/inclusivenews.com.br\/#\/schema\/person\/ae4ec7087559b8692fb33b6fffd2273b"},"headline":"Projeto coloca crian\u00e7as como comunicadoras de suas pr\u00f3prias realidades","datePublished":"2011-07-21T05:51:28+00:00","mainEntityOfPage":{"@id":"https:\/\/inclusivenews.com.br\/?p=20414"},"wordCount":744,"commentCount":0,"publisher":{"@id":"https:\/\/inclusivenews.com.br\/#organization"},"image":{"@id":"https:\/\/inclusivenews.com.br\/?p=20414#primaryimage"},"thumbnailUrl":"http:\/\/www.ecodesenvolvimento.org.br\/posts\/2011\/julho\/projeto-coloca-criancas-como-comunicadoras-da-sua\/images\/capa.jpg","articleSection":["EDUCA\u00c7\u00c3O","NOT\u00cdCIAS"],"inLanguage":"pt-PT","potentialAction":[{"@type":"CommentAction","name":"Comment","target":["https:\/\/inclusivenews.com.br\/?p=20414#respond"]}]},{"@type":"WebPage","@id":"https:\/\/inclusivenews.com.br\/?p=20414","url":"https:\/\/inclusivenews.com.br\/?p=20414","name":"Projeto coloca crian\u00e7as como comunicadoras de suas pr\u00f3prias realidades -","isPartOf":{"@id":"https:\/\/inclusivenews.com.br\/#website"},"primaryImageOfPage":{"@id":"https:\/\/inclusivenews.com.br\/?p=20414#primaryimage"},"image":{"@id":"https:\/\/inclusivenews.com.br\/?p=20414#primaryimage"},"thumbnailUrl":"http:\/\/www.ecodesenvolvimento.org.br\/posts\/2011\/julho\/projeto-coloca-criancas-como-comunicadoras-da-sua\/images\/capa.jpg","datePublished":"2011-07-21T05:51:28+00:00","breadcrumb":{"@id":"https:\/\/inclusivenews.com.br\/?p=20414#breadcrumb"},"inLanguage":"pt-PT","potentialAction":[{"@type":"ReadAction","target":["https:\/\/inclusivenews.com.br\/?p=20414"]}]},{"@type":"ImageObject","inLanguage":"pt-PT","@id":"https:\/\/inclusivenews.com.br\/?p=20414#primaryimage","url":"http:\/\/www.ecodesenvolvimento.org.br\/posts\/2011\/julho\/projeto-coloca-criancas-como-comunicadoras-da-sua\/images\/capa.jpg","contentUrl":"http:\/\/www.ecodesenvolvimento.org.br\/posts\/2011\/julho\/projeto-coloca-criancas-como-comunicadoras-da-sua\/images\/capa.jpg"},{"@type":"BreadcrumbList","@id":"https:\/\/inclusivenews.com.br\/?p=20414#breadcrumb","itemListElement":[{"@type":"ListItem","position":1,"name":"In\u00edcio","item":"https:\/\/inclusivenews.com.br\/"},{"@type":"ListItem","position":2,"name":"Projeto coloca crian\u00e7as como comunicadoras de suas pr\u00f3prias realidades"}]},{"@type":"WebSite","@id":"https:\/\/inclusivenews.com.br\/#website","url":"https:\/\/inclusivenews.com.br\/","name":"Inclusive News","description":"Inclusive News","publisher":{"@id":"https:\/\/inclusivenews.com.br\/#organization"},"potentialAction":[{"@type":"SearchAction","target":{"@type":"EntryPoint","urlTemplate":"https:\/\/inclusivenews.com.br\/?s={search_term_string}"},"query-input":{"@type":"PropertyValueSpecification","valueRequired":true,"valueName":"search_term_string"}}],"inLanguage":"pt-PT"},{"@type":"Organization","@id":"https:\/\/inclusivenews.com.br\/#organization","name":"Inclusive - inclus\u00e3o e cidadania","url":"https:\/\/inclusivenews.com.br\/","logo":{"@type":"ImageObject","inLanguage":"pt-PT","@id":"https:\/\/inclusivenews.com.br\/#\/schema\/logo\/image\/","url":"https:\/\/inclusivenews.com.br\/wp-content\/uploads\/2024\/03\/@grandesite.png","contentUrl":"https:\/\/inclusivenews.com.br\/wp-content\/uploads\/2024\/03\/@grandesite.png","width":1080,"height":1080,"caption":"Inclusive - inclus\u00e3o e cidadania"},"image":{"@id":"https:\/\/inclusivenews.com.br\/#\/schema\/logo\/image\/"},"sameAs":["https:\/\/www.facebook.com\/agenciainclusive\/","https:\/\/www.instagram.com\/newsinclusive\/"]},{"@type":"Person","@id":"https:\/\/inclusivenews.com.br\/#\/schema\/person\/ae4ec7087559b8692fb33b6fffd2273b","name":"inclusivenews2024","image":{"@type":"ImageObject","inLanguage":"pt-PT","@id":"https:\/\/secure.gravatar.com\/avatar\/c5a7ef84c66fa914f55bc4f7ce26cfa275a3b9a1c5568b907bd184fb4dde7b40?s=96&d=mm&r=g","url":"https:\/\/secure.gravatar.com\/avatar\/c5a7ef84c66fa914f55bc4f7ce26cfa275a3b9a1c5568b907bd184fb4dde7b40?s=96&d=mm&r=g","contentUrl":"https:\/\/secure.gravatar.com\/avatar\/c5a7ef84c66fa914f55bc4f7ce26cfa275a3b9a1c5568b907bd184fb4dde7b40?s=96&d=mm&r=g","caption":"inclusivenews2024"},"sameAs":["https:\/\/inclusivenews.com.br"],"url":"https:\/\/inclusivenews.com.br\/?author=1"}]}},"_links":{"self":[{"href":"https:\/\/inclusivenews.com.br\/index.php?rest_route=\/wp\/v2\/posts\/20414","targetHints":{"allow":["GET"]}}],"collection":[{"href":"https:\/\/inclusivenews.com.br\/index.php?rest_route=\/wp\/v2\/posts"}],"about":[{"href":"https:\/\/inclusivenews.com.br\/index.php?rest_route=\/wp\/v2\/types\/post"}],"author":[{"embeddable":true,"href":"https:\/\/inclusivenews.com.br\/index.php?rest_route=\/wp\/v2\/users\/1"}],"replies":[{"embeddable":true,"href":"https:\/\/inclusivenews.com.br\/index.php?rest_route=%2Fwp%2Fv2%2Fcomments&post=20414"}],"version-history":[{"count":0,"href":"https:\/\/inclusivenews.com.br\/index.php?rest_route=\/wp\/v2\/posts\/20414\/revisions"}],"wp:attachment":[{"href":"https:\/\/inclusivenews.com.br\/index.php?rest_route=%2Fwp%2Fv2%2Fmedia&parent=20414"}],"wp:term":[{"taxonomy":"category","embeddable":true,"href":"https:\/\/inclusivenews.com.br\/index.php?rest_route=%2Fwp%2Fv2%2Fcategories&post=20414"},{"taxonomy":"post_tag","embeddable":true,"href":"https:\/\/inclusivenews.com.br\/index.php?rest_route=%2Fwp%2Fv2%2Ftags&post=20414"}],"curies":[{"name":"wp","href":"https:\/\/api.w.org\/{rel}","templated":true}]}}