{"id":20416,"date":"2011-07-21T02:51:11","date_gmt":"2011-07-21T05:51:11","guid":{"rendered":"http:\/\/www.inclusive.org.br\/?p=20416"},"modified":"2011-07-21T02:51:11","modified_gmt":"2011-07-21T05:51:11","slug":"retorica-pouco-original","status":"publish","type":"post","link":"https:\/\/inclusivenews.com.br\/?p=20416","title":{"rendered":"Ret\u00f3rica pouco original"},"content":{"rendered":"<figure id=\"attachment_20417\" aria-describedby=\"caption-attachment-20417\" style=\"width: 300px\" class=\"wp-caption alignleft\"><img loading=\"lazy\" decoding=\"async\" class=\"size-full wp-image-20417\" title=\"Ret\u00f3rica - tribuno romano discursando ao povo\" src=\"http:\/\/inclusivenews.com.br\/wp-content\/uploads\/retorica.jpg\" alt=\"Ret\u00f3rica - tribuno romano discursando ao povo\" width=\"300\" height=\"195\" \/><figcaption id=\"caption-attachment-20417\" class=\"wp-caption-text\"> <\/figcaption><\/figure>\n<p><strong>Por Wederson Santos* <\/strong><\/p>\n<p>Em discurso pr\u00e9vio \u00e0 vota\u00e7\u00e3o da Proposta de Emenda Constitucional 23\/2007 sobre a inclus\u00e3o da express\u00e3o \u201corienta\u00e7\u00e3o sexual\u201d na Constitui\u00e7\u00e3o do estado do Rio de Janeiro, a deputada estadual Myrian Rios usou de exemplos hipot\u00e9ticos para for\u00e7ar a aproxima\u00e7\u00e3o entre homossexualidade e pedofilia. Na semana passada, a deputada defendeu seu voto contr\u00e1rio \u00e0 PEC por ver na Emenda a possibilidade de permitir a bab\u00e1s l\u00e9sbicas praticarem pedofilia impunemente, a motoristas homossexuais abusarem sexualmente dos filhos de seus patr\u00f5es e defendeu que pr\u00e1ticas discriminat\u00f3rias em fun\u00e7\u00e3o de orienta\u00e7\u00e3o sexual no mercado de trabalho n\u00e3o devem ser reguladas pelo Estado. As declara\u00e7\u00f5es da deputada v\u00e3o al\u00e9m da ofensa \u00e0 dignidade daqueles atingidos por sua inj\u00faria e preconceito: elas amea\u00e7am a democracia e a import\u00e2ncia que os direitos humanos t\u00eam na cultura pol\u00edtica brasileira.<\/p>\n<p>Os direitos humanos alertam para a garantia de direitos b\u00e1sicos das pessoas para a prote\u00e7\u00e3o da dignidade humana, ao mesmo tempo em que desloca a responsabilidade para as estruturas sociais, pol\u00edticas e jur\u00eddicas para combaterem as injusti\u00e7as. \u00c9 nesta compreens\u00e3o que os direitos humanos orientam a prote\u00e7\u00e3o das pessoas que manifestam sua sexualidade n\u00e3o-heterossexual e acabam por sofrer discrimina\u00e7\u00e3o homof\u00f3bica em um ambiente hostil \u00e0s diversidades. No cotidiano, a diversidade humana deve encontrar condi\u00e7\u00f5es plenas para o desenvolvimento das potencialidades de cada um e para promover a emancipa\u00e7\u00e3o humana de todos. Atitudes como as da deputada Myrian Rios desafiam a capacidade do pa\u00eds em responder aos anseios daqueles que t\u00eam sua liberdade amea\u00e7ada diariamente por discrimina\u00e7\u00e3o e preconceito.<\/p>\n<p>A ret\u00f3rica da deputada n\u00e3o \u00e9 nada original ao relacionar pr\u00e1ticas criminosas a grupos espec\u00edficos que demandam tratamento igualit\u00e1rio: \u00e9 comum, radicais opositores relacionar homossexualidade \u00e0 pedofilia, culpabilizar as mulheres no caso de estupros, relacionar criminalidade \u00e0 cor da pele e atitudes violentas aos movimentos sociais. A rela\u00e7\u00e3o entre homossexualidade e pedofilia foi estabelecida pelo discurso ret\u00f3rico da deputada em meio a argumentos de fundo religioso e cita\u00e7\u00f5es b\u00edblicas no plen\u00e1rio da Assembleia Legislativa do estado do Rio de Janeiro. O efeito desta atitude para a valoriza\u00e7\u00e3o dos direitos humanos e democracia no pa\u00eds \u00e9 devastador por transformar a luta pol\u00edtica contra a opress\u00e3o sofrida por homossexuais em uma esp\u00e9cie de complac\u00eancia a um crime b\u00e1rbaro de viol\u00eancia contra crian\u00e7as. Principalmente pelo fato de a deputada fazer uso de argumentos pouco sens\u00edveis ao debate p\u00fablico, democr\u00e1tico e razo\u00e1vel.<\/p>\n<p>Na tentativa de dirimir a pol\u00eamica, Myrian Rios respondeu \u00e0s cr\u00edticas reafirmando a compreens\u00e3o de que a PEC abriria brechas \u00e0 pr\u00e1tica da pedofilia. No entanto, o texto da PEC em nenhum momento fala sobre este crime. Pedofilia \u00e9 um termo generalizante utilizado para se referir \u00e0s pr\u00e1ticas de estupro ou atentado violento ao pudor cometido por adultos ou adolescentes de 16 e 17 anos contra crian\u00e7as pr\u00e9-p\u00faberes \u2013 independente do sexo dos agressores e v\u00edtimas. N\u00e3o h\u00e1 nada, nem no direito nem na ci\u00eancia, que possa relacionar a sexualidade dos homossexuais \u00e0 \u201corienta\u00e7\u00e3o sexual ped\u00f3fila\u201d, nos termos originais utilizados pela deputada. A segunda hip\u00f3tese motivacional para as infelizes declara\u00e7\u00f5es \u00e9 que, em um ambiente machista e patriarcal, a inj\u00faria aos homossexuais n\u00e3o \u00e9 compreendida como discrimina\u00e7\u00e3o. A lacuna na legisla\u00e7\u00e3o brasileira \u00e9 o que permite \u00e0s pessoas n\u00e3o se intimidarem ao fazer uso de atitudes grosseiras e injuriosas como as da deputada Myrian Rios que relaciona um comportamento criminoso \u00e0 sexualidade de pessoas, que, assim como ela, t\u00eam fam\u00edlia, filhos, vizinhos e precisam de respeito para viver suas vidas.<\/p>\n<p>As declara\u00e7\u00f5es da deputada deveriam ser punidas. Em um ambiente democr\u00e1tico, a conquista da toler\u00e2ncia \u00e9 resultado tamb\u00e9m do modo como lidamos com a viola\u00e7\u00e3o das possibilidades de conviv\u00eancia m\u00fatua respeitosa que, em hip\u00f3tese alguma, podem ser pretensamente confundidas com liberdade de express\u00e3o. Diversidade sexual \u00e9 um tema que impele a organiza\u00e7\u00e3o pol\u00edtica do pa\u00eds, por meio das legendas partid\u00e1rias, institui\u00e7\u00f5es e sociedade, a encontrarem respostas para garantir a justi\u00e7a e a liberdade a todas as pessoas. Apenas quando crermos como leg\u00edtimas as diversas possibilidades de as pessoas viverem suas vidas com privacidade, seremos capazes de reconhecer em n\u00f3s mesmos o valor de nossa humanidade. A ideia dos direitos humanos \u00e9 uma inspira\u00e7\u00e3o e, ao mesmo tempo, uma prote\u00e7\u00e3o a essa cren\u00e7a que n\u00e3o deve ser amea\u00e7ada por ningu\u00e9m, menos ainda por pol\u00edticos.<\/p>\n<p>*Doutorando em Sociologia na Universidade de Bras\u00edlia e pesquisador da Anis \u2013 Instituto de Bio\u00e9tica, Direitos Humanos e G\u00eanero<\/p>\n<p>Fonte: <a href=\"http:\/\/www.clam.org.br\/publique\/cgi\/cgilua.exe\/sys\/start.htm?UserActiveTemplate=%5FBR&amp;infoid=8320&amp;sid=4\">CLAM<\/a><\/p>\n","protected":false},"excerpt":{"rendered":"<p>Homossexualidade n\u00e3o \u00e9 pedofilia, inj\u00faria n\u00e3o \u00e9 liberdade de express\u00e3o. Artigo \u00e9 Wederson Santos e est\u00e1 no CLAM.<\/p>\n","protected":false},"author":1,"featured_media":0,"comment_status":"open","ping_status":"open","sticky":false,"template":"","format":"standard","meta":{"site-container-style":"default","site-container-layout":"default","site-sidebar-layout":"default","disable-article-header":"default","disable-site-header":"default","disable-site-footer":"default","disable-content-area-spacing":"default","footnotes":""},"categories":[11,8],"tags":[],"class_list":["post-20416","post","type-post","status-publish","format-standard","hentry","category-direitos-humanos","category-textos-e-artigos"],"yoast_head":"<!-- This site is optimized with the Yoast SEO plugin v27.4 - https:\/\/yoast.com\/product\/yoast-seo-wordpress\/ -->\n<title>Ret\u00f3rica pouco original -<\/title>\n<meta name=\"robots\" content=\"index, follow, max-snippet:-1, max-image-preview:large, max-video-preview:-1\" \/>\n<link rel=\"canonical\" href=\"https:\/\/inclusivenews.com.br\/?p=20416\" \/>\n<meta property=\"og:locale\" content=\"pt_PT\" \/>\n<meta property=\"og:type\" content=\"article\" \/>\n<meta property=\"og:title\" content=\"Ret\u00f3rica pouco original -\" \/>\n<meta property=\"og:description\" content=\"Homossexualidade n\u00e3o \u00e9 pedofilia, inj\u00faria n\u00e3o \u00e9 liberdade de express\u00e3o. Artigo \u00e9 Wederson Santos e est\u00e1 no CLAM.\" \/>\n<meta property=\"og:url\" content=\"https:\/\/inclusivenews.com.br\/?p=20416\" \/>\n<meta property=\"article:publisher\" content=\"https:\/\/www.facebook.com\/agenciainclusive\/\" \/>\n<meta property=\"article:published_time\" content=\"2011-07-21T05:51:11+00:00\" \/>\n<meta property=\"og:image\" content=\"http:\/\/inclusivenews.com.br\/wp-content\/uploads\/retorica.jpg\" \/>\n<meta name=\"author\" content=\"inclusivenews2024\" \/>\n<meta name=\"twitter:card\" content=\"summary_large_image\" \/>\n<meta name=\"twitter:label1\" content=\"Escrito por\" \/>\n\t<meta name=\"twitter:data1\" content=\"inclusivenews2024\" \/>\n\t<meta name=\"twitter:label2\" content=\"Tempo estimado de leitura\" \/>\n\t<meta name=\"twitter:data2\" content=\"4 minutos\" \/>\n<script type=\"application\/ld+json\" class=\"yoast-schema-graph\">{\"@context\":\"https:\\\/\\\/schema.org\",\"@graph\":[{\"@type\":\"Article\",\"@id\":\"https:\\\/\\\/inclusivenews.com.br\\\/?p=20416#article\",\"isPartOf\":{\"@id\":\"https:\\\/\\\/inclusivenews.com.br\\\/?p=20416\"},\"author\":{\"name\":\"inclusivenews2024\",\"@id\":\"https:\\\/\\\/inclusivenews.com.br\\\/#\\\/schema\\\/person\\\/ae4ec7087559b8692fb33b6fffd2273b\"},\"headline\":\"Ret\u00f3rica pouco original\",\"datePublished\":\"2011-07-21T05:51:11+00:00\",\"mainEntityOfPage\":{\"@id\":\"https:\\\/\\\/inclusivenews.com.br\\\/?p=20416\"},\"wordCount\":826,\"commentCount\":0,\"publisher\":{\"@id\":\"https:\\\/\\\/inclusivenews.com.br\\\/#organization\"},\"image\":{\"@id\":\"https:\\\/\\\/inclusivenews.com.br\\\/?p=20416#primaryimage\"},\"thumbnailUrl\":\"http:\\\/\\\/inclusivenews.com.br\\\/wp-content\\\/uploads\\\/retorica.jpg\",\"articleSection\":[\"DIREITOS HUMANOS\",\"OPINI\u00c3O\"],\"inLanguage\":\"pt-PT\",\"potentialAction\":[{\"@type\":\"CommentAction\",\"name\":\"Comment\",\"target\":[\"https:\\\/\\\/inclusivenews.com.br\\\/?p=20416#respond\"]}]},{\"@type\":\"WebPage\",\"@id\":\"https:\\\/\\\/inclusivenews.com.br\\\/?p=20416\",\"url\":\"https:\\\/\\\/inclusivenews.com.br\\\/?p=20416\",\"name\":\"Ret\u00f3rica pouco original -\",\"isPartOf\":{\"@id\":\"https:\\\/\\\/inclusivenews.com.br\\\/#website\"},\"primaryImageOfPage\":{\"@id\":\"https:\\\/\\\/inclusivenews.com.br\\\/?p=20416#primaryimage\"},\"image\":{\"@id\":\"https:\\\/\\\/inclusivenews.com.br\\\/?p=20416#primaryimage\"},\"thumbnailUrl\":\"http:\\\/\\\/inclusivenews.com.br\\\/wp-content\\\/uploads\\\/retorica.jpg\",\"datePublished\":\"2011-07-21T05:51:11+00:00\",\"breadcrumb\":{\"@id\":\"https:\\\/\\\/inclusivenews.com.br\\\/?p=20416#breadcrumb\"},\"inLanguage\":\"pt-PT\",\"potentialAction\":[{\"@type\":\"ReadAction\",\"target\":[\"https:\\\/\\\/inclusivenews.com.br\\\/?p=20416\"]}]},{\"@type\":\"ImageObject\",\"inLanguage\":\"pt-PT\",\"@id\":\"https:\\\/\\\/inclusivenews.com.br\\\/?p=20416#primaryimage\",\"url\":\"\",\"contentUrl\":\"\"},{\"@type\":\"BreadcrumbList\",\"@id\":\"https:\\\/\\\/inclusivenews.com.br\\\/?p=20416#breadcrumb\",\"itemListElement\":[{\"@type\":\"ListItem\",\"position\":1,\"name\":\"In\u00edcio\",\"item\":\"https:\\\/\\\/inclusivenews.com.br\\\/\"},{\"@type\":\"ListItem\",\"position\":2,\"name\":\"Ret\u00f3rica pouco original\"}]},{\"@type\":\"WebSite\",\"@id\":\"https:\\\/\\\/inclusivenews.com.br\\\/#website\",\"url\":\"https:\\\/\\\/inclusivenews.com.br\\\/\",\"name\":\"Inclusive News\",\"description\":\"Inclusive News\",\"publisher\":{\"@id\":\"https:\\\/\\\/inclusivenews.com.br\\\/#organization\"},\"potentialAction\":[{\"@type\":\"SearchAction\",\"target\":{\"@type\":\"EntryPoint\",\"urlTemplate\":\"https:\\\/\\\/inclusivenews.com.br\\\/?s={search_term_string}\"},\"query-input\":{\"@type\":\"PropertyValueSpecification\",\"valueRequired\":true,\"valueName\":\"search_term_string\"}}],\"inLanguage\":\"pt-PT\"},{\"@type\":\"Organization\",\"@id\":\"https:\\\/\\\/inclusivenews.com.br\\\/#organization\",\"name\":\"Inclusive - inclus\u00e3o e cidadania\",\"url\":\"https:\\\/\\\/inclusivenews.com.br\\\/\",\"logo\":{\"@type\":\"ImageObject\",\"inLanguage\":\"pt-PT\",\"@id\":\"https:\\\/\\\/inclusivenews.com.br\\\/#\\\/schema\\\/logo\\\/image\\\/\",\"url\":\"https:\\\/\\\/inclusivenews.com.br\\\/wp-content\\\/uploads\\\/2024\\\/03\\\/@grandesite.png\",\"contentUrl\":\"https:\\\/\\\/inclusivenews.com.br\\\/wp-content\\\/uploads\\\/2024\\\/03\\\/@grandesite.png\",\"width\":1080,\"height\":1080,\"caption\":\"Inclusive - inclus\u00e3o e cidadania\"},\"image\":{\"@id\":\"https:\\\/\\\/inclusivenews.com.br\\\/#\\\/schema\\\/logo\\\/image\\\/\"},\"sameAs\":[\"https:\\\/\\\/www.facebook.com\\\/agenciainclusive\\\/\",\"https:\\\/\\\/www.instagram.com\\\/newsinclusive\\\/\"]},{\"@type\":\"Person\",\"@id\":\"https:\\\/\\\/inclusivenews.com.br\\\/#\\\/schema\\\/person\\\/ae4ec7087559b8692fb33b6fffd2273b\",\"name\":\"inclusivenews2024\",\"image\":{\"@type\":\"ImageObject\",\"inLanguage\":\"pt-PT\",\"@id\":\"https:\\\/\\\/secure.gravatar.com\\\/avatar\\\/c5a7ef84c66fa914f55bc4f7ce26cfa275a3b9a1c5568b907bd184fb4dde7b40?s=96&d=mm&r=g\",\"url\":\"https:\\\/\\\/secure.gravatar.com\\\/avatar\\\/c5a7ef84c66fa914f55bc4f7ce26cfa275a3b9a1c5568b907bd184fb4dde7b40?s=96&d=mm&r=g\",\"contentUrl\":\"https:\\\/\\\/secure.gravatar.com\\\/avatar\\\/c5a7ef84c66fa914f55bc4f7ce26cfa275a3b9a1c5568b907bd184fb4dde7b40?s=96&d=mm&r=g\",\"caption\":\"inclusivenews2024\"},\"sameAs\":[\"https:\\\/\\\/inclusivenews.com.br\"],\"url\":\"https:\\\/\\\/inclusivenews.com.br\\\/?author=1\"}]}<\/script>\n<!-- \/ Yoast SEO plugin. -->","yoast_head_json":{"title":"Ret\u00f3rica pouco original -","robots":{"index":"index","follow":"follow","max-snippet":"max-snippet:-1","max-image-preview":"max-image-preview:large","max-video-preview":"max-video-preview:-1"},"canonical":"https:\/\/inclusivenews.com.br\/?p=20416","og_locale":"pt_PT","og_type":"article","og_title":"Ret\u00f3rica pouco original -","og_description":"Homossexualidade n\u00e3o \u00e9 pedofilia, inj\u00faria n\u00e3o \u00e9 liberdade de express\u00e3o. Artigo \u00e9 Wederson Santos e est\u00e1 no CLAM.","og_url":"https:\/\/inclusivenews.com.br\/?p=20416","article_publisher":"https:\/\/www.facebook.com\/agenciainclusive\/","article_published_time":"2011-07-21T05:51:11+00:00","og_image":[{"url":"http:\/\/inclusivenews.com.br\/wp-content\/uploads\/retorica.jpg","type":"","width":"","height":""}],"author":"inclusivenews2024","twitter_card":"summary_large_image","twitter_misc":{"Escrito por":"inclusivenews2024","Tempo estimado de leitura":"4 minutos"},"schema":{"@context":"https:\/\/schema.org","@graph":[{"@type":"Article","@id":"https:\/\/inclusivenews.com.br\/?p=20416#article","isPartOf":{"@id":"https:\/\/inclusivenews.com.br\/?p=20416"},"author":{"name":"inclusivenews2024","@id":"https:\/\/inclusivenews.com.br\/#\/schema\/person\/ae4ec7087559b8692fb33b6fffd2273b"},"headline":"Ret\u00f3rica pouco original","datePublished":"2011-07-21T05:51:11+00:00","mainEntityOfPage":{"@id":"https:\/\/inclusivenews.com.br\/?p=20416"},"wordCount":826,"commentCount":0,"publisher":{"@id":"https:\/\/inclusivenews.com.br\/#organization"},"image":{"@id":"https:\/\/inclusivenews.com.br\/?p=20416#primaryimage"},"thumbnailUrl":"http:\/\/inclusivenews.com.br\/wp-content\/uploads\/retorica.jpg","articleSection":["DIREITOS HUMANOS","OPINI\u00c3O"],"inLanguage":"pt-PT","potentialAction":[{"@type":"CommentAction","name":"Comment","target":["https:\/\/inclusivenews.com.br\/?p=20416#respond"]}]},{"@type":"WebPage","@id":"https:\/\/inclusivenews.com.br\/?p=20416","url":"https:\/\/inclusivenews.com.br\/?p=20416","name":"Ret\u00f3rica pouco original -","isPartOf":{"@id":"https:\/\/inclusivenews.com.br\/#website"},"primaryImageOfPage":{"@id":"https:\/\/inclusivenews.com.br\/?p=20416#primaryimage"},"image":{"@id":"https:\/\/inclusivenews.com.br\/?p=20416#primaryimage"},"thumbnailUrl":"http:\/\/inclusivenews.com.br\/wp-content\/uploads\/retorica.jpg","datePublished":"2011-07-21T05:51:11+00:00","breadcrumb":{"@id":"https:\/\/inclusivenews.com.br\/?p=20416#breadcrumb"},"inLanguage":"pt-PT","potentialAction":[{"@type":"ReadAction","target":["https:\/\/inclusivenews.com.br\/?p=20416"]}]},{"@type":"ImageObject","inLanguage":"pt-PT","@id":"https:\/\/inclusivenews.com.br\/?p=20416#primaryimage","url":"","contentUrl":""},{"@type":"BreadcrumbList","@id":"https:\/\/inclusivenews.com.br\/?p=20416#breadcrumb","itemListElement":[{"@type":"ListItem","position":1,"name":"In\u00edcio","item":"https:\/\/inclusivenews.com.br\/"},{"@type":"ListItem","position":2,"name":"Ret\u00f3rica pouco original"}]},{"@type":"WebSite","@id":"https:\/\/inclusivenews.com.br\/#website","url":"https:\/\/inclusivenews.com.br\/","name":"Inclusive News","description":"Inclusive News","publisher":{"@id":"https:\/\/inclusivenews.com.br\/#organization"},"potentialAction":[{"@type":"SearchAction","target":{"@type":"EntryPoint","urlTemplate":"https:\/\/inclusivenews.com.br\/?s={search_term_string}"},"query-input":{"@type":"PropertyValueSpecification","valueRequired":true,"valueName":"search_term_string"}}],"inLanguage":"pt-PT"},{"@type":"Organization","@id":"https:\/\/inclusivenews.com.br\/#organization","name":"Inclusive - inclus\u00e3o e cidadania","url":"https:\/\/inclusivenews.com.br\/","logo":{"@type":"ImageObject","inLanguage":"pt-PT","@id":"https:\/\/inclusivenews.com.br\/#\/schema\/logo\/image\/","url":"https:\/\/inclusivenews.com.br\/wp-content\/uploads\/2024\/03\/@grandesite.png","contentUrl":"https:\/\/inclusivenews.com.br\/wp-content\/uploads\/2024\/03\/@grandesite.png","width":1080,"height":1080,"caption":"Inclusive - inclus\u00e3o e cidadania"},"image":{"@id":"https:\/\/inclusivenews.com.br\/#\/schema\/logo\/image\/"},"sameAs":["https:\/\/www.facebook.com\/agenciainclusive\/","https:\/\/www.instagram.com\/newsinclusive\/"]},{"@type":"Person","@id":"https:\/\/inclusivenews.com.br\/#\/schema\/person\/ae4ec7087559b8692fb33b6fffd2273b","name":"inclusivenews2024","image":{"@type":"ImageObject","inLanguage":"pt-PT","@id":"https:\/\/secure.gravatar.com\/avatar\/c5a7ef84c66fa914f55bc4f7ce26cfa275a3b9a1c5568b907bd184fb4dde7b40?s=96&d=mm&r=g","url":"https:\/\/secure.gravatar.com\/avatar\/c5a7ef84c66fa914f55bc4f7ce26cfa275a3b9a1c5568b907bd184fb4dde7b40?s=96&d=mm&r=g","contentUrl":"https:\/\/secure.gravatar.com\/avatar\/c5a7ef84c66fa914f55bc4f7ce26cfa275a3b9a1c5568b907bd184fb4dde7b40?s=96&d=mm&r=g","caption":"inclusivenews2024"},"sameAs":["https:\/\/inclusivenews.com.br"],"url":"https:\/\/inclusivenews.com.br\/?author=1"}]}},"_links":{"self":[{"href":"https:\/\/inclusivenews.com.br\/index.php?rest_route=\/wp\/v2\/posts\/20416","targetHints":{"allow":["GET"]}}],"collection":[{"href":"https:\/\/inclusivenews.com.br\/index.php?rest_route=\/wp\/v2\/posts"}],"about":[{"href":"https:\/\/inclusivenews.com.br\/index.php?rest_route=\/wp\/v2\/types\/post"}],"author":[{"embeddable":true,"href":"https:\/\/inclusivenews.com.br\/index.php?rest_route=\/wp\/v2\/users\/1"}],"replies":[{"embeddable":true,"href":"https:\/\/inclusivenews.com.br\/index.php?rest_route=%2Fwp%2Fv2%2Fcomments&post=20416"}],"version-history":[{"count":0,"href":"https:\/\/inclusivenews.com.br\/index.php?rest_route=\/wp\/v2\/posts\/20416\/revisions"}],"wp:attachment":[{"href":"https:\/\/inclusivenews.com.br\/index.php?rest_route=%2Fwp%2Fv2%2Fmedia&parent=20416"}],"wp:term":[{"taxonomy":"category","embeddable":true,"href":"https:\/\/inclusivenews.com.br\/index.php?rest_route=%2Fwp%2Fv2%2Fcategories&post=20416"},{"taxonomy":"post_tag","embeddable":true,"href":"https:\/\/inclusivenews.com.br\/index.php?rest_route=%2Fwp%2Fv2%2Ftags&post=20416"}],"curies":[{"name":"wp","href":"https:\/\/api.w.org\/{rel}","templated":true}]}}