{"id":20429,"date":"2011-07-21T02:50:15","date_gmt":"2011-07-21T05:50:15","guid":{"rendered":"http:\/\/www.inclusive.org.br\/?p=20429"},"modified":"2011-07-21T02:50:15","modified_gmt":"2011-07-21T05:50:15","slug":"visao-mundial-lanca-campanha-saude-infantil-primeiro","status":"publish","type":"post","link":"https:\/\/inclusivenews.com.br\/?p=20429","title":{"rendered":"Vis\u00e3o Mundial lan\u00e7a campanha &#039;Sa\u00fade Infantil Primeiro&#039;"},"content":{"rendered":"<figure id=\"attachment_19960\" aria-describedby=\"caption-attachment-19960\" style=\"width: 300px\" class=\"wp-caption alignleft\"><img loading=\"lazy\" decoding=\"async\" class=\"size-medium wp-image-19960 \" src=\"http:\/\/inclusivenews.com.br\/wp-content\/uploads\/prote\u00e7\u00e3o-Crian\u00e7a-300x200.jpg\" alt=\"Desenho infantil mostrando paisagem com 5 crian\u00e7as brincando e ao fundo casa, \u00e1rvore e avi\u00e3o.\" width=\"300\" height=\"200\" \/><figcaption id=\"caption-attachment-19960\" class=\"wp-caption-text\"> <\/figcaption><\/figure>\n<p>A meta n\u00famero quatro dos Objetivos de Desenvolvimento do Mil\u00eanio (ODM) chama os governos e chefes de Estado mundiais a &#8220;reduzir a mortalidade de crian\u00e7as menores de cinco anos de idade\u201d at\u00e9 2015. Para ajudar os pa\u00edses da Am\u00e9rica Latina e do Caribe a alcan\u00e7arem a meta, a organiza\u00e7\u00e3o Vis\u00e3o Mundial lan\u00e7ou, na quinta-feira passada (14), a campanha &#8220;Sa\u00fade Infantil Primeiro\u201d na regi\u00e3o.<\/p>\n<p>A iniciativa acontece em Bol\u00edvia, Brasil, El Salvador, Guatemala, Honduras, M\u00e9xico e Rep\u00fablica Dominicana com o objetivo de ajudar organiza\u00e7\u00f5es sociais e governos a desenvolverem a\u00e7\u00f5es que garantam a promo\u00e7\u00e3o, a preven\u00e7\u00e3o e o acesso de crian\u00e7as, adolescentes e adultos a servi\u00e7os de sa\u00fade materno-infantil de qualidade.<\/p>\n<p>&#8220;Esta campanha busca que todas as fam\u00edlias tenham acesso \u00e0 educa\u00e7\u00e3o, preven\u00e7\u00e3o e acesso a servi\u00e7os de sa\u00fade com qualidade de tal forma que assegure que todas as crian\u00e7as, especialmente aquelas que se encontram em condi\u00e7\u00e3o de vulnerabilidade, possam viver de forma saud\u00e1vel em suas comunidades\u201d, explicou Vis\u00e3o Mundial.<\/p>\n<p>De acordo com a entidade, um relat\u00f3rio apresentado neste m\u00eas pela Organiza\u00e7\u00e3o das Na\u00e7\u00f5es Unidas (ONU) sobre os ODM mostrou que a regi\u00e3o latino-americana e caribenha conseguiu alguns avan\u00e7os nas metas referentes \u00e0 redu\u00e7\u00e3o da fome, \u00e0 igualdade de g\u00eanero e \u00e0 sobreviv\u00eancia infantil. Entretanto, os progressos nos objetivos de erradica\u00e7\u00e3o da pobreza, de acesso \u00e0 educa\u00e7\u00e3o, de melhoria na sa\u00fade materna e de combate ao HIV ainda continuam lentos.<\/p>\n<p>&#8220;Na Am\u00e9rica Latina e no Caribe, investiga\u00e7\u00f5es ocorridas durante os anos 2005-2006 mostraram que a desigualdade impactava negativamente na sa\u00fade de meninos, meninas, adolescentes e jovens, especialmente daqueles pertencentes a popula\u00e7\u00f5es ind\u00edgenas, afrodescendentes e meninos\/as com defici\u00eancia. A desigualdade segue sendo o grande tema e confirma que a sa\u00fade \u00e9 uma necessidade que a regi\u00e3o deve abordar. Sobretudo no que respeita ao acesso e \u00e0 qualidade dos servi\u00e7os\u201d, destacou.<\/p>\n<p>Exemplo dessa desigualdade aparece no M\u00e9xico. Segundo a organiza\u00e7\u00e3o, a sobreviv\u00eancia das crian\u00e7as ind\u00edgenas \u00e9 menor que a das n\u00e3o-ind\u00edgenas em quase todas as unidades federativas do pa\u00eds. No Brasil, a diferen\u00e7a entre as regi\u00f5es \u00e9 evidente. Enquanto no Rio Grande do Sul \u2013 regi\u00e3o Sul do pa\u00eds \u2013 a taxa de mortalidade \u00e9 de 13,1% para cada mil crian\u00e7as nascidas; em Alagoas, no Nordeste brasileiro, a taxa chega a 48,2%.<\/p>\n<p>Dados de Vis\u00e3o Mundial ainda revelaram que, por ano, cerca de 300 mil crian\u00e7as menores de cinco anos morrem na Am\u00e9rica Latina. A situa\u00e7\u00e3o tamb\u00e9m n\u00e3o \u00e9 animadora em rela\u00e7\u00e3o \u00e0 taxa de mortalidade materna. De acordo com a entidade internacional, em El Salvador, por exemplo, 173 m\u00e3es morrem para cada 100 mil crian\u00e7as nascidas vivas. Das mortes, 90% s\u00e3o de causas evit\u00e1veis.<\/p>\n<p>ODM<\/p>\n<p>No ano 2000, 189 l\u00edderes mundiais reunidos nas Na\u00e7\u00f5es Unidas se comprometeram a cumprir, at\u00e9 2015, oito Objetivos de Desenvolvimento do Mil\u00eanio (ODM). S\u00e3o eles: erradicar a pobreza extrema e a fome; educa\u00e7\u00e3o universal; igualdade entre os g\u00eaneros; reduzir a mortalidade infantil; melhorar a sa\u00fade materna; combater o HIV\/Aids; sustentabilidade do meio ambiente; e fomentar uma associa\u00e7\u00e3o mundial.<\/p>\n<p>Fonte: <a href=\"http:\/\/www.adital.com.br\/site\/noticia.asp?boletim=1&amp;lang=PT&amp;cod=58466\">Adital<\/a><\/p>\n","protected":false},"excerpt":{"rendered":"<p>De acordo com a entidade, um relat\u00f3rio apresentado neste m\u00eas pela Organiza\u00e7\u00e3o das Na\u00e7\u00f5es Unidas (ONU) sobre os ODM mostrou que a regi\u00e3o latino-americana e caribenha conseguiu alguns avan\u00e7os nas metas referentes \u00e0 redu\u00e7\u00e3o da fome, \u00e0 igualdade de g\u00eanero e \u00e0 sobreviv\u00eancia infantil. Entretanto, os progressos nos objetivos de erradica\u00e7\u00e3o da pobreza, de acesso \u00e0 educa\u00e7\u00e3o, de melhoria na sa\u00fade materna e de combate ao HIV ainda continuam lentos.  Reportagem \u00e9 da Adital.<\/p>\n","protected":false},"author":1,"featured_media":0,"comment_status":"open","ping_status":"open","sticky":false,"template":"","format":"standard","meta":{"site-container-style":"default","site-container-layout":"default","site-sidebar-layout":"default","disable-article-header":"default","disable-site-header":"default","disable-site-footer":"default","disable-content-area-spacing":"default","footnotes":""},"categories":[4,37],"tags":[60],"class_list":["post-20429","post","type-post","status-publish","format-standard","hentry","category-noticias","category-saude","tag-infancia"],"yoast_head":"<!-- This site is optimized with the Yoast SEO plugin v27.4 - https:\/\/yoast.com\/product\/yoast-seo-wordpress\/ -->\n<title>Vis\u00e3o Mundial lan\u00e7a campanha &#039;Sa\u00fade Infantil Primeiro&#039; -<\/title>\n<meta name=\"robots\" content=\"index, follow, max-snippet:-1, max-image-preview:large, max-video-preview:-1\" \/>\n<link rel=\"canonical\" href=\"https:\/\/inclusivenews.com.br\/?p=20429\" \/>\n<meta property=\"og:locale\" content=\"pt_PT\" \/>\n<meta property=\"og:type\" content=\"article\" \/>\n<meta property=\"og:title\" content=\"Vis\u00e3o Mundial lan\u00e7a campanha &#039;Sa\u00fade Infantil Primeiro&#039; -\" \/>\n<meta property=\"og:description\" content=\"De acordo com a entidade, um relat\u00f3rio apresentado neste m\u00eas pela Organiza\u00e7\u00e3o das Na\u00e7\u00f5es Unidas (ONU) sobre os ODM mostrou que a regi\u00e3o latino-americana e caribenha conseguiu alguns avan\u00e7os nas metas referentes \u00e0 redu\u00e7\u00e3o da fome, \u00e0 igualdade de g\u00eanero e \u00e0 sobreviv\u00eancia infantil. Entretanto, os progressos nos objetivos de erradica\u00e7\u00e3o da pobreza, de acesso \u00e0 educa\u00e7\u00e3o, de melhoria na sa\u00fade materna e de combate ao HIV ainda continuam lentos. Reportagem \u00e9 da Adital.\" \/>\n<meta property=\"og:url\" content=\"https:\/\/inclusivenews.com.br\/?p=20429\" \/>\n<meta property=\"article:publisher\" content=\"https:\/\/www.facebook.com\/agenciainclusive\/\" \/>\n<meta property=\"article:published_time\" content=\"2011-07-21T05:50:15+00:00\" \/>\n<meta name=\"author\" content=\"inclusivenews2024\" \/>\n<meta name=\"twitter:card\" content=\"summary_large_image\" \/>\n<meta name=\"twitter:label1\" content=\"Escrito por\" \/>\n\t<meta name=\"twitter:data1\" content=\"inclusivenews2024\" \/>\n\t<meta name=\"twitter:label2\" content=\"Tempo estimado de leitura\" \/>\n\t<meta name=\"twitter:data2\" content=\"3 minutos\" \/>\n<script type=\"application\/ld+json\" class=\"yoast-schema-graph\">{\"@context\":\"https:\\\/\\\/schema.org\",\"@graph\":[{\"@type\":\"Article\",\"@id\":\"https:\\\/\\\/inclusivenews.com.br\\\/?p=20429#article\",\"isPartOf\":{\"@id\":\"https:\\\/\\\/inclusivenews.com.br\\\/?p=20429\"},\"author\":{\"name\":\"inclusivenews2024\",\"@id\":\"https:\\\/\\\/inclusivenews.com.br\\\/#\\\/schema\\\/person\\\/ae4ec7087559b8692fb33b6fffd2273b\"},\"headline\":\"Vis\u00e3o Mundial lan\u00e7a campanha &#039;Sa\u00fade Infantil Primeiro&#039;\",\"datePublished\":\"2011-07-21T05:50:15+00:00\",\"mainEntityOfPage\":{\"@id\":\"https:\\\/\\\/inclusivenews.com.br\\\/?p=20429\"},\"wordCount\":571,\"commentCount\":0,\"publisher\":{\"@id\":\"https:\\\/\\\/inclusivenews.com.br\\\/#organization\"},\"keywords\":[\"Inf\u00e2ncia\"],\"articleSection\":[\"NOT\u00cdCIAS\",\"Sa\u00fade\"],\"inLanguage\":\"pt-PT\",\"potentialAction\":[{\"@type\":\"CommentAction\",\"name\":\"Comment\",\"target\":[\"https:\\\/\\\/inclusivenews.com.br\\\/?p=20429#respond\"]}]},{\"@type\":\"WebPage\",\"@id\":\"https:\\\/\\\/inclusivenews.com.br\\\/?p=20429\",\"url\":\"https:\\\/\\\/inclusivenews.com.br\\\/?p=20429\",\"name\":\"Vis\u00e3o Mundial lan\u00e7a campanha &#039;Sa\u00fade Infantil Primeiro&#039; -\",\"isPartOf\":{\"@id\":\"https:\\\/\\\/inclusivenews.com.br\\\/#website\"},\"datePublished\":\"2011-07-21T05:50:15+00:00\",\"breadcrumb\":{\"@id\":\"https:\\\/\\\/inclusivenews.com.br\\\/?p=20429#breadcrumb\"},\"inLanguage\":\"pt-PT\",\"potentialAction\":[{\"@type\":\"ReadAction\",\"target\":[\"https:\\\/\\\/inclusivenews.com.br\\\/?p=20429\"]}]},{\"@type\":\"BreadcrumbList\",\"@id\":\"https:\\\/\\\/inclusivenews.com.br\\\/?p=20429#breadcrumb\",\"itemListElement\":[{\"@type\":\"ListItem\",\"position\":1,\"name\":\"In\u00edcio\",\"item\":\"https:\\\/\\\/inclusivenews.com.br\\\/\"},{\"@type\":\"ListItem\",\"position\":2,\"name\":\"Vis\u00e3o Mundial lan\u00e7a campanha &#039;Sa\u00fade Infantil Primeiro&#039;\"}]},{\"@type\":\"WebSite\",\"@id\":\"https:\\\/\\\/inclusivenews.com.br\\\/#website\",\"url\":\"https:\\\/\\\/inclusivenews.com.br\\\/\",\"name\":\"Inclusive News\",\"description\":\"Inclusive News\",\"publisher\":{\"@id\":\"https:\\\/\\\/inclusivenews.com.br\\\/#organization\"},\"potentialAction\":[{\"@type\":\"SearchAction\",\"target\":{\"@type\":\"EntryPoint\",\"urlTemplate\":\"https:\\\/\\\/inclusivenews.com.br\\\/?s={search_term_string}\"},\"query-input\":{\"@type\":\"PropertyValueSpecification\",\"valueRequired\":true,\"valueName\":\"search_term_string\"}}],\"inLanguage\":\"pt-PT\"},{\"@type\":\"Organization\",\"@id\":\"https:\\\/\\\/inclusivenews.com.br\\\/#organization\",\"name\":\"Inclusive - inclus\u00e3o e cidadania\",\"url\":\"https:\\\/\\\/inclusivenews.com.br\\\/\",\"logo\":{\"@type\":\"ImageObject\",\"inLanguage\":\"pt-PT\",\"@id\":\"https:\\\/\\\/inclusivenews.com.br\\\/#\\\/schema\\\/logo\\\/image\\\/\",\"url\":\"https:\\\/\\\/inclusivenews.com.br\\\/wp-content\\\/uploads\\\/2024\\\/03\\\/@grandesite.png\",\"contentUrl\":\"https:\\\/\\\/inclusivenews.com.br\\\/wp-content\\\/uploads\\\/2024\\\/03\\\/@grandesite.png\",\"width\":1080,\"height\":1080,\"caption\":\"Inclusive - inclus\u00e3o e cidadania\"},\"image\":{\"@id\":\"https:\\\/\\\/inclusivenews.com.br\\\/#\\\/schema\\\/logo\\\/image\\\/\"},\"sameAs\":[\"https:\\\/\\\/www.facebook.com\\\/agenciainclusive\\\/\",\"https:\\\/\\\/www.instagram.com\\\/newsinclusive\\\/\"]},{\"@type\":\"Person\",\"@id\":\"https:\\\/\\\/inclusivenews.com.br\\\/#\\\/schema\\\/person\\\/ae4ec7087559b8692fb33b6fffd2273b\",\"name\":\"inclusivenews2024\",\"image\":{\"@type\":\"ImageObject\",\"inLanguage\":\"pt-PT\",\"@id\":\"https:\\\/\\\/secure.gravatar.com\\\/avatar\\\/c5a7ef84c66fa914f55bc4f7ce26cfa275a3b9a1c5568b907bd184fb4dde7b40?s=96&d=mm&r=g\",\"url\":\"https:\\\/\\\/secure.gravatar.com\\\/avatar\\\/c5a7ef84c66fa914f55bc4f7ce26cfa275a3b9a1c5568b907bd184fb4dde7b40?s=96&d=mm&r=g\",\"contentUrl\":\"https:\\\/\\\/secure.gravatar.com\\\/avatar\\\/c5a7ef84c66fa914f55bc4f7ce26cfa275a3b9a1c5568b907bd184fb4dde7b40?s=96&d=mm&r=g\",\"caption\":\"inclusivenews2024\"},\"sameAs\":[\"https:\\\/\\\/inclusivenews.com.br\"],\"url\":\"https:\\\/\\\/inclusivenews.com.br\\\/?author=1\"}]}<\/script>\n<!-- \/ Yoast SEO plugin. -->","yoast_head_json":{"title":"Vis\u00e3o Mundial lan\u00e7a campanha &#039;Sa\u00fade Infantil Primeiro&#039; -","robots":{"index":"index","follow":"follow","max-snippet":"max-snippet:-1","max-image-preview":"max-image-preview:large","max-video-preview":"max-video-preview:-1"},"canonical":"https:\/\/inclusivenews.com.br\/?p=20429","og_locale":"pt_PT","og_type":"article","og_title":"Vis\u00e3o Mundial lan\u00e7a campanha &#039;Sa\u00fade Infantil Primeiro&#039; -","og_description":"De acordo com a entidade, um relat\u00f3rio apresentado neste m\u00eas pela Organiza\u00e7\u00e3o das Na\u00e7\u00f5es Unidas (ONU) sobre os ODM mostrou que a regi\u00e3o latino-americana e caribenha conseguiu alguns avan\u00e7os nas metas referentes \u00e0 redu\u00e7\u00e3o da fome, \u00e0 igualdade de g\u00eanero e \u00e0 sobreviv\u00eancia infantil. Entretanto, os progressos nos objetivos de erradica\u00e7\u00e3o da pobreza, de acesso \u00e0 educa\u00e7\u00e3o, de melhoria na sa\u00fade materna e de combate ao HIV ainda continuam lentos. Reportagem \u00e9 da Adital.","og_url":"https:\/\/inclusivenews.com.br\/?p=20429","article_publisher":"https:\/\/www.facebook.com\/agenciainclusive\/","article_published_time":"2011-07-21T05:50:15+00:00","author":"inclusivenews2024","twitter_card":"summary_large_image","twitter_misc":{"Escrito por":"inclusivenews2024","Tempo estimado de leitura":"3 minutos"},"schema":{"@context":"https:\/\/schema.org","@graph":[{"@type":"Article","@id":"https:\/\/inclusivenews.com.br\/?p=20429#article","isPartOf":{"@id":"https:\/\/inclusivenews.com.br\/?p=20429"},"author":{"name":"inclusivenews2024","@id":"https:\/\/inclusivenews.com.br\/#\/schema\/person\/ae4ec7087559b8692fb33b6fffd2273b"},"headline":"Vis\u00e3o Mundial lan\u00e7a campanha &#039;Sa\u00fade Infantil Primeiro&#039;","datePublished":"2011-07-21T05:50:15+00:00","mainEntityOfPage":{"@id":"https:\/\/inclusivenews.com.br\/?p=20429"},"wordCount":571,"commentCount":0,"publisher":{"@id":"https:\/\/inclusivenews.com.br\/#organization"},"keywords":["Inf\u00e2ncia"],"articleSection":["NOT\u00cdCIAS","Sa\u00fade"],"inLanguage":"pt-PT","potentialAction":[{"@type":"CommentAction","name":"Comment","target":["https:\/\/inclusivenews.com.br\/?p=20429#respond"]}]},{"@type":"WebPage","@id":"https:\/\/inclusivenews.com.br\/?p=20429","url":"https:\/\/inclusivenews.com.br\/?p=20429","name":"Vis\u00e3o Mundial lan\u00e7a campanha &#039;Sa\u00fade Infantil Primeiro&#039; -","isPartOf":{"@id":"https:\/\/inclusivenews.com.br\/#website"},"datePublished":"2011-07-21T05:50:15+00:00","breadcrumb":{"@id":"https:\/\/inclusivenews.com.br\/?p=20429#breadcrumb"},"inLanguage":"pt-PT","potentialAction":[{"@type":"ReadAction","target":["https:\/\/inclusivenews.com.br\/?p=20429"]}]},{"@type":"BreadcrumbList","@id":"https:\/\/inclusivenews.com.br\/?p=20429#breadcrumb","itemListElement":[{"@type":"ListItem","position":1,"name":"In\u00edcio","item":"https:\/\/inclusivenews.com.br\/"},{"@type":"ListItem","position":2,"name":"Vis\u00e3o Mundial lan\u00e7a campanha &#039;Sa\u00fade Infantil Primeiro&#039;"}]},{"@type":"WebSite","@id":"https:\/\/inclusivenews.com.br\/#website","url":"https:\/\/inclusivenews.com.br\/","name":"Inclusive News","description":"Inclusive News","publisher":{"@id":"https:\/\/inclusivenews.com.br\/#organization"},"potentialAction":[{"@type":"SearchAction","target":{"@type":"EntryPoint","urlTemplate":"https:\/\/inclusivenews.com.br\/?s={search_term_string}"},"query-input":{"@type":"PropertyValueSpecification","valueRequired":true,"valueName":"search_term_string"}}],"inLanguage":"pt-PT"},{"@type":"Organization","@id":"https:\/\/inclusivenews.com.br\/#organization","name":"Inclusive - inclus\u00e3o e cidadania","url":"https:\/\/inclusivenews.com.br\/","logo":{"@type":"ImageObject","inLanguage":"pt-PT","@id":"https:\/\/inclusivenews.com.br\/#\/schema\/logo\/image\/","url":"https:\/\/inclusivenews.com.br\/wp-content\/uploads\/2024\/03\/@grandesite.png","contentUrl":"https:\/\/inclusivenews.com.br\/wp-content\/uploads\/2024\/03\/@grandesite.png","width":1080,"height":1080,"caption":"Inclusive - inclus\u00e3o e cidadania"},"image":{"@id":"https:\/\/inclusivenews.com.br\/#\/schema\/logo\/image\/"},"sameAs":["https:\/\/www.facebook.com\/agenciainclusive\/","https:\/\/www.instagram.com\/newsinclusive\/"]},{"@type":"Person","@id":"https:\/\/inclusivenews.com.br\/#\/schema\/person\/ae4ec7087559b8692fb33b6fffd2273b","name":"inclusivenews2024","image":{"@type":"ImageObject","inLanguage":"pt-PT","@id":"https:\/\/secure.gravatar.com\/avatar\/c5a7ef84c66fa914f55bc4f7ce26cfa275a3b9a1c5568b907bd184fb4dde7b40?s=96&d=mm&r=g","url":"https:\/\/secure.gravatar.com\/avatar\/c5a7ef84c66fa914f55bc4f7ce26cfa275a3b9a1c5568b907bd184fb4dde7b40?s=96&d=mm&r=g","contentUrl":"https:\/\/secure.gravatar.com\/avatar\/c5a7ef84c66fa914f55bc4f7ce26cfa275a3b9a1c5568b907bd184fb4dde7b40?s=96&d=mm&r=g","caption":"inclusivenews2024"},"sameAs":["https:\/\/inclusivenews.com.br"],"url":"https:\/\/inclusivenews.com.br\/?author=1"}]}},"_links":{"self":[{"href":"https:\/\/inclusivenews.com.br\/index.php?rest_route=\/wp\/v2\/posts\/20429","targetHints":{"allow":["GET"]}}],"collection":[{"href":"https:\/\/inclusivenews.com.br\/index.php?rest_route=\/wp\/v2\/posts"}],"about":[{"href":"https:\/\/inclusivenews.com.br\/index.php?rest_route=\/wp\/v2\/types\/post"}],"author":[{"embeddable":true,"href":"https:\/\/inclusivenews.com.br\/index.php?rest_route=\/wp\/v2\/users\/1"}],"replies":[{"embeddable":true,"href":"https:\/\/inclusivenews.com.br\/index.php?rest_route=%2Fwp%2Fv2%2Fcomments&post=20429"}],"version-history":[{"count":0,"href":"https:\/\/inclusivenews.com.br\/index.php?rest_route=\/wp\/v2\/posts\/20429\/revisions"}],"wp:attachment":[{"href":"https:\/\/inclusivenews.com.br\/index.php?rest_route=%2Fwp%2Fv2%2Fmedia&parent=20429"}],"wp:term":[{"taxonomy":"category","embeddable":true,"href":"https:\/\/inclusivenews.com.br\/index.php?rest_route=%2Fwp%2Fv2%2Fcategories&post=20429"},{"taxonomy":"post_tag","embeddable":true,"href":"https:\/\/inclusivenews.com.br\/index.php?rest_route=%2Fwp%2Fv2%2Ftags&post=20429"}],"curies":[{"name":"wp","href":"https:\/\/api.w.org\/{rel}","templated":true}]}}