{"id":20430,"date":"2011-07-21T02:48:43","date_gmt":"2011-07-21T05:48:43","guid":{"rendered":"http:\/\/www.inclusive.org.br\/?p=20430"},"modified":"2011-07-21T02:48:43","modified_gmt":"2011-07-21T05:48:43","slug":"midia-comercial-so-mostra-a-violencia-das-favelas-e-ignora-as-reivindicacoes-dos-pobres-reclamam-comunidades","status":"publish","type":"post","link":"https:\/\/inclusivenews.com.br\/?p=20430","title":{"rendered":"M\u00eddia comercial s\u00f3 mostra a viol\u00eancia das favelas e ignora as reivindica\u00e7\u00f5es dos pobres, reclamam comunidades"},"content":{"rendered":"<p><img loading=\"lazy\" decoding=\"async\" class=\"alignleft size-medium wp-image-13571\" title=\"Comunica\u00e7\u00e3o - duas latinhas amarradas por um barbante\" src=\"http:\/\/inclusivenews.com.br\/wp-content\/uploads\/2010\/01\/comunicacao1-300x243.jpg\" alt=\"Comunica\u00e7\u00e3o - duas latinhas amarradas por um barbante\" width=\"300\" height=\"243\" \/>A m\u00eddia comercial n\u00e3o deve restringir a cobertura do cotidiano das favelas \u00e0s p\u00e1ginas policiais ou aos programas populares de r\u00e1dio e TV. O apelo foi feito no dia 18 durante a abertura do 1\u00ba Encontro Nacional de Correspondentes Comunit\u00e1rios do Viva Favela, que se estender\u00e1 at\u00e9 a pr\u00f3xima sexta-feira (22), no Memorial Get\u00falio Vargas, no Rio de Janeiro. Segundo os participantes do evento, a chamada grande imprensa vem refor\u00e7ando, aos longos de d\u00e9cadas, preconceitos e esteri\u00f3tipos em rela\u00e7\u00e3o \u00e0s comunidades pobres.<\/p>\n<p>Al\u00e9m de debater a forma como a m\u00eddia comercial cobre os temas que envolvem as popula\u00e7\u00f5es mais carentes, o evento tem outros dois objetivos: avaliar os dez anos do site criado pela organiza\u00e7\u00e3o n\u00e3o governamental Viva Rio e incentivar o jornalismo comunit\u00e1rio a produzir reportagens para as redes sociais.<\/p>\n<p>De acordo com jornalistas que trabalham em ve\u00edculos comunit\u00e1rios, h\u00e1 uma grande resist\u00eancia da m\u00eddia comercial (jornais, site, r\u00e1dios e TVs) em mostrar conte\u00fados positivos sobre a vida em suas comunidades ou reivindica\u00e7\u00f5es que pressionem governos por servi\u00e7os p\u00fablicos.<\/p>\n<p>Da comunidade da Mar\u00e9, na zona norte da cidade do Rio, a jornalista Rosilene Miliotti criticou a presen\u00e7a de equipes de reportagens nas comunidades pobres apenas para cobrir a\u00e7\u00f5es policiais violentas. &#8220;Quando \u00e9 uma coisa legal, eles n\u00e3o v\u00e3o dizendo que o local n\u00e3o \u00e9 violento, n\u00e3o tem UPP [Unidade de Pol\u00edcia Pacificadora]. Mas quando tem tiroteio, eles est\u00e3o l\u00e1.&#8221;<\/p>\n<p>A jornalista reclama tamb\u00e9m da pouca visibilidade ou da falta de acompanhamento por parte da imprensa de crimes ocorridos dentro das comunidades, como sequestros, assassinatos e roubos. Rosilene aproveitou para denunciar mais um arrombamento da sede do Movimento Enraizados, no Complexo do Alem\u00e3o, na zona norte. At\u00e9 agora, o crime n\u00e3o foi esclarecido.<\/p>\n<p>Na periferia de Salvador, a situa\u00e7\u00e3o \u00e9 semelhante, conta o jornalista Ivan Luiz. L\u00e1, relata, as equipes de reportagem acompanham ao vivo as opera\u00e7\u00f5es policiais. &#8220;A imprensa invade a comunidade com a pol\u00edcia, mas n\u00e3o faz reportagens sobre a nossa cultura ou nossos artistas. Temos uma classe m\u00e9dia que cresce com a oferta de servi\u00e7os e que ningu\u00e9m descobriu.&#8221;.<\/p>\n<p>Estar na grande imprensa \u00e9 uma das formas de romper preconceitos, mas n\u00e3o \u00e9 a \u00fanica, segundo a jornalista Angelina Miranda, de Cap\u00e3o Redondo, em S\u00e3o Paulo. &#8220;N\u00e3o estou certa de que as corpora\u00e7\u00f5es por tr\u00e1s desse sistema querem mud\u00e1-lo. O melhor \u00e9 que continuemos n\u00f3s mesmos a produzir e republicar nosso conte\u00fado sem intermedi\u00e1rios&#8221;.<\/p>\n<p>A veicula\u00e7\u00e3o das colabora\u00e7\u00f5es para o site Viva Favela j\u00e1 rendeu pr\u00eamio a ONG Viva Rio e hoje constitui um acervo importante de mem\u00f3ria das comunidade e de den\u00fancia social, de acordo com o coordenador Rubem Cesar Fernandes. Segundo ele, o projeto continuar\u00e1 com foco na produ\u00e7\u00e3o de textos, imagens e \u00e1udios, com a possibilidade de expandir a rede para outros pa\u00edses.<\/p>\n<p>&#8220;O Viva Favela \u00e9 um ve\u00edculo de comunica\u00e7\u00e3o nacional, colaborativo, que vem da favela para fora, para o mundo. O site ajudou a quebrar o grandes mitos. E temos espa\u00e7o para expans\u00e3o. Um Viva Favela falando ingl\u00eas, franc\u00eas, espanhol, com outras favelas mundo afora.&#8221;<\/p>\n<p>O evento inclui ainda oficinas, debates sobre pol\u00edticas de comunica\u00e7\u00e3o e de cultura, al\u00e9m de shows.<\/p>\n<p>Edi\u00e7\u00e3o: Jo\u00e3o Carlos Rodrigues<\/p>\n<p>Fonte: Ag\u00eancia Brasil<\/p>\n","protected":false},"excerpt":{"rendered":"<p>Al\u00e9m de debater a forma como a m\u00eddia comercial cobre os temas que envolvem as popula\u00e7\u00f5es mais carentes, o evento tem outros dois objetivos: avaliar os dez anos do site criado pela organiza\u00e7\u00e3o n\u00e3o governamental Viva Rio e incentivar o jornalismo comunit\u00e1rio a produzir reportagens para as redes sociais.<\/p>\n","protected":false},"author":1,"featured_media":0,"comment_status":"open","ping_status":"open","sticky":false,"template":"","format":"standard","meta":{"site-container-style":"default","site-container-layout":"default","site-sidebar-layout":"default","disable-article-header":"default","disable-site-header":"default","disable-site-footer":"default","disable-content-area-spacing":"default","footnotes":""},"categories":[48,4],"tags":[],"class_list":["post-20430","post","type-post","status-publish","format-standard","hentry","category-inclusao","category-noticias"],"yoast_head":"<!-- This site is optimized with the Yoast SEO plugin v27.4 - https:\/\/yoast.com\/product\/yoast-seo-wordpress\/ -->\n<title>M\u00eddia comercial s\u00f3 mostra a viol\u00eancia das favelas e ignora as reivindica\u00e7\u00f5es dos pobres, reclamam comunidades -<\/title>\n<meta name=\"robots\" content=\"index, follow, max-snippet:-1, max-image-preview:large, max-video-preview:-1\" \/>\n<link rel=\"canonical\" href=\"https:\/\/inclusivenews.com.br\/?p=20430\" \/>\n<meta property=\"og:locale\" content=\"pt_PT\" \/>\n<meta property=\"og:type\" content=\"article\" \/>\n<meta property=\"og:title\" content=\"M\u00eddia comercial s\u00f3 mostra a viol\u00eancia das favelas e ignora as reivindica\u00e7\u00f5es dos pobres, reclamam comunidades -\" \/>\n<meta property=\"og:description\" content=\"Al\u00e9m de debater a forma como a m\u00eddia comercial cobre os temas que envolvem as popula\u00e7\u00f5es mais carentes, o evento tem outros dois objetivos: avaliar os dez anos do site criado pela organiza\u00e7\u00e3o n\u00e3o governamental Viva Rio e incentivar o jornalismo comunit\u00e1rio a produzir reportagens para as redes sociais.\" \/>\n<meta property=\"og:url\" content=\"https:\/\/inclusivenews.com.br\/?p=20430\" \/>\n<meta property=\"article:publisher\" content=\"https:\/\/www.facebook.com\/agenciainclusive\/\" \/>\n<meta property=\"article:published_time\" content=\"2011-07-21T05:48:43+00:00\" \/>\n<meta property=\"og:image\" content=\"http:\/\/inclusivenews.com.br\/wp-content\/uploads\/2010\/01\/comunicacao1-300x243.jpg\" \/>\n<meta name=\"author\" content=\"inclusivenews2024\" \/>\n<meta name=\"twitter:card\" content=\"summary_large_image\" \/>\n<meta name=\"twitter:label1\" content=\"Escrito por\" \/>\n\t<meta name=\"twitter:data1\" content=\"inclusivenews2024\" \/>\n\t<meta name=\"twitter:label2\" content=\"Tempo estimado de leitura\" \/>\n\t<meta name=\"twitter:data2\" content=\"3 minutos\" \/>\n<script type=\"application\/ld+json\" class=\"yoast-schema-graph\">{\"@context\":\"https:\\\/\\\/schema.org\",\"@graph\":[{\"@type\":\"Article\",\"@id\":\"https:\\\/\\\/inclusivenews.com.br\\\/?p=20430#article\",\"isPartOf\":{\"@id\":\"https:\\\/\\\/inclusivenews.com.br\\\/?p=20430\"},\"author\":{\"name\":\"inclusivenews2024\",\"@id\":\"https:\\\/\\\/inclusivenews.com.br\\\/#\\\/schema\\\/person\\\/ae4ec7087559b8692fb33b6fffd2273b\"},\"headline\":\"M\u00eddia comercial s\u00f3 mostra a viol\u00eancia das favelas e ignora as reivindica\u00e7\u00f5es dos pobres, reclamam comunidades\",\"datePublished\":\"2011-07-21T05:48:43+00:00\",\"mainEntityOfPage\":{\"@id\":\"https:\\\/\\\/inclusivenews.com.br\\\/?p=20430\"},\"wordCount\":608,\"commentCount\":0,\"publisher\":{\"@id\":\"https:\\\/\\\/inclusivenews.com.br\\\/#organization\"},\"image\":{\"@id\":\"https:\\\/\\\/inclusivenews.com.br\\\/?p=20430#primaryimage\"},\"thumbnailUrl\":\"http:\\\/\\\/inclusivenews.com.br\\\/wp-content\\\/uploads\\\/2010\\\/01\\\/comunicacao1-300x243.jpg\",\"articleSection\":[\"INCLUS\u00c3O SOCIAL\",\"NOT\u00cdCIAS\"],\"inLanguage\":\"pt-PT\",\"potentialAction\":[{\"@type\":\"CommentAction\",\"name\":\"Comment\",\"target\":[\"https:\\\/\\\/inclusivenews.com.br\\\/?p=20430#respond\"]}]},{\"@type\":\"WebPage\",\"@id\":\"https:\\\/\\\/inclusivenews.com.br\\\/?p=20430\",\"url\":\"https:\\\/\\\/inclusivenews.com.br\\\/?p=20430\",\"name\":\"M\u00eddia comercial s\u00f3 mostra a viol\u00eancia das favelas e ignora as reivindica\u00e7\u00f5es dos pobres, reclamam comunidades -\",\"isPartOf\":{\"@id\":\"https:\\\/\\\/inclusivenews.com.br\\\/#website\"},\"primaryImageOfPage\":{\"@id\":\"https:\\\/\\\/inclusivenews.com.br\\\/?p=20430#primaryimage\"},\"image\":{\"@id\":\"https:\\\/\\\/inclusivenews.com.br\\\/?p=20430#primaryimage\"},\"thumbnailUrl\":\"http:\\\/\\\/inclusivenews.com.br\\\/wp-content\\\/uploads\\\/2010\\\/01\\\/comunicacao1-300x243.jpg\",\"datePublished\":\"2011-07-21T05:48:43+00:00\",\"breadcrumb\":{\"@id\":\"https:\\\/\\\/inclusivenews.com.br\\\/?p=20430#breadcrumb\"},\"inLanguage\":\"pt-PT\",\"potentialAction\":[{\"@type\":\"ReadAction\",\"target\":[\"https:\\\/\\\/inclusivenews.com.br\\\/?p=20430\"]}]},{\"@type\":\"ImageObject\",\"inLanguage\":\"pt-PT\",\"@id\":\"https:\\\/\\\/inclusivenews.com.br\\\/?p=20430#primaryimage\",\"url\":\"\",\"contentUrl\":\"\"},{\"@type\":\"BreadcrumbList\",\"@id\":\"https:\\\/\\\/inclusivenews.com.br\\\/?p=20430#breadcrumb\",\"itemListElement\":[{\"@type\":\"ListItem\",\"position\":1,\"name\":\"In\u00edcio\",\"item\":\"https:\\\/\\\/inclusivenews.com.br\\\/\"},{\"@type\":\"ListItem\",\"position\":2,\"name\":\"M\u00eddia comercial s\u00f3 mostra a viol\u00eancia das favelas e ignora as reivindica\u00e7\u00f5es dos pobres, reclamam comunidades\"}]},{\"@type\":\"WebSite\",\"@id\":\"https:\\\/\\\/inclusivenews.com.br\\\/#website\",\"url\":\"https:\\\/\\\/inclusivenews.com.br\\\/\",\"name\":\"Inclusive News\",\"description\":\"Inclusive News\",\"publisher\":{\"@id\":\"https:\\\/\\\/inclusivenews.com.br\\\/#organization\"},\"potentialAction\":[{\"@type\":\"SearchAction\",\"target\":{\"@type\":\"EntryPoint\",\"urlTemplate\":\"https:\\\/\\\/inclusivenews.com.br\\\/?s={search_term_string}\"},\"query-input\":{\"@type\":\"PropertyValueSpecification\",\"valueRequired\":true,\"valueName\":\"search_term_string\"}}],\"inLanguage\":\"pt-PT\"},{\"@type\":\"Organization\",\"@id\":\"https:\\\/\\\/inclusivenews.com.br\\\/#organization\",\"name\":\"Inclusive - inclus\u00e3o e cidadania\",\"url\":\"https:\\\/\\\/inclusivenews.com.br\\\/\",\"logo\":{\"@type\":\"ImageObject\",\"inLanguage\":\"pt-PT\",\"@id\":\"https:\\\/\\\/inclusivenews.com.br\\\/#\\\/schema\\\/logo\\\/image\\\/\",\"url\":\"https:\\\/\\\/inclusivenews.com.br\\\/wp-content\\\/uploads\\\/2024\\\/03\\\/@grandesite.png\",\"contentUrl\":\"https:\\\/\\\/inclusivenews.com.br\\\/wp-content\\\/uploads\\\/2024\\\/03\\\/@grandesite.png\",\"width\":1080,\"height\":1080,\"caption\":\"Inclusive - inclus\u00e3o e cidadania\"},\"image\":{\"@id\":\"https:\\\/\\\/inclusivenews.com.br\\\/#\\\/schema\\\/logo\\\/image\\\/\"},\"sameAs\":[\"https:\\\/\\\/www.facebook.com\\\/agenciainclusive\\\/\",\"https:\\\/\\\/www.instagram.com\\\/newsinclusive\\\/\"]},{\"@type\":\"Person\",\"@id\":\"https:\\\/\\\/inclusivenews.com.br\\\/#\\\/schema\\\/person\\\/ae4ec7087559b8692fb33b6fffd2273b\",\"name\":\"inclusivenews2024\",\"image\":{\"@type\":\"ImageObject\",\"inLanguage\":\"pt-PT\",\"@id\":\"https:\\\/\\\/secure.gravatar.com\\\/avatar\\\/c5a7ef84c66fa914f55bc4f7ce26cfa275a3b9a1c5568b907bd184fb4dde7b40?s=96&d=mm&r=g\",\"url\":\"https:\\\/\\\/secure.gravatar.com\\\/avatar\\\/c5a7ef84c66fa914f55bc4f7ce26cfa275a3b9a1c5568b907bd184fb4dde7b40?s=96&d=mm&r=g\",\"contentUrl\":\"https:\\\/\\\/secure.gravatar.com\\\/avatar\\\/c5a7ef84c66fa914f55bc4f7ce26cfa275a3b9a1c5568b907bd184fb4dde7b40?s=96&d=mm&r=g\",\"caption\":\"inclusivenews2024\"},\"sameAs\":[\"https:\\\/\\\/inclusivenews.com.br\"],\"url\":\"https:\\\/\\\/inclusivenews.com.br\\\/?author=1\"}]}<\/script>\n<!-- \/ Yoast SEO plugin. -->","yoast_head_json":{"title":"M\u00eddia comercial s\u00f3 mostra a viol\u00eancia das favelas e ignora as reivindica\u00e7\u00f5es dos pobres, reclamam comunidades -","robots":{"index":"index","follow":"follow","max-snippet":"max-snippet:-1","max-image-preview":"max-image-preview:large","max-video-preview":"max-video-preview:-1"},"canonical":"https:\/\/inclusivenews.com.br\/?p=20430","og_locale":"pt_PT","og_type":"article","og_title":"M\u00eddia comercial s\u00f3 mostra a viol\u00eancia das favelas e ignora as reivindica\u00e7\u00f5es dos pobres, reclamam comunidades -","og_description":"Al\u00e9m de debater a forma como a m\u00eddia comercial cobre os temas que envolvem as popula\u00e7\u00f5es mais carentes, o evento tem outros dois objetivos: avaliar os dez anos do site criado pela organiza\u00e7\u00e3o n\u00e3o governamental Viva Rio e incentivar o jornalismo comunit\u00e1rio a produzir reportagens para as redes sociais.","og_url":"https:\/\/inclusivenews.com.br\/?p=20430","article_publisher":"https:\/\/www.facebook.com\/agenciainclusive\/","article_published_time":"2011-07-21T05:48:43+00:00","og_image":[{"url":"http:\/\/inclusivenews.com.br\/wp-content\/uploads\/2010\/01\/comunicacao1-300x243.jpg","type":"","width":"","height":""}],"author":"inclusivenews2024","twitter_card":"summary_large_image","twitter_misc":{"Escrito por":"inclusivenews2024","Tempo estimado de leitura":"3 minutos"},"schema":{"@context":"https:\/\/schema.org","@graph":[{"@type":"Article","@id":"https:\/\/inclusivenews.com.br\/?p=20430#article","isPartOf":{"@id":"https:\/\/inclusivenews.com.br\/?p=20430"},"author":{"name":"inclusivenews2024","@id":"https:\/\/inclusivenews.com.br\/#\/schema\/person\/ae4ec7087559b8692fb33b6fffd2273b"},"headline":"M\u00eddia comercial s\u00f3 mostra a viol\u00eancia das favelas e ignora as reivindica\u00e7\u00f5es dos pobres, reclamam comunidades","datePublished":"2011-07-21T05:48:43+00:00","mainEntityOfPage":{"@id":"https:\/\/inclusivenews.com.br\/?p=20430"},"wordCount":608,"commentCount":0,"publisher":{"@id":"https:\/\/inclusivenews.com.br\/#organization"},"image":{"@id":"https:\/\/inclusivenews.com.br\/?p=20430#primaryimage"},"thumbnailUrl":"http:\/\/inclusivenews.com.br\/wp-content\/uploads\/2010\/01\/comunicacao1-300x243.jpg","articleSection":["INCLUS\u00c3O SOCIAL","NOT\u00cdCIAS"],"inLanguage":"pt-PT","potentialAction":[{"@type":"CommentAction","name":"Comment","target":["https:\/\/inclusivenews.com.br\/?p=20430#respond"]}]},{"@type":"WebPage","@id":"https:\/\/inclusivenews.com.br\/?p=20430","url":"https:\/\/inclusivenews.com.br\/?p=20430","name":"M\u00eddia comercial s\u00f3 mostra a viol\u00eancia das favelas e ignora as reivindica\u00e7\u00f5es dos pobres, reclamam comunidades -","isPartOf":{"@id":"https:\/\/inclusivenews.com.br\/#website"},"primaryImageOfPage":{"@id":"https:\/\/inclusivenews.com.br\/?p=20430#primaryimage"},"image":{"@id":"https:\/\/inclusivenews.com.br\/?p=20430#primaryimage"},"thumbnailUrl":"http:\/\/inclusivenews.com.br\/wp-content\/uploads\/2010\/01\/comunicacao1-300x243.jpg","datePublished":"2011-07-21T05:48:43+00:00","breadcrumb":{"@id":"https:\/\/inclusivenews.com.br\/?p=20430#breadcrumb"},"inLanguage":"pt-PT","potentialAction":[{"@type":"ReadAction","target":["https:\/\/inclusivenews.com.br\/?p=20430"]}]},{"@type":"ImageObject","inLanguage":"pt-PT","@id":"https:\/\/inclusivenews.com.br\/?p=20430#primaryimage","url":"","contentUrl":""},{"@type":"BreadcrumbList","@id":"https:\/\/inclusivenews.com.br\/?p=20430#breadcrumb","itemListElement":[{"@type":"ListItem","position":1,"name":"In\u00edcio","item":"https:\/\/inclusivenews.com.br\/"},{"@type":"ListItem","position":2,"name":"M\u00eddia comercial s\u00f3 mostra a viol\u00eancia das favelas e ignora as reivindica\u00e7\u00f5es dos pobres, reclamam comunidades"}]},{"@type":"WebSite","@id":"https:\/\/inclusivenews.com.br\/#website","url":"https:\/\/inclusivenews.com.br\/","name":"Inclusive News","description":"Inclusive News","publisher":{"@id":"https:\/\/inclusivenews.com.br\/#organization"},"potentialAction":[{"@type":"SearchAction","target":{"@type":"EntryPoint","urlTemplate":"https:\/\/inclusivenews.com.br\/?s={search_term_string}"},"query-input":{"@type":"PropertyValueSpecification","valueRequired":true,"valueName":"search_term_string"}}],"inLanguage":"pt-PT"},{"@type":"Organization","@id":"https:\/\/inclusivenews.com.br\/#organization","name":"Inclusive - inclus\u00e3o e cidadania","url":"https:\/\/inclusivenews.com.br\/","logo":{"@type":"ImageObject","inLanguage":"pt-PT","@id":"https:\/\/inclusivenews.com.br\/#\/schema\/logo\/image\/","url":"https:\/\/inclusivenews.com.br\/wp-content\/uploads\/2024\/03\/@grandesite.png","contentUrl":"https:\/\/inclusivenews.com.br\/wp-content\/uploads\/2024\/03\/@grandesite.png","width":1080,"height":1080,"caption":"Inclusive - inclus\u00e3o e cidadania"},"image":{"@id":"https:\/\/inclusivenews.com.br\/#\/schema\/logo\/image\/"},"sameAs":["https:\/\/www.facebook.com\/agenciainclusive\/","https:\/\/www.instagram.com\/newsinclusive\/"]},{"@type":"Person","@id":"https:\/\/inclusivenews.com.br\/#\/schema\/person\/ae4ec7087559b8692fb33b6fffd2273b","name":"inclusivenews2024","image":{"@type":"ImageObject","inLanguage":"pt-PT","@id":"https:\/\/secure.gravatar.com\/avatar\/c5a7ef84c66fa914f55bc4f7ce26cfa275a3b9a1c5568b907bd184fb4dde7b40?s=96&d=mm&r=g","url":"https:\/\/secure.gravatar.com\/avatar\/c5a7ef84c66fa914f55bc4f7ce26cfa275a3b9a1c5568b907bd184fb4dde7b40?s=96&d=mm&r=g","contentUrl":"https:\/\/secure.gravatar.com\/avatar\/c5a7ef84c66fa914f55bc4f7ce26cfa275a3b9a1c5568b907bd184fb4dde7b40?s=96&d=mm&r=g","caption":"inclusivenews2024"},"sameAs":["https:\/\/inclusivenews.com.br"],"url":"https:\/\/inclusivenews.com.br\/?author=1"}]}},"_links":{"self":[{"href":"https:\/\/inclusivenews.com.br\/index.php?rest_route=\/wp\/v2\/posts\/20430","targetHints":{"allow":["GET"]}}],"collection":[{"href":"https:\/\/inclusivenews.com.br\/index.php?rest_route=\/wp\/v2\/posts"}],"about":[{"href":"https:\/\/inclusivenews.com.br\/index.php?rest_route=\/wp\/v2\/types\/post"}],"author":[{"embeddable":true,"href":"https:\/\/inclusivenews.com.br\/index.php?rest_route=\/wp\/v2\/users\/1"}],"replies":[{"embeddable":true,"href":"https:\/\/inclusivenews.com.br\/index.php?rest_route=%2Fwp%2Fv2%2Fcomments&post=20430"}],"version-history":[{"count":0,"href":"https:\/\/inclusivenews.com.br\/index.php?rest_route=\/wp\/v2\/posts\/20430\/revisions"}],"wp:attachment":[{"href":"https:\/\/inclusivenews.com.br\/index.php?rest_route=%2Fwp%2Fv2%2Fmedia&parent=20430"}],"wp:term":[{"taxonomy":"category","embeddable":true,"href":"https:\/\/inclusivenews.com.br\/index.php?rest_route=%2Fwp%2Fv2%2Fcategories&post=20430"},{"taxonomy":"post_tag","embeddable":true,"href":"https:\/\/inclusivenews.com.br\/index.php?rest_route=%2Fwp%2Fv2%2Ftags&post=20430"}],"curies":[{"name":"wp","href":"https:\/\/api.w.org\/{rel}","templated":true}]}}