{"id":20482,"date":"2011-07-27T23:27:50","date_gmt":"2011-07-28T02:27:50","guid":{"rendered":"http:\/\/www.inclusive.org.br\/?p=20482"},"modified":"2011-07-27T23:27:50","modified_gmt":"2011-07-28T02:27:50","slug":"e-inevitavel-mexer-no-acesso-a-verdade","status":"publish","type":"post","link":"https:\/\/inclusivenews.com.br\/?p=20482","title":{"rendered":"&#039;&#039;\u00c9 inevit\u00e1vel mexer no acesso \u00e0 verdade&#039;&#039;"},"content":{"rendered":"<figure id=\"attachment_14660\" aria-describedby=\"caption-attachment-14660\" style=\"width: 300px\" class=\"wp-caption alignleft\"><img loading=\"lazy\" decoding=\"async\" class=\"size-medium wp-image-14660\" title=\"paulo_vannuchi1\" src=\"http:\/\/inclusivenews.com.br\/wp-content\/uploads\/2010\/03\/paulo_vannuchi1-300x214.jpg\" alt=\"Paulo Vannuchi passa a ser ministro de Estado chefe da Secretaria de Direitos Humanos da Presid\u00eancia da Rep\u00fablica\" width=\"300\" height=\"214\" \/><figcaption id=\"caption-attachment-14660\" class=\"wp-caption-text\">Paulo Vannuchi passa a ser ministro de Estado chefe da Secretaria de Direitos Humanos da Presid\u00eancia da Rep\u00fablica<\/figcaption><\/figure>\n<p>Para o ex-ministro de Direitos Humanos, <strong>Paulo Vannuchi,<\/strong> o Brasil vai ter que se defrontar com a necessidade de esclarecer e  punir as viola\u00e7\u00f5es de direitos humanos ocorridas no per\u00edodo da ditadura  militar. Ele n\u00e3o acredita, por\u00e9m, que se isso se dar\u00e1 por meio de  rupturas e condena\u00e7\u00f5es \u00e0 pris\u00e3o de pessoas envolvidas, como ocorreu em  outros pa\u00edses do continente.<\/p>\n<p>Na avalia\u00e7\u00e3o de <strong>Vannuchi<\/strong>, a ditadura foi derrotada  por um leque amplo de for\u00e7as pol\u00edticas, o que tem levado o Pa\u00eds a  conviver h\u00e1 mais de 20 anos com for\u00e7as do passado. Trabalhando  atualmente como assessor do ex-presidente <strong>Luiz In\u00e1cio Lula da Silva<\/strong>,  no Instituto da Cidadania, ele tamb\u00e9m colabora com a presidente Dilma  Rousseff nas negocia\u00e7\u00f5es em torno do projeto que cria a Comiss\u00e3o da  Verdade.<\/p>\n<p>O ex-ministro concedeu entrevista \u00e0 <strong>Rold\u00e3o Arruda<\/strong> e <strong>Daniel Bramatti<\/strong> do jornal <strong>O Estado de S.Paulo<\/strong>, 24-07-2011.<\/p>\n<p><strong>Eis a entrevista.<\/strong><\/p>\n<p><strong>O sr. acredita que o governo vai mexer agora na Comiss\u00e3o da Verdade?<\/strong><\/p>\n<p>O Brasil n\u00e3o tem a alternativa de n\u00e3o mexer. As alternativas reais  que existem s\u00e3o fazer isso logo ou adiar para mais tarde. A segunda  hip\u00f3tese significaria o prolongamento dessa mistura entre passado e  presente que vivemos nos governos de coaliz\u00e3o desde 1988.<\/p>\n<p><strong>No governo do ex-presidente Lula n\u00e3o havia consenso sobre o tema.<\/strong><\/p>\n<p>Cada tema ter\u00e1 sempre diverg\u00eancias no governo. No fundo, elas  refletem o Brasil que est\u00e1 nascendo: um Brasil que pode pegar a rota que  a gente sempre quis, no sentido de ser mais justo, mais respeit\u00e1vel,  uma pot\u00eancia m\u00e9dia, mas que ainda tem s\u00f3lidas ra\u00edzes em cinco s\u00e9culos de  elitismo.<\/p>\n<p><strong>Como v\u00ea o aumento da press\u00e3o para que o Brasil resolva problemas pendentes em rela\u00e7\u00e3o \u00e0 ditadura?<\/strong><\/p>\n<p>Se o Brasil fosse um pa\u00eds estagnado, a press\u00e3o n\u00e3o estaria ocorrendo.  Mas, como o Pa\u00eds est\u00e1 se encontrando e como ningu\u00e9m aposta que ir\u00e1 mal  nesta d\u00e9cada, surgem novos desafios. Competidores v\u00e3o trabalhar contra  nos organismos internacionais. O que tornar\u00e1 inevit\u00e1vel mexer na quest\u00e3o  do acesso \u00e0 verdade. N\u00e3o acredito, no entanto, que isso ser\u00e1 feito com  rupturas. Ningu\u00e9m vai bater na mesa e dizer: a partir de amanh\u00e3 vamos  ter comiss\u00e3o da verdade! O Brasil muda, mas n\u00e3o dessa maneira.<\/p>\n<p><strong>Familiares de mortos e desaparecidos criticam os termos do  projeto e tamb\u00e9m a forma como est\u00e1 tramitando por meio de acordo entre  l\u00edderes partid\u00e1rios.<\/strong><\/p>\n<p>Tentamos convencer os familiares que o rito de urg\u00eancia, por meio do  acordo de lideran\u00e7as, \u00e9 o melhor caminho para se evitar que o projeto  fique parado no Congresso por dez ou 15 anos, como est\u00e1 acontecendo com a  proposta de emenda constitucional que trata do trabalho escravo.<\/p>\n<p><strong>Seria, de novo, a transi\u00e7\u00e3o por cima?<\/strong><\/p>\n<p>A composi\u00e7\u00e3o \u00e9 um princ\u00edpio de direito e de consenso democr\u00e1tico  quando existem posi\u00e7\u00f5es com pontos de intermedia\u00e7\u00e3o. Acredito que o  projeto ser\u00e1 aprovado porque houve concess\u00f5es da minha parte, quando era  ministro. Aceitamos que o in\u00edcio do per\u00edodo a ser investigado pela  comiss\u00e3o n\u00e3o \u00e9 1964, mas sim 1946. Por outro lado, o relat\u00f3rio final da  comiss\u00e3o n\u00e3o pode tomar partido, n\u00e3o pode ser na linha de culpar o  imperialismo americano pelo golpe. Para revelar que tem credibilidade,  n\u00e3o pode agir com paix\u00f5es, n\u00e3o pode dizer &#8220;este sujeito estava do lado  do bem e o outro, do mal&#8221;. O objetivo \u00e9 examinar tudo o que houve.<\/p>\n<p><strong>Significa examinar tamb\u00e9m atos de viol\u00eancia de militantes de  organiza\u00e7\u00f5es de esquerda, a bilateralidade que o ministro Nelson Jobim  (Defesa) defendeu?<\/strong><\/p>\n<p>Depende do que se entende por bilateralidade. Vamos pegar o exemplo do estudante <strong>M\u00e1rcio Leite Toledo<\/strong>, militante da <strong>ALN<\/strong>,  que foi metralhado por ordem da organiza\u00e7\u00e3o, quando decidiu deix\u00e1-la.  Se a fam\u00edlia procurar a comiss\u00e3o pedindo que examine o caso, eu acho que  isso deve ser feito, mesmo se tratando de um crime prescrito. Outro  exemplo: o sequestro do embaixador americano <strong>Charles Elbrick<\/strong>.  O sequestro \u00e9 como a tortura porque o sujeito n\u00e3o tem direito nenhum,  n\u00e3o sabe se vai ser morto ou n\u00e3o. Certa vez, conversando com o <strong>Franklin Martins<\/strong>,  que participou do sequestro, levantei a hip\u00f3tese de ele ser convocado  pela comiss\u00e3o. E ele me respondeu: &#8220;O que eu mais quero \u00e9 ser convocado,  quero falar sobre as raz\u00f5es daquela a\u00e7\u00e3o&#8221;. Essas discuss\u00f5es s\u00e3o  inevit\u00e1veis, mas a comiss\u00e3o ser\u00e1 um retumbante fracasso se trabalhar na  base do meia a meia. A\u00ed ela se descredencia, vira um rid\u00edculo  internacional. Na constru\u00e7\u00e3o hist\u00f3rica dos direitos humanos, que \u00e9 muito  t\u00e9cnica, a quest\u00e3o central \u00e9, rigorosamente, a a\u00e7\u00e3o dos Estados em  rela\u00e7\u00e3o aos indiv\u00edduos.<\/p>\n<p><strong>E a puni\u00e7\u00e3o aos acusados?<\/strong><\/p>\n<p>Haver\u00e1 pessoas que n\u00e3o aceitam nenhuma ideia de puni\u00e7\u00e3o e haver\u00e1  pessoas defendendo puni\u00e7\u00e3o e cadeia. O que n\u00f3s vamos discutir agora \u00e9  mem\u00f3ria e verdade. Deixa a Justi\u00e7a para depois. Ela vir\u00e1 ou n\u00e3o como  desdobramento do que se construir na comiss\u00e3o. Nesse debate n\u00e3o se pode  ter uma vis\u00e3o fundamentalista &#8211; eu tenho toda a verdade e voc\u00ea toda a  mentira, eu encarno o bem e voc\u00ea, o mal. Direitos envolvem alteridade &#8211;  do lado de l\u00e1 tem o torturador, mas ao lado dele tem um superior que n\u00e3o  \u00e9 torturador, tem uma cadeia de pessoas que termina no antigo eleitor  da Arena. A posi\u00e7\u00e3o n\u00e3o pode ser de abrir o foco para atingir todo  mundo, exigir que todos paguem. Isso \u00e9 uma bobagem.<\/p>\n<p><strong>Por qu\u00ea?<\/strong><\/p>\n<p>Isso seria poss\u00edvel se tivesse ocorrido uma vit\u00f3ria da esquerda  contra a ditadura. N\u00e3o aconteceu. Ela foi derrotada, aniquilada, e se  recomp\u00f4s num processo, no qual nem o <strong>MDB<\/strong>, nem a <strong>OAB<\/strong>, nem a <strong>CNBB<\/strong>,  nem a esquerda clandestina s\u00e3o respons\u00e1veis pela vit\u00f3ria contra o  regime, mas sim a soma de atores. Respeito quem tem a posi\u00e7\u00e3o da  intransig\u00eancia, mas n\u00e3o sou apenas o militante dos direitos humanos nem  apenas porta-voz dos familiares: sou um militante pol\u00edtico, tenho um  projeto para o Pa\u00eds e acho que todo tema s\u00f3 tem sentido se for projetado  para o futuro.<br \/>\nOs familiares temem que os respons\u00e1veis fiquem impunes. Isso \u00e9  inegoci\u00e1vel. A impunidade n\u00e3o pode persistir. Para a constru\u00e7\u00e3o do  futuro \u00e9 preciso quebrar o ciclo da impunidade.<\/p>\n<p><strong>Que tipo de puni\u00e7\u00e3o pode ocorrer?<\/strong><\/p>\n<p>N\u00e3o sabemos como ser\u00e1, se simb\u00f3lica, se vai ser o registro no prontu\u00e1rio do acusado&#8230; Isso ser\u00e1 decidido. Nem a <strong>OEA<\/strong> ou a <strong>ONU<\/strong> ter\u00e3o as menores condi\u00e7\u00f5es de interferir. Poder\u00e3o pressionar o Brasil  para que puna os culpados, mas n\u00e3o dizer qual tipo de puni\u00e7\u00e3o.<\/p>\n<p>Fonte &#8211; <a href=\"http:\/\/www.ihu.unisinos.br\/index.php?option=com_noticias&amp;Itemid=18&amp;task=detalhe&amp;id=45657\">Instituto Humanitas Unisinos<\/a><\/p>\n","protected":false},"excerpt":{"rendered":"<p>&#8221;O Brasil vai ter que se defrontar com a necessidade de esclarecer e punir as viola\u00e7\u00f5es de direitos humanos ocorridas no per\u00edodo da ditadura militar.&#8221; <\/p>\n","protected":false},"author":1,"featured_media":0,"comment_status":"open","ping_status":"open","sticky":false,"template":"","format":"standard","meta":{"site-container-style":"default","site-container-layout":"default","site-sidebar-layout":"default","disable-article-header":"default","disable-site-header":"default","disable-site-footer":"default","disable-content-area-spacing":"default","footnotes":""},"categories":[11],"tags":[],"class_list":["post-20482","post","type-post","status-publish","format-standard","hentry","category-direitos-humanos"],"yoast_head":"<!-- This site is optimized with the Yoast SEO plugin v27.4 - https:\/\/yoast.com\/product\/yoast-seo-wordpress\/ -->\n<title>&#039;&#039;\u00c9 inevit\u00e1vel mexer no acesso \u00e0 verdade&#039;&#039; -<\/title>\n<meta name=\"robots\" content=\"index, follow, max-snippet:-1, max-image-preview:large, max-video-preview:-1\" \/>\n<link rel=\"canonical\" href=\"https:\/\/inclusivenews.com.br\/?p=20482\" \/>\n<meta property=\"og:locale\" content=\"pt_PT\" \/>\n<meta property=\"og:type\" content=\"article\" \/>\n<meta property=\"og:title\" content=\"&#039;&#039;\u00c9 inevit\u00e1vel mexer no acesso \u00e0 verdade&#039;&#039; -\" \/>\n<meta property=\"og:description\" content=\"&#039;&#039;O Brasil vai ter que se defrontar com a necessidade de esclarecer e punir as viola\u00e7\u00f5es de direitos humanos ocorridas no per\u00edodo da ditadura militar.&#039;&#039;\" \/>\n<meta property=\"og:url\" content=\"https:\/\/inclusivenews.com.br\/?p=20482\" \/>\n<meta property=\"article:publisher\" content=\"https:\/\/www.facebook.com\/agenciainclusive\/\" \/>\n<meta property=\"article:published_time\" content=\"2011-07-28T02:27:50+00:00\" \/>\n<meta property=\"og:image\" content=\"http:\/\/inclusivenews.com.br\/wp-content\/uploads\/2010\/03\/paulo_vannuchi1-300x214.jpg\" \/>\n<meta name=\"author\" content=\"inclusivenews2024\" \/>\n<meta name=\"twitter:card\" content=\"summary_large_image\" \/>\n<meta name=\"twitter:label1\" content=\"Escrito por\" \/>\n\t<meta name=\"twitter:data1\" content=\"inclusivenews2024\" \/>\n\t<meta name=\"twitter:label2\" content=\"Tempo estimado de leitura\" \/>\n\t<meta name=\"twitter:data2\" content=\"6 minutos\" \/>\n<script type=\"application\/ld+json\" class=\"yoast-schema-graph\">{\"@context\":\"https:\\\/\\\/schema.org\",\"@graph\":[{\"@type\":\"Article\",\"@id\":\"https:\\\/\\\/inclusivenews.com.br\\\/?p=20482#article\",\"isPartOf\":{\"@id\":\"https:\\\/\\\/inclusivenews.com.br\\\/?p=20482\"},\"author\":{\"name\":\"inclusivenews2024\",\"@id\":\"https:\\\/\\\/inclusivenews.com.br\\\/#\\\/schema\\\/person\\\/ae4ec7087559b8692fb33b6fffd2273b\"},\"headline\":\"&#039;&#039;\u00c9 inevit\u00e1vel mexer no acesso \u00e0 verdade&#039;&#039;\",\"datePublished\":\"2011-07-28T02:27:50+00:00\",\"mainEntityOfPage\":{\"@id\":\"https:\\\/\\\/inclusivenews.com.br\\\/?p=20482\"},\"wordCount\":1207,\"commentCount\":0,\"publisher\":{\"@id\":\"https:\\\/\\\/inclusivenews.com.br\\\/#organization\"},\"image\":{\"@id\":\"https:\\\/\\\/inclusivenews.com.br\\\/?p=20482#primaryimage\"},\"thumbnailUrl\":\"http:\\\/\\\/inclusivenews.com.br\\\/wp-content\\\/uploads\\\/2010\\\/03\\\/paulo_vannuchi1-300x214.jpg\",\"articleSection\":[\"DIREITOS HUMANOS\"],\"inLanguage\":\"pt-PT\",\"potentialAction\":[{\"@type\":\"CommentAction\",\"name\":\"Comment\",\"target\":[\"https:\\\/\\\/inclusivenews.com.br\\\/?p=20482#respond\"]}]},{\"@type\":\"WebPage\",\"@id\":\"https:\\\/\\\/inclusivenews.com.br\\\/?p=20482\",\"url\":\"https:\\\/\\\/inclusivenews.com.br\\\/?p=20482\",\"name\":\"&#039;&#039;\u00c9 inevit\u00e1vel mexer no acesso \u00e0 verdade&#039;&#039; -\",\"isPartOf\":{\"@id\":\"https:\\\/\\\/inclusivenews.com.br\\\/#website\"},\"primaryImageOfPage\":{\"@id\":\"https:\\\/\\\/inclusivenews.com.br\\\/?p=20482#primaryimage\"},\"image\":{\"@id\":\"https:\\\/\\\/inclusivenews.com.br\\\/?p=20482#primaryimage\"},\"thumbnailUrl\":\"http:\\\/\\\/inclusivenews.com.br\\\/wp-content\\\/uploads\\\/2010\\\/03\\\/paulo_vannuchi1-300x214.jpg\",\"datePublished\":\"2011-07-28T02:27:50+00:00\",\"breadcrumb\":{\"@id\":\"https:\\\/\\\/inclusivenews.com.br\\\/?p=20482#breadcrumb\"},\"inLanguage\":\"pt-PT\",\"potentialAction\":[{\"@type\":\"ReadAction\",\"target\":[\"https:\\\/\\\/inclusivenews.com.br\\\/?p=20482\"]}]},{\"@type\":\"ImageObject\",\"inLanguage\":\"pt-PT\",\"@id\":\"https:\\\/\\\/inclusivenews.com.br\\\/?p=20482#primaryimage\",\"url\":\"\",\"contentUrl\":\"\"},{\"@type\":\"BreadcrumbList\",\"@id\":\"https:\\\/\\\/inclusivenews.com.br\\\/?p=20482#breadcrumb\",\"itemListElement\":[{\"@type\":\"ListItem\",\"position\":1,\"name\":\"In\u00edcio\",\"item\":\"https:\\\/\\\/inclusivenews.com.br\\\/\"},{\"@type\":\"ListItem\",\"position\":2,\"name\":\"&#039;&#039;\u00c9 inevit\u00e1vel mexer no acesso \u00e0 verdade&#039;&#039;\"}]},{\"@type\":\"WebSite\",\"@id\":\"https:\\\/\\\/inclusivenews.com.br\\\/#website\",\"url\":\"https:\\\/\\\/inclusivenews.com.br\\\/\",\"name\":\"Inclusive News\",\"description\":\"Inclusive News\",\"publisher\":{\"@id\":\"https:\\\/\\\/inclusivenews.com.br\\\/#organization\"},\"potentialAction\":[{\"@type\":\"SearchAction\",\"target\":{\"@type\":\"EntryPoint\",\"urlTemplate\":\"https:\\\/\\\/inclusivenews.com.br\\\/?s={search_term_string}\"},\"query-input\":{\"@type\":\"PropertyValueSpecification\",\"valueRequired\":true,\"valueName\":\"search_term_string\"}}],\"inLanguage\":\"pt-PT\"},{\"@type\":\"Organization\",\"@id\":\"https:\\\/\\\/inclusivenews.com.br\\\/#organization\",\"name\":\"Inclusive - inclus\u00e3o e cidadania\",\"url\":\"https:\\\/\\\/inclusivenews.com.br\\\/\",\"logo\":{\"@type\":\"ImageObject\",\"inLanguage\":\"pt-PT\",\"@id\":\"https:\\\/\\\/inclusivenews.com.br\\\/#\\\/schema\\\/logo\\\/image\\\/\",\"url\":\"https:\\\/\\\/inclusivenews.com.br\\\/wp-content\\\/uploads\\\/2024\\\/03\\\/@grandesite.png\",\"contentUrl\":\"https:\\\/\\\/inclusivenews.com.br\\\/wp-content\\\/uploads\\\/2024\\\/03\\\/@grandesite.png\",\"width\":1080,\"height\":1080,\"caption\":\"Inclusive - inclus\u00e3o e cidadania\"},\"image\":{\"@id\":\"https:\\\/\\\/inclusivenews.com.br\\\/#\\\/schema\\\/logo\\\/image\\\/\"},\"sameAs\":[\"https:\\\/\\\/www.facebook.com\\\/agenciainclusive\\\/\",\"https:\\\/\\\/www.instagram.com\\\/newsinclusive\\\/\"]},{\"@type\":\"Person\",\"@id\":\"https:\\\/\\\/inclusivenews.com.br\\\/#\\\/schema\\\/person\\\/ae4ec7087559b8692fb33b6fffd2273b\",\"name\":\"inclusivenews2024\",\"image\":{\"@type\":\"ImageObject\",\"inLanguage\":\"pt-PT\",\"@id\":\"https:\\\/\\\/secure.gravatar.com\\\/avatar\\\/c5a7ef84c66fa914f55bc4f7ce26cfa275a3b9a1c5568b907bd184fb4dde7b40?s=96&d=mm&r=g\",\"url\":\"https:\\\/\\\/secure.gravatar.com\\\/avatar\\\/c5a7ef84c66fa914f55bc4f7ce26cfa275a3b9a1c5568b907bd184fb4dde7b40?s=96&d=mm&r=g\",\"contentUrl\":\"https:\\\/\\\/secure.gravatar.com\\\/avatar\\\/c5a7ef84c66fa914f55bc4f7ce26cfa275a3b9a1c5568b907bd184fb4dde7b40?s=96&d=mm&r=g\",\"caption\":\"inclusivenews2024\"},\"sameAs\":[\"https:\\\/\\\/inclusivenews.com.br\"],\"url\":\"https:\\\/\\\/inclusivenews.com.br\\\/?author=1\"}]}<\/script>\n<!-- \/ Yoast SEO plugin. -->","yoast_head_json":{"title":"&#039;&#039;\u00c9 inevit\u00e1vel mexer no acesso \u00e0 verdade&#039;&#039; -","robots":{"index":"index","follow":"follow","max-snippet":"max-snippet:-1","max-image-preview":"max-image-preview:large","max-video-preview":"max-video-preview:-1"},"canonical":"https:\/\/inclusivenews.com.br\/?p=20482","og_locale":"pt_PT","og_type":"article","og_title":"&#039;&#039;\u00c9 inevit\u00e1vel mexer no acesso \u00e0 verdade&#039;&#039; -","og_description":"''O Brasil vai ter que se defrontar com a necessidade de esclarecer e punir as viola\u00e7\u00f5es de direitos humanos ocorridas no per\u00edodo da ditadura militar.''","og_url":"https:\/\/inclusivenews.com.br\/?p=20482","article_publisher":"https:\/\/www.facebook.com\/agenciainclusive\/","article_published_time":"2011-07-28T02:27:50+00:00","og_image":[{"url":"http:\/\/inclusivenews.com.br\/wp-content\/uploads\/2010\/03\/paulo_vannuchi1-300x214.jpg","type":"","width":"","height":""}],"author":"inclusivenews2024","twitter_card":"summary_large_image","twitter_misc":{"Escrito por":"inclusivenews2024","Tempo estimado de leitura":"6 minutos"},"schema":{"@context":"https:\/\/schema.org","@graph":[{"@type":"Article","@id":"https:\/\/inclusivenews.com.br\/?p=20482#article","isPartOf":{"@id":"https:\/\/inclusivenews.com.br\/?p=20482"},"author":{"name":"inclusivenews2024","@id":"https:\/\/inclusivenews.com.br\/#\/schema\/person\/ae4ec7087559b8692fb33b6fffd2273b"},"headline":"&#039;&#039;\u00c9 inevit\u00e1vel mexer no acesso \u00e0 verdade&#039;&#039;","datePublished":"2011-07-28T02:27:50+00:00","mainEntityOfPage":{"@id":"https:\/\/inclusivenews.com.br\/?p=20482"},"wordCount":1207,"commentCount":0,"publisher":{"@id":"https:\/\/inclusivenews.com.br\/#organization"},"image":{"@id":"https:\/\/inclusivenews.com.br\/?p=20482#primaryimage"},"thumbnailUrl":"http:\/\/inclusivenews.com.br\/wp-content\/uploads\/2010\/03\/paulo_vannuchi1-300x214.jpg","articleSection":["DIREITOS HUMANOS"],"inLanguage":"pt-PT","potentialAction":[{"@type":"CommentAction","name":"Comment","target":["https:\/\/inclusivenews.com.br\/?p=20482#respond"]}]},{"@type":"WebPage","@id":"https:\/\/inclusivenews.com.br\/?p=20482","url":"https:\/\/inclusivenews.com.br\/?p=20482","name":"&#039;&#039;\u00c9 inevit\u00e1vel mexer no acesso \u00e0 verdade&#039;&#039; -","isPartOf":{"@id":"https:\/\/inclusivenews.com.br\/#website"},"primaryImageOfPage":{"@id":"https:\/\/inclusivenews.com.br\/?p=20482#primaryimage"},"image":{"@id":"https:\/\/inclusivenews.com.br\/?p=20482#primaryimage"},"thumbnailUrl":"http:\/\/inclusivenews.com.br\/wp-content\/uploads\/2010\/03\/paulo_vannuchi1-300x214.jpg","datePublished":"2011-07-28T02:27:50+00:00","breadcrumb":{"@id":"https:\/\/inclusivenews.com.br\/?p=20482#breadcrumb"},"inLanguage":"pt-PT","potentialAction":[{"@type":"ReadAction","target":["https:\/\/inclusivenews.com.br\/?p=20482"]}]},{"@type":"ImageObject","inLanguage":"pt-PT","@id":"https:\/\/inclusivenews.com.br\/?p=20482#primaryimage","url":"","contentUrl":""},{"@type":"BreadcrumbList","@id":"https:\/\/inclusivenews.com.br\/?p=20482#breadcrumb","itemListElement":[{"@type":"ListItem","position":1,"name":"In\u00edcio","item":"https:\/\/inclusivenews.com.br\/"},{"@type":"ListItem","position":2,"name":"&#039;&#039;\u00c9 inevit\u00e1vel mexer no acesso \u00e0 verdade&#039;&#039;"}]},{"@type":"WebSite","@id":"https:\/\/inclusivenews.com.br\/#website","url":"https:\/\/inclusivenews.com.br\/","name":"Inclusive News","description":"Inclusive News","publisher":{"@id":"https:\/\/inclusivenews.com.br\/#organization"},"potentialAction":[{"@type":"SearchAction","target":{"@type":"EntryPoint","urlTemplate":"https:\/\/inclusivenews.com.br\/?s={search_term_string}"},"query-input":{"@type":"PropertyValueSpecification","valueRequired":true,"valueName":"search_term_string"}}],"inLanguage":"pt-PT"},{"@type":"Organization","@id":"https:\/\/inclusivenews.com.br\/#organization","name":"Inclusive - inclus\u00e3o e cidadania","url":"https:\/\/inclusivenews.com.br\/","logo":{"@type":"ImageObject","inLanguage":"pt-PT","@id":"https:\/\/inclusivenews.com.br\/#\/schema\/logo\/image\/","url":"https:\/\/inclusivenews.com.br\/wp-content\/uploads\/2024\/03\/@grandesite.png","contentUrl":"https:\/\/inclusivenews.com.br\/wp-content\/uploads\/2024\/03\/@grandesite.png","width":1080,"height":1080,"caption":"Inclusive - inclus\u00e3o e cidadania"},"image":{"@id":"https:\/\/inclusivenews.com.br\/#\/schema\/logo\/image\/"},"sameAs":["https:\/\/www.facebook.com\/agenciainclusive\/","https:\/\/www.instagram.com\/newsinclusive\/"]},{"@type":"Person","@id":"https:\/\/inclusivenews.com.br\/#\/schema\/person\/ae4ec7087559b8692fb33b6fffd2273b","name":"inclusivenews2024","image":{"@type":"ImageObject","inLanguage":"pt-PT","@id":"https:\/\/secure.gravatar.com\/avatar\/c5a7ef84c66fa914f55bc4f7ce26cfa275a3b9a1c5568b907bd184fb4dde7b40?s=96&d=mm&r=g","url":"https:\/\/secure.gravatar.com\/avatar\/c5a7ef84c66fa914f55bc4f7ce26cfa275a3b9a1c5568b907bd184fb4dde7b40?s=96&d=mm&r=g","contentUrl":"https:\/\/secure.gravatar.com\/avatar\/c5a7ef84c66fa914f55bc4f7ce26cfa275a3b9a1c5568b907bd184fb4dde7b40?s=96&d=mm&r=g","caption":"inclusivenews2024"},"sameAs":["https:\/\/inclusivenews.com.br"],"url":"https:\/\/inclusivenews.com.br\/?author=1"}]}},"_links":{"self":[{"href":"https:\/\/inclusivenews.com.br\/index.php?rest_route=\/wp\/v2\/posts\/20482","targetHints":{"allow":["GET"]}}],"collection":[{"href":"https:\/\/inclusivenews.com.br\/index.php?rest_route=\/wp\/v2\/posts"}],"about":[{"href":"https:\/\/inclusivenews.com.br\/index.php?rest_route=\/wp\/v2\/types\/post"}],"author":[{"embeddable":true,"href":"https:\/\/inclusivenews.com.br\/index.php?rest_route=\/wp\/v2\/users\/1"}],"replies":[{"embeddable":true,"href":"https:\/\/inclusivenews.com.br\/index.php?rest_route=%2Fwp%2Fv2%2Fcomments&post=20482"}],"version-history":[{"count":0,"href":"https:\/\/inclusivenews.com.br\/index.php?rest_route=\/wp\/v2\/posts\/20482\/revisions"}],"wp:attachment":[{"href":"https:\/\/inclusivenews.com.br\/index.php?rest_route=%2Fwp%2Fv2%2Fmedia&parent=20482"}],"wp:term":[{"taxonomy":"category","embeddable":true,"href":"https:\/\/inclusivenews.com.br\/index.php?rest_route=%2Fwp%2Fv2%2Fcategories&post=20482"},{"taxonomy":"post_tag","embeddable":true,"href":"https:\/\/inclusivenews.com.br\/index.php?rest_route=%2Fwp%2Fv2%2Ftags&post=20482"}],"curies":[{"name":"wp","href":"https:\/\/api.w.org\/{rel}","templated":true}]}}