{"id":20484,"date":"2011-07-27T23:27:20","date_gmt":"2011-07-28T02:27:20","guid":{"rendered":"http:\/\/www.inclusive.org.br\/?p=20484"},"modified":"2011-07-27T23:27:20","modified_gmt":"2011-07-28T02:27:20","slug":"encontro-de-articuladores-do-projeto-creche-para-todas-as-criancas","status":"publish","type":"post","link":"https:\/\/inclusivenews.com.br\/?p=20484","title":{"rendered":"Encontro de articuladores do Projeto Creche para Todas as Crian\u00e7as"},"content":{"rendered":"<p><img loading=\"lazy\" decoding=\"async\" class=\"alignleft size-medium wp-image-20485\" title=\"noticia82\" src=\"http:\/\/inclusivenews.com.br\/wp-content\/uploads\/noticia82-300x174.jpg\" alt=\"Foto do grupo que participou da reuni\u00e3o - 23 mulheres e homens de p\u00e9, ajoelhados e sentados.\" width=\"300\" height=\"174\" \/>No dia 14 de julho, o <strong>Projeto Creche Para Todas as Crian\u00e7as<\/strong>, uma parceria da <strong>Funda\u00e7\u00e3o Abrinq<\/strong> e <strong>Instituto C&amp;A<\/strong>, reuniu 25 articuladores estaduais para avaliar os tr\u00eas anos do <strong>Projeto<\/strong> nas 5 regi\u00f5es do pa\u00eds, apontar seus principais resultados e o potencial\u00a0 que diferencia e aproxima esta rede das demais.<\/p>\n<p>Estiveram presentes representantes da <strong>UNDIME<\/strong>, <strong>MIEIB<\/strong>, <strong>OMEP<\/strong>, <strong>Funda\u00e7\u00e3o Orsa<\/strong>, <strong>IFAN<\/strong>, <strong>F\u00f3runs de Educa\u00e7\u00e3o Infantil<\/strong>, <strong>CMDCA<\/strong>, <strong>Centro de Cultura Luis Freire<\/strong>, <strong>CEPIS<\/strong>, <strong>Associa\u00e7\u00e3o Empresarial de Ananindeua<\/strong>, <strong>Pampas Turismo RS<\/strong>, <strong>ONG A\u00e7\u00e3o Verde<\/strong>, <strong>F\u00f3rum do Trabalho Infantil e Explora\u00e7\u00e3o Sexual<\/strong>, <strong>UNIRE<\/strong>.<\/p>\n<p>Os resultados apontados pelos articuladores da regi\u00e3o <strong>Nordeste<\/strong> v\u00e3o desde forma\u00e7\u00e3o para os profissionais que atuam em creches,  mobiliza\u00e7\u00f5es locais e nacionais, Dia do Brincar, Semana do Beb\u00ea no  pres\u00eddio entre outras; na regi\u00e3o <strong>Norte<\/strong> sensibiliza\u00e7\u00e3o  da iniciativa privada pela causa da crian\u00e7a, colocar a discuss\u00e3o na  pauta de mobiliza\u00e7\u00e3o dos diversos atores e sociedade em geral, difundir e  articular o <strong>Projeto<\/strong> nos diversos eventos locais; na regi\u00e3o <strong>Centro-oeste <\/strong>audi\u00eancias p\u00fablicas, oferta de vagas e forma\u00e7\u00e3o de professores; na regi\u00e3o <strong>Sudeste<\/strong> constru\u00e7\u00e3o de blog, Orkut, Facebook do projeto, semin\u00e1rios e audi\u00eancias  p\u00fablicas, Dia D pela mobiliza\u00e7\u00e3o da Educa\u00e7\u00e3o Infantil no 4\u00ba evento; na  regi\u00e3o <strong>Sul <\/strong>audi\u00eancias p\u00fablicas, elabora\u00e7\u00e3o de emendas,  encontro regional, mobiliza\u00e7\u00e3o empresarial e m\u00eddia, fortalecimento de  organiza\u00e7\u00f5es governamentais e n\u00e3o governamentais em prol da causa da  crian\u00e7a.<\/p>\n<p>Neste encontro foram definidas as macro a\u00e7\u00f5es nos munic\u00edpios onde o projeto atua que s\u00e3o a constru\u00e7\u00e3o dos <strong>Planos Municipais para a Inf\u00e2ncia e Adolesc\u00eancia<\/strong> e <strong>Um Dia Nacional de Luta pela Educa\u00e7\u00e3o Infantil<\/strong> al\u00e9m de toda a pauta de mobiliza\u00e7\u00e3o regional j\u00e1 estabelecida.<\/p>\n<p><strong> <\/strong><\/p>\n<p><em> <\/em><em>Por: <\/em><em>Am\u00e9lia Bampi (Funda\u00e7\u00e3o Abrinq\/Save The Children) &#8211; <\/em><\/p>\n<p>Fonte &#8211; <a href=\"http:\/\/primeirainfancia.org.br\/2011\/07\/encontro-de-articuladores-do-projeto-creche-para-todas-as-criancas\/\">RNPI<\/a><em><br \/>\n<\/em><\/p>\n","protected":false},"excerpt":{"rendered":"<p>Neste encontro foram definidas as macro a\u00e7\u00f5es nos munic\u00edpios onde o projeto atua que s\u00e3o a constru\u00e7\u00e3o dos Planos Municipais para a Inf\u00e2ncia e Adolesc\u00eancia e Um Dia Nacional de Luta pela Educa\u00e7\u00e3o Infantil.<\/p>\n","protected":false},"author":1,"featured_media":0,"comment_status":"open","ping_status":"open","sticky":false,"template":"","format":"standard","meta":{"site-container-style":"default","site-container-layout":"default","site-sidebar-layout":"default","disable-article-header":"default","disable-site-header":"default","disable-site-footer":"default","disable-content-area-spacing":"default","footnotes":""},"categories":[11,6],"tags":[],"class_list":["post-20484","post","type-post","status-publish","format-standard","hentry","category-direitos-humanos","category-educacao"],"yoast_head":"<!-- This site is optimized with the Yoast SEO plugin v27.4 - https:\/\/yoast.com\/product\/yoast-seo-wordpress\/ -->\n<title>Encontro de articuladores do Projeto Creche para Todas as Crian\u00e7as -<\/title>\n<meta name=\"robots\" content=\"index, follow, max-snippet:-1, max-image-preview:large, max-video-preview:-1\" \/>\n<link rel=\"canonical\" href=\"https:\/\/inclusivenews.com.br\/?p=20484\" \/>\n<meta property=\"og:locale\" content=\"pt_PT\" \/>\n<meta property=\"og:type\" content=\"article\" \/>\n<meta property=\"og:title\" content=\"Encontro de articuladores do Projeto Creche para Todas as Crian\u00e7as -\" \/>\n<meta property=\"og:description\" content=\"Neste encontro foram definidas as macro a\u00e7\u00f5es nos munic\u00edpios onde o projeto atua que s\u00e3o a constru\u00e7\u00e3o dos Planos Municipais para a Inf\u00e2ncia e Adolesc\u00eancia e Um Dia Nacional de Luta pela Educa\u00e7\u00e3o Infantil.\" \/>\n<meta property=\"og:url\" content=\"https:\/\/inclusivenews.com.br\/?p=20484\" \/>\n<meta property=\"article:publisher\" content=\"https:\/\/www.facebook.com\/agenciainclusive\/\" \/>\n<meta property=\"article:published_time\" content=\"2011-07-28T02:27:20+00:00\" \/>\n<meta property=\"og:image\" content=\"http:\/\/inclusivenews.com.br\/wp-content\/uploads\/noticia82-300x174.jpg\" \/>\n<meta name=\"author\" content=\"inclusivenews2024\" \/>\n<meta name=\"twitter:card\" content=\"summary_large_image\" \/>\n<meta name=\"twitter:label1\" content=\"Escrito por\" \/>\n\t<meta name=\"twitter:data1\" content=\"inclusivenews2024\" \/>\n\t<meta name=\"twitter:label2\" content=\"Tempo estimado de leitura\" \/>\n\t<meta name=\"twitter:data2\" content=\"2 minutos\" \/>\n<script type=\"application\/ld+json\" class=\"yoast-schema-graph\">{\"@context\":\"https:\\\/\\\/schema.org\",\"@graph\":[{\"@type\":\"Article\",\"@id\":\"https:\\\/\\\/inclusivenews.com.br\\\/?p=20484#article\",\"isPartOf\":{\"@id\":\"https:\\\/\\\/inclusivenews.com.br\\\/?p=20484\"},\"author\":{\"name\":\"inclusivenews2024\",\"@id\":\"https:\\\/\\\/inclusivenews.com.br\\\/#\\\/schema\\\/person\\\/ae4ec7087559b8692fb33b6fffd2273b\"},\"headline\":\"Encontro de articuladores do Projeto Creche para Todas as Crian\u00e7as\",\"datePublished\":\"2011-07-28T02:27:20+00:00\",\"mainEntityOfPage\":{\"@id\":\"https:\\\/\\\/inclusivenews.com.br\\\/?p=20484\"},\"wordCount\":337,\"commentCount\":0,\"publisher\":{\"@id\":\"https:\\\/\\\/inclusivenews.com.br\\\/#organization\"},\"image\":{\"@id\":\"https:\\\/\\\/inclusivenews.com.br\\\/?p=20484#primaryimage\"},\"thumbnailUrl\":\"http:\\\/\\\/inclusivenews.com.br\\\/wp-content\\\/uploads\\\/noticia82-300x174.jpg\",\"articleSection\":[\"DIREITOS HUMANOS\",\"EDUCA\u00c7\u00c3O\"],\"inLanguage\":\"pt-PT\",\"potentialAction\":[{\"@type\":\"CommentAction\",\"name\":\"Comment\",\"target\":[\"https:\\\/\\\/inclusivenews.com.br\\\/?p=20484#respond\"]}]},{\"@type\":\"WebPage\",\"@id\":\"https:\\\/\\\/inclusivenews.com.br\\\/?p=20484\",\"url\":\"https:\\\/\\\/inclusivenews.com.br\\\/?p=20484\",\"name\":\"Encontro de articuladores do Projeto Creche para Todas as Crian\u00e7as -\",\"isPartOf\":{\"@id\":\"https:\\\/\\\/inclusivenews.com.br\\\/#website\"},\"primaryImageOfPage\":{\"@id\":\"https:\\\/\\\/inclusivenews.com.br\\\/?p=20484#primaryimage\"},\"image\":{\"@id\":\"https:\\\/\\\/inclusivenews.com.br\\\/?p=20484#primaryimage\"},\"thumbnailUrl\":\"http:\\\/\\\/inclusivenews.com.br\\\/wp-content\\\/uploads\\\/noticia82-300x174.jpg\",\"datePublished\":\"2011-07-28T02:27:20+00:00\",\"breadcrumb\":{\"@id\":\"https:\\\/\\\/inclusivenews.com.br\\\/?p=20484#breadcrumb\"},\"inLanguage\":\"pt-PT\",\"potentialAction\":[{\"@type\":\"ReadAction\",\"target\":[\"https:\\\/\\\/inclusivenews.com.br\\\/?p=20484\"]}]},{\"@type\":\"ImageObject\",\"inLanguage\":\"pt-PT\",\"@id\":\"https:\\\/\\\/inclusivenews.com.br\\\/?p=20484#primaryimage\",\"url\":\"\",\"contentUrl\":\"\"},{\"@type\":\"BreadcrumbList\",\"@id\":\"https:\\\/\\\/inclusivenews.com.br\\\/?p=20484#breadcrumb\",\"itemListElement\":[{\"@type\":\"ListItem\",\"position\":1,\"name\":\"In\u00edcio\",\"item\":\"https:\\\/\\\/inclusivenews.com.br\\\/\"},{\"@type\":\"ListItem\",\"position\":2,\"name\":\"Encontro de articuladores do Projeto Creche para Todas as Crian\u00e7as\"}]},{\"@type\":\"WebSite\",\"@id\":\"https:\\\/\\\/inclusivenews.com.br\\\/#website\",\"url\":\"https:\\\/\\\/inclusivenews.com.br\\\/\",\"name\":\"Inclusive News\",\"description\":\"Inclusive News\",\"publisher\":{\"@id\":\"https:\\\/\\\/inclusivenews.com.br\\\/#organization\"},\"potentialAction\":[{\"@type\":\"SearchAction\",\"target\":{\"@type\":\"EntryPoint\",\"urlTemplate\":\"https:\\\/\\\/inclusivenews.com.br\\\/?s={search_term_string}\"},\"query-input\":{\"@type\":\"PropertyValueSpecification\",\"valueRequired\":true,\"valueName\":\"search_term_string\"}}],\"inLanguage\":\"pt-PT\"},{\"@type\":\"Organization\",\"@id\":\"https:\\\/\\\/inclusivenews.com.br\\\/#organization\",\"name\":\"Inclusive - inclus\u00e3o e cidadania\",\"url\":\"https:\\\/\\\/inclusivenews.com.br\\\/\",\"logo\":{\"@type\":\"ImageObject\",\"inLanguage\":\"pt-PT\",\"@id\":\"https:\\\/\\\/inclusivenews.com.br\\\/#\\\/schema\\\/logo\\\/image\\\/\",\"url\":\"https:\\\/\\\/inclusivenews.com.br\\\/wp-content\\\/uploads\\\/2024\\\/03\\\/@grandesite.png\",\"contentUrl\":\"https:\\\/\\\/inclusivenews.com.br\\\/wp-content\\\/uploads\\\/2024\\\/03\\\/@grandesite.png\",\"width\":1080,\"height\":1080,\"caption\":\"Inclusive - inclus\u00e3o e cidadania\"},\"image\":{\"@id\":\"https:\\\/\\\/inclusivenews.com.br\\\/#\\\/schema\\\/logo\\\/image\\\/\"},\"sameAs\":[\"https:\\\/\\\/www.facebook.com\\\/agenciainclusive\\\/\",\"https:\\\/\\\/www.instagram.com\\\/newsinclusive\\\/\"]},{\"@type\":\"Person\",\"@id\":\"https:\\\/\\\/inclusivenews.com.br\\\/#\\\/schema\\\/person\\\/ae4ec7087559b8692fb33b6fffd2273b\",\"name\":\"inclusivenews2024\",\"image\":{\"@type\":\"ImageObject\",\"inLanguage\":\"pt-PT\",\"@id\":\"https:\\\/\\\/secure.gravatar.com\\\/avatar\\\/c5a7ef84c66fa914f55bc4f7ce26cfa275a3b9a1c5568b907bd184fb4dde7b40?s=96&d=mm&r=g\",\"url\":\"https:\\\/\\\/secure.gravatar.com\\\/avatar\\\/c5a7ef84c66fa914f55bc4f7ce26cfa275a3b9a1c5568b907bd184fb4dde7b40?s=96&d=mm&r=g\",\"contentUrl\":\"https:\\\/\\\/secure.gravatar.com\\\/avatar\\\/c5a7ef84c66fa914f55bc4f7ce26cfa275a3b9a1c5568b907bd184fb4dde7b40?s=96&d=mm&r=g\",\"caption\":\"inclusivenews2024\"},\"sameAs\":[\"https:\\\/\\\/inclusivenews.com.br\"],\"url\":\"https:\\\/\\\/inclusivenews.com.br\\\/?author=1\"}]}<\/script>\n<!-- \/ Yoast SEO plugin. -->","yoast_head_json":{"title":"Encontro de articuladores do Projeto Creche para Todas as Crian\u00e7as -","robots":{"index":"index","follow":"follow","max-snippet":"max-snippet:-1","max-image-preview":"max-image-preview:large","max-video-preview":"max-video-preview:-1"},"canonical":"https:\/\/inclusivenews.com.br\/?p=20484","og_locale":"pt_PT","og_type":"article","og_title":"Encontro de articuladores do Projeto Creche para Todas as Crian\u00e7as -","og_description":"Neste encontro foram definidas as macro a\u00e7\u00f5es nos munic\u00edpios onde o projeto atua que s\u00e3o a constru\u00e7\u00e3o dos Planos Municipais para a Inf\u00e2ncia e Adolesc\u00eancia e Um Dia Nacional de Luta pela Educa\u00e7\u00e3o Infantil.","og_url":"https:\/\/inclusivenews.com.br\/?p=20484","article_publisher":"https:\/\/www.facebook.com\/agenciainclusive\/","article_published_time":"2011-07-28T02:27:20+00:00","og_image":[{"url":"http:\/\/inclusivenews.com.br\/wp-content\/uploads\/noticia82-300x174.jpg","type":"","width":"","height":""}],"author":"inclusivenews2024","twitter_card":"summary_large_image","twitter_misc":{"Escrito por":"inclusivenews2024","Tempo estimado de leitura":"2 minutos"},"schema":{"@context":"https:\/\/schema.org","@graph":[{"@type":"Article","@id":"https:\/\/inclusivenews.com.br\/?p=20484#article","isPartOf":{"@id":"https:\/\/inclusivenews.com.br\/?p=20484"},"author":{"name":"inclusivenews2024","@id":"https:\/\/inclusivenews.com.br\/#\/schema\/person\/ae4ec7087559b8692fb33b6fffd2273b"},"headline":"Encontro de articuladores do Projeto Creche para Todas as Crian\u00e7as","datePublished":"2011-07-28T02:27:20+00:00","mainEntityOfPage":{"@id":"https:\/\/inclusivenews.com.br\/?p=20484"},"wordCount":337,"commentCount":0,"publisher":{"@id":"https:\/\/inclusivenews.com.br\/#organization"},"image":{"@id":"https:\/\/inclusivenews.com.br\/?p=20484#primaryimage"},"thumbnailUrl":"http:\/\/inclusivenews.com.br\/wp-content\/uploads\/noticia82-300x174.jpg","articleSection":["DIREITOS HUMANOS","EDUCA\u00c7\u00c3O"],"inLanguage":"pt-PT","potentialAction":[{"@type":"CommentAction","name":"Comment","target":["https:\/\/inclusivenews.com.br\/?p=20484#respond"]}]},{"@type":"WebPage","@id":"https:\/\/inclusivenews.com.br\/?p=20484","url":"https:\/\/inclusivenews.com.br\/?p=20484","name":"Encontro de articuladores do Projeto Creche para Todas as Crian\u00e7as -","isPartOf":{"@id":"https:\/\/inclusivenews.com.br\/#website"},"primaryImageOfPage":{"@id":"https:\/\/inclusivenews.com.br\/?p=20484#primaryimage"},"image":{"@id":"https:\/\/inclusivenews.com.br\/?p=20484#primaryimage"},"thumbnailUrl":"http:\/\/inclusivenews.com.br\/wp-content\/uploads\/noticia82-300x174.jpg","datePublished":"2011-07-28T02:27:20+00:00","breadcrumb":{"@id":"https:\/\/inclusivenews.com.br\/?p=20484#breadcrumb"},"inLanguage":"pt-PT","potentialAction":[{"@type":"ReadAction","target":["https:\/\/inclusivenews.com.br\/?p=20484"]}]},{"@type":"ImageObject","inLanguage":"pt-PT","@id":"https:\/\/inclusivenews.com.br\/?p=20484#primaryimage","url":"","contentUrl":""},{"@type":"BreadcrumbList","@id":"https:\/\/inclusivenews.com.br\/?p=20484#breadcrumb","itemListElement":[{"@type":"ListItem","position":1,"name":"In\u00edcio","item":"https:\/\/inclusivenews.com.br\/"},{"@type":"ListItem","position":2,"name":"Encontro de articuladores do Projeto Creche para Todas as Crian\u00e7as"}]},{"@type":"WebSite","@id":"https:\/\/inclusivenews.com.br\/#website","url":"https:\/\/inclusivenews.com.br\/","name":"Inclusive News","description":"Inclusive News","publisher":{"@id":"https:\/\/inclusivenews.com.br\/#organization"},"potentialAction":[{"@type":"SearchAction","target":{"@type":"EntryPoint","urlTemplate":"https:\/\/inclusivenews.com.br\/?s={search_term_string}"},"query-input":{"@type":"PropertyValueSpecification","valueRequired":true,"valueName":"search_term_string"}}],"inLanguage":"pt-PT"},{"@type":"Organization","@id":"https:\/\/inclusivenews.com.br\/#organization","name":"Inclusive - inclus\u00e3o e cidadania","url":"https:\/\/inclusivenews.com.br\/","logo":{"@type":"ImageObject","inLanguage":"pt-PT","@id":"https:\/\/inclusivenews.com.br\/#\/schema\/logo\/image\/","url":"https:\/\/inclusivenews.com.br\/wp-content\/uploads\/2024\/03\/@grandesite.png","contentUrl":"https:\/\/inclusivenews.com.br\/wp-content\/uploads\/2024\/03\/@grandesite.png","width":1080,"height":1080,"caption":"Inclusive - inclus\u00e3o e cidadania"},"image":{"@id":"https:\/\/inclusivenews.com.br\/#\/schema\/logo\/image\/"},"sameAs":["https:\/\/www.facebook.com\/agenciainclusive\/","https:\/\/www.instagram.com\/newsinclusive\/"]},{"@type":"Person","@id":"https:\/\/inclusivenews.com.br\/#\/schema\/person\/ae4ec7087559b8692fb33b6fffd2273b","name":"inclusivenews2024","image":{"@type":"ImageObject","inLanguage":"pt-PT","@id":"https:\/\/secure.gravatar.com\/avatar\/c5a7ef84c66fa914f55bc4f7ce26cfa275a3b9a1c5568b907bd184fb4dde7b40?s=96&d=mm&r=g","url":"https:\/\/secure.gravatar.com\/avatar\/c5a7ef84c66fa914f55bc4f7ce26cfa275a3b9a1c5568b907bd184fb4dde7b40?s=96&d=mm&r=g","contentUrl":"https:\/\/secure.gravatar.com\/avatar\/c5a7ef84c66fa914f55bc4f7ce26cfa275a3b9a1c5568b907bd184fb4dde7b40?s=96&d=mm&r=g","caption":"inclusivenews2024"},"sameAs":["https:\/\/inclusivenews.com.br"],"url":"https:\/\/inclusivenews.com.br\/?author=1"}]}},"_links":{"self":[{"href":"https:\/\/inclusivenews.com.br\/index.php?rest_route=\/wp\/v2\/posts\/20484","targetHints":{"allow":["GET"]}}],"collection":[{"href":"https:\/\/inclusivenews.com.br\/index.php?rest_route=\/wp\/v2\/posts"}],"about":[{"href":"https:\/\/inclusivenews.com.br\/index.php?rest_route=\/wp\/v2\/types\/post"}],"author":[{"embeddable":true,"href":"https:\/\/inclusivenews.com.br\/index.php?rest_route=\/wp\/v2\/users\/1"}],"replies":[{"embeddable":true,"href":"https:\/\/inclusivenews.com.br\/index.php?rest_route=%2Fwp%2Fv2%2Fcomments&post=20484"}],"version-history":[{"count":0,"href":"https:\/\/inclusivenews.com.br\/index.php?rest_route=\/wp\/v2\/posts\/20484\/revisions"}],"wp:attachment":[{"href":"https:\/\/inclusivenews.com.br\/index.php?rest_route=%2Fwp%2Fv2%2Fmedia&parent=20484"}],"wp:term":[{"taxonomy":"category","embeddable":true,"href":"https:\/\/inclusivenews.com.br\/index.php?rest_route=%2Fwp%2Fv2%2Fcategories&post=20484"},{"taxonomy":"post_tag","embeddable":true,"href":"https:\/\/inclusivenews.com.br\/index.php?rest_route=%2Fwp%2Fv2%2Ftags&post=20484"}],"curies":[{"name":"wp","href":"https:\/\/api.w.org\/{rel}","templated":true}]}}