{"id":20486,"date":"2011-07-27T23:26:54","date_gmt":"2011-07-28T02:26:54","guid":{"rendered":"http:\/\/www.inclusive.org.br\/?p=20486"},"modified":"2011-07-27T23:26:54","modified_gmt":"2011-07-28T02:26:54","slug":"contra-o-aumento-do-tempo-de-internacao-de-adolescentes","status":"publish","type":"post","link":"https:\/\/inclusivenews.com.br\/?p=20486","title":{"rendered":"Contra o aumento do tempo de interna\u00e7\u00e3o de adolescentes"},"content":{"rendered":"<div>\n<figure id=\"attachment_19958\" aria-describedby=\"caption-attachment-19958\" style=\"width: 200px\" class=\"wp-caption alignleft\"><img loading=\"lazy\" decoding=\"async\" class=\"size-full wp-image-19958\" title=\"conanda\" src=\"http:\/\/inclusivenews.com.br\/wp-content\/uploads\/conanda.jpg\" alt=\"Logotipo do CONANDA - Conselho Nacional dos Direitos da Crian\u00e7a e do Adolescente.\" width=\"200\" height=\"135\" \/><figcaption id=\"caption-attachment-19958\" class=\"wp-caption-text\">Logotipo do CONANDA - Conselho Nacional dos Direitos da Crian\u00e7a e do Adolescente.<\/figcaption><\/figure>\n<p>NOTA P\u00daBLICA<\/p>\n<\/div>\n<div>CONTRA A APROVA\u00c7\u00c3O DO PL 7008\/2010 QUE AUMENTA O TEMPO DE INTERNA\u00c7\u00c3O DE ADOLESCENTES<\/div>\n<div>O  Conselho Nacional dos Direitos da Crian\u00e7a e do Adolescente (Conanda)  vem a p\u00fablico manifestar-se contra a aprova\u00e7\u00e3o do Projeto de Lei (PL  7008\/2010) que modifica o Estatuto da Crian\u00e7a e do Adolescente (ECA)  aumentando o tempo de interna\u00e7\u00e3o do adolescente que cometeu ato  infracional considerado grave. A aprova\u00e7\u00e3o deste PL, trata do per\u00edodo de  interna\u00e7\u00e3o que poder\u00e1 chegar a cinco anos, com libera\u00e7\u00e3o compuls\u00f3ria,  aos vinte e tr\u00eas anos de idade, o que contrap\u00f5e os preceitos e  compromissos definidos na Constitui\u00e7\u00e3o Federal e no Estatuto da Crian\u00e7a e  do Adolescente. Tal atitude tamb\u00e9m compromete a imagem e a  credibilidade do pa\u00eds com rela\u00e7\u00e3o aos compromissos internacionais  assumidos, como a Conven\u00e7\u00e3o sobre os Direitos da Crian\u00e7a e do  Adolescente da Organiza\u00e7\u00e3o das Na\u00e7\u00f5es Unidas (ONU) ratificada pelo pa\u00eds  em 1990.<\/div>\n<div>Como principal \u00f3rg\u00e3o do sistema de garantias dos direitos da  crian\u00e7a e do adolescente no pa\u00eds, criado pelo pr\u00f3prio Estatuto da  Crian\u00e7a e do Adolescente e formado, paritariamente, por membros do  governo e da sociedade civil, o Conanda tem como miss\u00e3o principal \u00e0  promo\u00e7\u00e3o, a defesa e a garantia integral dos direitos da crian\u00e7a e do  adolescente. Nesse sentido, tendo em vista que a Constitui\u00e7\u00e3o Federal  Brasileira de 1988 considerou que a inimputabilidade penal \u00e9 direita e  garantia fundamental de todas as pessoas com menos de 18 anos (crian\u00e7as e  adolescentes), isto significa que o adolescente n\u00e3o responde  criminalmente quando comete atos inflacionais (crimes ou contraven\u00e7\u00f5es),  mas responde conforme a legisla\u00e7\u00e3o especial (Estatuto da Crian\u00e7a e do  Adolescente). O artigo 60, par\u00e1grafo 4, inciso 4, da Constitui\u00e7\u00e3o  Federal disp\u00f5e que \u201cn\u00e3o ser\u00e1 objeto de delibera\u00e7\u00e3o a proposta de emenda  tendente a abolir os direitos e garantias individuais\u201d.<\/div>\n<div>Al\u00e9m disso, o Brasil ao ratificar a Conven\u00e7\u00e3o da ONU est\u00e1 obrigado a  tratar de forma totalmente diferenciada as crian\u00e7as e adolescentes com  rela\u00e7\u00e3o aos adultos, quando se envolvem com a criminalidade. A Conven\u00e7\u00e3o  dos Direitos da Crian\u00e7a e do Adolescente da ONU ap\u00f3s ser ratificada  pelo pa\u00eds signat\u00e1rio tem<\/div>\n<div>\u201cstatus\u201d constitucional, se incorporando ao rol dos direitos e  garantias fundamentais da Constitui\u00e7\u00e3o Federal. Portanto, al\u00e9m dos  motivos sociais, econ\u00f4micos e psicol\u00f3gicos j\u00e1 explicitados em notas  anteriores do Conselho, o PL em tramita\u00e7\u00e3o na Comiss\u00e3o de<\/div>\n<div>Seguran\u00e7a P\u00fablica e Combate ao Crime Organizado, caso aprovada est\u00e1  ferindo frontalmente princ\u00edpios constitucionais e garantias elementares  das crian\u00e7as e adolescentes.<\/div>\n<div>Nesse sentido, a aprova\u00e7\u00e3o do PL  7008\/2010 abre caminhos em dire\u00e7\u00e3o a redu\u00e7\u00e3o da maioridade penal e a  altera\u00e7\u00e3o do Estatuto da Crian\u00e7a e do Adolescente (ECA), al\u00e9m de  retroceder na hist\u00f3ria da constru\u00e7\u00e3o democr\u00e1tica da sociedade brasileira  , numa tentativa de responsabilizar e penalizar ainda mais uma  juventude que h\u00e1 mais de 500 anos vive em situa\u00e7\u00e3o de desigualdade,  exclus\u00e3o social e falta de oportunidades, sem d\u00favida as principais  causas da maioria das mazelas que assolam o Brasil e o mundo (fome,  desemprego, viol\u00eancia, etc&#8230;).<\/div>\n<div>Adolescentes s\u00e3o apresentados \u00e0 sociedade como mentores de crimes  hediondos, traficantes perigosos, perturbadores da ordem p\u00fablica e  outras qualifica\u00e7\u00f5es, que em nada renovam as express\u00f5es utilizadas no  in\u00edcio do s\u00e9culo passado, para justificar o encarceramento de  adolescentes oriundos das classes populares, sem contudo promover  pol\u00edticas p\u00fablicas e a\u00e7\u00f5es que possibilitem, a eles, a inser\u00e7\u00e3o social, o  fortalecimento da cidadania e o afastamento da criminalidade.<\/div>\n<div>Diante disso, o Conanda, reafirma sua posi\u00e7\u00e3o contraria aos  projetos que restringem direitos humanos de crian\u00e7as e adolescentes e  repudia o PL (Projeto de Lei 7008\/2010) que trata do aumento do tempo de  interna\u00e7\u00e3o na C\u00e2mara dos Deputados Federais\/Comiss\u00e3o de Seguran\u00e7a  P\u00fablica e Combate ao Crime Organizado do Congresso Nacional.<\/div>\n<div>Por fim, a exatamente 21 dias de celebramos os 20 anos de aprova\u00e7\u00e3o  do ESTATUTO DA CRIAN\u00c7A E DO ADOLESCENTE defendemos a preval\u00eancia da  soberania dos princ\u00edpios constitucionais no Estado Democr\u00e1tico de  Direito e em defesa do integral cumprimento da Lei 8.069, de 1990  (Estatuto da Crian\u00e7a e do Adolescente).<\/div>\n<div>Bras\u00edlia 23 de junho de 2010<\/div>\n<div>F\u00c1BIO FEITOSA DA SILVA<\/div>\n<div>Presidente<\/div>\n<p>Fonte &#8211; CONANDA<\/p>\n","protected":false},"excerpt":{"rendered":"<p>A aprova\u00e7\u00e3o do PL 7008\/2010 tenta responsabilizar e penalizar ainda mais uma juventude que h\u00e1 mais de 500 anos vive em situa\u00e7\u00e3o de desigualdade, exclus\u00e3o social e falta de oportunidades, sem d\u00favida as principais causas da maioria das mazelas que assolam o Brasil e o mundo.<\/p>\n","protected":false},"author":1,"featured_media":0,"comment_status":"open","ping_status":"open","sticky":false,"template":"","format":"standard","meta":{"site-container-style":"default","site-container-layout":"default","site-sidebar-layout":"default","disable-article-header":"default","disable-site-header":"default","disable-site-footer":"default","disable-content-area-spacing":"default","footnotes":""},"categories":[11],"tags":[],"class_list":["post-20486","post","type-post","status-publish","format-standard","hentry","category-direitos-humanos"],"yoast_head":"<!-- This site is optimized with the Yoast SEO plugin v27.4 - https:\/\/yoast.com\/product\/yoast-seo-wordpress\/ -->\n<title>Contra o aumento do tempo de interna\u00e7\u00e3o de adolescentes -<\/title>\n<meta name=\"robots\" content=\"index, follow, max-snippet:-1, max-image-preview:large, max-video-preview:-1\" \/>\n<link rel=\"canonical\" href=\"https:\/\/inclusivenews.com.br\/?p=20486\" \/>\n<meta property=\"og:locale\" content=\"pt_PT\" \/>\n<meta property=\"og:type\" content=\"article\" \/>\n<meta property=\"og:title\" content=\"Contra o aumento do tempo de interna\u00e7\u00e3o de adolescentes -\" \/>\n<meta property=\"og:description\" content=\"A aprova\u00e7\u00e3o do PL 7008\/2010 tenta responsabilizar e penalizar ainda mais uma juventude que h\u00e1 mais de 500 anos vive em situa\u00e7\u00e3o de desigualdade, exclus\u00e3o social e falta de oportunidades, sem d\u00favida as principais causas da maioria das mazelas que assolam o Brasil e o mundo.\" \/>\n<meta property=\"og:url\" content=\"https:\/\/inclusivenews.com.br\/?p=20486\" \/>\n<meta property=\"article:publisher\" content=\"https:\/\/www.facebook.com\/agenciainclusive\/\" \/>\n<meta property=\"article:published_time\" content=\"2011-07-28T02:26:54+00:00\" \/>\n<meta property=\"og:image\" content=\"http:\/\/inclusivenews.com.br\/wp-content\/uploads\/conanda.jpg\" \/>\n<meta name=\"author\" content=\"inclusivenews2024\" \/>\n<meta name=\"twitter:card\" content=\"summary_large_image\" \/>\n<meta name=\"twitter:label1\" content=\"Escrito por\" \/>\n\t<meta name=\"twitter:data1\" content=\"inclusivenews2024\" \/>\n\t<meta name=\"twitter:label2\" content=\"Tempo estimado de leitura\" \/>\n\t<meta name=\"twitter:data2\" content=\"4 minutos\" \/>\n<script type=\"application\/ld+json\" class=\"yoast-schema-graph\">{\"@context\":\"https:\\\/\\\/schema.org\",\"@graph\":[{\"@type\":\"Article\",\"@id\":\"https:\\\/\\\/inclusivenews.com.br\\\/?p=20486#article\",\"isPartOf\":{\"@id\":\"https:\\\/\\\/inclusivenews.com.br\\\/?p=20486\"},\"author\":{\"name\":\"inclusivenews2024\",\"@id\":\"https:\\\/\\\/inclusivenews.com.br\\\/#\\\/schema\\\/person\\\/ae4ec7087559b8692fb33b6fffd2273b\"},\"headline\":\"Contra o aumento do tempo de interna\u00e7\u00e3o de adolescentes\",\"datePublished\":\"2011-07-28T02:26:54+00:00\",\"mainEntityOfPage\":{\"@id\":\"https:\\\/\\\/inclusivenews.com.br\\\/?p=20486\"},\"wordCount\":777,\"commentCount\":0,\"publisher\":{\"@id\":\"https:\\\/\\\/inclusivenews.com.br\\\/#organization\"},\"image\":{\"@id\":\"https:\\\/\\\/inclusivenews.com.br\\\/?p=20486#primaryimage\"},\"thumbnailUrl\":\"http:\\\/\\\/inclusivenews.com.br\\\/wp-content\\\/uploads\\\/conanda.jpg\",\"articleSection\":[\"DIREITOS HUMANOS\"],\"inLanguage\":\"pt-PT\",\"potentialAction\":[{\"@type\":\"CommentAction\",\"name\":\"Comment\",\"target\":[\"https:\\\/\\\/inclusivenews.com.br\\\/?p=20486#respond\"]}]},{\"@type\":\"WebPage\",\"@id\":\"https:\\\/\\\/inclusivenews.com.br\\\/?p=20486\",\"url\":\"https:\\\/\\\/inclusivenews.com.br\\\/?p=20486\",\"name\":\"Contra o aumento do tempo de interna\u00e7\u00e3o de adolescentes -\",\"isPartOf\":{\"@id\":\"https:\\\/\\\/inclusivenews.com.br\\\/#website\"},\"primaryImageOfPage\":{\"@id\":\"https:\\\/\\\/inclusivenews.com.br\\\/?p=20486#primaryimage\"},\"image\":{\"@id\":\"https:\\\/\\\/inclusivenews.com.br\\\/?p=20486#primaryimage\"},\"thumbnailUrl\":\"http:\\\/\\\/inclusivenews.com.br\\\/wp-content\\\/uploads\\\/conanda.jpg\",\"datePublished\":\"2011-07-28T02:26:54+00:00\",\"breadcrumb\":{\"@id\":\"https:\\\/\\\/inclusivenews.com.br\\\/?p=20486#breadcrumb\"},\"inLanguage\":\"pt-PT\",\"potentialAction\":[{\"@type\":\"ReadAction\",\"target\":[\"https:\\\/\\\/inclusivenews.com.br\\\/?p=20486\"]}]},{\"@type\":\"ImageObject\",\"inLanguage\":\"pt-PT\",\"@id\":\"https:\\\/\\\/inclusivenews.com.br\\\/?p=20486#primaryimage\",\"url\":\"\",\"contentUrl\":\"\"},{\"@type\":\"BreadcrumbList\",\"@id\":\"https:\\\/\\\/inclusivenews.com.br\\\/?p=20486#breadcrumb\",\"itemListElement\":[{\"@type\":\"ListItem\",\"position\":1,\"name\":\"In\u00edcio\",\"item\":\"https:\\\/\\\/inclusivenews.com.br\\\/\"},{\"@type\":\"ListItem\",\"position\":2,\"name\":\"Contra o aumento do tempo de interna\u00e7\u00e3o de adolescentes\"}]},{\"@type\":\"WebSite\",\"@id\":\"https:\\\/\\\/inclusivenews.com.br\\\/#website\",\"url\":\"https:\\\/\\\/inclusivenews.com.br\\\/\",\"name\":\"Inclusive News\",\"description\":\"Inclusive News\",\"publisher\":{\"@id\":\"https:\\\/\\\/inclusivenews.com.br\\\/#organization\"},\"potentialAction\":[{\"@type\":\"SearchAction\",\"target\":{\"@type\":\"EntryPoint\",\"urlTemplate\":\"https:\\\/\\\/inclusivenews.com.br\\\/?s={search_term_string}\"},\"query-input\":{\"@type\":\"PropertyValueSpecification\",\"valueRequired\":true,\"valueName\":\"search_term_string\"}}],\"inLanguage\":\"pt-PT\"},{\"@type\":\"Organization\",\"@id\":\"https:\\\/\\\/inclusivenews.com.br\\\/#organization\",\"name\":\"Inclusive - inclus\u00e3o e cidadania\",\"url\":\"https:\\\/\\\/inclusivenews.com.br\\\/\",\"logo\":{\"@type\":\"ImageObject\",\"inLanguage\":\"pt-PT\",\"@id\":\"https:\\\/\\\/inclusivenews.com.br\\\/#\\\/schema\\\/logo\\\/image\\\/\",\"url\":\"https:\\\/\\\/inclusivenews.com.br\\\/wp-content\\\/uploads\\\/2024\\\/03\\\/@grandesite.png\",\"contentUrl\":\"https:\\\/\\\/inclusivenews.com.br\\\/wp-content\\\/uploads\\\/2024\\\/03\\\/@grandesite.png\",\"width\":1080,\"height\":1080,\"caption\":\"Inclusive - inclus\u00e3o e cidadania\"},\"image\":{\"@id\":\"https:\\\/\\\/inclusivenews.com.br\\\/#\\\/schema\\\/logo\\\/image\\\/\"},\"sameAs\":[\"https:\\\/\\\/www.facebook.com\\\/agenciainclusive\\\/\",\"https:\\\/\\\/www.instagram.com\\\/newsinclusive\\\/\"]},{\"@type\":\"Person\",\"@id\":\"https:\\\/\\\/inclusivenews.com.br\\\/#\\\/schema\\\/person\\\/ae4ec7087559b8692fb33b6fffd2273b\",\"name\":\"inclusivenews2024\",\"image\":{\"@type\":\"ImageObject\",\"inLanguage\":\"pt-PT\",\"@id\":\"https:\\\/\\\/secure.gravatar.com\\\/avatar\\\/c5a7ef84c66fa914f55bc4f7ce26cfa275a3b9a1c5568b907bd184fb4dde7b40?s=96&d=mm&r=g\",\"url\":\"https:\\\/\\\/secure.gravatar.com\\\/avatar\\\/c5a7ef84c66fa914f55bc4f7ce26cfa275a3b9a1c5568b907bd184fb4dde7b40?s=96&d=mm&r=g\",\"contentUrl\":\"https:\\\/\\\/secure.gravatar.com\\\/avatar\\\/c5a7ef84c66fa914f55bc4f7ce26cfa275a3b9a1c5568b907bd184fb4dde7b40?s=96&d=mm&r=g\",\"caption\":\"inclusivenews2024\"},\"sameAs\":[\"https:\\\/\\\/inclusivenews.com.br\"],\"url\":\"https:\\\/\\\/inclusivenews.com.br\\\/?author=1\"}]}<\/script>\n<!-- \/ Yoast SEO plugin. -->","yoast_head_json":{"title":"Contra o aumento do tempo de interna\u00e7\u00e3o de adolescentes -","robots":{"index":"index","follow":"follow","max-snippet":"max-snippet:-1","max-image-preview":"max-image-preview:large","max-video-preview":"max-video-preview:-1"},"canonical":"https:\/\/inclusivenews.com.br\/?p=20486","og_locale":"pt_PT","og_type":"article","og_title":"Contra o aumento do tempo de interna\u00e7\u00e3o de adolescentes -","og_description":"A aprova\u00e7\u00e3o do PL 7008\/2010 tenta responsabilizar e penalizar ainda mais uma juventude que h\u00e1 mais de 500 anos vive em situa\u00e7\u00e3o de desigualdade, exclus\u00e3o social e falta de oportunidades, sem d\u00favida as principais causas da maioria das mazelas que assolam o Brasil e o mundo.","og_url":"https:\/\/inclusivenews.com.br\/?p=20486","article_publisher":"https:\/\/www.facebook.com\/agenciainclusive\/","article_published_time":"2011-07-28T02:26:54+00:00","og_image":[{"url":"http:\/\/inclusivenews.com.br\/wp-content\/uploads\/conanda.jpg","type":"","width":"","height":""}],"author":"inclusivenews2024","twitter_card":"summary_large_image","twitter_misc":{"Escrito por":"inclusivenews2024","Tempo estimado de leitura":"4 minutos"},"schema":{"@context":"https:\/\/schema.org","@graph":[{"@type":"Article","@id":"https:\/\/inclusivenews.com.br\/?p=20486#article","isPartOf":{"@id":"https:\/\/inclusivenews.com.br\/?p=20486"},"author":{"name":"inclusivenews2024","@id":"https:\/\/inclusivenews.com.br\/#\/schema\/person\/ae4ec7087559b8692fb33b6fffd2273b"},"headline":"Contra o aumento do tempo de interna\u00e7\u00e3o de adolescentes","datePublished":"2011-07-28T02:26:54+00:00","mainEntityOfPage":{"@id":"https:\/\/inclusivenews.com.br\/?p=20486"},"wordCount":777,"commentCount":0,"publisher":{"@id":"https:\/\/inclusivenews.com.br\/#organization"},"image":{"@id":"https:\/\/inclusivenews.com.br\/?p=20486#primaryimage"},"thumbnailUrl":"http:\/\/inclusivenews.com.br\/wp-content\/uploads\/conanda.jpg","articleSection":["DIREITOS HUMANOS"],"inLanguage":"pt-PT","potentialAction":[{"@type":"CommentAction","name":"Comment","target":["https:\/\/inclusivenews.com.br\/?p=20486#respond"]}]},{"@type":"WebPage","@id":"https:\/\/inclusivenews.com.br\/?p=20486","url":"https:\/\/inclusivenews.com.br\/?p=20486","name":"Contra o aumento do tempo de interna\u00e7\u00e3o de adolescentes -","isPartOf":{"@id":"https:\/\/inclusivenews.com.br\/#website"},"primaryImageOfPage":{"@id":"https:\/\/inclusivenews.com.br\/?p=20486#primaryimage"},"image":{"@id":"https:\/\/inclusivenews.com.br\/?p=20486#primaryimage"},"thumbnailUrl":"http:\/\/inclusivenews.com.br\/wp-content\/uploads\/conanda.jpg","datePublished":"2011-07-28T02:26:54+00:00","breadcrumb":{"@id":"https:\/\/inclusivenews.com.br\/?p=20486#breadcrumb"},"inLanguage":"pt-PT","potentialAction":[{"@type":"ReadAction","target":["https:\/\/inclusivenews.com.br\/?p=20486"]}]},{"@type":"ImageObject","inLanguage":"pt-PT","@id":"https:\/\/inclusivenews.com.br\/?p=20486#primaryimage","url":"","contentUrl":""},{"@type":"BreadcrumbList","@id":"https:\/\/inclusivenews.com.br\/?p=20486#breadcrumb","itemListElement":[{"@type":"ListItem","position":1,"name":"In\u00edcio","item":"https:\/\/inclusivenews.com.br\/"},{"@type":"ListItem","position":2,"name":"Contra o aumento do tempo de interna\u00e7\u00e3o de adolescentes"}]},{"@type":"WebSite","@id":"https:\/\/inclusivenews.com.br\/#website","url":"https:\/\/inclusivenews.com.br\/","name":"Inclusive News","description":"Inclusive News","publisher":{"@id":"https:\/\/inclusivenews.com.br\/#organization"},"potentialAction":[{"@type":"SearchAction","target":{"@type":"EntryPoint","urlTemplate":"https:\/\/inclusivenews.com.br\/?s={search_term_string}"},"query-input":{"@type":"PropertyValueSpecification","valueRequired":true,"valueName":"search_term_string"}}],"inLanguage":"pt-PT"},{"@type":"Organization","@id":"https:\/\/inclusivenews.com.br\/#organization","name":"Inclusive - inclus\u00e3o e cidadania","url":"https:\/\/inclusivenews.com.br\/","logo":{"@type":"ImageObject","inLanguage":"pt-PT","@id":"https:\/\/inclusivenews.com.br\/#\/schema\/logo\/image\/","url":"https:\/\/inclusivenews.com.br\/wp-content\/uploads\/2024\/03\/@grandesite.png","contentUrl":"https:\/\/inclusivenews.com.br\/wp-content\/uploads\/2024\/03\/@grandesite.png","width":1080,"height":1080,"caption":"Inclusive - inclus\u00e3o e cidadania"},"image":{"@id":"https:\/\/inclusivenews.com.br\/#\/schema\/logo\/image\/"},"sameAs":["https:\/\/www.facebook.com\/agenciainclusive\/","https:\/\/www.instagram.com\/newsinclusive\/"]},{"@type":"Person","@id":"https:\/\/inclusivenews.com.br\/#\/schema\/person\/ae4ec7087559b8692fb33b6fffd2273b","name":"inclusivenews2024","image":{"@type":"ImageObject","inLanguage":"pt-PT","@id":"https:\/\/secure.gravatar.com\/avatar\/c5a7ef84c66fa914f55bc4f7ce26cfa275a3b9a1c5568b907bd184fb4dde7b40?s=96&d=mm&r=g","url":"https:\/\/secure.gravatar.com\/avatar\/c5a7ef84c66fa914f55bc4f7ce26cfa275a3b9a1c5568b907bd184fb4dde7b40?s=96&d=mm&r=g","contentUrl":"https:\/\/secure.gravatar.com\/avatar\/c5a7ef84c66fa914f55bc4f7ce26cfa275a3b9a1c5568b907bd184fb4dde7b40?s=96&d=mm&r=g","caption":"inclusivenews2024"},"sameAs":["https:\/\/inclusivenews.com.br"],"url":"https:\/\/inclusivenews.com.br\/?author=1"}]}},"_links":{"self":[{"href":"https:\/\/inclusivenews.com.br\/index.php?rest_route=\/wp\/v2\/posts\/20486","targetHints":{"allow":["GET"]}}],"collection":[{"href":"https:\/\/inclusivenews.com.br\/index.php?rest_route=\/wp\/v2\/posts"}],"about":[{"href":"https:\/\/inclusivenews.com.br\/index.php?rest_route=\/wp\/v2\/types\/post"}],"author":[{"embeddable":true,"href":"https:\/\/inclusivenews.com.br\/index.php?rest_route=\/wp\/v2\/users\/1"}],"replies":[{"embeddable":true,"href":"https:\/\/inclusivenews.com.br\/index.php?rest_route=%2Fwp%2Fv2%2Fcomments&post=20486"}],"version-history":[{"count":0,"href":"https:\/\/inclusivenews.com.br\/index.php?rest_route=\/wp\/v2\/posts\/20486\/revisions"}],"wp:attachment":[{"href":"https:\/\/inclusivenews.com.br\/index.php?rest_route=%2Fwp%2Fv2%2Fmedia&parent=20486"}],"wp:term":[{"taxonomy":"category","embeddable":true,"href":"https:\/\/inclusivenews.com.br\/index.php?rest_route=%2Fwp%2Fv2%2Fcategories&post=20486"},{"taxonomy":"post_tag","embeddable":true,"href":"https:\/\/inclusivenews.com.br\/index.php?rest_route=%2Fwp%2Fv2%2Ftags&post=20486"}],"curies":[{"name":"wp","href":"https:\/\/api.w.org\/{rel}","templated":true}]}}