{"id":20498,"date":"2011-07-28T12:11:05","date_gmt":"2011-07-28T15:11:05","guid":{"rendered":"http:\/\/www.inclusive.org.br\/?p=20498"},"modified":"2011-07-28T12:11:05","modified_gmt":"2011-07-28T15:11:05","slug":"a-perversidade-do-racismo","status":"publish","type":"post","link":"https:\/\/inclusivenews.com.br\/?p=20498","title":{"rendered":"A perversidade do racismo"},"content":{"rendered":"<p><img loading=\"lazy\" decoding=\"async\" class=\"alignleft size-full wp-image-20501\" title=\"no_al_racismo\" src=\"http:\/\/inclusivenews.com.br\/wp-content\/uploads\/no_al_racismo.gif\" alt=\"Palavra racismo escrita em branco, sobre fundo preto, dentro de um circulo vermelho, com uma linha transversal vermelha tachando a palavra.\" width=\"143\" height=\"143\" \/>No momento em que o IBGE divulgou sua pesquisa sobre a identidade dos brasileiros, duas outras not\u00edcias colocaram em evid\u00eancia a perversidade com que na sociedade capitalista \u00e9 encarada a distin\u00e7\u00e3o \u00e9tnica e cultural entre os povos. Na It\u00e1lia, a elei\u00e7\u00e3o da brasileira Silvia Novais como Miss It\u00e1lia Nel Mondo provocou uma enxurrada de manifesta\u00e7\u00f5es racistas na internet, postadas por direitistas partid\u00e1rios da supremacia branca e europeia adeptos de Adolf Hitler, que n\u00e3o suportam negros, \u00e1rabes, judeus, imigrantes e outros seres humanos que n\u00e3o t\u00eam as suas origens \u00e9tnicas, seus preconceitos e seus interesses.<\/p>\n<p>Esta intoler\u00e2ncia encharcou de sangue o solo de Oslo, capital da Noruega, onde um criminoso assassinou com um atentado a bomba e a tiros 76 pessoas, na maioria jovens, que estavam em um evento do Partido Trabalhista, de esquerda, que comanda o governo do pa\u00eds.<\/p>\n<p>As refer\u00eancias ao Brasil, nestes dois epis\u00f3dios, s\u00e3o diretas e interligadas. As ofensas contra Silvia Novais est\u00e3o ligadas \u00e0 cor escura de sua pele. E o assassino de Oslo, no prolixo e insano manifesto de mais de 1.500 p\u00e1ginas que postou na internet para justificar seus crimes, citou explicitamente o Brasil como um exemplo dos \u201cmalef\u00edcios\u201d da mesti\u00e7agem, causadora de corrup\u00e7\u00e3o, improdutividade e do choque cultural.<\/p>\n<p>\u00c9 preciso refletir sobre isso. A pesquisa divulgada pelo IBGE, que cumpre compromissos firmados pelo Brasil na 3\u00ba Confer\u00eancia Mundial contra o Racismo, Discrimina\u00e7\u00e3o Racial, Xenofobia e Intoler\u00e2ncia Correlata, realizada na \u00c1frica do Sul, em 2001, tem o enorme m\u00e9rito de desmentir mais uma vez as alega\u00e7\u00f5es racistas da direita, europeia ou n\u00e3o, de dar n\u00fameros oficiais \u00e0 den\u00fancia do racismo no Brasil, e tamb\u00e9m de ressaltar a import\u00e2ncia e o avan\u00e7o da conviv\u00eancia, num mesmo espa\u00e7o nacional, de diferen\u00e7as que comp\u00f5em o amplo mosaico representado pela unidade do povo brasileiro.<\/p>\n<p>Quase dois ter\u00e7os dos brasileiros (63,7%), diz a pesquisa, reconhecem a exist\u00eancia de racismo no Brasil e indicam onde ele se manifesta de maneira mais intensa e perversa: no trabalho (71%), na rela\u00e7\u00e3o com a pol\u00edcia ou a justi\u00e7a (68,3%), no conv\u00edvio social (65%), na escola (59,3%) e nas reparti\u00e7\u00f5es p\u00fablicas (51,3%).<\/p>\n<p>\u00c9 uma chaga que se perpetua; \u00e9 o ovo da serpente do racismo que recusa a conviv\u00eancia com apar\u00eancias diferenciadas e pode matar, como j\u00e1 ocorreu no passado, e repetiu-se em Oslo na sexta-feira. Somos os habitantes de um pa\u00eds encarado pelos supremacistas euroc\u00eantricos como racialmente inferior que, nas condi\u00e7\u00f5es atuais do mundo, faz parte do conjunto de na\u00e7\u00f5es que amea\u00e7am o predom\u00ednio do \u201cOcidente\u201d \u2013 isto \u00e9, de pa\u00edses como Estados Unidos ou daqueles que formam a Uni\u00e3o Europeia.<\/p>\n<p>Talvez o maior m\u00e9rito da pesquisa seja constatar que crescentemente os brasileiros assumem positivamente a miscigena\u00e7\u00e3o; metade dos entrevistados se autodefinem como \u201cn\u00e3o brancos\u201d (48,4%), ao lado de outra metade que se declara \u201cbranca\u201d (incluindo minorias que se descreveram como alem\u00e3s, italianas ou \u201cclaras\u201d). Isto \u00e9, metade da popula\u00e7\u00e3o encara-se como mesti\u00e7a, usando o crit\u00e9rio tradicional brasileiro de classifica\u00e7\u00e3o, que \u00e9 a cor da pele.<\/p>\n<p>Exames de origem, baseados na an\u00e1lise gen\u00e9tica, como aqueles feitos pela equipe do pesquisador S\u00e9rgio Penna, indicam uma mesti\u00e7agem maior e mais disseminada, revelando que, no Brasil, apenas um ter\u00e7o daqueles que se declaram \u201cbrancos\u201d s\u00e3o realmente de origem europeia exclusiva. E tamb\u00e9m que os brasileiros de pele escura, mesti\u00e7os, trazem no DNA tamb\u00e9m os sinais de antepassados europeus. Isto \u00e9, no Brasil misturamos todas as origens, dando origem a um povo com caracter\u00edsticas peculiares, nem superior nem superior aos demais povos, com suas pr\u00f3prias manifesta\u00e7\u00f5es culturais m\u00faltiplas e tamb\u00e9m miscigenadas, marcas da origem diversificada de nossos formadores.<\/p>\n<p>Nas rela\u00e7\u00f5es internas, como nas que o povo brasileiro estabelece com o exterior, \u00e9 necess\u00e1rio observar que o racismo est\u00e1 associado \u00e0 domina\u00e7\u00e3o de classe e ao imperialismo neocolonialista. A supera\u00e7\u00e3o da intoler\u00e2ncia racista e o estabelecimento de rela\u00e7\u00f5es fraternas no seio do povo e entre povos s\u00e3o objetivos associados \u00e0 luta pela conquista de uma nova sociedade e um novo padr\u00e3o civilizacional.<\/p>\n<p>Fonte: <a href=\"http:\/\/www.vermelho.org.br\/editorial.php?id_editorial=946&amp;id_secao=16\">http:\/\/www.vermelho.org.br\/editorial.php?id_editorial=946&amp;id_secao=16<\/a><\/p>\n","protected":false},"excerpt":{"rendered":"<p>\u00c9 uma chaga que se perpetua; \u00e9 o ovo da serpente do racismo que recusa a conviv\u00eancia com apar\u00eancias diferenciadas e pode matar, como j\u00e1 ocorreu no passado, e repetiu-se em Oslo na sexta-feira. Somos os habitantes de um pa\u00eds encarado pelos supremacistas euroc\u00eantricos como racialmente inferior que, nas condi\u00e7\u00f5es atuais do mundo, faz parte do conjunto de na\u00e7\u00f5es que amea\u00e7am o predom\u00ednio do \u201cOcidente\u201d \u2013 isto \u00e9, de pa\u00edses como Estados Unidos ou daqueles que formam a Uni\u00e3o Europeia.<\/p>\n","protected":false},"author":1,"featured_media":0,"comment_status":"open","ping_status":"open","sticky":false,"template":"","format":"standard","meta":{"site-container-style":"default","site-container-layout":"default","site-sidebar-layout":"default","disable-article-header":"default","disable-site-header":"default","disable-site-footer":"default","disable-content-area-spacing":"default","footnotes":""},"categories":[11,8,41],"tags":[],"class_list":["post-20498","post","type-post","status-publish","format-standard","hentry","category-direitos-humanos","category-textos-e-artigos","category-preconceito"],"yoast_head":"<!-- This site is optimized with the Yoast SEO plugin v27.4 - https:\/\/yoast.com\/product\/yoast-seo-wordpress\/ -->\n<title>A perversidade do racismo -<\/title>\n<meta name=\"robots\" content=\"index, follow, max-snippet:-1, max-image-preview:large, max-video-preview:-1\" \/>\n<link rel=\"canonical\" href=\"https:\/\/inclusivenews.com.br\/?p=20498\" \/>\n<meta property=\"og:locale\" content=\"pt_PT\" \/>\n<meta property=\"og:type\" content=\"article\" \/>\n<meta property=\"og:title\" content=\"A perversidade do racismo -\" \/>\n<meta property=\"og:description\" content=\"\u00c9 uma chaga que se perpetua; \u00e9 o ovo da serpente do racismo que recusa a conviv\u00eancia com apar\u00eancias diferenciadas e pode matar, como j\u00e1 ocorreu no passado, e repetiu-se em Oslo na sexta-feira. Somos os habitantes de um pa\u00eds encarado pelos supremacistas euroc\u00eantricos como racialmente inferior que, nas condi\u00e7\u00f5es atuais do mundo, faz parte do conjunto de na\u00e7\u00f5es que amea\u00e7am o predom\u00ednio do \u201cOcidente\u201d \u2013 isto \u00e9, de pa\u00edses como Estados Unidos ou daqueles que formam a Uni\u00e3o Europeia.\" \/>\n<meta property=\"og:url\" content=\"https:\/\/inclusivenews.com.br\/?p=20498\" \/>\n<meta property=\"article:publisher\" content=\"https:\/\/www.facebook.com\/agenciainclusive\/\" \/>\n<meta property=\"article:published_time\" content=\"2011-07-28T15:11:05+00:00\" \/>\n<meta property=\"og:image\" content=\"http:\/\/inclusivenews.com.br\/wp-content\/uploads\/no_al_racismo.gif\" \/>\n<meta name=\"author\" content=\"inclusivenews2024\" \/>\n<meta name=\"twitter:card\" content=\"summary_large_image\" \/>\n<meta name=\"twitter:label1\" content=\"Escrito por\" \/>\n\t<meta name=\"twitter:data1\" content=\"inclusivenews2024\" \/>\n\t<meta name=\"twitter:label2\" content=\"Tempo estimado de leitura\" \/>\n\t<meta name=\"twitter:data2\" content=\"4 minutos\" \/>\n<script type=\"application\/ld+json\" class=\"yoast-schema-graph\">{\"@context\":\"https:\\\/\\\/schema.org\",\"@graph\":[{\"@type\":\"Article\",\"@id\":\"https:\\\/\\\/inclusivenews.com.br\\\/?p=20498#article\",\"isPartOf\":{\"@id\":\"https:\\\/\\\/inclusivenews.com.br\\\/?p=20498\"},\"author\":{\"name\":\"inclusivenews2024\",\"@id\":\"https:\\\/\\\/inclusivenews.com.br\\\/#\\\/schema\\\/person\\\/ae4ec7087559b8692fb33b6fffd2273b\"},\"headline\":\"A perversidade do racismo\",\"datePublished\":\"2011-07-28T15:11:05+00:00\",\"mainEntityOfPage\":{\"@id\":\"https:\\\/\\\/inclusivenews.com.br\\\/?p=20498\"},\"wordCount\":730,\"commentCount\":0,\"publisher\":{\"@id\":\"https:\\\/\\\/inclusivenews.com.br\\\/#organization\"},\"image\":{\"@id\":\"https:\\\/\\\/inclusivenews.com.br\\\/?p=20498#primaryimage\"},\"thumbnailUrl\":\"http:\\\/\\\/inclusivenews.com.br\\\/wp-content\\\/uploads\\\/no_al_racismo.gif\",\"articleSection\":[\"DIREITOS HUMANOS\",\"OPINI\u00c3O\",\"Preconceito\"],\"inLanguage\":\"pt-PT\",\"potentialAction\":[{\"@type\":\"CommentAction\",\"name\":\"Comment\",\"target\":[\"https:\\\/\\\/inclusivenews.com.br\\\/?p=20498#respond\"]}]},{\"@type\":\"WebPage\",\"@id\":\"https:\\\/\\\/inclusivenews.com.br\\\/?p=20498\",\"url\":\"https:\\\/\\\/inclusivenews.com.br\\\/?p=20498\",\"name\":\"A perversidade do racismo -\",\"isPartOf\":{\"@id\":\"https:\\\/\\\/inclusivenews.com.br\\\/#website\"},\"primaryImageOfPage\":{\"@id\":\"https:\\\/\\\/inclusivenews.com.br\\\/?p=20498#primaryimage\"},\"image\":{\"@id\":\"https:\\\/\\\/inclusivenews.com.br\\\/?p=20498#primaryimage\"},\"thumbnailUrl\":\"http:\\\/\\\/inclusivenews.com.br\\\/wp-content\\\/uploads\\\/no_al_racismo.gif\",\"datePublished\":\"2011-07-28T15:11:05+00:00\",\"breadcrumb\":{\"@id\":\"https:\\\/\\\/inclusivenews.com.br\\\/?p=20498#breadcrumb\"},\"inLanguage\":\"pt-PT\",\"potentialAction\":[{\"@type\":\"ReadAction\",\"target\":[\"https:\\\/\\\/inclusivenews.com.br\\\/?p=20498\"]}]},{\"@type\":\"ImageObject\",\"inLanguage\":\"pt-PT\",\"@id\":\"https:\\\/\\\/inclusivenews.com.br\\\/?p=20498#primaryimage\",\"url\":\"\",\"contentUrl\":\"\"},{\"@type\":\"BreadcrumbList\",\"@id\":\"https:\\\/\\\/inclusivenews.com.br\\\/?p=20498#breadcrumb\",\"itemListElement\":[{\"@type\":\"ListItem\",\"position\":1,\"name\":\"In\u00edcio\",\"item\":\"https:\\\/\\\/inclusivenews.com.br\\\/\"},{\"@type\":\"ListItem\",\"position\":2,\"name\":\"A perversidade do racismo\"}]},{\"@type\":\"WebSite\",\"@id\":\"https:\\\/\\\/inclusivenews.com.br\\\/#website\",\"url\":\"https:\\\/\\\/inclusivenews.com.br\\\/\",\"name\":\"Inclusive News\",\"description\":\"Inclusive News\",\"publisher\":{\"@id\":\"https:\\\/\\\/inclusivenews.com.br\\\/#organization\"},\"potentialAction\":[{\"@type\":\"SearchAction\",\"target\":{\"@type\":\"EntryPoint\",\"urlTemplate\":\"https:\\\/\\\/inclusivenews.com.br\\\/?s={search_term_string}\"},\"query-input\":{\"@type\":\"PropertyValueSpecification\",\"valueRequired\":true,\"valueName\":\"search_term_string\"}}],\"inLanguage\":\"pt-PT\"},{\"@type\":\"Organization\",\"@id\":\"https:\\\/\\\/inclusivenews.com.br\\\/#organization\",\"name\":\"Inclusive - inclus\u00e3o e cidadania\",\"url\":\"https:\\\/\\\/inclusivenews.com.br\\\/\",\"logo\":{\"@type\":\"ImageObject\",\"inLanguage\":\"pt-PT\",\"@id\":\"https:\\\/\\\/inclusivenews.com.br\\\/#\\\/schema\\\/logo\\\/image\\\/\",\"url\":\"https:\\\/\\\/inclusivenews.com.br\\\/wp-content\\\/uploads\\\/2024\\\/03\\\/@grandesite.png\",\"contentUrl\":\"https:\\\/\\\/inclusivenews.com.br\\\/wp-content\\\/uploads\\\/2024\\\/03\\\/@grandesite.png\",\"width\":1080,\"height\":1080,\"caption\":\"Inclusive - inclus\u00e3o e cidadania\"},\"image\":{\"@id\":\"https:\\\/\\\/inclusivenews.com.br\\\/#\\\/schema\\\/logo\\\/image\\\/\"},\"sameAs\":[\"https:\\\/\\\/www.facebook.com\\\/agenciainclusive\\\/\",\"https:\\\/\\\/www.instagram.com\\\/newsinclusive\\\/\"]},{\"@type\":\"Person\",\"@id\":\"https:\\\/\\\/inclusivenews.com.br\\\/#\\\/schema\\\/person\\\/ae4ec7087559b8692fb33b6fffd2273b\",\"name\":\"inclusivenews2024\",\"image\":{\"@type\":\"ImageObject\",\"inLanguage\":\"pt-PT\",\"@id\":\"https:\\\/\\\/secure.gravatar.com\\\/avatar\\\/c5a7ef84c66fa914f55bc4f7ce26cfa275a3b9a1c5568b907bd184fb4dde7b40?s=96&d=mm&r=g\",\"url\":\"https:\\\/\\\/secure.gravatar.com\\\/avatar\\\/c5a7ef84c66fa914f55bc4f7ce26cfa275a3b9a1c5568b907bd184fb4dde7b40?s=96&d=mm&r=g\",\"contentUrl\":\"https:\\\/\\\/secure.gravatar.com\\\/avatar\\\/c5a7ef84c66fa914f55bc4f7ce26cfa275a3b9a1c5568b907bd184fb4dde7b40?s=96&d=mm&r=g\",\"caption\":\"inclusivenews2024\"},\"sameAs\":[\"https:\\\/\\\/inclusivenews.com.br\"],\"url\":\"https:\\\/\\\/inclusivenews.com.br\\\/?author=1\"}]}<\/script>\n<!-- \/ Yoast SEO plugin. -->","yoast_head_json":{"title":"A perversidade do racismo -","robots":{"index":"index","follow":"follow","max-snippet":"max-snippet:-1","max-image-preview":"max-image-preview:large","max-video-preview":"max-video-preview:-1"},"canonical":"https:\/\/inclusivenews.com.br\/?p=20498","og_locale":"pt_PT","og_type":"article","og_title":"A perversidade do racismo -","og_description":"\u00c9 uma chaga que se perpetua; \u00e9 o ovo da serpente do racismo que recusa a conviv\u00eancia com apar\u00eancias diferenciadas e pode matar, como j\u00e1 ocorreu no passado, e repetiu-se em Oslo na sexta-feira. Somos os habitantes de um pa\u00eds encarado pelos supremacistas euroc\u00eantricos como racialmente inferior que, nas condi\u00e7\u00f5es atuais do mundo, faz parte do conjunto de na\u00e7\u00f5es que amea\u00e7am o predom\u00ednio do \u201cOcidente\u201d \u2013 isto \u00e9, de pa\u00edses como Estados Unidos ou daqueles que formam a Uni\u00e3o Europeia.","og_url":"https:\/\/inclusivenews.com.br\/?p=20498","article_publisher":"https:\/\/www.facebook.com\/agenciainclusive\/","article_published_time":"2011-07-28T15:11:05+00:00","og_image":[{"url":"http:\/\/inclusivenews.com.br\/wp-content\/uploads\/no_al_racismo.gif","type":"","width":"","height":""}],"author":"inclusivenews2024","twitter_card":"summary_large_image","twitter_misc":{"Escrito por":"inclusivenews2024","Tempo estimado de leitura":"4 minutos"},"schema":{"@context":"https:\/\/schema.org","@graph":[{"@type":"Article","@id":"https:\/\/inclusivenews.com.br\/?p=20498#article","isPartOf":{"@id":"https:\/\/inclusivenews.com.br\/?p=20498"},"author":{"name":"inclusivenews2024","@id":"https:\/\/inclusivenews.com.br\/#\/schema\/person\/ae4ec7087559b8692fb33b6fffd2273b"},"headline":"A perversidade do racismo","datePublished":"2011-07-28T15:11:05+00:00","mainEntityOfPage":{"@id":"https:\/\/inclusivenews.com.br\/?p=20498"},"wordCount":730,"commentCount":0,"publisher":{"@id":"https:\/\/inclusivenews.com.br\/#organization"},"image":{"@id":"https:\/\/inclusivenews.com.br\/?p=20498#primaryimage"},"thumbnailUrl":"http:\/\/inclusivenews.com.br\/wp-content\/uploads\/no_al_racismo.gif","articleSection":["DIREITOS HUMANOS","OPINI\u00c3O","Preconceito"],"inLanguage":"pt-PT","potentialAction":[{"@type":"CommentAction","name":"Comment","target":["https:\/\/inclusivenews.com.br\/?p=20498#respond"]}]},{"@type":"WebPage","@id":"https:\/\/inclusivenews.com.br\/?p=20498","url":"https:\/\/inclusivenews.com.br\/?p=20498","name":"A perversidade do racismo -","isPartOf":{"@id":"https:\/\/inclusivenews.com.br\/#website"},"primaryImageOfPage":{"@id":"https:\/\/inclusivenews.com.br\/?p=20498#primaryimage"},"image":{"@id":"https:\/\/inclusivenews.com.br\/?p=20498#primaryimage"},"thumbnailUrl":"http:\/\/inclusivenews.com.br\/wp-content\/uploads\/no_al_racismo.gif","datePublished":"2011-07-28T15:11:05+00:00","breadcrumb":{"@id":"https:\/\/inclusivenews.com.br\/?p=20498#breadcrumb"},"inLanguage":"pt-PT","potentialAction":[{"@type":"ReadAction","target":["https:\/\/inclusivenews.com.br\/?p=20498"]}]},{"@type":"ImageObject","inLanguage":"pt-PT","@id":"https:\/\/inclusivenews.com.br\/?p=20498#primaryimage","url":"","contentUrl":""},{"@type":"BreadcrumbList","@id":"https:\/\/inclusivenews.com.br\/?p=20498#breadcrumb","itemListElement":[{"@type":"ListItem","position":1,"name":"In\u00edcio","item":"https:\/\/inclusivenews.com.br\/"},{"@type":"ListItem","position":2,"name":"A perversidade do racismo"}]},{"@type":"WebSite","@id":"https:\/\/inclusivenews.com.br\/#website","url":"https:\/\/inclusivenews.com.br\/","name":"Inclusive News","description":"Inclusive News","publisher":{"@id":"https:\/\/inclusivenews.com.br\/#organization"},"potentialAction":[{"@type":"SearchAction","target":{"@type":"EntryPoint","urlTemplate":"https:\/\/inclusivenews.com.br\/?s={search_term_string}"},"query-input":{"@type":"PropertyValueSpecification","valueRequired":true,"valueName":"search_term_string"}}],"inLanguage":"pt-PT"},{"@type":"Organization","@id":"https:\/\/inclusivenews.com.br\/#organization","name":"Inclusive - inclus\u00e3o e cidadania","url":"https:\/\/inclusivenews.com.br\/","logo":{"@type":"ImageObject","inLanguage":"pt-PT","@id":"https:\/\/inclusivenews.com.br\/#\/schema\/logo\/image\/","url":"https:\/\/inclusivenews.com.br\/wp-content\/uploads\/2024\/03\/@grandesite.png","contentUrl":"https:\/\/inclusivenews.com.br\/wp-content\/uploads\/2024\/03\/@grandesite.png","width":1080,"height":1080,"caption":"Inclusive - inclus\u00e3o e cidadania"},"image":{"@id":"https:\/\/inclusivenews.com.br\/#\/schema\/logo\/image\/"},"sameAs":["https:\/\/www.facebook.com\/agenciainclusive\/","https:\/\/www.instagram.com\/newsinclusive\/"]},{"@type":"Person","@id":"https:\/\/inclusivenews.com.br\/#\/schema\/person\/ae4ec7087559b8692fb33b6fffd2273b","name":"inclusivenews2024","image":{"@type":"ImageObject","inLanguage":"pt-PT","@id":"https:\/\/secure.gravatar.com\/avatar\/c5a7ef84c66fa914f55bc4f7ce26cfa275a3b9a1c5568b907bd184fb4dde7b40?s=96&d=mm&r=g","url":"https:\/\/secure.gravatar.com\/avatar\/c5a7ef84c66fa914f55bc4f7ce26cfa275a3b9a1c5568b907bd184fb4dde7b40?s=96&d=mm&r=g","contentUrl":"https:\/\/secure.gravatar.com\/avatar\/c5a7ef84c66fa914f55bc4f7ce26cfa275a3b9a1c5568b907bd184fb4dde7b40?s=96&d=mm&r=g","caption":"inclusivenews2024"},"sameAs":["https:\/\/inclusivenews.com.br"],"url":"https:\/\/inclusivenews.com.br\/?author=1"}]}},"_links":{"self":[{"href":"https:\/\/inclusivenews.com.br\/index.php?rest_route=\/wp\/v2\/posts\/20498","targetHints":{"allow":["GET"]}}],"collection":[{"href":"https:\/\/inclusivenews.com.br\/index.php?rest_route=\/wp\/v2\/posts"}],"about":[{"href":"https:\/\/inclusivenews.com.br\/index.php?rest_route=\/wp\/v2\/types\/post"}],"author":[{"embeddable":true,"href":"https:\/\/inclusivenews.com.br\/index.php?rest_route=\/wp\/v2\/users\/1"}],"replies":[{"embeddable":true,"href":"https:\/\/inclusivenews.com.br\/index.php?rest_route=%2Fwp%2Fv2%2Fcomments&post=20498"}],"version-history":[{"count":0,"href":"https:\/\/inclusivenews.com.br\/index.php?rest_route=\/wp\/v2\/posts\/20498\/revisions"}],"wp:attachment":[{"href":"https:\/\/inclusivenews.com.br\/index.php?rest_route=%2Fwp%2Fv2%2Fmedia&parent=20498"}],"wp:term":[{"taxonomy":"category","embeddable":true,"href":"https:\/\/inclusivenews.com.br\/index.php?rest_route=%2Fwp%2Fv2%2Fcategories&post=20498"},{"taxonomy":"post_tag","embeddable":true,"href":"https:\/\/inclusivenews.com.br\/index.php?rest_route=%2Fwp%2Fv2%2Ftags&post=20498"}],"curies":[{"name":"wp","href":"https:\/\/api.w.org\/{rel}","templated":true}]}}