{"id":20515,"date":"2011-08-04T00:46:04","date_gmt":"2011-08-04T03:46:04","guid":{"rendered":"http:\/\/www.inclusive.org.br\/?p=20515"},"modified":"2011-08-04T00:46:04","modified_gmt":"2011-08-04T03:46:04","slug":"leis-nao-impedem-aumento-de-agressao-as-mulheres","status":"publish","type":"post","link":"https:\/\/inclusivenews.com.br\/?p=20515","title":{"rendered":"Leis n\u00e3o impedem aumento de agress\u00e3o \u00e0s mulheres"},"content":{"rendered":"<figure id=\"attachment_16715\" aria-describedby=\"caption-attachment-16715\" style=\"width: 128px\" class=\"wp-caption alignnone\"><a rel=\"attachment wp-att-16715\" href=\"http:\/\/www.inclusive.org.br\/?attachment_id=16715\"><img loading=\"lazy\" decoding=\"async\" class=\"size-full wp-image-16715\" title=\"violencia\" src=\"http:\/\/inclusivenews.com.br\/wp-content\/uploads\/2010\/07\/violencia.jpeg\" alt=\"Imagem difusa de homem batendo em mulher e crianca assistindo\" width=\"128\" height=\"75\" \/><\/a><figcaption id=\"caption-attachment-16715\" class=\"wp-caption-text\">Imagem difusa de homem batendo em mulher e crianca assistindo<\/figcaption><\/figure>\n<p>O ato covarde de homens atacando desconhecidas ou parceiras porque elas n\u00e3o se submetem aos seus desejos n\u00e3o \u00e9 um caso isolado, mas vitimiza, cada vez mais,\u00a0 mulheres de todas as idades e atitudes. E n\u00e3o s\u00f3 no ambiente dom\u00e9stico, mas tamb\u00e9m em espa\u00e7os p\u00fablicos, como os das esta\u00e7\u00f5es e ve\u00edculos de transportes coletivos.<\/p>\n<p>O pior \u00e9 que os n\u00fameros oficiais n\u00e3o  s\u00e3o representativos do n\u00famero verdadeiro de ataques, porque as v\u00edtimas  se sentem culpadas em fun\u00e7\u00e3o do arraigado preconceito de que as mulheres  provocam o ass\u00e9dio em fun\u00e7\u00e3o de sua vestimenta. Em agosto, m\u00eas em que a  Lei Maria da Penha completa cinco anos, \u00e9 importante rever e fortalecer  essa antiga luta feminina.<\/p>\n<p>A\u00a0Lei Maria da Penha foi criada em 2006 com muito esfor\u00e7o, gra\u00e7as \u00e0  mobiliza\u00e7\u00e3o de mulheres e de militantes por direitos humanos, mas, para  que ela se torne realidade, o Estado e, principalmente, o Judici\u00e1rio  precisam criar condi\u00e7\u00f5es necess\u00e1rias \u00e0 sua efetiva\u00e7\u00e3o.<\/p>\n<p>Conforme manifestantes contra a agress\u00e3o \u00e0s mulheres,\u00a0a Lei Maria da  Penha\u00a0n\u00e3o \u00e9 aplicada de verdade, do contr\u00e1rio muitas mortes poderiam ser  evitadas e as estat\u00edsticas, diminu\u00eddas: 10 mulheres s\u00e3o assassinadas  por dia no Brasil e a cada 24 segundos uma mulher \u00e9 espancada.<\/p>\n<p>Se s\u00f3\u00a0existe um Juizado de Viol\u00eancia Dom\u00e9stica no estado mais rico do  pa\u00eds, S\u00e3o Paulo, \u00e9 f\u00e1cil imaginar a precariedade desse \u00f3rg\u00e3o de  atendimento em todo o pa\u00eds. Militantes est\u00e3o reivindicando a cria\u00e7\u00e3o de  mais juizados para a prote\u00e7\u00e3o das mulheres, mas enfatizam, em manifesto:<\/p>\n<p>&#8220;N\u00e3o queremos juizados fajutos, queremos juizados que possuam uma equipe  preparada para o acolhimento da mulher em situa\u00e7\u00e3o de viol\u00eancia  dom\u00e9stica.&#8221;<\/p>\n<p>Para comemorar os 5 anos, no dia 4 de agosto, militantes, in\u00fameras  entidades e autoridades civis convocam para um ato p\u00fablico das 12 \u00e0s 14  horas, em frente ao Tribunal de Justi\u00e7a de S\u00e3o Paulo, na Pra\u00e7a da S\u00e9. A  bandeira arregimenta for\u00e7as: \u201cExija que o Judici\u00e1rio n\u00e3o deixe mais  mulheres morrerem. Essa luta \u00e9 de todos n\u00f3s\u201d.<br \/>\n<strong><br \/>\nMarcha das vadias re\u00fane-se na rede<br \/>\n<\/strong><br \/>\nDe acordo com as organizadoras da Marcha das Vadias, o movimento recebeu  esse nome em um protesto no Canad\u00e1, em fevereiro. A a\u00e7\u00e3o foi uma  resposta \u00e0 declara\u00e7\u00e3o de um policial durante uma palestra na  universidade de Toronto, uma das mais importantes do pa\u00eds. O agente  teria sugerido \u00e0s estudantes que evitassem se vestir como \u201cvadias\u201d, para  n\u00e3o serem v\u00edtimas de ass\u00e9dio sexual.<\/p>\n<p>Ainda de acordo com os organizadores, marchas semelhantes j\u00e1 foram  realizadas nos Estados Unidos, Austr\u00e1lia, Nova Zel\u00e2ndia, Gr\u00e3-Bretanha,  Holanda, Su\u00e9cia, Argentina e \u00cdndia. No Brasil j\u00e1 aconteceram Marchas das  Vadias em Bras\u00edlia, Belo Horizonte, S\u00e3o Paulo, Florian\u00f3polis, Juiz de  Fora, Recife, Fortaleza, Porto Alegre e Natal.<\/p>\n<p>Com apoio de mais de 6 mil pessoas na p\u00e1gina do Facebook, a Marcha das  Vadias levou cerca de mil pessoas, na tarde do s\u00e1bado (4 de julho), para  a Pra\u00e7a do Ciclista, entre a Avenida Paulista e a Rua da Consola\u00e7\u00e3o, em  S\u00e3o Paulo. O movimento \u00e9 a vers\u00e3o brasileira do &#8220;Slut Walk&#8221; (movimento  mundial que denuncia a viol\u00eancia \u00e0s mulheres),<\/p>\n<p><strong>Al\u00e9m da agress\u00e3o em casa, aumentam ataques p\u00fablicos<\/strong><\/p>\n<p>As \u201cvadias\u201d combatem o preconceito de que a roupa \u00e9 a principal culpada  de agress\u00f5es sexuais a mulheres. Talvez essa insensatez legitime o  aumento de investidas contra mulher nos transportes p\u00fablicos: no dia 27,  uma estudante Direito de 18 anos foi a 43\u00b0 v\u00edtima de agress\u00e3o sexual no  metr\u00f4 neste ano.<\/p>\n<p>Esse dado, com certeza, est\u00e1 muito abaixo da realidade, como lembra  Marisa dos Santos Mendes, da Secretaria de Assuntos da Mulher do  Sindicato dos Metrovi\u00e1rios de S\u00e3o Paulo: &#8220;Na verdade, os casos de  ass\u00e9dio dentro do transporte p\u00fablico e no metr\u00f4, em particular, s\u00e3o  incont\u00e1veis, t\u00eam aumentado e se tornado mais audaciosos e violentos em  fun\u00e7\u00e3o de dois problemas ser\u00edssimos: a impunidade que cerca os casos e,  tamb\u00e9m, o constrangimento sofrido pelas mulheres ao denunciar esse tipo  de agress\u00e3o&#8221;.<\/p>\n<p><strong>Sufoco emocional<\/strong><\/p>\n<p>O metr\u00f4 de S\u00e3o Paulo recentemente ganhou o pr\u00eamio de &#8220;o metr\u00f4 mais  lotado do mundo&#8221;, todos que o utilizam entende o sufoco que \u00e9 dividir  pequenas \u00e1reas com uma multid\u00e3o. Mas as mulheres sofrem ainda mais com o  for\u00e7ado corpo a corpo, que representa o avan\u00e7o do machismo e a  degrada\u00e7\u00e3o do respeito humano.<\/p>\n<p>Essa superlota\u00e7\u00e3o pode estar na raiz dos ataques, tanto porque o  policiamento \u00e9 insuficiente em rela\u00e7\u00e3o \u00e0 circula\u00e7\u00e3o de passageiros como  porque o sistema n\u00e3o atende \u00e0 demanda, ele transporta pessoas em n\u00famero  muito acima de sua capacidade. Resultado: o aperto provoca cenas de  ass\u00e9dio impunemente.<\/p>\n<p>Todo dia tem\u00a0empurra-empurra, esfrega-esfrega e a chamada \u201cm\u00e3o boba\u201d  apalpando mulheres de todas as idades, inclusive senhoras. Mulheres, com  esperma escorrendo em suas roupas, fazem constantes relatos da  humilha\u00e7\u00e3o a que s\u00e3o submetidas no interior dos vag\u00f5es.<\/p>\n<p>A jovem atacada no dia 27, relata: &#8220;Percebi que ele estava com a m\u00e3o na  minha virilha. Comecei a gritar (&#8230;) Foi horr\u00edvel, vai ser dif\u00edcil  esquecer&#8221;. A situa\u00e7\u00e3o s\u00f3 n\u00e3o foi pior porque a jovem, demonstrando  coragem invej\u00e1vel, partiu para cima do sujeito (um banc\u00e1rio de 23 anos),  aos tapas e gritos, o que chamou a aten\u00e7\u00e3o dos seguran\u00e7as.<\/p>\n<p>Mesmo com o contra-ataque, quem levou a melhor foi o agressor, que saiu  impune. Detido pela Delegacia de Pol\u00edcia do Metropolitano (Delpom), ele  foi autuado apenas por &#8220;importuna\u00e7\u00e3o ofensiva ao pudor&#8221;, que n\u00e3o  configura crime.<\/p>\n<p><strong>Amea\u00e7a com armas<\/strong><\/p>\n<p>No dia anterior ao ataque \u00e0 estudante, houve outra ocorr\u00eancia com  objetivo diferente, mas que resultou na mesma impot\u00eancia que acomete as  mulheres agredidas: um analista de sistemas tentou for\u00e7ar sua entrada  num vag\u00e3o com socos e cotoveladas desferidos contra duas passageiras.  Elas reagiram e foram amea\u00e7adas com um canivete.<\/p>\n<p>Novamente, o agressor foi detido e liberado na sequ\u00eancia, indiciado por  agress\u00e3o, porte de arma branca e les\u00e3o corporal. O epis\u00f3dio ocorreu \u00e0s  7h45 da manh\u00e3 na esta\u00e7\u00e3o Tatuap\u00e9, conhecida por sua hiperlota\u00e7\u00e3o.<\/p>\n<p><strong>Policiamento insuficiente favorece estupro <\/strong><\/p>\n<p>Em 19 de julho, \u00e0s 9h20 da manh\u00e3, um homem agarrou a aut\u00f4noma Ana  Cla\u00fadia, de 34 anos, abaixou as cal\u00e7as e, amea\u00e7ando-a com uma faca,  tentou estupr\u00e1-la numa escadaria localizada em um ponto ermo (sem  c\u00e2meras ou seguran\u00e7as) da esta\u00e7\u00e3o Sacom\u00e3. Apesar de ferida, Ana  conseguiu se livrar do agressor, que tamb\u00e9m fugiu sem ser identificado.<\/p>\n<p>Dois dias depois, desta vez no final da tarde, na esta\u00e7\u00e3o Anhangaba\u00fa,  outro sujeito foi preso enquanto, &#8220;importunava de forma libidinosa&#8221; uma  passageira.<\/p>\n<p>Um dos casos mais graves dos que se tem not\u00edcia aconteceu em 19 de  abril, quando uma vendedora foi violentada no interior de um vag\u00e3o entre  as esta\u00e7\u00f5es Para\u00edso e Brigadeiro. Aproveitando-se da enorme quantidade  de pessoas no trem, o estuprador aproximou um objeto cortante do rosto  da mulher, e colocando a m\u00e3o por baixo de sua saia, rasgou sua calcinha e  a violentou.<\/p>\n<p>Certamente as estat\u00edsticas oficiais s\u00e3o bem inferiores ao n\u00famero real de  ocorr\u00eancias. V\u00e1rios s\u00e3o os casos em que os estupradores se aproveitam  do tumulto que predomina no interior e redondezas das esta\u00e7\u00f5es para  fazer v\u00edtimas. Nos \u00faltimos doze meses, pelo menos duas mulheres foram  retiradas das esta\u00e7\u00f5es (sob amea\u00e7a de armas) e conduzidas para locais  pr\u00f3ximos, onde foram violentadas. Em um dos casos, o criminoso chegou a  gravar seus atos.<\/p>\n<p>Christiane Marcondes, da Reda\u00e7\u00e3o\u00a0do Vermelho\u00a0com ag\u00eancias<\/p>\n<p>Fonte: http:\/\/www.vermelho.org.br\/noticia.php?id_noticia=160127&amp;id_secao=10<\/p>\n","protected":false},"excerpt":{"rendered":"<p>O ato covarde de homens atacando desconhecidas ou parceiras porque elas n\u00e3o se submetem aos seus desejos n\u00e3o \u00e9 um caso isolado, mas vitimiza, cada vez mais,  mulheres de todas as idades e atitudes. E n\u00e3o s\u00f3 no ambiente dom\u00e9stico, mas tamb\u00e9m em espa\u00e7os p\u00fablicos, como os das esta\u00e7\u00f5es e ve\u00edculos de transportes coletivos.<\/p>\n","protected":false},"author":1,"featured_media":0,"comment_status":"open","ping_status":"open","sticky":false,"template":"","format":"standard","meta":{"site-container-style":"default","site-container-layout":"default","site-sidebar-layout":"default","disable-article-header":"default","disable-site-header":"default","disable-site-footer":"default","disable-content-area-spacing":"default","footnotes":""},"categories":[4],"tags":[],"class_list":["post-20515","post","type-post","status-publish","format-standard","hentry","category-noticias"],"yoast_head":"<!-- This site is optimized with the Yoast SEO plugin v27.4 - https:\/\/yoast.com\/product\/yoast-seo-wordpress\/ -->\n<title>Leis n\u00e3o impedem aumento de agress\u00e3o \u00e0s mulheres -<\/title>\n<meta name=\"robots\" content=\"index, follow, max-snippet:-1, max-image-preview:large, max-video-preview:-1\" \/>\n<link rel=\"canonical\" href=\"https:\/\/inclusivenews.com.br\/?p=20515\" \/>\n<meta property=\"og:locale\" content=\"pt_PT\" \/>\n<meta property=\"og:type\" content=\"article\" \/>\n<meta property=\"og:title\" content=\"Leis n\u00e3o impedem aumento de agress\u00e3o \u00e0s mulheres -\" \/>\n<meta property=\"og:description\" content=\"O ato covarde de homens atacando desconhecidas ou parceiras porque elas n\u00e3o se submetem aos seus desejos n\u00e3o \u00e9 um caso isolado, mas vitimiza, cada vez mais, mulheres de todas as idades e atitudes. E n\u00e3o s\u00f3 no ambiente dom\u00e9stico, mas tamb\u00e9m em espa\u00e7os p\u00fablicos, como os das esta\u00e7\u00f5es e ve\u00edculos de transportes coletivos.\" \/>\n<meta property=\"og:url\" content=\"https:\/\/inclusivenews.com.br\/?p=20515\" \/>\n<meta property=\"article:publisher\" content=\"https:\/\/www.facebook.com\/agenciainclusive\/\" \/>\n<meta property=\"article:published_time\" content=\"2011-08-04T03:46:04+00:00\" \/>\n<meta property=\"og:image\" content=\"http:\/\/inclusivenews.com.br\/wp-content\/uploads\/2010\/07\/violencia.jpeg\" \/>\n<meta name=\"author\" content=\"inclusivenews2024\" \/>\n<meta name=\"twitter:card\" content=\"summary_large_image\" \/>\n<meta name=\"twitter:label1\" content=\"Escrito por\" \/>\n\t<meta name=\"twitter:data1\" content=\"inclusivenews2024\" \/>\n\t<meta name=\"twitter:label2\" content=\"Tempo estimado de leitura\" \/>\n\t<meta name=\"twitter:data2\" content=\"7 minutos\" \/>\n<script type=\"application\/ld+json\" class=\"yoast-schema-graph\">{\"@context\":\"https:\\\/\\\/schema.org\",\"@graph\":[{\"@type\":\"Article\",\"@id\":\"https:\\\/\\\/inclusivenews.com.br\\\/?p=20515#article\",\"isPartOf\":{\"@id\":\"https:\\\/\\\/inclusivenews.com.br\\\/?p=20515\"},\"author\":{\"name\":\"inclusivenews2024\",\"@id\":\"https:\\\/\\\/inclusivenews.com.br\\\/#\\\/schema\\\/person\\\/ae4ec7087559b8692fb33b6fffd2273b\"},\"headline\":\"Leis n\u00e3o impedem aumento de agress\u00e3o \u00e0s mulheres\",\"datePublished\":\"2011-08-04T03:46:04+00:00\",\"mainEntityOfPage\":{\"@id\":\"https:\\\/\\\/inclusivenews.com.br\\\/?p=20515\"},\"wordCount\":1357,\"commentCount\":0,\"publisher\":{\"@id\":\"https:\\\/\\\/inclusivenews.com.br\\\/#organization\"},\"image\":{\"@id\":\"https:\\\/\\\/inclusivenews.com.br\\\/?p=20515#primaryimage\"},\"thumbnailUrl\":\"http:\\\/\\\/inclusivenews.com.br\\\/wp-content\\\/uploads\\\/2010\\\/07\\\/violencia.jpeg\",\"articleSection\":[\"NOT\u00cdCIAS\"],\"inLanguage\":\"pt-PT\",\"potentialAction\":[{\"@type\":\"CommentAction\",\"name\":\"Comment\",\"target\":[\"https:\\\/\\\/inclusivenews.com.br\\\/?p=20515#respond\"]}]},{\"@type\":\"WebPage\",\"@id\":\"https:\\\/\\\/inclusivenews.com.br\\\/?p=20515\",\"url\":\"https:\\\/\\\/inclusivenews.com.br\\\/?p=20515\",\"name\":\"Leis n\u00e3o impedem aumento de agress\u00e3o \u00e0s mulheres -\",\"isPartOf\":{\"@id\":\"https:\\\/\\\/inclusivenews.com.br\\\/#website\"},\"primaryImageOfPage\":{\"@id\":\"https:\\\/\\\/inclusivenews.com.br\\\/?p=20515#primaryimage\"},\"image\":{\"@id\":\"https:\\\/\\\/inclusivenews.com.br\\\/?p=20515#primaryimage\"},\"thumbnailUrl\":\"http:\\\/\\\/inclusivenews.com.br\\\/wp-content\\\/uploads\\\/2010\\\/07\\\/violencia.jpeg\",\"datePublished\":\"2011-08-04T03:46:04+00:00\",\"breadcrumb\":{\"@id\":\"https:\\\/\\\/inclusivenews.com.br\\\/?p=20515#breadcrumb\"},\"inLanguage\":\"pt-PT\",\"potentialAction\":[{\"@type\":\"ReadAction\",\"target\":[\"https:\\\/\\\/inclusivenews.com.br\\\/?p=20515\"]}]},{\"@type\":\"ImageObject\",\"inLanguage\":\"pt-PT\",\"@id\":\"https:\\\/\\\/inclusivenews.com.br\\\/?p=20515#primaryimage\",\"url\":\"\",\"contentUrl\":\"\"},{\"@type\":\"BreadcrumbList\",\"@id\":\"https:\\\/\\\/inclusivenews.com.br\\\/?p=20515#breadcrumb\",\"itemListElement\":[{\"@type\":\"ListItem\",\"position\":1,\"name\":\"In\u00edcio\",\"item\":\"https:\\\/\\\/inclusivenews.com.br\\\/\"},{\"@type\":\"ListItem\",\"position\":2,\"name\":\"Leis n\u00e3o impedem aumento de agress\u00e3o \u00e0s mulheres\"}]},{\"@type\":\"WebSite\",\"@id\":\"https:\\\/\\\/inclusivenews.com.br\\\/#website\",\"url\":\"https:\\\/\\\/inclusivenews.com.br\\\/\",\"name\":\"Inclusive News\",\"description\":\"Inclusive News\",\"publisher\":{\"@id\":\"https:\\\/\\\/inclusivenews.com.br\\\/#organization\"},\"potentialAction\":[{\"@type\":\"SearchAction\",\"target\":{\"@type\":\"EntryPoint\",\"urlTemplate\":\"https:\\\/\\\/inclusivenews.com.br\\\/?s={search_term_string}\"},\"query-input\":{\"@type\":\"PropertyValueSpecification\",\"valueRequired\":true,\"valueName\":\"search_term_string\"}}],\"inLanguage\":\"pt-PT\"},{\"@type\":\"Organization\",\"@id\":\"https:\\\/\\\/inclusivenews.com.br\\\/#organization\",\"name\":\"Inclusive - inclus\u00e3o e cidadania\",\"url\":\"https:\\\/\\\/inclusivenews.com.br\\\/\",\"logo\":{\"@type\":\"ImageObject\",\"inLanguage\":\"pt-PT\",\"@id\":\"https:\\\/\\\/inclusivenews.com.br\\\/#\\\/schema\\\/logo\\\/image\\\/\",\"url\":\"https:\\\/\\\/inclusivenews.com.br\\\/wp-content\\\/uploads\\\/2024\\\/03\\\/@grandesite.png\",\"contentUrl\":\"https:\\\/\\\/inclusivenews.com.br\\\/wp-content\\\/uploads\\\/2024\\\/03\\\/@grandesite.png\",\"width\":1080,\"height\":1080,\"caption\":\"Inclusive - inclus\u00e3o e cidadania\"},\"image\":{\"@id\":\"https:\\\/\\\/inclusivenews.com.br\\\/#\\\/schema\\\/logo\\\/image\\\/\"},\"sameAs\":[\"https:\\\/\\\/www.facebook.com\\\/agenciainclusive\\\/\",\"https:\\\/\\\/www.instagram.com\\\/newsinclusive\\\/\"]},{\"@type\":\"Person\",\"@id\":\"https:\\\/\\\/inclusivenews.com.br\\\/#\\\/schema\\\/person\\\/ae4ec7087559b8692fb33b6fffd2273b\",\"name\":\"inclusivenews2024\",\"image\":{\"@type\":\"ImageObject\",\"inLanguage\":\"pt-PT\",\"@id\":\"https:\\\/\\\/secure.gravatar.com\\\/avatar\\\/c5a7ef84c66fa914f55bc4f7ce26cfa275a3b9a1c5568b907bd184fb4dde7b40?s=96&d=mm&r=g\",\"url\":\"https:\\\/\\\/secure.gravatar.com\\\/avatar\\\/c5a7ef84c66fa914f55bc4f7ce26cfa275a3b9a1c5568b907bd184fb4dde7b40?s=96&d=mm&r=g\",\"contentUrl\":\"https:\\\/\\\/secure.gravatar.com\\\/avatar\\\/c5a7ef84c66fa914f55bc4f7ce26cfa275a3b9a1c5568b907bd184fb4dde7b40?s=96&d=mm&r=g\",\"caption\":\"inclusivenews2024\"},\"sameAs\":[\"https:\\\/\\\/inclusivenews.com.br\"],\"url\":\"https:\\\/\\\/inclusivenews.com.br\\\/?author=1\"}]}<\/script>\n<!-- \/ Yoast SEO plugin. -->","yoast_head_json":{"title":"Leis n\u00e3o impedem aumento de agress\u00e3o \u00e0s mulheres -","robots":{"index":"index","follow":"follow","max-snippet":"max-snippet:-1","max-image-preview":"max-image-preview:large","max-video-preview":"max-video-preview:-1"},"canonical":"https:\/\/inclusivenews.com.br\/?p=20515","og_locale":"pt_PT","og_type":"article","og_title":"Leis n\u00e3o impedem aumento de agress\u00e3o \u00e0s mulheres -","og_description":"O ato covarde de homens atacando desconhecidas ou parceiras porque elas n\u00e3o se submetem aos seus desejos n\u00e3o \u00e9 um caso isolado, mas vitimiza, cada vez mais, mulheres de todas as idades e atitudes. E n\u00e3o s\u00f3 no ambiente dom\u00e9stico, mas tamb\u00e9m em espa\u00e7os p\u00fablicos, como os das esta\u00e7\u00f5es e ve\u00edculos de transportes coletivos.","og_url":"https:\/\/inclusivenews.com.br\/?p=20515","article_publisher":"https:\/\/www.facebook.com\/agenciainclusive\/","article_published_time":"2011-08-04T03:46:04+00:00","og_image":[{"url":"http:\/\/inclusivenews.com.br\/wp-content\/uploads\/2010\/07\/violencia.jpeg","type":"","width":"","height":""}],"author":"inclusivenews2024","twitter_card":"summary_large_image","twitter_misc":{"Escrito por":"inclusivenews2024","Tempo estimado de leitura":"7 minutos"},"schema":{"@context":"https:\/\/schema.org","@graph":[{"@type":"Article","@id":"https:\/\/inclusivenews.com.br\/?p=20515#article","isPartOf":{"@id":"https:\/\/inclusivenews.com.br\/?p=20515"},"author":{"name":"inclusivenews2024","@id":"https:\/\/inclusivenews.com.br\/#\/schema\/person\/ae4ec7087559b8692fb33b6fffd2273b"},"headline":"Leis n\u00e3o impedem aumento de agress\u00e3o \u00e0s mulheres","datePublished":"2011-08-04T03:46:04+00:00","mainEntityOfPage":{"@id":"https:\/\/inclusivenews.com.br\/?p=20515"},"wordCount":1357,"commentCount":0,"publisher":{"@id":"https:\/\/inclusivenews.com.br\/#organization"},"image":{"@id":"https:\/\/inclusivenews.com.br\/?p=20515#primaryimage"},"thumbnailUrl":"http:\/\/inclusivenews.com.br\/wp-content\/uploads\/2010\/07\/violencia.jpeg","articleSection":["NOT\u00cdCIAS"],"inLanguage":"pt-PT","potentialAction":[{"@type":"CommentAction","name":"Comment","target":["https:\/\/inclusivenews.com.br\/?p=20515#respond"]}]},{"@type":"WebPage","@id":"https:\/\/inclusivenews.com.br\/?p=20515","url":"https:\/\/inclusivenews.com.br\/?p=20515","name":"Leis n\u00e3o impedem aumento de agress\u00e3o \u00e0s mulheres -","isPartOf":{"@id":"https:\/\/inclusivenews.com.br\/#website"},"primaryImageOfPage":{"@id":"https:\/\/inclusivenews.com.br\/?p=20515#primaryimage"},"image":{"@id":"https:\/\/inclusivenews.com.br\/?p=20515#primaryimage"},"thumbnailUrl":"http:\/\/inclusivenews.com.br\/wp-content\/uploads\/2010\/07\/violencia.jpeg","datePublished":"2011-08-04T03:46:04+00:00","breadcrumb":{"@id":"https:\/\/inclusivenews.com.br\/?p=20515#breadcrumb"},"inLanguage":"pt-PT","potentialAction":[{"@type":"ReadAction","target":["https:\/\/inclusivenews.com.br\/?p=20515"]}]},{"@type":"ImageObject","inLanguage":"pt-PT","@id":"https:\/\/inclusivenews.com.br\/?p=20515#primaryimage","url":"","contentUrl":""},{"@type":"BreadcrumbList","@id":"https:\/\/inclusivenews.com.br\/?p=20515#breadcrumb","itemListElement":[{"@type":"ListItem","position":1,"name":"In\u00edcio","item":"https:\/\/inclusivenews.com.br\/"},{"@type":"ListItem","position":2,"name":"Leis n\u00e3o impedem aumento de agress\u00e3o \u00e0s mulheres"}]},{"@type":"WebSite","@id":"https:\/\/inclusivenews.com.br\/#website","url":"https:\/\/inclusivenews.com.br\/","name":"Inclusive News","description":"Inclusive News","publisher":{"@id":"https:\/\/inclusivenews.com.br\/#organization"},"potentialAction":[{"@type":"SearchAction","target":{"@type":"EntryPoint","urlTemplate":"https:\/\/inclusivenews.com.br\/?s={search_term_string}"},"query-input":{"@type":"PropertyValueSpecification","valueRequired":true,"valueName":"search_term_string"}}],"inLanguage":"pt-PT"},{"@type":"Organization","@id":"https:\/\/inclusivenews.com.br\/#organization","name":"Inclusive - inclus\u00e3o e cidadania","url":"https:\/\/inclusivenews.com.br\/","logo":{"@type":"ImageObject","inLanguage":"pt-PT","@id":"https:\/\/inclusivenews.com.br\/#\/schema\/logo\/image\/","url":"https:\/\/inclusivenews.com.br\/wp-content\/uploads\/2024\/03\/@grandesite.png","contentUrl":"https:\/\/inclusivenews.com.br\/wp-content\/uploads\/2024\/03\/@grandesite.png","width":1080,"height":1080,"caption":"Inclusive - inclus\u00e3o e cidadania"},"image":{"@id":"https:\/\/inclusivenews.com.br\/#\/schema\/logo\/image\/"},"sameAs":["https:\/\/www.facebook.com\/agenciainclusive\/","https:\/\/www.instagram.com\/newsinclusive\/"]},{"@type":"Person","@id":"https:\/\/inclusivenews.com.br\/#\/schema\/person\/ae4ec7087559b8692fb33b6fffd2273b","name":"inclusivenews2024","image":{"@type":"ImageObject","inLanguage":"pt-PT","@id":"https:\/\/secure.gravatar.com\/avatar\/c5a7ef84c66fa914f55bc4f7ce26cfa275a3b9a1c5568b907bd184fb4dde7b40?s=96&d=mm&r=g","url":"https:\/\/secure.gravatar.com\/avatar\/c5a7ef84c66fa914f55bc4f7ce26cfa275a3b9a1c5568b907bd184fb4dde7b40?s=96&d=mm&r=g","contentUrl":"https:\/\/secure.gravatar.com\/avatar\/c5a7ef84c66fa914f55bc4f7ce26cfa275a3b9a1c5568b907bd184fb4dde7b40?s=96&d=mm&r=g","caption":"inclusivenews2024"},"sameAs":["https:\/\/inclusivenews.com.br"],"url":"https:\/\/inclusivenews.com.br\/?author=1"}]}},"_links":{"self":[{"href":"https:\/\/inclusivenews.com.br\/index.php?rest_route=\/wp\/v2\/posts\/20515","targetHints":{"allow":["GET"]}}],"collection":[{"href":"https:\/\/inclusivenews.com.br\/index.php?rest_route=\/wp\/v2\/posts"}],"about":[{"href":"https:\/\/inclusivenews.com.br\/index.php?rest_route=\/wp\/v2\/types\/post"}],"author":[{"embeddable":true,"href":"https:\/\/inclusivenews.com.br\/index.php?rest_route=\/wp\/v2\/users\/1"}],"replies":[{"embeddable":true,"href":"https:\/\/inclusivenews.com.br\/index.php?rest_route=%2Fwp%2Fv2%2Fcomments&post=20515"}],"version-history":[{"count":0,"href":"https:\/\/inclusivenews.com.br\/index.php?rest_route=\/wp\/v2\/posts\/20515\/revisions"}],"wp:attachment":[{"href":"https:\/\/inclusivenews.com.br\/index.php?rest_route=%2Fwp%2Fv2%2Fmedia&parent=20515"}],"wp:term":[{"taxonomy":"category","embeddable":true,"href":"https:\/\/inclusivenews.com.br\/index.php?rest_route=%2Fwp%2Fv2%2Fcategories&post=20515"},{"taxonomy":"post_tag","embeddable":true,"href":"https:\/\/inclusivenews.com.br\/index.php?rest_route=%2Fwp%2Fv2%2Ftags&post=20515"}],"curies":[{"name":"wp","href":"https:\/\/api.w.org\/{rel}","templated":true}]}}