{"id":20531,"date":"2011-08-04T00:44:47","date_gmt":"2011-08-04T03:44:47","guid":{"rendered":"http:\/\/www.inclusive.org.br\/?p=20531"},"modified":"2011-08-04T00:44:47","modified_gmt":"2011-08-04T03:44:47","slug":"jornal-editado-por-detento-destaca-trabalho-de-reinsercao-social","status":"publish","type":"post","link":"https:\/\/inclusivenews.com.br\/?p=20531","title":{"rendered":"Jornal editado por detento destaca trabalho de reinser\u00e7\u00e3o social"},"content":{"rendered":"<figure id=\"attachment_20552\" aria-describedby=\"caption-attachment-20552\" style=\"width: 270px\" class=\"wp-caption alignleft\"><img loading=\"lazy\" decoding=\"async\" class=\"size-full wp-image-20552\" title=\"M\u00e3os de um homem debru\u00e7adas numa grade\" src=\"http:\/\/inclusivenews.com.br\/wp-content\/uploads\/prisao1.jpg\" alt=\"M\u00e3os de um homem debru\u00e7adas numa grade\" width=\"270\" height=\"240\" \/><figcaption id=\"caption-attachment-20552\" class=\"wp-caption-text\"> <\/figcaption><\/figure>\n<p><em>Editado por um ge\u00f3logo que cumpre pena no regime fechado, mostra como uma unidade que j\u00e1 esteve entre as piores do Pa\u00eds se transformou em celeiro de oportunidades de capacita\u00e7\u00e3o profissional e de trabalho para seus detentos.<\/em><\/p>\n<p><strong>Por Jorge Vasconcellos<br \/>\nda Ag\u00eancia CNJ de Not\u00edcias<\/strong><\/p>\n<p>Em sua terceira edi\u00e7\u00e3o, o jornal Inclus\u00e3o mostra o dia-a-dia da Penitenci\u00e1ria D\u00eanio Moreira de Carvalho (PDMC), do munic\u00edpio de Ipaba (MG). Editado por um ge\u00f3logo que cumpre pena no regime fechado, mostra como uma unidade que j\u00e1 esteve entre as piores do Pa\u00eds se transformou em celeiro de oportunidades de capacita\u00e7\u00e3o profissional e de trabalho para seus detentos. O PMDC \u00e9 administrado pela Secretaria de Defesa Social de Minas Gerais, parceira do Programa Come\u00e7ar de Novo, criado pelo Conselho Nacional de Justi\u00e7a (CNJ) com o objetivo de reinserir detentos e egressos do sistema carcer\u00e1rio \u00e0 sociedade.<\/p>\n<p>Entre 2000 e 2001, a Penitenci\u00e1ria D\u00eanio Moreira de Carvalho (PDMC) foi palco de tr\u00eas rebeli\u00f5es, a mais violenta com 30 ref\u00e9ns. Em 2008, ap\u00f3s uma profunda reforma na administra\u00e7\u00e3o, foi citada entre as dez melhores do Pa\u00eds no relat\u00f3rio da CPI do Sistema Carcer\u00e1rio, do Congresso Nacional. Hoje, sem fugas e rebeli\u00f5es, tem 300 de seus 450 detentos exercendo atividades profissionais, dentro e fora da unidade. Para empresas privadas e \u00f3rg\u00e3os p\u00fablicos, os detentos trabalham na produ\u00e7\u00e3o de m\u00f3veis, tijolos, roupas, bordados, alimentos (p\u00e3o, queijo e leite) e prestam servi\u00e7os de marcenaria e mec\u00e2nica. Eles s\u00e3o remunerados e, a cada tr\u00eas dias trabalhados, reduzem a pena em um dia.<\/p>\n<p><strong>Parceiros &#8211;<\/strong> Nas p\u00e1ginas do Inclus\u00e3o, est\u00e3o publicados an\u00fancios dos produtos com o objetivo de atrair novos clientes e parceiros. \u201cO Mal se multiplica com a indiferen\u00e7a. Acabe com ele! Valorize o trabalho. Servi\u00e7os de estofamentos e capotaria. Conhe\u00e7a os produtos PDMC\u201d, diz um dos an\u00fancios do jornal, com tiragem de 1.200 exemplares e distribui\u00e7\u00e3o para outras unidades prisionais, \u00f3rg\u00e3os p\u00fablicos e empresas privadas.<\/p>\n<p>O Inclus\u00e3o \u00e9 editado pelo detento Juarez da Silva Goulart. Formado em Geologia e com passagens pela Fran\u00e7a e Estados Unidos, hoje trabalha na biblioteca da penitenci\u00e1ria. Os textos do peri\u00f3dico s\u00e3o produzidos por integrantes da dire\u00e7\u00e3o da unidade e por funcion\u00e1rios. As fotos, por um agente penitenci\u00e1rio. A primeira edi\u00e7\u00e3o do Inclus\u00e3o foi patrocinada por um detento que, no regime aberto, \u00e9 pastor de uma igreja evang\u00e9lica na regi\u00e3o. As demais edi\u00e7\u00f5es, pela ind\u00fastria Celulose Nipo-Brasileira (Cenibra), da regi\u00e3o mineira conhecida Vale do Rio Doce.<\/p>\n<p><strong>Filosofia &#8211;<\/strong> Com 16 p\u00e1ginas, a terceira edi\u00e7\u00e3o do jornal, entre outros textos, traz artigo do diretor da penitenci\u00e1ria, Ad\u00e3o dos Anjos. Intitulado \u201cCaminhos da Ressocializa\u00e7\u00e3o\u201d, o texto reflete bem a filosofia da unidade, de dar uma segunda chance para quem errou: \u201cse algu\u00e9m ir\u00e1 passar alguns anos encarcerado (o que poder\u00e1 acontecer com algu\u00e9m da nossa pr\u00f3pria fam\u00edlia), ser\u00e1 muito melhor para a sociedade que, uma vez em liberdade, esta pessoa tenha se qualificado como um profissional apto a disputar um espa\u00e7o no mercado e que tenha adquirido algumas compet\u00eancias cognitivas. Na aus\u00eancia disto,\u00a0 ser\u00e1 sempre maior a possibilidade de reincid\u00eancia. Educar e profissionalizar a massa carcer\u00e1ria brasileira\u00a0 \u00e9, assim, uma medida elementar de preven\u00e7\u00e3o ao crime e \u00e0 viol\u00eancia\u201d.<\/p>\n<p>Tenente da reserva da Pol\u00edcia Militar de Minas Gerais, o diretor Ad\u00e3o dos Anjos contou \u00e0 Ag\u00eancia CNJ de Not\u00edcias que um dos fatores que o motivaram a trabalhar pela mudan\u00e7a de filosofia da Penitenci\u00e1ria D\u00eanio Moreira de Carvalho foi o assassinato de seu pai, quando este tinha 28 anos de idade e cumpria pena em um pres\u00eddio. \u201cMeu pai cometeu alguns erros\u201d, disse o diretor, que tamb\u00e9m \u00e9 advogado, contador e datiloscopista e assumiu a dire\u00e7\u00e3o da penitenci\u00e1ria em 2001, quando a unidade ainda era um \u201cbarril de p\u00f3lvora\u201d.<\/p>\n<p>Fonte: <a href=\"http:\/\/www.cnj.jus.br\/noticias\/cnj\/15179:jornal-editado-por-detento-destaca-trabalho-de-reinsercao-social\">Ag\u00eancia CNJ de Not\u00edcias<\/a><em> <\/em><em> <\/em><\/p>\n","protected":false},"excerpt":{"rendered":"<p>Editado por um ge\u00f3logo que cumpre pena no regime fechado, mostra como uma unidade que j\u00e1 esteve entre as piores do Pa\u00eds se transformou em celeiro de oportunidades de capacita\u00e7\u00e3o profissional e de trabalho para seus detentos.<\/p>\n","protected":false},"author":1,"featured_media":0,"comment_status":"open","ping_status":"open","sticky":false,"template":"","format":"standard","meta":{"site-container-style":"default","site-container-layout":"default","site-sidebar-layout":"default","disable-article-header":"default","disable-site-header":"default","disable-site-footer":"default","disable-content-area-spacing":"default","footnotes":""},"categories":[11,4],"tags":[],"class_list":["post-20531","post","type-post","status-publish","format-standard","hentry","category-direitos-humanos","category-noticias"],"yoast_head":"<!-- This site is optimized with the Yoast SEO plugin v27.4 - https:\/\/yoast.com\/product\/yoast-seo-wordpress\/ -->\n<title>Jornal editado por detento destaca trabalho de reinser\u00e7\u00e3o social -<\/title>\n<meta name=\"robots\" content=\"index, follow, max-snippet:-1, max-image-preview:large, max-video-preview:-1\" \/>\n<link rel=\"canonical\" href=\"https:\/\/inclusivenews.com.br\/?p=20531\" \/>\n<meta property=\"og:locale\" content=\"pt_PT\" \/>\n<meta property=\"og:type\" content=\"article\" \/>\n<meta property=\"og:title\" content=\"Jornal editado por detento destaca trabalho de reinser\u00e7\u00e3o social -\" \/>\n<meta property=\"og:description\" content=\"Editado por um ge\u00f3logo que cumpre pena no regime fechado, mostra como uma unidade que j\u00e1 esteve entre as piores do Pa\u00eds se transformou em celeiro de oportunidades de capacita\u00e7\u00e3o profissional e de trabalho para seus detentos.\" \/>\n<meta property=\"og:url\" content=\"https:\/\/inclusivenews.com.br\/?p=20531\" \/>\n<meta property=\"article:publisher\" content=\"https:\/\/www.facebook.com\/agenciainclusive\/\" \/>\n<meta property=\"article:published_time\" content=\"2011-08-04T03:44:47+00:00\" \/>\n<meta property=\"og:image\" content=\"http:\/\/inclusivenews.com.br\/wp-content\/uploads\/prisao1.jpg\" \/>\n<meta name=\"author\" content=\"inclusivenews2024\" \/>\n<meta name=\"twitter:card\" content=\"summary_large_image\" \/>\n<meta name=\"twitter:label1\" content=\"Escrito por\" \/>\n\t<meta name=\"twitter:data1\" content=\"inclusivenews2024\" \/>\n\t<meta name=\"twitter:label2\" content=\"Tempo estimado de leitura\" \/>\n\t<meta name=\"twitter:data2\" content=\"4 minutos\" \/>\n<script type=\"application\/ld+json\" class=\"yoast-schema-graph\">{\"@context\":\"https:\\\/\\\/schema.org\",\"@graph\":[{\"@type\":\"Article\",\"@id\":\"https:\\\/\\\/inclusivenews.com.br\\\/?p=20531#article\",\"isPartOf\":{\"@id\":\"https:\\\/\\\/inclusivenews.com.br\\\/?p=20531\"},\"author\":{\"name\":\"inclusivenews2024\",\"@id\":\"https:\\\/\\\/inclusivenews.com.br\\\/#\\\/schema\\\/person\\\/ae4ec7087559b8692fb33b6fffd2273b\"},\"headline\":\"Jornal editado por detento destaca trabalho de reinser\u00e7\u00e3o social\",\"datePublished\":\"2011-08-04T03:44:47+00:00\",\"mainEntityOfPage\":{\"@id\":\"https:\\\/\\\/inclusivenews.com.br\\\/?p=20531\"},\"wordCount\":710,\"commentCount\":0,\"publisher\":{\"@id\":\"https:\\\/\\\/inclusivenews.com.br\\\/#organization\"},\"image\":{\"@id\":\"https:\\\/\\\/inclusivenews.com.br\\\/?p=20531#primaryimage\"},\"thumbnailUrl\":\"http:\\\/\\\/inclusivenews.com.br\\\/wp-content\\\/uploads\\\/prisao1.jpg\",\"articleSection\":[\"DIREITOS HUMANOS\",\"NOT\u00cdCIAS\"],\"inLanguage\":\"pt-PT\",\"potentialAction\":[{\"@type\":\"CommentAction\",\"name\":\"Comment\",\"target\":[\"https:\\\/\\\/inclusivenews.com.br\\\/?p=20531#respond\"]}]},{\"@type\":\"WebPage\",\"@id\":\"https:\\\/\\\/inclusivenews.com.br\\\/?p=20531\",\"url\":\"https:\\\/\\\/inclusivenews.com.br\\\/?p=20531\",\"name\":\"Jornal editado por detento destaca trabalho de reinser\u00e7\u00e3o social -\",\"isPartOf\":{\"@id\":\"https:\\\/\\\/inclusivenews.com.br\\\/#website\"},\"primaryImageOfPage\":{\"@id\":\"https:\\\/\\\/inclusivenews.com.br\\\/?p=20531#primaryimage\"},\"image\":{\"@id\":\"https:\\\/\\\/inclusivenews.com.br\\\/?p=20531#primaryimage\"},\"thumbnailUrl\":\"http:\\\/\\\/inclusivenews.com.br\\\/wp-content\\\/uploads\\\/prisao1.jpg\",\"datePublished\":\"2011-08-04T03:44:47+00:00\",\"breadcrumb\":{\"@id\":\"https:\\\/\\\/inclusivenews.com.br\\\/?p=20531#breadcrumb\"},\"inLanguage\":\"pt-PT\",\"potentialAction\":[{\"@type\":\"ReadAction\",\"target\":[\"https:\\\/\\\/inclusivenews.com.br\\\/?p=20531\"]}]},{\"@type\":\"ImageObject\",\"inLanguage\":\"pt-PT\",\"@id\":\"https:\\\/\\\/inclusivenews.com.br\\\/?p=20531#primaryimage\",\"url\":\"\",\"contentUrl\":\"\"},{\"@type\":\"BreadcrumbList\",\"@id\":\"https:\\\/\\\/inclusivenews.com.br\\\/?p=20531#breadcrumb\",\"itemListElement\":[{\"@type\":\"ListItem\",\"position\":1,\"name\":\"In\u00edcio\",\"item\":\"https:\\\/\\\/inclusivenews.com.br\\\/\"},{\"@type\":\"ListItem\",\"position\":2,\"name\":\"Jornal editado por detento destaca trabalho de reinser\u00e7\u00e3o social\"}]},{\"@type\":\"WebSite\",\"@id\":\"https:\\\/\\\/inclusivenews.com.br\\\/#website\",\"url\":\"https:\\\/\\\/inclusivenews.com.br\\\/\",\"name\":\"Inclusive News\",\"description\":\"Inclusive News\",\"publisher\":{\"@id\":\"https:\\\/\\\/inclusivenews.com.br\\\/#organization\"},\"potentialAction\":[{\"@type\":\"SearchAction\",\"target\":{\"@type\":\"EntryPoint\",\"urlTemplate\":\"https:\\\/\\\/inclusivenews.com.br\\\/?s={search_term_string}\"},\"query-input\":{\"@type\":\"PropertyValueSpecification\",\"valueRequired\":true,\"valueName\":\"search_term_string\"}}],\"inLanguage\":\"pt-PT\"},{\"@type\":\"Organization\",\"@id\":\"https:\\\/\\\/inclusivenews.com.br\\\/#organization\",\"name\":\"Inclusive - inclus\u00e3o e cidadania\",\"url\":\"https:\\\/\\\/inclusivenews.com.br\\\/\",\"logo\":{\"@type\":\"ImageObject\",\"inLanguage\":\"pt-PT\",\"@id\":\"https:\\\/\\\/inclusivenews.com.br\\\/#\\\/schema\\\/logo\\\/image\\\/\",\"url\":\"https:\\\/\\\/inclusivenews.com.br\\\/wp-content\\\/uploads\\\/2024\\\/03\\\/@grandesite.png\",\"contentUrl\":\"https:\\\/\\\/inclusivenews.com.br\\\/wp-content\\\/uploads\\\/2024\\\/03\\\/@grandesite.png\",\"width\":1080,\"height\":1080,\"caption\":\"Inclusive - inclus\u00e3o e cidadania\"},\"image\":{\"@id\":\"https:\\\/\\\/inclusivenews.com.br\\\/#\\\/schema\\\/logo\\\/image\\\/\"},\"sameAs\":[\"https:\\\/\\\/www.facebook.com\\\/agenciainclusive\\\/\",\"https:\\\/\\\/www.instagram.com\\\/newsinclusive\\\/\"]},{\"@type\":\"Person\",\"@id\":\"https:\\\/\\\/inclusivenews.com.br\\\/#\\\/schema\\\/person\\\/ae4ec7087559b8692fb33b6fffd2273b\",\"name\":\"inclusivenews2024\",\"image\":{\"@type\":\"ImageObject\",\"inLanguage\":\"pt-PT\",\"@id\":\"https:\\\/\\\/secure.gravatar.com\\\/avatar\\\/c5a7ef84c66fa914f55bc4f7ce26cfa275a3b9a1c5568b907bd184fb4dde7b40?s=96&d=mm&r=g\",\"url\":\"https:\\\/\\\/secure.gravatar.com\\\/avatar\\\/c5a7ef84c66fa914f55bc4f7ce26cfa275a3b9a1c5568b907bd184fb4dde7b40?s=96&d=mm&r=g\",\"contentUrl\":\"https:\\\/\\\/secure.gravatar.com\\\/avatar\\\/c5a7ef84c66fa914f55bc4f7ce26cfa275a3b9a1c5568b907bd184fb4dde7b40?s=96&d=mm&r=g\",\"caption\":\"inclusivenews2024\"},\"sameAs\":[\"https:\\\/\\\/inclusivenews.com.br\"],\"url\":\"https:\\\/\\\/inclusivenews.com.br\\\/?author=1\"}]}<\/script>\n<!-- \/ Yoast SEO plugin. -->","yoast_head_json":{"title":"Jornal editado por detento destaca trabalho de reinser\u00e7\u00e3o social -","robots":{"index":"index","follow":"follow","max-snippet":"max-snippet:-1","max-image-preview":"max-image-preview:large","max-video-preview":"max-video-preview:-1"},"canonical":"https:\/\/inclusivenews.com.br\/?p=20531","og_locale":"pt_PT","og_type":"article","og_title":"Jornal editado por detento destaca trabalho de reinser\u00e7\u00e3o social -","og_description":"Editado por um ge\u00f3logo que cumpre pena no regime fechado, mostra como uma unidade que j\u00e1 esteve entre as piores do Pa\u00eds se transformou em celeiro de oportunidades de capacita\u00e7\u00e3o profissional e de trabalho para seus detentos.","og_url":"https:\/\/inclusivenews.com.br\/?p=20531","article_publisher":"https:\/\/www.facebook.com\/agenciainclusive\/","article_published_time":"2011-08-04T03:44:47+00:00","og_image":[{"url":"http:\/\/inclusivenews.com.br\/wp-content\/uploads\/prisao1.jpg","type":"","width":"","height":""}],"author":"inclusivenews2024","twitter_card":"summary_large_image","twitter_misc":{"Escrito por":"inclusivenews2024","Tempo estimado de leitura":"4 minutos"},"schema":{"@context":"https:\/\/schema.org","@graph":[{"@type":"Article","@id":"https:\/\/inclusivenews.com.br\/?p=20531#article","isPartOf":{"@id":"https:\/\/inclusivenews.com.br\/?p=20531"},"author":{"name":"inclusivenews2024","@id":"https:\/\/inclusivenews.com.br\/#\/schema\/person\/ae4ec7087559b8692fb33b6fffd2273b"},"headline":"Jornal editado por detento destaca trabalho de reinser\u00e7\u00e3o social","datePublished":"2011-08-04T03:44:47+00:00","mainEntityOfPage":{"@id":"https:\/\/inclusivenews.com.br\/?p=20531"},"wordCount":710,"commentCount":0,"publisher":{"@id":"https:\/\/inclusivenews.com.br\/#organization"},"image":{"@id":"https:\/\/inclusivenews.com.br\/?p=20531#primaryimage"},"thumbnailUrl":"http:\/\/inclusivenews.com.br\/wp-content\/uploads\/prisao1.jpg","articleSection":["DIREITOS HUMANOS","NOT\u00cdCIAS"],"inLanguage":"pt-PT","potentialAction":[{"@type":"CommentAction","name":"Comment","target":["https:\/\/inclusivenews.com.br\/?p=20531#respond"]}]},{"@type":"WebPage","@id":"https:\/\/inclusivenews.com.br\/?p=20531","url":"https:\/\/inclusivenews.com.br\/?p=20531","name":"Jornal editado por detento destaca trabalho de reinser\u00e7\u00e3o social -","isPartOf":{"@id":"https:\/\/inclusivenews.com.br\/#website"},"primaryImageOfPage":{"@id":"https:\/\/inclusivenews.com.br\/?p=20531#primaryimage"},"image":{"@id":"https:\/\/inclusivenews.com.br\/?p=20531#primaryimage"},"thumbnailUrl":"http:\/\/inclusivenews.com.br\/wp-content\/uploads\/prisao1.jpg","datePublished":"2011-08-04T03:44:47+00:00","breadcrumb":{"@id":"https:\/\/inclusivenews.com.br\/?p=20531#breadcrumb"},"inLanguage":"pt-PT","potentialAction":[{"@type":"ReadAction","target":["https:\/\/inclusivenews.com.br\/?p=20531"]}]},{"@type":"ImageObject","inLanguage":"pt-PT","@id":"https:\/\/inclusivenews.com.br\/?p=20531#primaryimage","url":"","contentUrl":""},{"@type":"BreadcrumbList","@id":"https:\/\/inclusivenews.com.br\/?p=20531#breadcrumb","itemListElement":[{"@type":"ListItem","position":1,"name":"In\u00edcio","item":"https:\/\/inclusivenews.com.br\/"},{"@type":"ListItem","position":2,"name":"Jornal editado por detento destaca trabalho de reinser\u00e7\u00e3o social"}]},{"@type":"WebSite","@id":"https:\/\/inclusivenews.com.br\/#website","url":"https:\/\/inclusivenews.com.br\/","name":"Inclusive News","description":"Inclusive News","publisher":{"@id":"https:\/\/inclusivenews.com.br\/#organization"},"potentialAction":[{"@type":"SearchAction","target":{"@type":"EntryPoint","urlTemplate":"https:\/\/inclusivenews.com.br\/?s={search_term_string}"},"query-input":{"@type":"PropertyValueSpecification","valueRequired":true,"valueName":"search_term_string"}}],"inLanguage":"pt-PT"},{"@type":"Organization","@id":"https:\/\/inclusivenews.com.br\/#organization","name":"Inclusive - inclus\u00e3o e cidadania","url":"https:\/\/inclusivenews.com.br\/","logo":{"@type":"ImageObject","inLanguage":"pt-PT","@id":"https:\/\/inclusivenews.com.br\/#\/schema\/logo\/image\/","url":"https:\/\/inclusivenews.com.br\/wp-content\/uploads\/2024\/03\/@grandesite.png","contentUrl":"https:\/\/inclusivenews.com.br\/wp-content\/uploads\/2024\/03\/@grandesite.png","width":1080,"height":1080,"caption":"Inclusive - inclus\u00e3o e cidadania"},"image":{"@id":"https:\/\/inclusivenews.com.br\/#\/schema\/logo\/image\/"},"sameAs":["https:\/\/www.facebook.com\/agenciainclusive\/","https:\/\/www.instagram.com\/newsinclusive\/"]},{"@type":"Person","@id":"https:\/\/inclusivenews.com.br\/#\/schema\/person\/ae4ec7087559b8692fb33b6fffd2273b","name":"inclusivenews2024","image":{"@type":"ImageObject","inLanguage":"pt-PT","@id":"https:\/\/secure.gravatar.com\/avatar\/c5a7ef84c66fa914f55bc4f7ce26cfa275a3b9a1c5568b907bd184fb4dde7b40?s=96&d=mm&r=g","url":"https:\/\/secure.gravatar.com\/avatar\/c5a7ef84c66fa914f55bc4f7ce26cfa275a3b9a1c5568b907bd184fb4dde7b40?s=96&d=mm&r=g","contentUrl":"https:\/\/secure.gravatar.com\/avatar\/c5a7ef84c66fa914f55bc4f7ce26cfa275a3b9a1c5568b907bd184fb4dde7b40?s=96&d=mm&r=g","caption":"inclusivenews2024"},"sameAs":["https:\/\/inclusivenews.com.br"],"url":"https:\/\/inclusivenews.com.br\/?author=1"}]}},"_links":{"self":[{"href":"https:\/\/inclusivenews.com.br\/index.php?rest_route=\/wp\/v2\/posts\/20531","targetHints":{"allow":["GET"]}}],"collection":[{"href":"https:\/\/inclusivenews.com.br\/index.php?rest_route=\/wp\/v2\/posts"}],"about":[{"href":"https:\/\/inclusivenews.com.br\/index.php?rest_route=\/wp\/v2\/types\/post"}],"author":[{"embeddable":true,"href":"https:\/\/inclusivenews.com.br\/index.php?rest_route=\/wp\/v2\/users\/1"}],"replies":[{"embeddable":true,"href":"https:\/\/inclusivenews.com.br\/index.php?rest_route=%2Fwp%2Fv2%2Fcomments&post=20531"}],"version-history":[{"count":0,"href":"https:\/\/inclusivenews.com.br\/index.php?rest_route=\/wp\/v2\/posts\/20531\/revisions"}],"wp:attachment":[{"href":"https:\/\/inclusivenews.com.br\/index.php?rest_route=%2Fwp%2Fv2%2Fmedia&parent=20531"}],"wp:term":[{"taxonomy":"category","embeddable":true,"href":"https:\/\/inclusivenews.com.br\/index.php?rest_route=%2Fwp%2Fv2%2Fcategories&post=20531"},{"taxonomy":"post_tag","embeddable":true,"href":"https:\/\/inclusivenews.com.br\/index.php?rest_route=%2Fwp%2Fv2%2Ftags&post=20531"}],"curies":[{"name":"wp","href":"https:\/\/api.w.org\/{rel}","templated":true}]}}