{"id":20533,"date":"2011-08-04T00:45:24","date_gmt":"2011-08-04T03:45:24","guid":{"rendered":"http:\/\/www.inclusive.org.br\/?p=20533"},"modified":"2011-08-04T00:45:24","modified_gmt":"2011-08-04T03:45:24","slug":"projetos-de-professores-para-melhorar-o-ensino-terao-premio-nacional","status":"publish","type":"post","link":"https:\/\/inclusivenews.com.br\/?p=20533","title":{"rendered":"Projetos de professores para melhorar o ensino ter\u00e3o pr\u00eamio nacional"},"content":{"rendered":"<p><span class=\"noticia1\"><img loading=\"lazy\" decoding=\"async\" class=\"alignleft size-full wp-image-19202\" title=\"Desenho de professora com uma ma\u00e7\u00e3 na m\u00e3o\" src=\"http:\/\/inclusivenews.com.br\/wp-content\/uploads\/2011\/04\/professor-maca.jpg\" alt=\"Desenho de professora com uma ma\u00e7\u00e3 na m\u00e3o\" width=\"215\" height=\"203\" \/>Est\u00e3o abertas, at\u00e9 15 de setembro, as inscri\u00e7\u00f5es para o Pr\u00eamio Professores do Brasil, promovido pelo Minist\u00e9rio da Educa\u00e7\u00e3o. A quinta edi\u00e7\u00e3o vai selecionar at\u00e9 40 experi\u00eancias conclu\u00eddas ou em execu\u00e7\u00e3o, sendo oito por regi\u00e3o do pa\u00eds. Os autores dos trabalhos receber\u00e3o R$ 5 mil em dinheiro, trof\u00e9us e certificados.Para concorrer, os educadores devem relatar projetos desenvolvidos ou em desenvolvimento, com resultados comprovados no ano letivo de 2010, que atendam aos objetivos do Plano de Desenvolvimento da Educa\u00e7\u00e3o (PDE), lan\u00e7ado em 2007.As experi\u00eancias, conforme o regulamento da quinta edi\u00e7\u00e3o do pr\u00eamio, devem estar relacionadas a uma ou v\u00e1rias das seguintes a\u00e7\u00f5es: promover a perman\u00eancia, o sucesso escolar, a redu\u00e7\u00e3o da repet\u00eancia, do abandono e evas\u00e3o de estudantes da educa\u00e7\u00e3o b\u00e1sica; aumentar a participa\u00e7\u00e3o da fam\u00edlia na escola, a inser\u00e7\u00e3o da escola na comunidade, a inclus\u00e3o educacional social, racial, digital; trabalhar para a forma\u00e7\u00e3o \u00e9tica, art\u00edstica e cidad\u00e3 dos alunos.<\/span><\/p>\n<p>Podem candidatar-se professores da educa\u00e7\u00e3o b\u00e1sica em exerc\u00edcio da atividade docente em escolas p\u00fablicas e de institui\u00e7\u00f5es educacionais comunit\u00e1rias, filantr\u00f3picas e confessionais conveniadas aos sistemas p\u00fablicos de ensino.<\/p>\n<p>A inscri\u00e7\u00e3o tem duas etapas. Na primeira, o professor preenche o formul\u00e1rio e envia pela internet; na segunda, posta nos correios (sedex ou AR) o relato da experi\u00eancia, c\u00f3pias de documentos pessoais, declara\u00e7\u00e3o da escola, entre outros. O relato deve ser enviado para o endere\u00e7o: Pr\u00eamio Professores do Brasil \u2013 5\u00aa edi\u00e7\u00e3o \u2013 N\u00facleo de Estudos de Ci\u00eancia Matem\u00e1tica, Conjunto Agrot\u00e9cnico Visconde da Gra\u00e7a, Rua Ildefonso Sim\u00f5es Lopes, 2.791 \u2013 Bairro Sanga Funda \u2013 cep: 96060-290 \u2013 Pelotas (RS).<\/p>\n<p>O pr\u00eamio oferecer\u00e1 R$ 200 mil, que ser\u00e3o distribu\u00eddos para as 40 melhores experi\u00eancias (R$ 5 mil por professor) e R$ 80 mil em equipamentos audiovisuais ou multim\u00eddia para as escolas que desenvolveram os projetos premiados. Cada escola receber\u00e1 equipamentos no valor de R$ 2 mil. Al\u00e9m do reconhecimento, os vencedores participar\u00e3o de um semin\u00e1rio promovido pelo Minist\u00e9rio da Educa\u00e7\u00e3o na mesma data da entrega do pr\u00eamio.<\/p>\n<p>Em 2011, o Pr\u00eamio Professores do Brasil \u00e9 realizado pelo MEC, em parceria com o Conselho Nacional de Secret\u00e1rios de Educa\u00e7\u00e3o (Consed), Uni\u00e3o Nacional dos Dirigentes Municipais de Educa\u00e7\u00e3o (Undime), Organiza\u00e7\u00e3o das Na\u00e7\u00f5es Unidas para a Educa\u00e7\u00e3o, a Ci\u00eancia e a Cultura (Unesco) e Organiza\u00e7\u00e3o dos Estados Ibero-Americanos (OEI). A Funda\u00e7\u00e3o SM, Intel, Instituto Votorantim e a Associa\u00e7\u00e3o Brasileira de Editores de Livros Escolares (Abrelivros) s\u00e3o os patrocinadores.<\/p>\n<p>Trajet\u00f3ria \u2013 Nas duas primeiras edi\u00e7\u00f5es do Pr\u00eamio Professores do Brasil, em 2005 e 2007, participaram docentes da educa\u00e7\u00e3o infantil e dos anos iniciais do ensino fundamental. Em cada ano foram premiados 20 projetos. A partir de 2008, o pr\u00eamio foi estendido para toda a educa\u00e7\u00e3o b\u00e1sica, incluindo os anos finais do ensino fundamental e o ensino m\u00e9dio. O n\u00famero de premiados poderia alcan\u00e7ar at\u00e9 40 experi\u00eancias, mas em 2008 foram selecionados 31 projetos e em 2009, 35.<\/p>\n<p>No conjunto das quatro edi\u00e7\u00f5es, de 2005 a 2009, concorreram ao pr\u00eamio 4.394 trabalhos \u2013 1.135 em 2005; 1.457 (2007); 779 (2008) e 1.027 (2009), e 106 educadores receberam pr\u00eamios em dinheiro que somaram R$ 530 mil.<\/p>\n<p><a href=\"http:\/\/www.premioprofessoresdobrasil.mec.gov.br\/index.php?pagina=inscricao\" target=\"_blank\" rel=\"noopener\">Confira<\/a> o regulamento, a ficha de inscri\u00e7\u00e3o e a premia\u00e7\u00e3o na p\u00e1gina eletr\u00f4nica do pr\u00eamio.<\/p>\n<p>Fonte: <a href=\"http:\/\/www.undime.org.br\/htdocs\/index.php?id=6774\">UNDIME<\/a><\/p>\n","protected":false},"excerpt":{"rendered":"<p>Est\u00e3o abertas, at\u00e9 15 de setembro, as inscri\u00e7\u00f5es para o Pr\u00eamio Professores do Brasil, promovido pelo Minist\u00e9rio da Educa\u00e7\u00e3o. A quinta edi\u00e7\u00e3o vai selecionar at\u00e9 40 experi\u00eancias conclu\u00eddas ou em execu\u00e7\u00e3o, sendo oito por regi\u00e3o do pa\u00eds. Os autores dos trabalhos receber\u00e3o R$ 5 mil em dinheiro, trof\u00e9us e certificados.<\/p>\n","protected":false},"author":1,"featured_media":0,"comment_status":"open","ping_status":"open","sticky":false,"template":"","format":"standard","meta":{"site-container-style":"default","site-container-layout":"default","site-sidebar-layout":"default","disable-article-header":"default","disable-site-header":"default","disable-site-footer":"default","disable-content-area-spacing":"default","footnotes":""},"categories":[6,4],"tags":[],"class_list":["post-20533","post","type-post","status-publish","format-standard","hentry","category-educacao","category-noticias"],"yoast_head":"<!-- This site is optimized with the Yoast SEO plugin v27.4 - https:\/\/yoast.com\/product\/yoast-seo-wordpress\/ -->\n<title>Projetos de professores para melhorar o ensino ter\u00e3o pr\u00eamio nacional -<\/title>\n<meta name=\"robots\" content=\"index, follow, max-snippet:-1, max-image-preview:large, max-video-preview:-1\" \/>\n<link rel=\"canonical\" href=\"https:\/\/inclusivenews.com.br\/?p=20533\" \/>\n<meta property=\"og:locale\" content=\"pt_PT\" \/>\n<meta property=\"og:type\" content=\"article\" \/>\n<meta property=\"og:title\" content=\"Projetos de professores para melhorar o ensino ter\u00e3o pr\u00eamio nacional -\" \/>\n<meta property=\"og:description\" content=\"Est\u00e3o abertas, at\u00e9 15 de setembro, as inscri\u00e7\u00f5es para o Pr\u00eamio Professores do Brasil, promovido pelo Minist\u00e9rio da Educa\u00e7\u00e3o. A quinta edi\u00e7\u00e3o vai selecionar at\u00e9 40 experi\u00eancias conclu\u00eddas ou em execu\u00e7\u00e3o, sendo oito por regi\u00e3o do pa\u00eds. Os autores dos trabalhos receber\u00e3o R$ 5 mil em dinheiro, trof\u00e9us e certificados.\" \/>\n<meta property=\"og:url\" content=\"https:\/\/inclusivenews.com.br\/?p=20533\" \/>\n<meta property=\"article:publisher\" content=\"https:\/\/www.facebook.com\/agenciainclusive\/\" \/>\n<meta property=\"article:published_time\" content=\"2011-08-04T03:45:24+00:00\" \/>\n<meta property=\"og:image\" content=\"http:\/\/inclusivenews.com.br\/wp-content\/uploads\/2011\/04\/professor-maca.jpg\" \/>\n<meta name=\"author\" content=\"inclusivenews2024\" \/>\n<meta name=\"twitter:card\" content=\"summary_large_image\" \/>\n<meta name=\"twitter:label1\" content=\"Escrito por\" \/>\n\t<meta name=\"twitter:data1\" content=\"inclusivenews2024\" \/>\n\t<meta name=\"twitter:label2\" content=\"Tempo estimado de leitura\" \/>\n\t<meta name=\"twitter:data2\" content=\"3 minutos\" \/>\n<script type=\"application\/ld+json\" class=\"yoast-schema-graph\">{\"@context\":\"https:\\\/\\\/schema.org\",\"@graph\":[{\"@type\":\"Article\",\"@id\":\"https:\\\/\\\/inclusivenews.com.br\\\/?p=20533#article\",\"isPartOf\":{\"@id\":\"https:\\\/\\\/inclusivenews.com.br\\\/?p=20533\"},\"author\":{\"name\":\"inclusivenews2024\",\"@id\":\"https:\\\/\\\/inclusivenews.com.br\\\/#\\\/schema\\\/person\\\/ae4ec7087559b8692fb33b6fffd2273b\"},\"headline\":\"Projetos de professores para melhorar o ensino ter\u00e3o pr\u00eamio nacional\",\"datePublished\":\"2011-08-04T03:45:24+00:00\",\"mainEntityOfPage\":{\"@id\":\"https:\\\/\\\/inclusivenews.com.br\\\/?p=20533\"},\"wordCount\":591,\"commentCount\":0,\"publisher\":{\"@id\":\"https:\\\/\\\/inclusivenews.com.br\\\/#organization\"},\"image\":{\"@id\":\"https:\\\/\\\/inclusivenews.com.br\\\/?p=20533#primaryimage\"},\"thumbnailUrl\":\"http:\\\/\\\/inclusivenews.com.br\\\/wp-content\\\/uploads\\\/2011\\\/04\\\/professor-maca.jpg\",\"articleSection\":[\"EDUCA\u00c7\u00c3O\",\"NOT\u00cdCIAS\"],\"inLanguage\":\"pt-PT\",\"potentialAction\":[{\"@type\":\"CommentAction\",\"name\":\"Comment\",\"target\":[\"https:\\\/\\\/inclusivenews.com.br\\\/?p=20533#respond\"]}]},{\"@type\":\"WebPage\",\"@id\":\"https:\\\/\\\/inclusivenews.com.br\\\/?p=20533\",\"url\":\"https:\\\/\\\/inclusivenews.com.br\\\/?p=20533\",\"name\":\"Projetos de professores para melhorar o ensino ter\u00e3o pr\u00eamio nacional -\",\"isPartOf\":{\"@id\":\"https:\\\/\\\/inclusivenews.com.br\\\/#website\"},\"primaryImageOfPage\":{\"@id\":\"https:\\\/\\\/inclusivenews.com.br\\\/?p=20533#primaryimage\"},\"image\":{\"@id\":\"https:\\\/\\\/inclusivenews.com.br\\\/?p=20533#primaryimage\"},\"thumbnailUrl\":\"http:\\\/\\\/inclusivenews.com.br\\\/wp-content\\\/uploads\\\/2011\\\/04\\\/professor-maca.jpg\",\"datePublished\":\"2011-08-04T03:45:24+00:00\",\"breadcrumb\":{\"@id\":\"https:\\\/\\\/inclusivenews.com.br\\\/?p=20533#breadcrumb\"},\"inLanguage\":\"pt-PT\",\"potentialAction\":[{\"@type\":\"ReadAction\",\"target\":[\"https:\\\/\\\/inclusivenews.com.br\\\/?p=20533\"]}]},{\"@type\":\"ImageObject\",\"inLanguage\":\"pt-PT\",\"@id\":\"https:\\\/\\\/inclusivenews.com.br\\\/?p=20533#primaryimage\",\"url\":\"\",\"contentUrl\":\"\"},{\"@type\":\"BreadcrumbList\",\"@id\":\"https:\\\/\\\/inclusivenews.com.br\\\/?p=20533#breadcrumb\",\"itemListElement\":[{\"@type\":\"ListItem\",\"position\":1,\"name\":\"In\u00edcio\",\"item\":\"https:\\\/\\\/inclusivenews.com.br\\\/\"},{\"@type\":\"ListItem\",\"position\":2,\"name\":\"Projetos de professores para melhorar o ensino ter\u00e3o pr\u00eamio nacional\"}]},{\"@type\":\"WebSite\",\"@id\":\"https:\\\/\\\/inclusivenews.com.br\\\/#website\",\"url\":\"https:\\\/\\\/inclusivenews.com.br\\\/\",\"name\":\"Inclusive News\",\"description\":\"Inclusive News\",\"publisher\":{\"@id\":\"https:\\\/\\\/inclusivenews.com.br\\\/#organization\"},\"potentialAction\":[{\"@type\":\"SearchAction\",\"target\":{\"@type\":\"EntryPoint\",\"urlTemplate\":\"https:\\\/\\\/inclusivenews.com.br\\\/?s={search_term_string}\"},\"query-input\":{\"@type\":\"PropertyValueSpecification\",\"valueRequired\":true,\"valueName\":\"search_term_string\"}}],\"inLanguage\":\"pt-PT\"},{\"@type\":\"Organization\",\"@id\":\"https:\\\/\\\/inclusivenews.com.br\\\/#organization\",\"name\":\"Inclusive - inclus\u00e3o e cidadania\",\"url\":\"https:\\\/\\\/inclusivenews.com.br\\\/\",\"logo\":{\"@type\":\"ImageObject\",\"inLanguage\":\"pt-PT\",\"@id\":\"https:\\\/\\\/inclusivenews.com.br\\\/#\\\/schema\\\/logo\\\/image\\\/\",\"url\":\"https:\\\/\\\/inclusivenews.com.br\\\/wp-content\\\/uploads\\\/2024\\\/03\\\/@grandesite.png\",\"contentUrl\":\"https:\\\/\\\/inclusivenews.com.br\\\/wp-content\\\/uploads\\\/2024\\\/03\\\/@grandesite.png\",\"width\":1080,\"height\":1080,\"caption\":\"Inclusive - inclus\u00e3o e cidadania\"},\"image\":{\"@id\":\"https:\\\/\\\/inclusivenews.com.br\\\/#\\\/schema\\\/logo\\\/image\\\/\"},\"sameAs\":[\"https:\\\/\\\/www.facebook.com\\\/agenciainclusive\\\/\",\"https:\\\/\\\/www.instagram.com\\\/newsinclusive\\\/\"]},{\"@type\":\"Person\",\"@id\":\"https:\\\/\\\/inclusivenews.com.br\\\/#\\\/schema\\\/person\\\/ae4ec7087559b8692fb33b6fffd2273b\",\"name\":\"inclusivenews2024\",\"image\":{\"@type\":\"ImageObject\",\"inLanguage\":\"pt-PT\",\"@id\":\"https:\\\/\\\/secure.gravatar.com\\\/avatar\\\/c5a7ef84c66fa914f55bc4f7ce26cfa275a3b9a1c5568b907bd184fb4dde7b40?s=96&d=mm&r=g\",\"url\":\"https:\\\/\\\/secure.gravatar.com\\\/avatar\\\/c5a7ef84c66fa914f55bc4f7ce26cfa275a3b9a1c5568b907bd184fb4dde7b40?s=96&d=mm&r=g\",\"contentUrl\":\"https:\\\/\\\/secure.gravatar.com\\\/avatar\\\/c5a7ef84c66fa914f55bc4f7ce26cfa275a3b9a1c5568b907bd184fb4dde7b40?s=96&d=mm&r=g\",\"caption\":\"inclusivenews2024\"},\"sameAs\":[\"https:\\\/\\\/inclusivenews.com.br\"],\"url\":\"https:\\\/\\\/inclusivenews.com.br\\\/?author=1\"}]}<\/script>\n<!-- \/ Yoast SEO plugin. -->","yoast_head_json":{"title":"Projetos de professores para melhorar o ensino ter\u00e3o pr\u00eamio nacional -","robots":{"index":"index","follow":"follow","max-snippet":"max-snippet:-1","max-image-preview":"max-image-preview:large","max-video-preview":"max-video-preview:-1"},"canonical":"https:\/\/inclusivenews.com.br\/?p=20533","og_locale":"pt_PT","og_type":"article","og_title":"Projetos de professores para melhorar o ensino ter\u00e3o pr\u00eamio nacional -","og_description":"Est\u00e3o abertas, at\u00e9 15 de setembro, as inscri\u00e7\u00f5es para o Pr\u00eamio Professores do Brasil, promovido pelo Minist\u00e9rio da Educa\u00e7\u00e3o. A quinta edi\u00e7\u00e3o vai selecionar at\u00e9 40 experi\u00eancias conclu\u00eddas ou em execu\u00e7\u00e3o, sendo oito por regi\u00e3o do pa\u00eds. Os autores dos trabalhos receber\u00e3o R$ 5 mil em dinheiro, trof\u00e9us e certificados.","og_url":"https:\/\/inclusivenews.com.br\/?p=20533","article_publisher":"https:\/\/www.facebook.com\/agenciainclusive\/","article_published_time":"2011-08-04T03:45:24+00:00","og_image":[{"url":"http:\/\/inclusivenews.com.br\/wp-content\/uploads\/2011\/04\/professor-maca.jpg","type":"","width":"","height":""}],"author":"inclusivenews2024","twitter_card":"summary_large_image","twitter_misc":{"Escrito por":"inclusivenews2024","Tempo estimado de leitura":"3 minutos"},"schema":{"@context":"https:\/\/schema.org","@graph":[{"@type":"Article","@id":"https:\/\/inclusivenews.com.br\/?p=20533#article","isPartOf":{"@id":"https:\/\/inclusivenews.com.br\/?p=20533"},"author":{"name":"inclusivenews2024","@id":"https:\/\/inclusivenews.com.br\/#\/schema\/person\/ae4ec7087559b8692fb33b6fffd2273b"},"headline":"Projetos de professores para melhorar o ensino ter\u00e3o pr\u00eamio nacional","datePublished":"2011-08-04T03:45:24+00:00","mainEntityOfPage":{"@id":"https:\/\/inclusivenews.com.br\/?p=20533"},"wordCount":591,"commentCount":0,"publisher":{"@id":"https:\/\/inclusivenews.com.br\/#organization"},"image":{"@id":"https:\/\/inclusivenews.com.br\/?p=20533#primaryimage"},"thumbnailUrl":"http:\/\/inclusivenews.com.br\/wp-content\/uploads\/2011\/04\/professor-maca.jpg","articleSection":["EDUCA\u00c7\u00c3O","NOT\u00cdCIAS"],"inLanguage":"pt-PT","potentialAction":[{"@type":"CommentAction","name":"Comment","target":["https:\/\/inclusivenews.com.br\/?p=20533#respond"]}]},{"@type":"WebPage","@id":"https:\/\/inclusivenews.com.br\/?p=20533","url":"https:\/\/inclusivenews.com.br\/?p=20533","name":"Projetos de professores para melhorar o ensino ter\u00e3o pr\u00eamio nacional -","isPartOf":{"@id":"https:\/\/inclusivenews.com.br\/#website"},"primaryImageOfPage":{"@id":"https:\/\/inclusivenews.com.br\/?p=20533#primaryimage"},"image":{"@id":"https:\/\/inclusivenews.com.br\/?p=20533#primaryimage"},"thumbnailUrl":"http:\/\/inclusivenews.com.br\/wp-content\/uploads\/2011\/04\/professor-maca.jpg","datePublished":"2011-08-04T03:45:24+00:00","breadcrumb":{"@id":"https:\/\/inclusivenews.com.br\/?p=20533#breadcrumb"},"inLanguage":"pt-PT","potentialAction":[{"@type":"ReadAction","target":["https:\/\/inclusivenews.com.br\/?p=20533"]}]},{"@type":"ImageObject","inLanguage":"pt-PT","@id":"https:\/\/inclusivenews.com.br\/?p=20533#primaryimage","url":"","contentUrl":""},{"@type":"BreadcrumbList","@id":"https:\/\/inclusivenews.com.br\/?p=20533#breadcrumb","itemListElement":[{"@type":"ListItem","position":1,"name":"In\u00edcio","item":"https:\/\/inclusivenews.com.br\/"},{"@type":"ListItem","position":2,"name":"Projetos de professores para melhorar o ensino ter\u00e3o pr\u00eamio nacional"}]},{"@type":"WebSite","@id":"https:\/\/inclusivenews.com.br\/#website","url":"https:\/\/inclusivenews.com.br\/","name":"Inclusive News","description":"Inclusive News","publisher":{"@id":"https:\/\/inclusivenews.com.br\/#organization"},"potentialAction":[{"@type":"SearchAction","target":{"@type":"EntryPoint","urlTemplate":"https:\/\/inclusivenews.com.br\/?s={search_term_string}"},"query-input":{"@type":"PropertyValueSpecification","valueRequired":true,"valueName":"search_term_string"}}],"inLanguage":"pt-PT"},{"@type":"Organization","@id":"https:\/\/inclusivenews.com.br\/#organization","name":"Inclusive - inclus\u00e3o e cidadania","url":"https:\/\/inclusivenews.com.br\/","logo":{"@type":"ImageObject","inLanguage":"pt-PT","@id":"https:\/\/inclusivenews.com.br\/#\/schema\/logo\/image\/","url":"https:\/\/inclusivenews.com.br\/wp-content\/uploads\/2024\/03\/@grandesite.png","contentUrl":"https:\/\/inclusivenews.com.br\/wp-content\/uploads\/2024\/03\/@grandesite.png","width":1080,"height":1080,"caption":"Inclusive - inclus\u00e3o e cidadania"},"image":{"@id":"https:\/\/inclusivenews.com.br\/#\/schema\/logo\/image\/"},"sameAs":["https:\/\/www.facebook.com\/agenciainclusive\/","https:\/\/www.instagram.com\/newsinclusive\/"]},{"@type":"Person","@id":"https:\/\/inclusivenews.com.br\/#\/schema\/person\/ae4ec7087559b8692fb33b6fffd2273b","name":"inclusivenews2024","image":{"@type":"ImageObject","inLanguage":"pt-PT","@id":"https:\/\/secure.gravatar.com\/avatar\/c5a7ef84c66fa914f55bc4f7ce26cfa275a3b9a1c5568b907bd184fb4dde7b40?s=96&d=mm&r=g","url":"https:\/\/secure.gravatar.com\/avatar\/c5a7ef84c66fa914f55bc4f7ce26cfa275a3b9a1c5568b907bd184fb4dde7b40?s=96&d=mm&r=g","contentUrl":"https:\/\/secure.gravatar.com\/avatar\/c5a7ef84c66fa914f55bc4f7ce26cfa275a3b9a1c5568b907bd184fb4dde7b40?s=96&d=mm&r=g","caption":"inclusivenews2024"},"sameAs":["https:\/\/inclusivenews.com.br"],"url":"https:\/\/inclusivenews.com.br\/?author=1"}]}},"_links":{"self":[{"href":"https:\/\/inclusivenews.com.br\/index.php?rest_route=\/wp\/v2\/posts\/20533","targetHints":{"allow":["GET"]}}],"collection":[{"href":"https:\/\/inclusivenews.com.br\/index.php?rest_route=\/wp\/v2\/posts"}],"about":[{"href":"https:\/\/inclusivenews.com.br\/index.php?rest_route=\/wp\/v2\/types\/post"}],"author":[{"embeddable":true,"href":"https:\/\/inclusivenews.com.br\/index.php?rest_route=\/wp\/v2\/users\/1"}],"replies":[{"embeddable":true,"href":"https:\/\/inclusivenews.com.br\/index.php?rest_route=%2Fwp%2Fv2%2Fcomments&post=20533"}],"version-history":[{"count":0,"href":"https:\/\/inclusivenews.com.br\/index.php?rest_route=\/wp\/v2\/posts\/20533\/revisions"}],"wp:attachment":[{"href":"https:\/\/inclusivenews.com.br\/index.php?rest_route=%2Fwp%2Fv2%2Fmedia&parent=20533"}],"wp:term":[{"taxonomy":"category","embeddable":true,"href":"https:\/\/inclusivenews.com.br\/index.php?rest_route=%2Fwp%2Fv2%2Fcategories&post=20533"},{"taxonomy":"post_tag","embeddable":true,"href":"https:\/\/inclusivenews.com.br\/index.php?rest_route=%2Fwp%2Fv2%2Ftags&post=20533"}],"curies":[{"name":"wp","href":"https:\/\/api.w.org\/{rel}","templated":true}]}}