{"id":20547,"date":"2011-08-04T00:45:39","date_gmt":"2011-08-04T03:45:39","guid":{"rendered":"http:\/\/www.inclusive.org.br\/?p=20547"},"modified":"2011-08-04T00:45:39","modified_gmt":"2011-08-04T03:45:39","slug":"etapas-estaduais-da-2%c2%aa-conferencia-dos-direitos-humanos-lgbt-comecam-em-setembro","status":"publish","type":"post","link":"https:\/\/inclusivenews.com.br\/?p=20547","title":{"rendered":"Etapas estaduais da 2\u00aa Confer\u00eancia dos Direitos Humanos LGBT come\u00e7am em setembro"},"content":{"rendered":"<figure id=\"attachment_13222\" aria-describedby=\"caption-attachment-13222\" style=\"width: 240px\" class=\"wp-caption alignleft\"><img loading=\"lazy\" decoding=\"async\" class=\"size-full wp-image-13222 \" title=\"bandeira-gay\" src=\"http:\/\/inclusivenews.com.br\/wp-content\/uploads\/2009\/12\/bandeira-gay1.jpg\" alt=\"Bandeira com arco-iris\" width=\"240\" height=\"170\" \/><figcaption id=\"caption-attachment-13222\" class=\"wp-caption-text\">Bandeira com arco-iris<\/figcaption><\/figure>\n<p>Onze\u00a0estados brasileiros convocaram oficialmente as etapas  locais\u00a0da\u00a02\u00ba Confer\u00eancia Nacional de Pol\u00edticas P\u00fablicas e Direitos  Humanos de L\u00e9sbicas, Gays, Bissexuais, Travestis e Transexuais \u2013 LGBT:  Rio Grande do Sul, Paran\u00e1, S\u00e3o Paulo, Minas Gerais, Esp\u00edrito Santo, Mato  Grosso do Sul, Amap\u00e1, Goi\u00e1s, Acre\u00a0e Bahia v\u00e3o realizar suas etapas  entre 1\u00ba de setembro e 31 de outubro deste ano.<\/p>\n<p>O objetivo das  confer\u00eancias estaduais \u00e9 reunir governos e sociedade civil para avaliar e  propor diretrizes de combate \u00e0 discrimina\u00e7\u00e3o e \u00e0 viol\u00eancia, e para a  promo\u00e7\u00e3o dos Direitos Humanos e da cidadania da popula\u00e7\u00e3o LGBT local.<\/p>\n<p>O  secret\u00e1rio-executivo do Conselho Nacional LGBT, \u00f3rg\u00e3o vinculado \u00e0  Secretaria de Direitos Humanos da Presid\u00eancia da Rep\u00fablica (SDH\/PR), Igo  Martini, destaca a import\u00e2ncia das etapas estaduais e municipais. \u201cS\u00e3o  espa\u00e7os de consulta popular para que a popula\u00e7\u00e3o LGBT colabore na  constru\u00e7\u00e3o de pol\u00edticas p\u00fablicas para a melhoria de sua cidadania\u201d,  explica.<\/p>\n<p>Entre as capitais com etapas municipais convocadas est\u00e3o:  Florian\u00f3polis, Curitiba, S\u00e3o Paulo, Belo Horizonte, Vit\u00f3ria, Recife,  Fortaleza, Macap\u00e1 e Palmas e nas cidades de interior: Serra (ES),  Campina Grande (PB), Uberl\u00e2ndia (MG), Campinas (SP), Picos (PI) e Santo  Andr\u00e9 (SP).<\/p>\n<p>Os eventos precedem a 2\u00aa Confer\u00eancia Nacional LGBT,  convocada pela presidenta Dilma Rousseff para os dias 15 a 18 de  dezembro, em Bras\u00edlia (DF), com o tema: \u201cPor um pa\u00eds livre da pobreza e  da discrimina\u00e7\u00e3o: Promovendo a cidadania de l\u00e9sbicas, gays, bissexuais,  travestis e transexuais \u2013 LGBT\u201d.<\/p>\n<p>Fonte: SDH<\/p>\n","protected":false},"excerpt":{"rendered":"<p>Entre as capitais com etapas municipais convocadas est\u00e3o: Florian\u00f3polis, Curitiba, S\u00e3o Paulo, Belo Horizonte, Vit\u00f3ria, Recife, Fortaleza, Macap\u00e1 e Palmas e nas cidades de interior: Serra (ES), Campina Grande (PB), Uberl\u00e2ndia (MG), Campinas (SP), Picos (PI) e Santo Andr\u00e9 (SP).<\/p>\n","protected":false},"author":1,"featured_media":0,"comment_status":"open","ping_status":"open","sticky":false,"template":"","format":"standard","meta":{"site-container-style":"default","site-container-layout":"default","site-sidebar-layout":"default","disable-article-header":"default","disable-site-header":"default","disable-site-footer":"default","disable-content-area-spacing":"default","footnotes":""},"categories":[12,11,41],"tags":[],"class_list":["post-20547","post","type-post","status-publish","format-standard","hentry","category-cursos-e-eventos","category-direitos-humanos","category-preconceito"],"yoast_head":"<!-- This site is optimized with the Yoast SEO plugin v27.4 - https:\/\/yoast.com\/product\/yoast-seo-wordpress\/ -->\n<title>Etapas estaduais da 2\u00aa Confer\u00eancia dos Direitos Humanos LGBT come\u00e7am em setembro -<\/title>\n<meta name=\"robots\" content=\"index, follow, max-snippet:-1, max-image-preview:large, max-video-preview:-1\" \/>\n<link rel=\"canonical\" href=\"https:\/\/inclusivenews.com.br\/?p=20547\" \/>\n<meta property=\"og:locale\" content=\"pt_PT\" \/>\n<meta property=\"og:type\" content=\"article\" \/>\n<meta property=\"og:title\" content=\"Etapas estaduais da 2\u00aa Confer\u00eancia dos Direitos Humanos LGBT come\u00e7am em setembro -\" \/>\n<meta property=\"og:description\" content=\"Entre as capitais com etapas municipais convocadas est\u00e3o: Florian\u00f3polis, Curitiba, S\u00e3o Paulo, Belo Horizonte, Vit\u00f3ria, Recife, Fortaleza, Macap\u00e1 e Palmas e nas cidades de interior: Serra (ES), Campina Grande (PB), Uberl\u00e2ndia (MG), Campinas (SP), Picos (PI) e Santo Andr\u00e9 (SP).\" \/>\n<meta property=\"og:url\" content=\"https:\/\/inclusivenews.com.br\/?p=20547\" \/>\n<meta property=\"article:publisher\" content=\"https:\/\/www.facebook.com\/agenciainclusive\/\" \/>\n<meta property=\"article:published_time\" content=\"2011-08-04T03:45:39+00:00\" \/>\n<meta property=\"og:image\" content=\"http:\/\/inclusivenews.com.br\/wp-content\/uploads\/2009\/12\/bandeira-gay1.jpg\" \/>\n<meta name=\"author\" content=\"inclusivenews2024\" \/>\n<meta name=\"twitter:card\" content=\"summary_large_image\" \/>\n<meta name=\"twitter:label1\" content=\"Escrito por\" \/>\n\t<meta name=\"twitter:data1\" content=\"inclusivenews2024\" \/>\n\t<meta name=\"twitter:label2\" content=\"Tempo estimado de leitura\" \/>\n\t<meta name=\"twitter:data2\" content=\"1 minuto\" \/>\n<script type=\"application\/ld+json\" class=\"yoast-schema-graph\">{\"@context\":\"https:\\\/\\\/schema.org\",\"@graph\":[{\"@type\":\"Article\",\"@id\":\"https:\\\/\\\/inclusivenews.com.br\\\/?p=20547#article\",\"isPartOf\":{\"@id\":\"https:\\\/\\\/inclusivenews.com.br\\\/?p=20547\"},\"author\":{\"name\":\"inclusivenews2024\",\"@id\":\"https:\\\/\\\/inclusivenews.com.br\\\/#\\\/schema\\\/person\\\/ae4ec7087559b8692fb33b6fffd2273b\"},\"headline\":\"Etapas estaduais da 2\u00aa Confer\u00eancia dos Direitos Humanos LGBT come\u00e7am em setembro\",\"datePublished\":\"2011-08-04T03:45:39+00:00\",\"mainEntityOfPage\":{\"@id\":\"https:\\\/\\\/inclusivenews.com.br\\\/?p=20547\"},\"wordCount\":286,\"commentCount\":0,\"publisher\":{\"@id\":\"https:\\\/\\\/inclusivenews.com.br\\\/#organization\"},\"image\":{\"@id\":\"https:\\\/\\\/inclusivenews.com.br\\\/?p=20547#primaryimage\"},\"thumbnailUrl\":\"http:\\\/\\\/inclusivenews.com.br\\\/wp-content\\\/uploads\\\/2009\\\/12\\\/bandeira-gay1.jpg\",\"articleSection\":[\"Cursos e eventos\",\"DIREITOS HUMANOS\",\"Preconceito\"],\"inLanguage\":\"pt-PT\",\"potentialAction\":[{\"@type\":\"CommentAction\",\"name\":\"Comment\",\"target\":[\"https:\\\/\\\/inclusivenews.com.br\\\/?p=20547#respond\"]}]},{\"@type\":\"WebPage\",\"@id\":\"https:\\\/\\\/inclusivenews.com.br\\\/?p=20547\",\"url\":\"https:\\\/\\\/inclusivenews.com.br\\\/?p=20547\",\"name\":\"Etapas estaduais da 2\u00aa Confer\u00eancia dos Direitos Humanos LGBT come\u00e7am em setembro -\",\"isPartOf\":{\"@id\":\"https:\\\/\\\/inclusivenews.com.br\\\/#website\"},\"primaryImageOfPage\":{\"@id\":\"https:\\\/\\\/inclusivenews.com.br\\\/?p=20547#primaryimage\"},\"image\":{\"@id\":\"https:\\\/\\\/inclusivenews.com.br\\\/?p=20547#primaryimage\"},\"thumbnailUrl\":\"http:\\\/\\\/inclusivenews.com.br\\\/wp-content\\\/uploads\\\/2009\\\/12\\\/bandeira-gay1.jpg\",\"datePublished\":\"2011-08-04T03:45:39+00:00\",\"breadcrumb\":{\"@id\":\"https:\\\/\\\/inclusivenews.com.br\\\/?p=20547#breadcrumb\"},\"inLanguage\":\"pt-PT\",\"potentialAction\":[{\"@type\":\"ReadAction\",\"target\":[\"https:\\\/\\\/inclusivenews.com.br\\\/?p=20547\"]}]},{\"@type\":\"ImageObject\",\"inLanguage\":\"pt-PT\",\"@id\":\"https:\\\/\\\/inclusivenews.com.br\\\/?p=20547#primaryimage\",\"url\":\"\",\"contentUrl\":\"\"},{\"@type\":\"BreadcrumbList\",\"@id\":\"https:\\\/\\\/inclusivenews.com.br\\\/?p=20547#breadcrumb\",\"itemListElement\":[{\"@type\":\"ListItem\",\"position\":1,\"name\":\"In\u00edcio\",\"item\":\"https:\\\/\\\/inclusivenews.com.br\\\/\"},{\"@type\":\"ListItem\",\"position\":2,\"name\":\"Etapas estaduais da 2\u00aa Confer\u00eancia dos Direitos Humanos LGBT come\u00e7am em setembro\"}]},{\"@type\":\"WebSite\",\"@id\":\"https:\\\/\\\/inclusivenews.com.br\\\/#website\",\"url\":\"https:\\\/\\\/inclusivenews.com.br\\\/\",\"name\":\"Inclusive News\",\"description\":\"Inclusive News\",\"publisher\":{\"@id\":\"https:\\\/\\\/inclusivenews.com.br\\\/#organization\"},\"potentialAction\":[{\"@type\":\"SearchAction\",\"target\":{\"@type\":\"EntryPoint\",\"urlTemplate\":\"https:\\\/\\\/inclusivenews.com.br\\\/?s={search_term_string}\"},\"query-input\":{\"@type\":\"PropertyValueSpecification\",\"valueRequired\":true,\"valueName\":\"search_term_string\"}}],\"inLanguage\":\"pt-PT\"},{\"@type\":\"Organization\",\"@id\":\"https:\\\/\\\/inclusivenews.com.br\\\/#organization\",\"name\":\"Inclusive - inclus\u00e3o e cidadania\",\"url\":\"https:\\\/\\\/inclusivenews.com.br\\\/\",\"logo\":{\"@type\":\"ImageObject\",\"inLanguage\":\"pt-PT\",\"@id\":\"https:\\\/\\\/inclusivenews.com.br\\\/#\\\/schema\\\/logo\\\/image\\\/\",\"url\":\"https:\\\/\\\/inclusivenews.com.br\\\/wp-content\\\/uploads\\\/2024\\\/03\\\/@grandesite.png\",\"contentUrl\":\"https:\\\/\\\/inclusivenews.com.br\\\/wp-content\\\/uploads\\\/2024\\\/03\\\/@grandesite.png\",\"width\":1080,\"height\":1080,\"caption\":\"Inclusive - inclus\u00e3o e cidadania\"},\"image\":{\"@id\":\"https:\\\/\\\/inclusivenews.com.br\\\/#\\\/schema\\\/logo\\\/image\\\/\"},\"sameAs\":[\"https:\\\/\\\/www.facebook.com\\\/agenciainclusive\\\/\",\"https:\\\/\\\/www.instagram.com\\\/newsinclusive\\\/\"]},{\"@type\":\"Person\",\"@id\":\"https:\\\/\\\/inclusivenews.com.br\\\/#\\\/schema\\\/person\\\/ae4ec7087559b8692fb33b6fffd2273b\",\"name\":\"inclusivenews2024\",\"image\":{\"@type\":\"ImageObject\",\"inLanguage\":\"pt-PT\",\"@id\":\"https:\\\/\\\/secure.gravatar.com\\\/avatar\\\/c5a7ef84c66fa914f55bc4f7ce26cfa275a3b9a1c5568b907bd184fb4dde7b40?s=96&d=mm&r=g\",\"url\":\"https:\\\/\\\/secure.gravatar.com\\\/avatar\\\/c5a7ef84c66fa914f55bc4f7ce26cfa275a3b9a1c5568b907bd184fb4dde7b40?s=96&d=mm&r=g\",\"contentUrl\":\"https:\\\/\\\/secure.gravatar.com\\\/avatar\\\/c5a7ef84c66fa914f55bc4f7ce26cfa275a3b9a1c5568b907bd184fb4dde7b40?s=96&d=mm&r=g\",\"caption\":\"inclusivenews2024\"},\"sameAs\":[\"https:\\\/\\\/inclusivenews.com.br\"],\"url\":\"https:\\\/\\\/inclusivenews.com.br\\\/?author=1\"}]}<\/script>\n<!-- \/ Yoast SEO plugin. -->","yoast_head_json":{"title":"Etapas estaduais da 2\u00aa Confer\u00eancia dos Direitos Humanos LGBT come\u00e7am em setembro -","robots":{"index":"index","follow":"follow","max-snippet":"max-snippet:-1","max-image-preview":"max-image-preview:large","max-video-preview":"max-video-preview:-1"},"canonical":"https:\/\/inclusivenews.com.br\/?p=20547","og_locale":"pt_PT","og_type":"article","og_title":"Etapas estaduais da 2\u00aa Confer\u00eancia dos Direitos Humanos LGBT come\u00e7am em setembro -","og_description":"Entre as capitais com etapas municipais convocadas est\u00e3o: Florian\u00f3polis, Curitiba, S\u00e3o Paulo, Belo Horizonte, Vit\u00f3ria, Recife, Fortaleza, Macap\u00e1 e Palmas e nas cidades de interior: Serra (ES), Campina Grande (PB), Uberl\u00e2ndia (MG), Campinas (SP), Picos (PI) e Santo Andr\u00e9 (SP).","og_url":"https:\/\/inclusivenews.com.br\/?p=20547","article_publisher":"https:\/\/www.facebook.com\/agenciainclusive\/","article_published_time":"2011-08-04T03:45:39+00:00","og_image":[{"url":"http:\/\/inclusivenews.com.br\/wp-content\/uploads\/2009\/12\/bandeira-gay1.jpg","type":"","width":"","height":""}],"author":"inclusivenews2024","twitter_card":"summary_large_image","twitter_misc":{"Escrito por":"inclusivenews2024","Tempo estimado de leitura":"1 minuto"},"schema":{"@context":"https:\/\/schema.org","@graph":[{"@type":"Article","@id":"https:\/\/inclusivenews.com.br\/?p=20547#article","isPartOf":{"@id":"https:\/\/inclusivenews.com.br\/?p=20547"},"author":{"name":"inclusivenews2024","@id":"https:\/\/inclusivenews.com.br\/#\/schema\/person\/ae4ec7087559b8692fb33b6fffd2273b"},"headline":"Etapas estaduais da 2\u00aa Confer\u00eancia dos Direitos Humanos LGBT come\u00e7am em setembro","datePublished":"2011-08-04T03:45:39+00:00","mainEntityOfPage":{"@id":"https:\/\/inclusivenews.com.br\/?p=20547"},"wordCount":286,"commentCount":0,"publisher":{"@id":"https:\/\/inclusivenews.com.br\/#organization"},"image":{"@id":"https:\/\/inclusivenews.com.br\/?p=20547#primaryimage"},"thumbnailUrl":"http:\/\/inclusivenews.com.br\/wp-content\/uploads\/2009\/12\/bandeira-gay1.jpg","articleSection":["Cursos e eventos","DIREITOS HUMANOS","Preconceito"],"inLanguage":"pt-PT","potentialAction":[{"@type":"CommentAction","name":"Comment","target":["https:\/\/inclusivenews.com.br\/?p=20547#respond"]}]},{"@type":"WebPage","@id":"https:\/\/inclusivenews.com.br\/?p=20547","url":"https:\/\/inclusivenews.com.br\/?p=20547","name":"Etapas estaduais da 2\u00aa Confer\u00eancia dos Direitos Humanos LGBT come\u00e7am em setembro -","isPartOf":{"@id":"https:\/\/inclusivenews.com.br\/#website"},"primaryImageOfPage":{"@id":"https:\/\/inclusivenews.com.br\/?p=20547#primaryimage"},"image":{"@id":"https:\/\/inclusivenews.com.br\/?p=20547#primaryimage"},"thumbnailUrl":"http:\/\/inclusivenews.com.br\/wp-content\/uploads\/2009\/12\/bandeira-gay1.jpg","datePublished":"2011-08-04T03:45:39+00:00","breadcrumb":{"@id":"https:\/\/inclusivenews.com.br\/?p=20547#breadcrumb"},"inLanguage":"pt-PT","potentialAction":[{"@type":"ReadAction","target":["https:\/\/inclusivenews.com.br\/?p=20547"]}]},{"@type":"ImageObject","inLanguage":"pt-PT","@id":"https:\/\/inclusivenews.com.br\/?p=20547#primaryimage","url":"","contentUrl":""},{"@type":"BreadcrumbList","@id":"https:\/\/inclusivenews.com.br\/?p=20547#breadcrumb","itemListElement":[{"@type":"ListItem","position":1,"name":"In\u00edcio","item":"https:\/\/inclusivenews.com.br\/"},{"@type":"ListItem","position":2,"name":"Etapas estaduais da 2\u00aa Confer\u00eancia dos Direitos Humanos LGBT come\u00e7am em setembro"}]},{"@type":"WebSite","@id":"https:\/\/inclusivenews.com.br\/#website","url":"https:\/\/inclusivenews.com.br\/","name":"Inclusive News","description":"Inclusive News","publisher":{"@id":"https:\/\/inclusivenews.com.br\/#organization"},"potentialAction":[{"@type":"SearchAction","target":{"@type":"EntryPoint","urlTemplate":"https:\/\/inclusivenews.com.br\/?s={search_term_string}"},"query-input":{"@type":"PropertyValueSpecification","valueRequired":true,"valueName":"search_term_string"}}],"inLanguage":"pt-PT"},{"@type":"Organization","@id":"https:\/\/inclusivenews.com.br\/#organization","name":"Inclusive - inclus\u00e3o e cidadania","url":"https:\/\/inclusivenews.com.br\/","logo":{"@type":"ImageObject","inLanguage":"pt-PT","@id":"https:\/\/inclusivenews.com.br\/#\/schema\/logo\/image\/","url":"https:\/\/inclusivenews.com.br\/wp-content\/uploads\/2024\/03\/@grandesite.png","contentUrl":"https:\/\/inclusivenews.com.br\/wp-content\/uploads\/2024\/03\/@grandesite.png","width":1080,"height":1080,"caption":"Inclusive - inclus\u00e3o e cidadania"},"image":{"@id":"https:\/\/inclusivenews.com.br\/#\/schema\/logo\/image\/"},"sameAs":["https:\/\/www.facebook.com\/agenciainclusive\/","https:\/\/www.instagram.com\/newsinclusive\/"]},{"@type":"Person","@id":"https:\/\/inclusivenews.com.br\/#\/schema\/person\/ae4ec7087559b8692fb33b6fffd2273b","name":"inclusivenews2024","image":{"@type":"ImageObject","inLanguage":"pt-PT","@id":"https:\/\/secure.gravatar.com\/avatar\/c5a7ef84c66fa914f55bc4f7ce26cfa275a3b9a1c5568b907bd184fb4dde7b40?s=96&d=mm&r=g","url":"https:\/\/secure.gravatar.com\/avatar\/c5a7ef84c66fa914f55bc4f7ce26cfa275a3b9a1c5568b907bd184fb4dde7b40?s=96&d=mm&r=g","contentUrl":"https:\/\/secure.gravatar.com\/avatar\/c5a7ef84c66fa914f55bc4f7ce26cfa275a3b9a1c5568b907bd184fb4dde7b40?s=96&d=mm&r=g","caption":"inclusivenews2024"},"sameAs":["https:\/\/inclusivenews.com.br"],"url":"https:\/\/inclusivenews.com.br\/?author=1"}]}},"_links":{"self":[{"href":"https:\/\/inclusivenews.com.br\/index.php?rest_route=\/wp\/v2\/posts\/20547","targetHints":{"allow":["GET"]}}],"collection":[{"href":"https:\/\/inclusivenews.com.br\/index.php?rest_route=\/wp\/v2\/posts"}],"about":[{"href":"https:\/\/inclusivenews.com.br\/index.php?rest_route=\/wp\/v2\/types\/post"}],"author":[{"embeddable":true,"href":"https:\/\/inclusivenews.com.br\/index.php?rest_route=\/wp\/v2\/users\/1"}],"replies":[{"embeddable":true,"href":"https:\/\/inclusivenews.com.br\/index.php?rest_route=%2Fwp%2Fv2%2Fcomments&post=20547"}],"version-history":[{"count":0,"href":"https:\/\/inclusivenews.com.br\/index.php?rest_route=\/wp\/v2\/posts\/20547\/revisions"}],"wp:attachment":[{"href":"https:\/\/inclusivenews.com.br\/index.php?rest_route=%2Fwp%2Fv2%2Fmedia&parent=20547"}],"wp:term":[{"taxonomy":"category","embeddable":true,"href":"https:\/\/inclusivenews.com.br\/index.php?rest_route=%2Fwp%2Fv2%2Fcategories&post=20547"},{"taxonomy":"post_tag","embeddable":true,"href":"https:\/\/inclusivenews.com.br\/index.php?rest_route=%2Fwp%2Fv2%2Ftags&post=20547"}],"curies":[{"name":"wp","href":"https:\/\/api.w.org\/{rel}","templated":true}]}}