{"id":20548,"date":"2011-08-04T00:44:01","date_gmt":"2011-08-04T03:44:01","guid":{"rendered":"http:\/\/www.inclusive.org.br\/?p=20548"},"modified":"2011-08-04T00:44:01","modified_gmt":"2011-08-04T03:44:01","slug":"3%c2%aa-conferencia-nacional-dos-direitos-da-pessoa-idosa-sera-em-novembro","status":"publish","type":"post","link":"https:\/\/inclusivenews.com.br\/?p=20548","title":{"rendered":"3\u00aa Confer\u00eancia Nacional dos Direitos da Pessoa Idosa ser\u00e1 em novembro"},"content":{"rendered":"<figure id=\"attachment_15158\" aria-describedby=\"caption-attachment-15158\" style=\"width: 300px\" class=\"wp-caption alignleft\"><img loading=\"lazy\" decoding=\"async\" class=\"size-full wp-image-15158\" title=\"Inclusive - menina e idoso sorrindo\" src=\"http:\/\/inclusivenews.com.br\/wp-content\/uploads\/2010\/05\/idoso.jpg\" alt=\"Menina e idoso sorrindo\" width=\"300\" height=\"200\" \/><figcaption id=\"caption-attachment-15158\" class=\"wp-caption-text\">Menina e idoso sorrindo<\/figcaption><\/figure>\n<p>A Secretaria de Direitos Humanos da Presid\u00eancia da Rep\u00fablica (SDH\/PR)  e o Conselho Nacional dos Direitos da Pessoa Idosa realizam, entre os  dias 23 e 25 de novembro deste ano, a 3\u00aa Confer\u00eancia Nacional dos  Direitos da Pessoa Idosa. O evento, que ser\u00e1 realizado em Bras\u00edlia (DF),  ter\u00e1 como tema \u201cO Compromisso de Todos por um Envelhecimento Digno no  Brasil\u201d.<\/p>\n<p>A confer\u00eancia \u00e9 um momento de fortalecimento da  participa\u00e7\u00e3o do pr\u00f3prio idoso na defesa de seus interesses e representa  um passo decisivo na atualiza\u00e7\u00e3o da Pol\u00edtica Nacional do Idoso. O  principal objetivo do evento \u00e9 debater avan\u00e7os e desafios dessa  Pol\u00edtica, al\u00e9m de demais assuntos referentes ao envelhecimento. A  Confer\u00eancia Nacional ser\u00e1 precedida pelas etapas municipais e estaduais  nas quais ser\u00e3o escolhidos e indicados os delegados participantes.<\/p>\n<p>O  Regimento Interno, aprovado pelo Conselho Nacional dos Direitos do  Idoso, foi publicado na edi\u00e7\u00e3o do Di\u00e1rio Oficial da Uni\u00e3o da \u00faltima  sexta-feira (22). A portaria, assinada pela ministra Maria do Ros\u00e1rio,  disp\u00f5e sobre a composi\u00e7\u00e3o das delega\u00e7\u00f5es de participantes, que ter\u00e1 60%  de representantes da sociedade civil e 40% de representantes do setor  p\u00fablico.<\/p>\n<p>O Brasil j\u00e1 teve duas Confer\u00eancias Nacionais dos Direitos  da Pessoa Idosa: a primeira, em 2006, teve como tema &#8220;Construindo a  Rede Nacional de Prote\u00e7\u00e3o e Defesa da Pessoa Idosa&#8221;, e a segunda, em  2009, \u201cAvalia\u00e7\u00e3o da Rede Nacional de Prote\u00e7\u00e3o e Defesa dos Direitos da  Pessoa idosa: Avan\u00e7os e Desafios\u201d.<\/p>\n<p>Fonte: SDH<\/p>\n","protected":false},"excerpt":{"rendered":"<p>O evento, que ser\u00e1 realizado em Bras\u00edlia (DF), ter\u00e1 como tema \u201cO Compromisso de Todos por um Envelhecimento Digno no Brasil\u201d.<\/p>\n","protected":false},"author":1,"featured_media":0,"comment_status":"open","ping_status":"open","sticky":false,"template":"","format":"standard","meta":{"site-container-style":"default","site-container-layout":"default","site-sidebar-layout":"default","disable-article-header":"default","disable-site-header":"default","disable-site-footer":"default","disable-content-area-spacing":"default","footnotes":""},"categories":[12,11],"tags":[],"class_list":["post-20548","post","type-post","status-publish","format-standard","hentry","category-cursos-e-eventos","category-direitos-humanos"],"yoast_head":"<!-- This site is optimized with the Yoast SEO plugin v27.4 - https:\/\/yoast.com\/product\/yoast-seo-wordpress\/ -->\n<title>3\u00aa Confer\u00eancia Nacional dos Direitos da Pessoa Idosa ser\u00e1 em novembro -<\/title>\n<meta name=\"robots\" content=\"index, follow, max-snippet:-1, max-image-preview:large, max-video-preview:-1\" \/>\n<link rel=\"canonical\" href=\"https:\/\/inclusivenews.com.br\/?p=20548\" \/>\n<meta property=\"og:locale\" content=\"pt_PT\" \/>\n<meta property=\"og:type\" content=\"article\" \/>\n<meta property=\"og:title\" content=\"3\u00aa Confer\u00eancia Nacional dos Direitos da Pessoa Idosa ser\u00e1 em novembro -\" \/>\n<meta property=\"og:description\" content=\"O evento, que ser\u00e1 realizado em Bras\u00edlia (DF), ter\u00e1 como tema \u201cO Compromisso de Todos por um Envelhecimento Digno no Brasil\u201d.\" \/>\n<meta property=\"og:url\" content=\"https:\/\/inclusivenews.com.br\/?p=20548\" \/>\n<meta property=\"article:publisher\" content=\"https:\/\/www.facebook.com\/agenciainclusive\/\" \/>\n<meta property=\"article:published_time\" content=\"2011-08-04T03:44:01+00:00\" \/>\n<meta property=\"og:image\" content=\"http:\/\/inclusivenews.com.br\/wp-content\/uploads\/2010\/05\/idoso.jpg\" \/>\n<meta name=\"author\" content=\"inclusivenews2024\" \/>\n<meta name=\"twitter:card\" content=\"summary_large_image\" \/>\n<meta name=\"twitter:label1\" content=\"Escrito por\" \/>\n\t<meta name=\"twitter:data1\" content=\"inclusivenews2024\" \/>\n\t<meta name=\"twitter:label2\" content=\"Tempo estimado de leitura\" \/>\n\t<meta name=\"twitter:data2\" content=\"1 minuto\" \/>\n<script type=\"application\/ld+json\" class=\"yoast-schema-graph\">{\"@context\":\"https:\\\/\\\/schema.org\",\"@graph\":[{\"@type\":\"Article\",\"@id\":\"https:\\\/\\\/inclusivenews.com.br\\\/?p=20548#article\",\"isPartOf\":{\"@id\":\"https:\\\/\\\/inclusivenews.com.br\\\/?p=20548\"},\"author\":{\"name\":\"inclusivenews2024\",\"@id\":\"https:\\\/\\\/inclusivenews.com.br\\\/#\\\/schema\\\/person\\\/ae4ec7087559b8692fb33b6fffd2273b\"},\"headline\":\"3\u00aa Confer\u00eancia Nacional dos Direitos da Pessoa Idosa ser\u00e1 em novembro\",\"datePublished\":\"2011-08-04T03:44:01+00:00\",\"mainEntityOfPage\":{\"@id\":\"https:\\\/\\\/inclusivenews.com.br\\\/?p=20548\"},\"wordCount\":276,\"commentCount\":0,\"publisher\":{\"@id\":\"https:\\\/\\\/inclusivenews.com.br\\\/#organization\"},\"image\":{\"@id\":\"https:\\\/\\\/inclusivenews.com.br\\\/?p=20548#primaryimage\"},\"thumbnailUrl\":\"http:\\\/\\\/inclusivenews.com.br\\\/wp-content\\\/uploads\\\/2010\\\/05\\\/idoso.jpg\",\"articleSection\":[\"Cursos e eventos\",\"DIREITOS HUMANOS\"],\"inLanguage\":\"pt-PT\",\"potentialAction\":[{\"@type\":\"CommentAction\",\"name\":\"Comment\",\"target\":[\"https:\\\/\\\/inclusivenews.com.br\\\/?p=20548#respond\"]}]},{\"@type\":\"WebPage\",\"@id\":\"https:\\\/\\\/inclusivenews.com.br\\\/?p=20548\",\"url\":\"https:\\\/\\\/inclusivenews.com.br\\\/?p=20548\",\"name\":\"3\u00aa Confer\u00eancia Nacional dos Direitos da Pessoa Idosa ser\u00e1 em novembro -\",\"isPartOf\":{\"@id\":\"https:\\\/\\\/inclusivenews.com.br\\\/#website\"},\"primaryImageOfPage\":{\"@id\":\"https:\\\/\\\/inclusivenews.com.br\\\/?p=20548#primaryimage\"},\"image\":{\"@id\":\"https:\\\/\\\/inclusivenews.com.br\\\/?p=20548#primaryimage\"},\"thumbnailUrl\":\"http:\\\/\\\/inclusivenews.com.br\\\/wp-content\\\/uploads\\\/2010\\\/05\\\/idoso.jpg\",\"datePublished\":\"2011-08-04T03:44:01+00:00\",\"breadcrumb\":{\"@id\":\"https:\\\/\\\/inclusivenews.com.br\\\/?p=20548#breadcrumb\"},\"inLanguage\":\"pt-PT\",\"potentialAction\":[{\"@type\":\"ReadAction\",\"target\":[\"https:\\\/\\\/inclusivenews.com.br\\\/?p=20548\"]}]},{\"@type\":\"ImageObject\",\"inLanguage\":\"pt-PT\",\"@id\":\"https:\\\/\\\/inclusivenews.com.br\\\/?p=20548#primaryimage\",\"url\":\"\",\"contentUrl\":\"\"},{\"@type\":\"BreadcrumbList\",\"@id\":\"https:\\\/\\\/inclusivenews.com.br\\\/?p=20548#breadcrumb\",\"itemListElement\":[{\"@type\":\"ListItem\",\"position\":1,\"name\":\"In\u00edcio\",\"item\":\"https:\\\/\\\/inclusivenews.com.br\\\/\"},{\"@type\":\"ListItem\",\"position\":2,\"name\":\"3\u00aa Confer\u00eancia Nacional dos Direitos da Pessoa Idosa ser\u00e1 em novembro\"}]},{\"@type\":\"WebSite\",\"@id\":\"https:\\\/\\\/inclusivenews.com.br\\\/#website\",\"url\":\"https:\\\/\\\/inclusivenews.com.br\\\/\",\"name\":\"Inclusive News\",\"description\":\"Inclusive News\",\"publisher\":{\"@id\":\"https:\\\/\\\/inclusivenews.com.br\\\/#organization\"},\"potentialAction\":[{\"@type\":\"SearchAction\",\"target\":{\"@type\":\"EntryPoint\",\"urlTemplate\":\"https:\\\/\\\/inclusivenews.com.br\\\/?s={search_term_string}\"},\"query-input\":{\"@type\":\"PropertyValueSpecification\",\"valueRequired\":true,\"valueName\":\"search_term_string\"}}],\"inLanguage\":\"pt-PT\"},{\"@type\":\"Organization\",\"@id\":\"https:\\\/\\\/inclusivenews.com.br\\\/#organization\",\"name\":\"Inclusive - inclus\u00e3o e cidadania\",\"url\":\"https:\\\/\\\/inclusivenews.com.br\\\/\",\"logo\":{\"@type\":\"ImageObject\",\"inLanguage\":\"pt-PT\",\"@id\":\"https:\\\/\\\/inclusivenews.com.br\\\/#\\\/schema\\\/logo\\\/image\\\/\",\"url\":\"https:\\\/\\\/inclusivenews.com.br\\\/wp-content\\\/uploads\\\/2024\\\/03\\\/@grandesite.png\",\"contentUrl\":\"https:\\\/\\\/inclusivenews.com.br\\\/wp-content\\\/uploads\\\/2024\\\/03\\\/@grandesite.png\",\"width\":1080,\"height\":1080,\"caption\":\"Inclusive - inclus\u00e3o e cidadania\"},\"image\":{\"@id\":\"https:\\\/\\\/inclusivenews.com.br\\\/#\\\/schema\\\/logo\\\/image\\\/\"},\"sameAs\":[\"https:\\\/\\\/www.facebook.com\\\/agenciainclusive\\\/\",\"https:\\\/\\\/www.instagram.com\\\/newsinclusive\\\/\"]},{\"@type\":\"Person\",\"@id\":\"https:\\\/\\\/inclusivenews.com.br\\\/#\\\/schema\\\/person\\\/ae4ec7087559b8692fb33b6fffd2273b\",\"name\":\"inclusivenews2024\",\"image\":{\"@type\":\"ImageObject\",\"inLanguage\":\"pt-PT\",\"@id\":\"https:\\\/\\\/secure.gravatar.com\\\/avatar\\\/c5a7ef84c66fa914f55bc4f7ce26cfa275a3b9a1c5568b907bd184fb4dde7b40?s=96&d=mm&r=g\",\"url\":\"https:\\\/\\\/secure.gravatar.com\\\/avatar\\\/c5a7ef84c66fa914f55bc4f7ce26cfa275a3b9a1c5568b907bd184fb4dde7b40?s=96&d=mm&r=g\",\"contentUrl\":\"https:\\\/\\\/secure.gravatar.com\\\/avatar\\\/c5a7ef84c66fa914f55bc4f7ce26cfa275a3b9a1c5568b907bd184fb4dde7b40?s=96&d=mm&r=g\",\"caption\":\"inclusivenews2024\"},\"sameAs\":[\"https:\\\/\\\/inclusivenews.com.br\"],\"url\":\"https:\\\/\\\/inclusivenews.com.br\\\/?author=1\"}]}<\/script>\n<!-- \/ Yoast SEO plugin. -->","yoast_head_json":{"title":"3\u00aa Confer\u00eancia Nacional dos Direitos da Pessoa Idosa ser\u00e1 em novembro -","robots":{"index":"index","follow":"follow","max-snippet":"max-snippet:-1","max-image-preview":"max-image-preview:large","max-video-preview":"max-video-preview:-1"},"canonical":"https:\/\/inclusivenews.com.br\/?p=20548","og_locale":"pt_PT","og_type":"article","og_title":"3\u00aa Confer\u00eancia Nacional dos Direitos da Pessoa Idosa ser\u00e1 em novembro -","og_description":"O evento, que ser\u00e1 realizado em Bras\u00edlia (DF), ter\u00e1 como tema \u201cO Compromisso de Todos por um Envelhecimento Digno no Brasil\u201d.","og_url":"https:\/\/inclusivenews.com.br\/?p=20548","article_publisher":"https:\/\/www.facebook.com\/agenciainclusive\/","article_published_time":"2011-08-04T03:44:01+00:00","og_image":[{"url":"http:\/\/inclusivenews.com.br\/wp-content\/uploads\/2010\/05\/idoso.jpg","type":"","width":"","height":""}],"author":"inclusivenews2024","twitter_card":"summary_large_image","twitter_misc":{"Escrito por":"inclusivenews2024","Tempo estimado de leitura":"1 minuto"},"schema":{"@context":"https:\/\/schema.org","@graph":[{"@type":"Article","@id":"https:\/\/inclusivenews.com.br\/?p=20548#article","isPartOf":{"@id":"https:\/\/inclusivenews.com.br\/?p=20548"},"author":{"name":"inclusivenews2024","@id":"https:\/\/inclusivenews.com.br\/#\/schema\/person\/ae4ec7087559b8692fb33b6fffd2273b"},"headline":"3\u00aa Confer\u00eancia Nacional dos Direitos da Pessoa Idosa ser\u00e1 em novembro","datePublished":"2011-08-04T03:44:01+00:00","mainEntityOfPage":{"@id":"https:\/\/inclusivenews.com.br\/?p=20548"},"wordCount":276,"commentCount":0,"publisher":{"@id":"https:\/\/inclusivenews.com.br\/#organization"},"image":{"@id":"https:\/\/inclusivenews.com.br\/?p=20548#primaryimage"},"thumbnailUrl":"http:\/\/inclusivenews.com.br\/wp-content\/uploads\/2010\/05\/idoso.jpg","articleSection":["Cursos e eventos","DIREITOS HUMANOS"],"inLanguage":"pt-PT","potentialAction":[{"@type":"CommentAction","name":"Comment","target":["https:\/\/inclusivenews.com.br\/?p=20548#respond"]}]},{"@type":"WebPage","@id":"https:\/\/inclusivenews.com.br\/?p=20548","url":"https:\/\/inclusivenews.com.br\/?p=20548","name":"3\u00aa Confer\u00eancia Nacional dos Direitos da Pessoa Idosa ser\u00e1 em novembro -","isPartOf":{"@id":"https:\/\/inclusivenews.com.br\/#website"},"primaryImageOfPage":{"@id":"https:\/\/inclusivenews.com.br\/?p=20548#primaryimage"},"image":{"@id":"https:\/\/inclusivenews.com.br\/?p=20548#primaryimage"},"thumbnailUrl":"http:\/\/inclusivenews.com.br\/wp-content\/uploads\/2010\/05\/idoso.jpg","datePublished":"2011-08-04T03:44:01+00:00","breadcrumb":{"@id":"https:\/\/inclusivenews.com.br\/?p=20548#breadcrumb"},"inLanguage":"pt-PT","potentialAction":[{"@type":"ReadAction","target":["https:\/\/inclusivenews.com.br\/?p=20548"]}]},{"@type":"ImageObject","inLanguage":"pt-PT","@id":"https:\/\/inclusivenews.com.br\/?p=20548#primaryimage","url":"","contentUrl":""},{"@type":"BreadcrumbList","@id":"https:\/\/inclusivenews.com.br\/?p=20548#breadcrumb","itemListElement":[{"@type":"ListItem","position":1,"name":"In\u00edcio","item":"https:\/\/inclusivenews.com.br\/"},{"@type":"ListItem","position":2,"name":"3\u00aa Confer\u00eancia Nacional dos Direitos da Pessoa Idosa ser\u00e1 em novembro"}]},{"@type":"WebSite","@id":"https:\/\/inclusivenews.com.br\/#website","url":"https:\/\/inclusivenews.com.br\/","name":"Inclusive News","description":"Inclusive News","publisher":{"@id":"https:\/\/inclusivenews.com.br\/#organization"},"potentialAction":[{"@type":"SearchAction","target":{"@type":"EntryPoint","urlTemplate":"https:\/\/inclusivenews.com.br\/?s={search_term_string}"},"query-input":{"@type":"PropertyValueSpecification","valueRequired":true,"valueName":"search_term_string"}}],"inLanguage":"pt-PT"},{"@type":"Organization","@id":"https:\/\/inclusivenews.com.br\/#organization","name":"Inclusive - inclus\u00e3o e cidadania","url":"https:\/\/inclusivenews.com.br\/","logo":{"@type":"ImageObject","inLanguage":"pt-PT","@id":"https:\/\/inclusivenews.com.br\/#\/schema\/logo\/image\/","url":"https:\/\/inclusivenews.com.br\/wp-content\/uploads\/2024\/03\/@grandesite.png","contentUrl":"https:\/\/inclusivenews.com.br\/wp-content\/uploads\/2024\/03\/@grandesite.png","width":1080,"height":1080,"caption":"Inclusive - inclus\u00e3o e cidadania"},"image":{"@id":"https:\/\/inclusivenews.com.br\/#\/schema\/logo\/image\/"},"sameAs":["https:\/\/www.facebook.com\/agenciainclusive\/","https:\/\/www.instagram.com\/newsinclusive\/"]},{"@type":"Person","@id":"https:\/\/inclusivenews.com.br\/#\/schema\/person\/ae4ec7087559b8692fb33b6fffd2273b","name":"inclusivenews2024","image":{"@type":"ImageObject","inLanguage":"pt-PT","@id":"https:\/\/secure.gravatar.com\/avatar\/c5a7ef84c66fa914f55bc4f7ce26cfa275a3b9a1c5568b907bd184fb4dde7b40?s=96&d=mm&r=g","url":"https:\/\/secure.gravatar.com\/avatar\/c5a7ef84c66fa914f55bc4f7ce26cfa275a3b9a1c5568b907bd184fb4dde7b40?s=96&d=mm&r=g","contentUrl":"https:\/\/secure.gravatar.com\/avatar\/c5a7ef84c66fa914f55bc4f7ce26cfa275a3b9a1c5568b907bd184fb4dde7b40?s=96&d=mm&r=g","caption":"inclusivenews2024"},"sameAs":["https:\/\/inclusivenews.com.br"],"url":"https:\/\/inclusivenews.com.br\/?author=1"}]}},"_links":{"self":[{"href":"https:\/\/inclusivenews.com.br\/index.php?rest_route=\/wp\/v2\/posts\/20548","targetHints":{"allow":["GET"]}}],"collection":[{"href":"https:\/\/inclusivenews.com.br\/index.php?rest_route=\/wp\/v2\/posts"}],"about":[{"href":"https:\/\/inclusivenews.com.br\/index.php?rest_route=\/wp\/v2\/types\/post"}],"author":[{"embeddable":true,"href":"https:\/\/inclusivenews.com.br\/index.php?rest_route=\/wp\/v2\/users\/1"}],"replies":[{"embeddable":true,"href":"https:\/\/inclusivenews.com.br\/index.php?rest_route=%2Fwp%2Fv2%2Fcomments&post=20548"}],"version-history":[{"count":0,"href":"https:\/\/inclusivenews.com.br\/index.php?rest_route=\/wp\/v2\/posts\/20548\/revisions"}],"wp:attachment":[{"href":"https:\/\/inclusivenews.com.br\/index.php?rest_route=%2Fwp%2Fv2%2Fmedia&parent=20548"}],"wp:term":[{"taxonomy":"category","embeddable":true,"href":"https:\/\/inclusivenews.com.br\/index.php?rest_route=%2Fwp%2Fv2%2Fcategories&post=20548"},{"taxonomy":"post_tag","embeddable":true,"href":"https:\/\/inclusivenews.com.br\/index.php?rest_route=%2Fwp%2Fv2%2Ftags&post=20548"}],"curies":[{"name":"wp","href":"https:\/\/api.w.org\/{rel}","templated":true}]}}