{"id":20589,"date":"2011-08-11T07:27:24","date_gmt":"2011-08-11T10:27:24","guid":{"rendered":"http:\/\/www.inclusive.org.br\/?p=20589"},"modified":"2011-08-11T07:27:24","modified_gmt":"2011-08-11T10:27:24","slug":"cartas-marcadas","status":"publish","type":"post","link":"https:\/\/inclusivenews.com.br\/?p=20589","title":{"rendered":"Cartas marcadas"},"content":{"rendered":"<p><strong><img loading=\"lazy\" decoding=\"async\" class=\"size-full wp-image-20603 alignleft\" title=\"Baralho de cartas marcadas\" src=\"http:\/\/inclusivenews.com.br\/wp-content\/uploads\/cartasmarcadas.jpeg\" alt=\"Baralho de cartas marcadas\" width=\"200\" height=\"200\" \/>Por Andrei Bastos *<\/strong><\/p>\n<p>O jogo de cartas marcadas da audi\u00eancia p\u00fablica \u201cEduca\u00e7\u00e3o Inclusiva \/ Inclus\u00e3o ou Exclus\u00e3o \/ \u2018Nada Sobre N\u00f3s Sem N\u00f3s\u2019\u201d na OAB\/RJ j\u00e1 se denuncia no uso descuidado do slogan \u201cNada Sobre N\u00f3s, Sem N\u00f3s\u201d em seu cartaz de divulga\u00e7\u00e3o. Este lema, adotado em 1986 pela Disabled People South Africa &#8211; DPSA, n\u00e3o prescinde em nosso idioma da importante v\u00edrgula que tem fun\u00e7\u00e3o de elipse e substitui a express\u00e3o \u201cser\u00e1 feito\u201d, encurtando a frase \u201cNada sobre n\u00f3s ser\u00e1 feito sem n\u00f3s\u201d. Mas para quem apenas usa a causa das pessoas com defici\u00eancia em interesse pr\u00f3prio, financeiro ou eleitoral, isto n\u00e3o faz diferen\u00e7a.<\/p>\n<p>Quando o cartaz despudoradamente antecipa as conclus\u00f5es do \u201cdebate\u201d, falando da \u201cnecessidade de coexist\u00eancia de escolas especializadas e escolas comuns\u201d, fica claro que o evento faz parte de uma estrat\u00e9gia para legitima\u00e7\u00e3o da posi\u00e7\u00e3o retr\u00f3grada de quem se beneficia com a perpetua\u00e7\u00e3o da exclus\u00e3o, sem mesmo considerar a inconstitucionalidade de suas pretens\u00f5es. Espero que tal manobra, que coloca um antagonismo falso entre educa\u00e7\u00e3o especial e educa\u00e7\u00e3o inclusiva e conta, infelizmente, com a participa\u00e7\u00e3o de claque formada por deficientes iludidos pelos discursos equivocados ou desonestos dos aproveitadores de plant\u00e3o, seja desmascarada o mais amplamente poss\u00edvel, evitando que a OAB\/RJ avalize esta promo\u00e7\u00e3o da nossa exclus\u00e3o permanente.<\/p>\n<p>Os parlamentares participantes \u2013 os de sempre \u2013 ser\u00e3o os primeiros benefici\u00e1rios dessa reprise das encena\u00e7\u00f5es ocorridas na C\u00e2mara Municipal carioca e na Alerj, com a manuten\u00e7\u00e3o dos seus ganhos pol\u00edticos, sustentados pelo pensamento assistencialista e excludente que h\u00e1 muito formou e consolidou suas \u00e1reas de influ\u00eancia e currais eleitorais.<\/p>\n<p>O que dever\u00edamos discutir \u00e9 como resgatar as estruturas arcaicas da educa\u00e7\u00e3o especial brasileira, centen\u00e1ria, para a modernidade e irreversibilidade da educa\u00e7\u00e3o inclusiva e n\u00e3o \u201ca necessidade de coexist\u00eancia\u201d entre realidades que devem se integrar. Afinal, essas estruturas est\u00e3o a\u00ed sem nada ou pouco fazer para o avan\u00e7o da inclus\u00e3o real e em larga escala h\u00e1 muito tempo, escolhendo ficar atadas por n\u00f3s a um passado sem n\u00f3s, mas rico em benef\u00edcios para os \u201cdonos ou donas do peda\u00e7o\u201d.<\/p>\n<p>As pessoas com defici\u00eancia brasileiras se contam em milh\u00f5es e n\u00e3o em centenas ou milhares e a exclus\u00e3o da maioria \u00e9 que garante tais ganhos pol\u00edticos e financeiros dessas estruturas de pensamento excludente, que devem ser denunciadas sempre, e n\u00e3o podemos contribuir para sua legitima\u00e7\u00e3o com nossa presen\u00e7a em seus eventos de fancaria.<\/p>\n<p>Temos que ter claro que para tais institui\u00e7\u00f5es, pol\u00edticos e ONGs o que interessa \u00e9 manter o controle e monop\u00f3lio da \u201ccausa\u201d, inclusive por meio de apadrinhamentos de coronelismo expl\u00edcito. Para tais figuras nefastas, pol\u00edticas p\u00fablicas se confundem com interesses privados e a ideia de que o processo de inclus\u00e3o ganhe escala nacional \u00e9 uma amea\u00e7a porque a galinha dos seus ovos de ouro escapar\u00e1 dos seus galinheiros, onde h\u00e1 d\u00e9cadas est\u00e3o acomodadas e bem remuneradas nos seus jogos de cartas marcadas.<\/p>\n<p>* Andrei Bastos \u00e9 jornalista e integra a Comiss\u00e3o de Direitos Humanos da OAB\/RJ.<\/p>\n<p>Fonte: O autor<em> <\/em><\/p>\n","protected":false},"excerpt":{"rendered":"<p>Artigo \u00e9 do Andrei Bastos. O que dever\u00edamos discutir \u00e9 como resgatar as estruturas arcaicas da educa\u00e7\u00e3o especial brasileira, centen\u00e1ria, para a modernidade e irreversibilidade da educa\u00e7\u00e3o inclusiva e n\u00e3o \u201ca necessidade de coexist\u00eancia\u201d entre realidades que devem se integrar. Afinal, essas estruturas est\u00e3o a\u00ed sem nada ou pouco fazer para o avan\u00e7o da inclus\u00e3o real e em larga escala h\u00e1 muito tempo, escolhendo ficar atadas por n\u00f3s a um passado sem n\u00f3s, mas rico em benef\u00edcios para os \u201cdonos ou donas do peda\u00e7o\u201d.<\/p>\n","protected":false},"author":1,"featured_media":0,"comment_status":"open","ping_status":"open","sticky":false,"template":"","format":"standard","meta":{"site-container-style":"default","site-container-layout":"default","site-sidebar-layout":"default","disable-article-header":"default","disable-site-header":"default","disable-site-footer":"default","disable-content-area-spacing":"default","footnotes":""},"categories":[38,48,8],"tags":[],"class_list":["post-20589","post","type-post","status-publish","format-standard","hentry","category-deficiencia","category-inclusao","category-textos-e-artigos"],"yoast_head":"<!-- This site is optimized with the Yoast SEO plugin v27.4 - https:\/\/yoast.com\/product\/yoast-seo-wordpress\/ -->\n<title>Cartas marcadas -<\/title>\n<meta name=\"robots\" content=\"index, follow, max-snippet:-1, max-image-preview:large, max-video-preview:-1\" \/>\n<link rel=\"canonical\" href=\"https:\/\/inclusivenews.com.br\/?p=20589\" \/>\n<meta property=\"og:locale\" content=\"pt_PT\" \/>\n<meta property=\"og:type\" content=\"article\" \/>\n<meta property=\"og:title\" content=\"Cartas marcadas -\" \/>\n<meta property=\"og:description\" content=\"Artigo \u00e9 do Andrei Bastos. O que dever\u00edamos discutir \u00e9 como resgatar as estruturas arcaicas da educa\u00e7\u00e3o especial brasileira, centen\u00e1ria, para a modernidade e irreversibilidade da educa\u00e7\u00e3o inclusiva e n\u00e3o \u201ca necessidade de coexist\u00eancia\u201d entre realidades que devem se integrar. Afinal, essas estruturas est\u00e3o a\u00ed sem nada ou pouco fazer para o avan\u00e7o da inclus\u00e3o real e em larga escala h\u00e1 muito tempo, escolhendo ficar atadas por n\u00f3s a um passado sem n\u00f3s, mas rico em benef\u00edcios para os \u201cdonos ou donas do peda\u00e7o\u201d.\" \/>\n<meta property=\"og:url\" content=\"https:\/\/inclusivenews.com.br\/?p=20589\" \/>\n<meta property=\"article:publisher\" content=\"https:\/\/www.facebook.com\/agenciainclusive\/\" \/>\n<meta property=\"article:published_time\" content=\"2011-08-11T10:27:24+00:00\" \/>\n<meta property=\"og:image\" content=\"http:\/\/inclusivenews.com.br\/wp-content\/uploads\/cartasmarcadas.jpeg\" \/>\n<meta name=\"author\" content=\"inclusivenews2024\" \/>\n<meta name=\"twitter:card\" content=\"summary_large_image\" \/>\n<meta name=\"twitter:label1\" content=\"Escrito por\" \/>\n\t<meta name=\"twitter:data1\" content=\"inclusivenews2024\" \/>\n\t<meta name=\"twitter:label2\" content=\"Tempo estimado de leitura\" \/>\n\t<meta name=\"twitter:data2\" content=\"3 minutos\" \/>\n<script type=\"application\/ld+json\" class=\"yoast-schema-graph\">{\"@context\":\"https:\\\/\\\/schema.org\",\"@graph\":[{\"@type\":\"Article\",\"@id\":\"https:\\\/\\\/inclusivenews.com.br\\\/?p=20589#article\",\"isPartOf\":{\"@id\":\"https:\\\/\\\/inclusivenews.com.br\\\/?p=20589\"},\"author\":{\"name\":\"inclusivenews2024\",\"@id\":\"https:\\\/\\\/inclusivenews.com.br\\\/#\\\/schema\\\/person\\\/ae4ec7087559b8692fb33b6fffd2273b\"},\"headline\":\"Cartas marcadas\",\"datePublished\":\"2011-08-11T10:27:24+00:00\",\"mainEntityOfPage\":{\"@id\":\"https:\\\/\\\/inclusivenews.com.br\\\/?p=20589\"},\"wordCount\":560,\"commentCount\":0,\"publisher\":{\"@id\":\"https:\\\/\\\/inclusivenews.com.br\\\/#organization\"},\"image\":{\"@id\":\"https:\\\/\\\/inclusivenews.com.br\\\/?p=20589#primaryimage\"},\"thumbnailUrl\":\"http:\\\/\\\/inclusivenews.com.br\\\/wp-content\\\/uploads\\\/cartasmarcadas.jpeg\",\"articleSection\":[\"Defici\u00eancia\",\"INCLUS\u00c3O SOCIAL\",\"OPINI\u00c3O\"],\"inLanguage\":\"pt-PT\",\"potentialAction\":[{\"@type\":\"CommentAction\",\"name\":\"Comment\",\"target\":[\"https:\\\/\\\/inclusivenews.com.br\\\/?p=20589#respond\"]}]},{\"@type\":\"WebPage\",\"@id\":\"https:\\\/\\\/inclusivenews.com.br\\\/?p=20589\",\"url\":\"https:\\\/\\\/inclusivenews.com.br\\\/?p=20589\",\"name\":\"Cartas marcadas -\",\"isPartOf\":{\"@id\":\"https:\\\/\\\/inclusivenews.com.br\\\/#website\"},\"primaryImageOfPage\":{\"@id\":\"https:\\\/\\\/inclusivenews.com.br\\\/?p=20589#primaryimage\"},\"image\":{\"@id\":\"https:\\\/\\\/inclusivenews.com.br\\\/?p=20589#primaryimage\"},\"thumbnailUrl\":\"http:\\\/\\\/inclusivenews.com.br\\\/wp-content\\\/uploads\\\/cartasmarcadas.jpeg\",\"datePublished\":\"2011-08-11T10:27:24+00:00\",\"breadcrumb\":{\"@id\":\"https:\\\/\\\/inclusivenews.com.br\\\/?p=20589#breadcrumb\"},\"inLanguage\":\"pt-PT\",\"potentialAction\":[{\"@type\":\"ReadAction\",\"target\":[\"https:\\\/\\\/inclusivenews.com.br\\\/?p=20589\"]}]},{\"@type\":\"ImageObject\",\"inLanguage\":\"pt-PT\",\"@id\":\"https:\\\/\\\/inclusivenews.com.br\\\/?p=20589#primaryimage\",\"url\":\"\",\"contentUrl\":\"\"},{\"@type\":\"BreadcrumbList\",\"@id\":\"https:\\\/\\\/inclusivenews.com.br\\\/?p=20589#breadcrumb\",\"itemListElement\":[{\"@type\":\"ListItem\",\"position\":1,\"name\":\"In\u00edcio\",\"item\":\"https:\\\/\\\/inclusivenews.com.br\\\/\"},{\"@type\":\"ListItem\",\"position\":2,\"name\":\"Cartas marcadas\"}]},{\"@type\":\"WebSite\",\"@id\":\"https:\\\/\\\/inclusivenews.com.br\\\/#website\",\"url\":\"https:\\\/\\\/inclusivenews.com.br\\\/\",\"name\":\"Inclusive News\",\"description\":\"Inclusive News\",\"publisher\":{\"@id\":\"https:\\\/\\\/inclusivenews.com.br\\\/#organization\"},\"potentialAction\":[{\"@type\":\"SearchAction\",\"target\":{\"@type\":\"EntryPoint\",\"urlTemplate\":\"https:\\\/\\\/inclusivenews.com.br\\\/?s={search_term_string}\"},\"query-input\":{\"@type\":\"PropertyValueSpecification\",\"valueRequired\":true,\"valueName\":\"search_term_string\"}}],\"inLanguage\":\"pt-PT\"},{\"@type\":\"Organization\",\"@id\":\"https:\\\/\\\/inclusivenews.com.br\\\/#organization\",\"name\":\"Inclusive - inclus\u00e3o e cidadania\",\"url\":\"https:\\\/\\\/inclusivenews.com.br\\\/\",\"logo\":{\"@type\":\"ImageObject\",\"inLanguage\":\"pt-PT\",\"@id\":\"https:\\\/\\\/inclusivenews.com.br\\\/#\\\/schema\\\/logo\\\/image\\\/\",\"url\":\"https:\\\/\\\/inclusivenews.com.br\\\/wp-content\\\/uploads\\\/2024\\\/03\\\/@grandesite.png\",\"contentUrl\":\"https:\\\/\\\/inclusivenews.com.br\\\/wp-content\\\/uploads\\\/2024\\\/03\\\/@grandesite.png\",\"width\":1080,\"height\":1080,\"caption\":\"Inclusive - inclus\u00e3o e cidadania\"},\"image\":{\"@id\":\"https:\\\/\\\/inclusivenews.com.br\\\/#\\\/schema\\\/logo\\\/image\\\/\"},\"sameAs\":[\"https:\\\/\\\/www.facebook.com\\\/agenciainclusive\\\/\",\"https:\\\/\\\/www.instagram.com\\\/newsinclusive\\\/\"]},{\"@type\":\"Person\",\"@id\":\"https:\\\/\\\/inclusivenews.com.br\\\/#\\\/schema\\\/person\\\/ae4ec7087559b8692fb33b6fffd2273b\",\"name\":\"inclusivenews2024\",\"image\":{\"@type\":\"ImageObject\",\"inLanguage\":\"pt-PT\",\"@id\":\"https:\\\/\\\/secure.gravatar.com\\\/avatar\\\/c5a7ef84c66fa914f55bc4f7ce26cfa275a3b9a1c5568b907bd184fb4dde7b40?s=96&d=mm&r=g\",\"url\":\"https:\\\/\\\/secure.gravatar.com\\\/avatar\\\/c5a7ef84c66fa914f55bc4f7ce26cfa275a3b9a1c5568b907bd184fb4dde7b40?s=96&d=mm&r=g\",\"contentUrl\":\"https:\\\/\\\/secure.gravatar.com\\\/avatar\\\/c5a7ef84c66fa914f55bc4f7ce26cfa275a3b9a1c5568b907bd184fb4dde7b40?s=96&d=mm&r=g\",\"caption\":\"inclusivenews2024\"},\"sameAs\":[\"https:\\\/\\\/inclusivenews.com.br\"],\"url\":\"https:\\\/\\\/inclusivenews.com.br\\\/?author=1\"}]}<\/script>\n<!-- \/ Yoast SEO plugin. -->","yoast_head_json":{"title":"Cartas marcadas -","robots":{"index":"index","follow":"follow","max-snippet":"max-snippet:-1","max-image-preview":"max-image-preview:large","max-video-preview":"max-video-preview:-1"},"canonical":"https:\/\/inclusivenews.com.br\/?p=20589","og_locale":"pt_PT","og_type":"article","og_title":"Cartas marcadas -","og_description":"Artigo \u00e9 do Andrei Bastos. O que dever\u00edamos discutir \u00e9 como resgatar as estruturas arcaicas da educa\u00e7\u00e3o especial brasileira, centen\u00e1ria, para a modernidade e irreversibilidade da educa\u00e7\u00e3o inclusiva e n\u00e3o \u201ca necessidade de coexist\u00eancia\u201d entre realidades que devem se integrar. Afinal, essas estruturas est\u00e3o a\u00ed sem nada ou pouco fazer para o avan\u00e7o da inclus\u00e3o real e em larga escala h\u00e1 muito tempo, escolhendo ficar atadas por n\u00f3s a um passado sem n\u00f3s, mas rico em benef\u00edcios para os \u201cdonos ou donas do peda\u00e7o\u201d.","og_url":"https:\/\/inclusivenews.com.br\/?p=20589","article_publisher":"https:\/\/www.facebook.com\/agenciainclusive\/","article_published_time":"2011-08-11T10:27:24+00:00","og_image":[{"url":"http:\/\/inclusivenews.com.br\/wp-content\/uploads\/cartasmarcadas.jpeg","type":"","width":"","height":""}],"author":"inclusivenews2024","twitter_card":"summary_large_image","twitter_misc":{"Escrito por":"inclusivenews2024","Tempo estimado de leitura":"3 minutos"},"schema":{"@context":"https:\/\/schema.org","@graph":[{"@type":"Article","@id":"https:\/\/inclusivenews.com.br\/?p=20589#article","isPartOf":{"@id":"https:\/\/inclusivenews.com.br\/?p=20589"},"author":{"name":"inclusivenews2024","@id":"https:\/\/inclusivenews.com.br\/#\/schema\/person\/ae4ec7087559b8692fb33b6fffd2273b"},"headline":"Cartas marcadas","datePublished":"2011-08-11T10:27:24+00:00","mainEntityOfPage":{"@id":"https:\/\/inclusivenews.com.br\/?p=20589"},"wordCount":560,"commentCount":0,"publisher":{"@id":"https:\/\/inclusivenews.com.br\/#organization"},"image":{"@id":"https:\/\/inclusivenews.com.br\/?p=20589#primaryimage"},"thumbnailUrl":"http:\/\/inclusivenews.com.br\/wp-content\/uploads\/cartasmarcadas.jpeg","articleSection":["Defici\u00eancia","INCLUS\u00c3O SOCIAL","OPINI\u00c3O"],"inLanguage":"pt-PT","potentialAction":[{"@type":"CommentAction","name":"Comment","target":["https:\/\/inclusivenews.com.br\/?p=20589#respond"]}]},{"@type":"WebPage","@id":"https:\/\/inclusivenews.com.br\/?p=20589","url":"https:\/\/inclusivenews.com.br\/?p=20589","name":"Cartas marcadas -","isPartOf":{"@id":"https:\/\/inclusivenews.com.br\/#website"},"primaryImageOfPage":{"@id":"https:\/\/inclusivenews.com.br\/?p=20589#primaryimage"},"image":{"@id":"https:\/\/inclusivenews.com.br\/?p=20589#primaryimage"},"thumbnailUrl":"http:\/\/inclusivenews.com.br\/wp-content\/uploads\/cartasmarcadas.jpeg","datePublished":"2011-08-11T10:27:24+00:00","breadcrumb":{"@id":"https:\/\/inclusivenews.com.br\/?p=20589#breadcrumb"},"inLanguage":"pt-PT","potentialAction":[{"@type":"ReadAction","target":["https:\/\/inclusivenews.com.br\/?p=20589"]}]},{"@type":"ImageObject","inLanguage":"pt-PT","@id":"https:\/\/inclusivenews.com.br\/?p=20589#primaryimage","url":"","contentUrl":""},{"@type":"BreadcrumbList","@id":"https:\/\/inclusivenews.com.br\/?p=20589#breadcrumb","itemListElement":[{"@type":"ListItem","position":1,"name":"In\u00edcio","item":"https:\/\/inclusivenews.com.br\/"},{"@type":"ListItem","position":2,"name":"Cartas marcadas"}]},{"@type":"WebSite","@id":"https:\/\/inclusivenews.com.br\/#website","url":"https:\/\/inclusivenews.com.br\/","name":"Inclusive News","description":"Inclusive News","publisher":{"@id":"https:\/\/inclusivenews.com.br\/#organization"},"potentialAction":[{"@type":"SearchAction","target":{"@type":"EntryPoint","urlTemplate":"https:\/\/inclusivenews.com.br\/?s={search_term_string}"},"query-input":{"@type":"PropertyValueSpecification","valueRequired":true,"valueName":"search_term_string"}}],"inLanguage":"pt-PT"},{"@type":"Organization","@id":"https:\/\/inclusivenews.com.br\/#organization","name":"Inclusive - inclus\u00e3o e cidadania","url":"https:\/\/inclusivenews.com.br\/","logo":{"@type":"ImageObject","inLanguage":"pt-PT","@id":"https:\/\/inclusivenews.com.br\/#\/schema\/logo\/image\/","url":"https:\/\/inclusivenews.com.br\/wp-content\/uploads\/2024\/03\/@grandesite.png","contentUrl":"https:\/\/inclusivenews.com.br\/wp-content\/uploads\/2024\/03\/@grandesite.png","width":1080,"height":1080,"caption":"Inclusive - inclus\u00e3o e cidadania"},"image":{"@id":"https:\/\/inclusivenews.com.br\/#\/schema\/logo\/image\/"},"sameAs":["https:\/\/www.facebook.com\/agenciainclusive\/","https:\/\/www.instagram.com\/newsinclusive\/"]},{"@type":"Person","@id":"https:\/\/inclusivenews.com.br\/#\/schema\/person\/ae4ec7087559b8692fb33b6fffd2273b","name":"inclusivenews2024","image":{"@type":"ImageObject","inLanguage":"pt-PT","@id":"https:\/\/secure.gravatar.com\/avatar\/c5a7ef84c66fa914f55bc4f7ce26cfa275a3b9a1c5568b907bd184fb4dde7b40?s=96&d=mm&r=g","url":"https:\/\/secure.gravatar.com\/avatar\/c5a7ef84c66fa914f55bc4f7ce26cfa275a3b9a1c5568b907bd184fb4dde7b40?s=96&d=mm&r=g","contentUrl":"https:\/\/secure.gravatar.com\/avatar\/c5a7ef84c66fa914f55bc4f7ce26cfa275a3b9a1c5568b907bd184fb4dde7b40?s=96&d=mm&r=g","caption":"inclusivenews2024"},"sameAs":["https:\/\/inclusivenews.com.br"],"url":"https:\/\/inclusivenews.com.br\/?author=1"}]}},"_links":{"self":[{"href":"https:\/\/inclusivenews.com.br\/index.php?rest_route=\/wp\/v2\/posts\/20589","targetHints":{"allow":["GET"]}}],"collection":[{"href":"https:\/\/inclusivenews.com.br\/index.php?rest_route=\/wp\/v2\/posts"}],"about":[{"href":"https:\/\/inclusivenews.com.br\/index.php?rest_route=\/wp\/v2\/types\/post"}],"author":[{"embeddable":true,"href":"https:\/\/inclusivenews.com.br\/index.php?rest_route=\/wp\/v2\/users\/1"}],"replies":[{"embeddable":true,"href":"https:\/\/inclusivenews.com.br\/index.php?rest_route=%2Fwp%2Fv2%2Fcomments&post=20589"}],"version-history":[{"count":0,"href":"https:\/\/inclusivenews.com.br\/index.php?rest_route=\/wp\/v2\/posts\/20589\/revisions"}],"wp:attachment":[{"href":"https:\/\/inclusivenews.com.br\/index.php?rest_route=%2Fwp%2Fv2%2Fmedia&parent=20589"}],"wp:term":[{"taxonomy":"category","embeddable":true,"href":"https:\/\/inclusivenews.com.br\/index.php?rest_route=%2Fwp%2Fv2%2Fcategories&post=20589"},{"taxonomy":"post_tag","embeddable":true,"href":"https:\/\/inclusivenews.com.br\/index.php?rest_route=%2Fwp%2Fv2%2Ftags&post=20589"}],"curies":[{"name":"wp","href":"https:\/\/api.w.org\/{rel}","templated":true}]}}