{"id":20591,"date":"2011-08-11T07:24:26","date_gmt":"2011-08-11T10:24:26","guid":{"rendered":"http:\/\/www.inclusive.org.br\/?p=20591"},"modified":"2011-08-11T07:24:26","modified_gmt":"2011-08-11T10:24:26","slug":"deficientes-visuais-vivenciam-a-natureza","status":"publish","type":"post","link":"https:\/\/inclusivenews.com.br\/?p=20591","title":{"rendered":"Deficientes visuais vivenciam a natureza"},"content":{"rendered":"<figure style=\"width: 420px\" class=\"wp-caption alignleft\"><img loading=\"lazy\" decoding=\"async\" title=\"Crian\u00e7as com defici\u00eancia visual moldam r\u00e9plicas, sob orienta\u00e7\u00e3o de professores, e usam a imagina\u00e7\u00e3o para aproveitar o momento \u00fanico.\" src=\"http:\/\/diariodonordeste.globo.com\/imagem.asp?Imagem=527822\" alt=\"\" width=\"420\" height=\"281\" \/><figcaption class=\"wp-caption-text\">Crian\u00e7as com defici\u00eancia visual moldam r\u00e9plicas, sob orienta\u00e7\u00e3o de professores, e usam a imagina\u00e7\u00e3o para aproveitar o momento \u00fanico.<\/figcaption><\/figure>\n<div class=\"mceTemp\">\n<dl class=\"wp-caption alignleft\" style=\"width: 430px;\">\n<dd class=\"wp-caption-dd\">Crian\u00e7as com defici\u00eancia visual moldam r\u00e9plicas, sob orienta\u00e7\u00e3o de professores, e usam a imagina\u00e7\u00e3o para aproveitar o momento \u00fanico.<\/dd>\n<\/dl>\n<\/div>\n<p><strong>Por Eliz\u00e2ngela Santos<\/strong><\/p>\n<p>Uma oportunidade para conhecer um pouco da biodiversidade da Chapada do Araripe. E s\u00e3o estudantes da Unidade de Educa\u00e7\u00e3o Especial que t\u00eam feito o experimento, pela primeira vez, na ponta dos dedos, pela escuta ou simplesmente sentido a brisa na face, na Floresta Nacional do Araripe (Flona). Ontem e hoje est\u00e1 sendo realizada, pela primeira vez, para 20 alunos de 15 escolas p\u00fablicas municipais do Crato, em parceria com o projeto Geopark Araripe, o projeto-piloto &#8220;Atividades de sensibiliza\u00e7\u00e3o de crian\u00e7as com defici\u00eancia visual&#8221;.<\/p>\n<p>Pais e professores tamb\u00e9m estiveram envolvidos nas atividades. Ontem pela manh\u00e3, no Centro de Interpreta\u00e7\u00e3o do Geopark, no Parque de Exposi\u00e7\u00f5es, em Crato, os estudantes conheceram pe\u00e7as de f\u00f3sseis e tamb\u00e9m fizeram r\u00e9plicas, com a massa especial, por meio da orienta\u00e7\u00e3o de estagi\u00e1rios do projeto e volunt\u00e1rios. As professoras e coordenadoras das escolas acompanharam as atividades, o que consideram uma a\u00e7\u00e3o \u00fanica e que promove, acima de tudo, a inser\u00e7\u00e3o dos alunos da educa\u00e7\u00e3o especial.<\/p>\n<p>A inten\u00e7\u00e3o, segundo os organizadores, \u00e9 trabalhar uma metodologia para sensibilizar portadores de defici\u00eancias visuais na percep\u00e7\u00e3o do meio ambiente e dos elementos caracter\u00edsticos do territ\u00f3rio do Geopark. Ontem, foi realizada a viv\u00eancia com as crian\u00e7as no Centro de Interpreta\u00e7\u00e3o.<\/p>\n<p>Al\u00e9m do contato com os f\u00f3sseis, as crian\u00e7as e adolescentes, puderam perceber os minerais, plantas, esp\u00e9cies de animais t\u00edpicos da Chapada, como o soldadinho-do-araripe, e outros elementos. Tamb\u00e9m foi usada a metodologia de percep\u00e7\u00e3o dos sons do ambiente e de p\u00e1ssaros da Flona, por meio da exibi\u00e7\u00e3o de v\u00eddeo.<\/p>\n<p>Hoje, a partir das 8 horas, ser\u00e1 realizada uma trilha no Belmonte, na floresta nacional, adaptada para portadores de defici\u00eancia visual. Essas a\u00e7\u00f5es, de acordo com a equipe do Geopark, pretendem viabilizar a educa\u00e7\u00e3o inclusiva para alunos com defici\u00eancia. Segundo a secret\u00e1ria executiva do Geopark, Fl\u00e1via Lima, essa a\u00e7\u00e3o poder\u00e1 ser desencadeada nos outros Munic\u00edpios da regi\u00e3o, que envolvem o territ\u00f3rio do projeto.<\/p>\n<p>A coordenadora da Unidade de Ensino Especial, Maria Margareth Correia dos Santos, da Secretaria de Educa\u00e7\u00e3o do Crato, afirma que essa \u00e9 uma oportunidade que vai enriquecer a experi\u00eancia de trabalho com os alunos da educa\u00e7\u00e3o especial. &#8220;O toque e a rela\u00e7\u00e3o com a natureza s\u00e3o importantes&#8221;, diz. Outro ponto destacado \u00e9 a abertura da universidade para perceber a necessidade de inclus\u00e3o e possibilitar isso para outras institui\u00e7\u00f5es. Ela destaca a ades\u00e3o de outras escolas de sua cidade ao projeto do Geopark.<\/p>\n<p>Para Fl\u00e1via Lima, esse poder\u00e1 ser um trabalho at\u00e9 pioneiro na \u00e1rea de Geoparks. Ela trouxe a ideia do trabalho que p\u00f4de desenvolver no Paran\u00e1. E com isso, foi feito um planejamento para as adequa\u00e7\u00f5es ao Geopark Araripe. &#8220;Temos a inten\u00e7\u00e3o de, al\u00e9m de trabalhar com outros Munic\u00edpios, poder dar oportunidade para pessoas com outras necessidades especiais&#8221;, explica a secret\u00e1ria executiva.<\/p>\n<p>A estudante Maria de F\u00e1tima Sousa e Silva, de 8 anos, brincou muito pela manh\u00e3 e tamb\u00e9m aprendeu a fazer r\u00e9plicas de f\u00f3sseis. A cada toque, um despertar para conhecer os f\u00f3sseis de uma \u00e1rea t\u00e3o abundante, como a Chapada do Araripe, que faziam parte de um mundo desconhecido da aluna da escola Dom Vicente, em Crato.<\/p>\n<p>A professora de Braille, Juliana Sousa, levou duas de suas alunas para participar da viv\u00eancia. Ela disse que essas a\u00e7\u00f5es promovem o desenvolvimento t\u00e1ctil das crian\u00e7as. &#8220;Essa \u00e9 a primeira oportunidade que esses alunos est\u00e3o tendo e s\u00f3 vem agregar conhecimento, al\u00e9m de divers\u00e3o&#8221;, diz ela.<\/p>\n<p>MAIS INFORMA\u00c7\u00d5ES<br \/>\nEscrit\u00f3rio Geopark Araripe\/Urca &#8211; Rua Te\u00f3filo Siqueira, 754<br \/>\nCentro &#8211; Crato (CE)<br \/>\nTelefone: (88) 3102.1237<\/p>\n<p>Fonte: <a href=\"http:\/\/diariodonordeste.globo.com\/materia.asp?codigo=1022039\">Di\u00e1rio do Nordeste<\/a><\/p>\n","protected":false},"excerpt":{"rendered":"<p>Geopark Araripe proporciona contato de pessoas com defici\u00eancia visual com a natureza, al\u00e9m de novos conhecimentos. Do Di\u00e1rio do Nordeste.<\/p>\n","protected":false},"author":1,"featured_media":0,"comment_status":"open","ping_status":"open","sticky":false,"template":"","format":"standard","meta":{"site-container-style":"default","site-container-layout":"default","site-sidebar-layout":"default","disable-article-header":"default","disable-site-header":"default","disable-site-footer":"default","disable-content-area-spacing":"default","footnotes":""},"categories":[44,38,48,4],"tags":[],"class_list":["post-20591","post","type-post","status-publish","format-standard","hentry","category-acessibilidade","category-deficiencia","category-inclusao","category-noticias"],"yoast_head":"<!-- This site is optimized with the Yoast SEO plugin v27.4 - https:\/\/yoast.com\/product\/yoast-seo-wordpress\/ -->\n<title>Deficientes visuais vivenciam a natureza -<\/title>\n<meta name=\"robots\" content=\"index, follow, max-snippet:-1, max-image-preview:large, max-video-preview:-1\" \/>\n<link rel=\"canonical\" href=\"https:\/\/inclusivenews.com.br\/?p=20591\" \/>\n<meta property=\"og:locale\" content=\"pt_PT\" \/>\n<meta property=\"og:type\" content=\"article\" \/>\n<meta property=\"og:title\" content=\"Deficientes visuais vivenciam a natureza -\" \/>\n<meta property=\"og:description\" content=\"Geopark Araripe proporciona contato de pessoas com defici\u00eancia visual com a natureza, al\u00e9m de novos conhecimentos. Do Di\u00e1rio do Nordeste.\" \/>\n<meta property=\"og:url\" content=\"https:\/\/inclusivenews.com.br\/?p=20591\" \/>\n<meta property=\"article:publisher\" content=\"https:\/\/www.facebook.com\/agenciainclusive\/\" \/>\n<meta property=\"article:published_time\" content=\"2011-08-11T10:24:26+00:00\" \/>\n<meta property=\"og:image\" content=\"http:\/\/diariodonordeste.globo.com\/imagem.asp?Imagem=527822\" \/>\n<meta name=\"author\" content=\"inclusivenews2024\" \/>\n<meta name=\"twitter:card\" content=\"summary_large_image\" \/>\n<meta name=\"twitter:label1\" content=\"Escrito por\" \/>\n\t<meta name=\"twitter:data1\" content=\"inclusivenews2024\" \/>\n\t<meta name=\"twitter:label2\" content=\"Tempo estimado de leitura\" \/>\n\t<meta name=\"twitter:data2\" content=\"4 minutos\" \/>\n<script type=\"application\/ld+json\" class=\"yoast-schema-graph\">{\"@context\":\"https:\\\/\\\/schema.org\",\"@graph\":[{\"@type\":\"Article\",\"@id\":\"https:\\\/\\\/inclusivenews.com.br\\\/?p=20591#article\",\"isPartOf\":{\"@id\":\"https:\\\/\\\/inclusivenews.com.br\\\/?p=20591\"},\"author\":{\"name\":\"inclusivenews2024\",\"@id\":\"https:\\\/\\\/inclusivenews.com.br\\\/#\\\/schema\\\/person\\\/ae4ec7087559b8692fb33b6fffd2273b\"},\"headline\":\"Deficientes visuais vivenciam a natureza\",\"datePublished\":\"2011-08-11T10:24:26+00:00\",\"mainEntityOfPage\":{\"@id\":\"https:\\\/\\\/inclusivenews.com.br\\\/?p=20591\"},\"wordCount\":711,\"commentCount\":0,\"publisher\":{\"@id\":\"https:\\\/\\\/inclusivenews.com.br\\\/#organization\"},\"image\":{\"@id\":\"https:\\\/\\\/inclusivenews.com.br\\\/?p=20591#primaryimage\"},\"thumbnailUrl\":\"http:\\\/\\\/diariodonordeste.globo.com\\\/imagem.asp?Imagem=527822\",\"articleSection\":[\"ACESSIBILIDADE\",\"Defici\u00eancia\",\"INCLUS\u00c3O SOCIAL\",\"NOT\u00cdCIAS\"],\"inLanguage\":\"pt-PT\",\"potentialAction\":[{\"@type\":\"CommentAction\",\"name\":\"Comment\",\"target\":[\"https:\\\/\\\/inclusivenews.com.br\\\/?p=20591#respond\"]}]},{\"@type\":\"WebPage\",\"@id\":\"https:\\\/\\\/inclusivenews.com.br\\\/?p=20591\",\"url\":\"https:\\\/\\\/inclusivenews.com.br\\\/?p=20591\",\"name\":\"Deficientes visuais vivenciam a natureza -\",\"isPartOf\":{\"@id\":\"https:\\\/\\\/inclusivenews.com.br\\\/#website\"},\"primaryImageOfPage\":{\"@id\":\"https:\\\/\\\/inclusivenews.com.br\\\/?p=20591#primaryimage\"},\"image\":{\"@id\":\"https:\\\/\\\/inclusivenews.com.br\\\/?p=20591#primaryimage\"},\"thumbnailUrl\":\"http:\\\/\\\/diariodonordeste.globo.com\\\/imagem.asp?Imagem=527822\",\"datePublished\":\"2011-08-11T10:24:26+00:00\",\"breadcrumb\":{\"@id\":\"https:\\\/\\\/inclusivenews.com.br\\\/?p=20591#breadcrumb\"},\"inLanguage\":\"pt-PT\",\"potentialAction\":[{\"@type\":\"ReadAction\",\"target\":[\"https:\\\/\\\/inclusivenews.com.br\\\/?p=20591\"]}]},{\"@type\":\"ImageObject\",\"inLanguage\":\"pt-PT\",\"@id\":\"https:\\\/\\\/inclusivenews.com.br\\\/?p=20591#primaryimage\",\"url\":\"http:\\\/\\\/diariodonordeste.globo.com\\\/imagem.asp?Imagem=527822\",\"contentUrl\":\"http:\\\/\\\/diariodonordeste.globo.com\\\/imagem.asp?Imagem=527822\"},{\"@type\":\"BreadcrumbList\",\"@id\":\"https:\\\/\\\/inclusivenews.com.br\\\/?p=20591#breadcrumb\",\"itemListElement\":[{\"@type\":\"ListItem\",\"position\":1,\"name\":\"In\u00edcio\",\"item\":\"https:\\\/\\\/inclusivenews.com.br\\\/\"},{\"@type\":\"ListItem\",\"position\":2,\"name\":\"Deficientes visuais vivenciam a natureza\"}]},{\"@type\":\"WebSite\",\"@id\":\"https:\\\/\\\/inclusivenews.com.br\\\/#website\",\"url\":\"https:\\\/\\\/inclusivenews.com.br\\\/\",\"name\":\"Inclusive News\",\"description\":\"Inclusive News\",\"publisher\":{\"@id\":\"https:\\\/\\\/inclusivenews.com.br\\\/#organization\"},\"potentialAction\":[{\"@type\":\"SearchAction\",\"target\":{\"@type\":\"EntryPoint\",\"urlTemplate\":\"https:\\\/\\\/inclusivenews.com.br\\\/?s={search_term_string}\"},\"query-input\":{\"@type\":\"PropertyValueSpecification\",\"valueRequired\":true,\"valueName\":\"search_term_string\"}}],\"inLanguage\":\"pt-PT\"},{\"@type\":\"Organization\",\"@id\":\"https:\\\/\\\/inclusivenews.com.br\\\/#organization\",\"name\":\"Inclusive - inclus\u00e3o e cidadania\",\"url\":\"https:\\\/\\\/inclusivenews.com.br\\\/\",\"logo\":{\"@type\":\"ImageObject\",\"inLanguage\":\"pt-PT\",\"@id\":\"https:\\\/\\\/inclusivenews.com.br\\\/#\\\/schema\\\/logo\\\/image\\\/\",\"url\":\"https:\\\/\\\/inclusivenews.com.br\\\/wp-content\\\/uploads\\\/2024\\\/03\\\/@grandesite.png\",\"contentUrl\":\"https:\\\/\\\/inclusivenews.com.br\\\/wp-content\\\/uploads\\\/2024\\\/03\\\/@grandesite.png\",\"width\":1080,\"height\":1080,\"caption\":\"Inclusive - inclus\u00e3o e cidadania\"},\"image\":{\"@id\":\"https:\\\/\\\/inclusivenews.com.br\\\/#\\\/schema\\\/logo\\\/image\\\/\"},\"sameAs\":[\"https:\\\/\\\/www.facebook.com\\\/agenciainclusive\\\/\",\"https:\\\/\\\/www.instagram.com\\\/newsinclusive\\\/\"]},{\"@type\":\"Person\",\"@id\":\"https:\\\/\\\/inclusivenews.com.br\\\/#\\\/schema\\\/person\\\/ae4ec7087559b8692fb33b6fffd2273b\",\"name\":\"inclusivenews2024\",\"image\":{\"@type\":\"ImageObject\",\"inLanguage\":\"pt-PT\",\"@id\":\"https:\\\/\\\/secure.gravatar.com\\\/avatar\\\/c5a7ef84c66fa914f55bc4f7ce26cfa275a3b9a1c5568b907bd184fb4dde7b40?s=96&d=mm&r=g\",\"url\":\"https:\\\/\\\/secure.gravatar.com\\\/avatar\\\/c5a7ef84c66fa914f55bc4f7ce26cfa275a3b9a1c5568b907bd184fb4dde7b40?s=96&d=mm&r=g\",\"contentUrl\":\"https:\\\/\\\/secure.gravatar.com\\\/avatar\\\/c5a7ef84c66fa914f55bc4f7ce26cfa275a3b9a1c5568b907bd184fb4dde7b40?s=96&d=mm&r=g\",\"caption\":\"inclusivenews2024\"},\"sameAs\":[\"https:\\\/\\\/inclusivenews.com.br\"],\"url\":\"https:\\\/\\\/inclusivenews.com.br\\\/?author=1\"}]}<\/script>\n<!-- \/ Yoast SEO plugin. -->","yoast_head_json":{"title":"Deficientes visuais vivenciam a natureza -","robots":{"index":"index","follow":"follow","max-snippet":"max-snippet:-1","max-image-preview":"max-image-preview:large","max-video-preview":"max-video-preview:-1"},"canonical":"https:\/\/inclusivenews.com.br\/?p=20591","og_locale":"pt_PT","og_type":"article","og_title":"Deficientes visuais vivenciam a natureza -","og_description":"Geopark Araripe proporciona contato de pessoas com defici\u00eancia visual com a natureza, al\u00e9m de novos conhecimentos. Do Di\u00e1rio do Nordeste.","og_url":"https:\/\/inclusivenews.com.br\/?p=20591","article_publisher":"https:\/\/www.facebook.com\/agenciainclusive\/","article_published_time":"2011-08-11T10:24:26+00:00","og_image":[{"url":"http:\/\/diariodonordeste.globo.com\/imagem.asp?Imagem=527822","type":"","width":"","height":""}],"author":"inclusivenews2024","twitter_card":"summary_large_image","twitter_misc":{"Escrito por":"inclusivenews2024","Tempo estimado de leitura":"4 minutos"},"schema":{"@context":"https:\/\/schema.org","@graph":[{"@type":"Article","@id":"https:\/\/inclusivenews.com.br\/?p=20591#article","isPartOf":{"@id":"https:\/\/inclusivenews.com.br\/?p=20591"},"author":{"name":"inclusivenews2024","@id":"https:\/\/inclusivenews.com.br\/#\/schema\/person\/ae4ec7087559b8692fb33b6fffd2273b"},"headline":"Deficientes visuais vivenciam a natureza","datePublished":"2011-08-11T10:24:26+00:00","mainEntityOfPage":{"@id":"https:\/\/inclusivenews.com.br\/?p=20591"},"wordCount":711,"commentCount":0,"publisher":{"@id":"https:\/\/inclusivenews.com.br\/#organization"},"image":{"@id":"https:\/\/inclusivenews.com.br\/?p=20591#primaryimage"},"thumbnailUrl":"http:\/\/diariodonordeste.globo.com\/imagem.asp?Imagem=527822","articleSection":["ACESSIBILIDADE","Defici\u00eancia","INCLUS\u00c3O SOCIAL","NOT\u00cdCIAS"],"inLanguage":"pt-PT","potentialAction":[{"@type":"CommentAction","name":"Comment","target":["https:\/\/inclusivenews.com.br\/?p=20591#respond"]}]},{"@type":"WebPage","@id":"https:\/\/inclusivenews.com.br\/?p=20591","url":"https:\/\/inclusivenews.com.br\/?p=20591","name":"Deficientes visuais vivenciam a natureza -","isPartOf":{"@id":"https:\/\/inclusivenews.com.br\/#website"},"primaryImageOfPage":{"@id":"https:\/\/inclusivenews.com.br\/?p=20591#primaryimage"},"image":{"@id":"https:\/\/inclusivenews.com.br\/?p=20591#primaryimage"},"thumbnailUrl":"http:\/\/diariodonordeste.globo.com\/imagem.asp?Imagem=527822","datePublished":"2011-08-11T10:24:26+00:00","breadcrumb":{"@id":"https:\/\/inclusivenews.com.br\/?p=20591#breadcrumb"},"inLanguage":"pt-PT","potentialAction":[{"@type":"ReadAction","target":["https:\/\/inclusivenews.com.br\/?p=20591"]}]},{"@type":"ImageObject","inLanguage":"pt-PT","@id":"https:\/\/inclusivenews.com.br\/?p=20591#primaryimage","url":"http:\/\/diariodonordeste.globo.com\/imagem.asp?Imagem=527822","contentUrl":"http:\/\/diariodonordeste.globo.com\/imagem.asp?Imagem=527822"},{"@type":"BreadcrumbList","@id":"https:\/\/inclusivenews.com.br\/?p=20591#breadcrumb","itemListElement":[{"@type":"ListItem","position":1,"name":"In\u00edcio","item":"https:\/\/inclusivenews.com.br\/"},{"@type":"ListItem","position":2,"name":"Deficientes visuais vivenciam a natureza"}]},{"@type":"WebSite","@id":"https:\/\/inclusivenews.com.br\/#website","url":"https:\/\/inclusivenews.com.br\/","name":"Inclusive News","description":"Inclusive News","publisher":{"@id":"https:\/\/inclusivenews.com.br\/#organization"},"potentialAction":[{"@type":"SearchAction","target":{"@type":"EntryPoint","urlTemplate":"https:\/\/inclusivenews.com.br\/?s={search_term_string}"},"query-input":{"@type":"PropertyValueSpecification","valueRequired":true,"valueName":"search_term_string"}}],"inLanguage":"pt-PT"},{"@type":"Organization","@id":"https:\/\/inclusivenews.com.br\/#organization","name":"Inclusive - inclus\u00e3o e cidadania","url":"https:\/\/inclusivenews.com.br\/","logo":{"@type":"ImageObject","inLanguage":"pt-PT","@id":"https:\/\/inclusivenews.com.br\/#\/schema\/logo\/image\/","url":"https:\/\/inclusivenews.com.br\/wp-content\/uploads\/2024\/03\/@grandesite.png","contentUrl":"https:\/\/inclusivenews.com.br\/wp-content\/uploads\/2024\/03\/@grandesite.png","width":1080,"height":1080,"caption":"Inclusive - inclus\u00e3o e cidadania"},"image":{"@id":"https:\/\/inclusivenews.com.br\/#\/schema\/logo\/image\/"},"sameAs":["https:\/\/www.facebook.com\/agenciainclusive\/","https:\/\/www.instagram.com\/newsinclusive\/"]},{"@type":"Person","@id":"https:\/\/inclusivenews.com.br\/#\/schema\/person\/ae4ec7087559b8692fb33b6fffd2273b","name":"inclusivenews2024","image":{"@type":"ImageObject","inLanguage":"pt-PT","@id":"https:\/\/secure.gravatar.com\/avatar\/c5a7ef84c66fa914f55bc4f7ce26cfa275a3b9a1c5568b907bd184fb4dde7b40?s=96&d=mm&r=g","url":"https:\/\/secure.gravatar.com\/avatar\/c5a7ef84c66fa914f55bc4f7ce26cfa275a3b9a1c5568b907bd184fb4dde7b40?s=96&d=mm&r=g","contentUrl":"https:\/\/secure.gravatar.com\/avatar\/c5a7ef84c66fa914f55bc4f7ce26cfa275a3b9a1c5568b907bd184fb4dde7b40?s=96&d=mm&r=g","caption":"inclusivenews2024"},"sameAs":["https:\/\/inclusivenews.com.br"],"url":"https:\/\/inclusivenews.com.br\/?author=1"}]}},"_links":{"self":[{"href":"https:\/\/inclusivenews.com.br\/index.php?rest_route=\/wp\/v2\/posts\/20591","targetHints":{"allow":["GET"]}}],"collection":[{"href":"https:\/\/inclusivenews.com.br\/index.php?rest_route=\/wp\/v2\/posts"}],"about":[{"href":"https:\/\/inclusivenews.com.br\/index.php?rest_route=\/wp\/v2\/types\/post"}],"author":[{"embeddable":true,"href":"https:\/\/inclusivenews.com.br\/index.php?rest_route=\/wp\/v2\/users\/1"}],"replies":[{"embeddable":true,"href":"https:\/\/inclusivenews.com.br\/index.php?rest_route=%2Fwp%2Fv2%2Fcomments&post=20591"}],"version-history":[{"count":0,"href":"https:\/\/inclusivenews.com.br\/index.php?rest_route=\/wp\/v2\/posts\/20591\/revisions"}],"wp:attachment":[{"href":"https:\/\/inclusivenews.com.br\/index.php?rest_route=%2Fwp%2Fv2%2Fmedia&parent=20591"}],"wp:term":[{"taxonomy":"category","embeddable":true,"href":"https:\/\/inclusivenews.com.br\/index.php?rest_route=%2Fwp%2Fv2%2Fcategories&post=20591"},{"taxonomy":"post_tag","embeddable":true,"href":"https:\/\/inclusivenews.com.br\/index.php?rest_route=%2Fwp%2Fv2%2Ftags&post=20591"}],"curies":[{"name":"wp","href":"https:\/\/api.w.org\/{rel}","templated":true}]}}