{"id":20594,"date":"2011-08-11T07:20:59","date_gmt":"2011-08-11T10:20:59","guid":{"rendered":"http:\/\/www.inclusive.org.br\/?p=20594"},"modified":"2011-08-11T07:20:59","modified_gmt":"2011-08-11T10:20:59","slug":"lei-maria-da-penha-comemora-cinco-anos","status":"publish","type":"post","link":"https:\/\/inclusivenews.com.br\/?p=20594","title":{"rendered":"Lei Maria da Penha comemora cinco anos"},"content":{"rendered":"<figure id=\"attachment_17806\" aria-describedby=\"caption-attachment-17806\" style=\"width: 203px\" class=\"wp-caption alignleft\"><img loading=\"lazy\" decoding=\"async\" class=\"size-full wp-image-17806\" title=\"Inclusive - g\u00eanero - ilustra\u00e7\u00e3o de cinco mulheres lado a lado\" src=\"http:\/\/inclusivenews.com.br\/wp-content\/uploads\/2010\/10\/mulheres.jpg\" alt=\"Inclusive - g\u00eanero - ilustra\u00e7\u00e3o de cinco mulheres lado a lado\" width=\"203\" height=\"185\" \/><figcaption id=\"caption-attachment-17806\" class=\"wp-caption-text\"> <\/figcaption><\/figure>\n<p>No domingo (07\/08) a Lei 11.340\/06, conhecida por Lei Maria da Penha, comemorou cinco anos de promulga\u00e7\u00e3o. Formulada para impedir a viol\u00eancia dom\u00e9stica e familiar contra a mulher, \u201ca lei \u00e9 fruto de uma mobiliza\u00e7\u00e3o do movimento de mulheres e vem para desnaturalizar e criminalizar a viol\u00eancia contra a mulher\u201d, explica Eliana Gra\u00e7a, assessora pol\u00edtica do Instituto de Estudos Socioecon\u00f4micos (Inesc).<\/p>\n<p>De acordo com a assessora, a lei \u00e9 um avan\u00e7o legislativo, pois quebra padr\u00f5es sociais baseados no machismo e patriarcalismo. \u201cAo tornar a luta contra viol\u00eancia uma pol\u00edtica p\u00fablica, o estado encoraja a den\u00fancia do agressor e fornece mecanismos de defesa para a mulher\u201d, declara Eliana.<\/p>\n<p>No entanto, apesar do avan\u00e7o legislativo, a viol\u00eancia dom\u00e9stica no Brasil ainda apresenta dados preocupantes. Pesquisa do Instituto Avon \/ Ipsos realizada entre 31 de janeiro e 10 de fevereiro de 2011 revelou que seis em cada 10 brasileiros conhecem alguma mulher que foi v\u00edtima de viol\u00eancia dom\u00e9stica. E que 94% dos entrevistados conheciam a Lei Maria da Penha, mas apenas 13% sabiam seu conte\u00fado. Segundo a quarta edi\u00e7\u00e3o da pesquisa DataSenado, o medo continua sendo a raz\u00e3o principal (68%) para evitar a den\u00fancia dos agressores.<\/p>\n<p>A Central de Atendimento \u00e0 Mulher, ou Ligue 180, \u00e9 um servi\u00e7o do governo que atende queixas de viol\u00eancia dom\u00e9stica contra a mulher e esclarece d\u00favidas sobre a Lei Maria da Penha. Desde sua cria\u00e7\u00e3o em 2006 a junho de 2011 a central recebeu 1.952.001 liga\u00e7\u00f5es, sendo 237.271 sobre relatos de viol\u00eancia.<\/p>\n<p>Destes, 141.838 (60%) corresponderam \u00e0 viol\u00eancia f\u00edsica; 62.326 (26%), \u00e0 viol\u00eancia psicol\u00f3gica; 23.456 (10%), \u00e0 viol\u00eancia moral; 3.780 (1,5%), \u00e0 viol\u00eancia patrimonial; 4.686 (1,9%), \u00e0 viol\u00eancia sexual; 1.021 (0,4%), ao c\u00e1rcere privado; e 164, ao tr\u00e1fico de mulheres.<\/p>\n<p>\u201c\u00c9 importante lembrar que uma lei s\u00f3 n\u00e3o muda a cultura machista da sociedade brasileira\u201d, refor\u00e7a Eliana. Para a assessora o quadro s\u00f3 ser\u00e1 diferente quando homens e mulheres transformarem seu comportamento.<\/p>\n<p>Constitucionalidade em julgamento<\/p>\n<p>A Lei Maria da Penha enfrenta uma A\u00e7\u00e3o Declarat\u00f3ria de Constitucionalidade (n.19) no Supremo Tribunal Federal (STF). De acordo com a a\u00e7\u00e3o, a Lei fere o princ\u00edpio constitucional da isonomia entre os sexos, uma vez que determina dispositivos de prote\u00e7\u00e3o \u00e0s mulheres. Existem tamb\u00e9m no Congresso Nacional projetos de lei que pretendem modificar a Lei Maria da Penha.<\/p>\n<p>\u201cA cultura machista tamb\u00e9m est\u00e1 impregnada no estado. H\u00e1 um discurso pol\u00edtico contra a viol\u00eancia, mas na pr\u00e1tica existe certo recuo. Quando se confere o or\u00e7amento destinado a efetiva\u00e7\u00e3o da Lei Maria da Penha, por exemplo, \u00e9 percept\u00edvel que os recursos s\u00e3o poucos e n\u00e3o s\u00e3o executados\u201d, revela Eliana Gra\u00e7a.<\/p>\n<p>Fonte: <a href=\"http:\/\/www.inesc.org.br\/noticias\/noticias-do-inesc\/2011\/agosto\/lei-maria-da-penha-comemora-cinco-anos\">INESC<\/a><\/p>\n","protected":false},"excerpt":{"rendered":"<p>Formulada para impedir a viol\u00eancia dom\u00e9stica e familiar contra a mulher, \u201ca lei \u00e9 fruto de uma mobiliza\u00e7\u00e3o do movimento de mulheres e vem para desnaturalizar e criminalizar a viol\u00eancia contra a mulher\u201d, explica Eliana Gra\u00e7a, assessora pol\u00edtica do Instituto de Estudos Socioecon\u00f4micos (Inesc).<\/p>\n","protected":false},"author":1,"featured_media":0,"comment_status":"open","ping_status":"open","sticky":false,"template":"","format":"standard","meta":{"site-container-style":"default","site-container-layout":"default","site-sidebar-layout":"default","disable-article-header":"default","disable-site-header":"default","disable-site-footer":"default","disable-content-area-spacing":"default","footnotes":""},"categories":[11,4],"tags":[],"class_list":["post-20594","post","type-post","status-publish","format-standard","hentry","category-direitos-humanos","category-noticias"],"yoast_head":"<!-- This site is optimized with the Yoast SEO plugin v27.4 - https:\/\/yoast.com\/product\/yoast-seo-wordpress\/ -->\n<title>Lei Maria da Penha comemora cinco anos -<\/title>\n<meta name=\"robots\" content=\"index, follow, max-snippet:-1, max-image-preview:large, max-video-preview:-1\" \/>\n<link rel=\"canonical\" href=\"https:\/\/inclusivenews.com.br\/?p=20594\" \/>\n<meta property=\"og:locale\" content=\"pt_PT\" \/>\n<meta property=\"og:type\" content=\"article\" \/>\n<meta property=\"og:title\" content=\"Lei Maria da Penha comemora cinco anos -\" \/>\n<meta property=\"og:description\" content=\"Formulada para impedir a viol\u00eancia dom\u00e9stica e familiar contra a mulher, \u201ca lei \u00e9 fruto de uma mobiliza\u00e7\u00e3o do movimento de mulheres e vem para desnaturalizar e criminalizar a viol\u00eancia contra a mulher\u201d, explica Eliana Gra\u00e7a, assessora pol\u00edtica do Instituto de Estudos Socioecon\u00f4micos (Inesc).\" \/>\n<meta property=\"og:url\" content=\"https:\/\/inclusivenews.com.br\/?p=20594\" \/>\n<meta property=\"article:publisher\" content=\"https:\/\/www.facebook.com\/agenciainclusive\/\" \/>\n<meta property=\"article:published_time\" content=\"2011-08-11T10:20:59+00:00\" \/>\n<meta property=\"og:image\" content=\"http:\/\/inclusivenews.com.br\/wp-content\/uploads\/2010\/10\/mulheres.jpg\" \/>\n<meta name=\"author\" content=\"inclusivenews2024\" \/>\n<meta name=\"twitter:card\" content=\"summary_large_image\" \/>\n<meta name=\"twitter:label1\" content=\"Escrito por\" \/>\n\t<meta name=\"twitter:data1\" content=\"inclusivenews2024\" \/>\n\t<meta name=\"twitter:label2\" content=\"Tempo estimado de leitura\" \/>\n\t<meta name=\"twitter:data2\" content=\"2 minutos\" \/>\n<script type=\"application\/ld+json\" class=\"yoast-schema-graph\">{\"@context\":\"https:\\\/\\\/schema.org\",\"@graph\":[{\"@type\":\"Article\",\"@id\":\"https:\\\/\\\/inclusivenews.com.br\\\/?p=20594#article\",\"isPartOf\":{\"@id\":\"https:\\\/\\\/inclusivenews.com.br\\\/?p=20594\"},\"author\":{\"name\":\"inclusivenews2024\",\"@id\":\"https:\\\/\\\/inclusivenews.com.br\\\/#\\\/schema\\\/person\\\/ae4ec7087559b8692fb33b6fffd2273b\"},\"headline\":\"Lei Maria da Penha comemora cinco anos\",\"datePublished\":\"2011-08-11T10:20:59+00:00\",\"mainEntityOfPage\":{\"@id\":\"https:\\\/\\\/inclusivenews.com.br\\\/?p=20594\"},\"wordCount\":463,\"commentCount\":0,\"publisher\":{\"@id\":\"https:\\\/\\\/inclusivenews.com.br\\\/#organization\"},\"image\":{\"@id\":\"https:\\\/\\\/inclusivenews.com.br\\\/?p=20594#primaryimage\"},\"thumbnailUrl\":\"http:\\\/\\\/inclusivenews.com.br\\\/wp-content\\\/uploads\\\/2010\\\/10\\\/mulheres.jpg\",\"articleSection\":[\"DIREITOS HUMANOS\",\"NOT\u00cdCIAS\"],\"inLanguage\":\"pt-PT\",\"potentialAction\":[{\"@type\":\"CommentAction\",\"name\":\"Comment\",\"target\":[\"https:\\\/\\\/inclusivenews.com.br\\\/?p=20594#respond\"]}]},{\"@type\":\"WebPage\",\"@id\":\"https:\\\/\\\/inclusivenews.com.br\\\/?p=20594\",\"url\":\"https:\\\/\\\/inclusivenews.com.br\\\/?p=20594\",\"name\":\"Lei Maria da Penha comemora cinco anos -\",\"isPartOf\":{\"@id\":\"https:\\\/\\\/inclusivenews.com.br\\\/#website\"},\"primaryImageOfPage\":{\"@id\":\"https:\\\/\\\/inclusivenews.com.br\\\/?p=20594#primaryimage\"},\"image\":{\"@id\":\"https:\\\/\\\/inclusivenews.com.br\\\/?p=20594#primaryimage\"},\"thumbnailUrl\":\"http:\\\/\\\/inclusivenews.com.br\\\/wp-content\\\/uploads\\\/2010\\\/10\\\/mulheres.jpg\",\"datePublished\":\"2011-08-11T10:20:59+00:00\",\"breadcrumb\":{\"@id\":\"https:\\\/\\\/inclusivenews.com.br\\\/?p=20594#breadcrumb\"},\"inLanguage\":\"pt-PT\",\"potentialAction\":[{\"@type\":\"ReadAction\",\"target\":[\"https:\\\/\\\/inclusivenews.com.br\\\/?p=20594\"]}]},{\"@type\":\"ImageObject\",\"inLanguage\":\"pt-PT\",\"@id\":\"https:\\\/\\\/inclusivenews.com.br\\\/?p=20594#primaryimage\",\"url\":\"\",\"contentUrl\":\"\"},{\"@type\":\"BreadcrumbList\",\"@id\":\"https:\\\/\\\/inclusivenews.com.br\\\/?p=20594#breadcrumb\",\"itemListElement\":[{\"@type\":\"ListItem\",\"position\":1,\"name\":\"In\u00edcio\",\"item\":\"https:\\\/\\\/inclusivenews.com.br\\\/\"},{\"@type\":\"ListItem\",\"position\":2,\"name\":\"Lei Maria da Penha comemora cinco anos\"}]},{\"@type\":\"WebSite\",\"@id\":\"https:\\\/\\\/inclusivenews.com.br\\\/#website\",\"url\":\"https:\\\/\\\/inclusivenews.com.br\\\/\",\"name\":\"Inclusive News\",\"description\":\"Inclusive News\",\"publisher\":{\"@id\":\"https:\\\/\\\/inclusivenews.com.br\\\/#organization\"},\"potentialAction\":[{\"@type\":\"SearchAction\",\"target\":{\"@type\":\"EntryPoint\",\"urlTemplate\":\"https:\\\/\\\/inclusivenews.com.br\\\/?s={search_term_string}\"},\"query-input\":{\"@type\":\"PropertyValueSpecification\",\"valueRequired\":true,\"valueName\":\"search_term_string\"}}],\"inLanguage\":\"pt-PT\"},{\"@type\":\"Organization\",\"@id\":\"https:\\\/\\\/inclusivenews.com.br\\\/#organization\",\"name\":\"Inclusive - inclus\u00e3o e cidadania\",\"url\":\"https:\\\/\\\/inclusivenews.com.br\\\/\",\"logo\":{\"@type\":\"ImageObject\",\"inLanguage\":\"pt-PT\",\"@id\":\"https:\\\/\\\/inclusivenews.com.br\\\/#\\\/schema\\\/logo\\\/image\\\/\",\"url\":\"https:\\\/\\\/inclusivenews.com.br\\\/wp-content\\\/uploads\\\/2024\\\/03\\\/@grandesite.png\",\"contentUrl\":\"https:\\\/\\\/inclusivenews.com.br\\\/wp-content\\\/uploads\\\/2024\\\/03\\\/@grandesite.png\",\"width\":1080,\"height\":1080,\"caption\":\"Inclusive - inclus\u00e3o e cidadania\"},\"image\":{\"@id\":\"https:\\\/\\\/inclusivenews.com.br\\\/#\\\/schema\\\/logo\\\/image\\\/\"},\"sameAs\":[\"https:\\\/\\\/www.facebook.com\\\/agenciainclusive\\\/\",\"https:\\\/\\\/www.instagram.com\\\/newsinclusive\\\/\"]},{\"@type\":\"Person\",\"@id\":\"https:\\\/\\\/inclusivenews.com.br\\\/#\\\/schema\\\/person\\\/ae4ec7087559b8692fb33b6fffd2273b\",\"name\":\"inclusivenews2024\",\"image\":{\"@type\":\"ImageObject\",\"inLanguage\":\"pt-PT\",\"@id\":\"https:\\\/\\\/secure.gravatar.com\\\/avatar\\\/c5a7ef84c66fa914f55bc4f7ce26cfa275a3b9a1c5568b907bd184fb4dde7b40?s=96&d=mm&r=g\",\"url\":\"https:\\\/\\\/secure.gravatar.com\\\/avatar\\\/c5a7ef84c66fa914f55bc4f7ce26cfa275a3b9a1c5568b907bd184fb4dde7b40?s=96&d=mm&r=g\",\"contentUrl\":\"https:\\\/\\\/secure.gravatar.com\\\/avatar\\\/c5a7ef84c66fa914f55bc4f7ce26cfa275a3b9a1c5568b907bd184fb4dde7b40?s=96&d=mm&r=g\",\"caption\":\"inclusivenews2024\"},\"sameAs\":[\"https:\\\/\\\/inclusivenews.com.br\"],\"url\":\"https:\\\/\\\/inclusivenews.com.br\\\/?author=1\"}]}<\/script>\n<!-- \/ Yoast SEO plugin. -->","yoast_head_json":{"title":"Lei Maria da Penha comemora cinco anos -","robots":{"index":"index","follow":"follow","max-snippet":"max-snippet:-1","max-image-preview":"max-image-preview:large","max-video-preview":"max-video-preview:-1"},"canonical":"https:\/\/inclusivenews.com.br\/?p=20594","og_locale":"pt_PT","og_type":"article","og_title":"Lei Maria da Penha comemora cinco anos -","og_description":"Formulada para impedir a viol\u00eancia dom\u00e9stica e familiar contra a mulher, \u201ca lei \u00e9 fruto de uma mobiliza\u00e7\u00e3o do movimento de mulheres e vem para desnaturalizar e criminalizar a viol\u00eancia contra a mulher\u201d, explica Eliana Gra\u00e7a, assessora pol\u00edtica do Instituto de Estudos Socioecon\u00f4micos (Inesc).","og_url":"https:\/\/inclusivenews.com.br\/?p=20594","article_publisher":"https:\/\/www.facebook.com\/agenciainclusive\/","article_published_time":"2011-08-11T10:20:59+00:00","og_image":[{"url":"http:\/\/inclusivenews.com.br\/wp-content\/uploads\/2010\/10\/mulheres.jpg","type":"","width":"","height":""}],"author":"inclusivenews2024","twitter_card":"summary_large_image","twitter_misc":{"Escrito por":"inclusivenews2024","Tempo estimado de leitura":"2 minutos"},"schema":{"@context":"https:\/\/schema.org","@graph":[{"@type":"Article","@id":"https:\/\/inclusivenews.com.br\/?p=20594#article","isPartOf":{"@id":"https:\/\/inclusivenews.com.br\/?p=20594"},"author":{"name":"inclusivenews2024","@id":"https:\/\/inclusivenews.com.br\/#\/schema\/person\/ae4ec7087559b8692fb33b6fffd2273b"},"headline":"Lei Maria da Penha comemora cinco anos","datePublished":"2011-08-11T10:20:59+00:00","mainEntityOfPage":{"@id":"https:\/\/inclusivenews.com.br\/?p=20594"},"wordCount":463,"commentCount":0,"publisher":{"@id":"https:\/\/inclusivenews.com.br\/#organization"},"image":{"@id":"https:\/\/inclusivenews.com.br\/?p=20594#primaryimage"},"thumbnailUrl":"http:\/\/inclusivenews.com.br\/wp-content\/uploads\/2010\/10\/mulheres.jpg","articleSection":["DIREITOS HUMANOS","NOT\u00cdCIAS"],"inLanguage":"pt-PT","potentialAction":[{"@type":"CommentAction","name":"Comment","target":["https:\/\/inclusivenews.com.br\/?p=20594#respond"]}]},{"@type":"WebPage","@id":"https:\/\/inclusivenews.com.br\/?p=20594","url":"https:\/\/inclusivenews.com.br\/?p=20594","name":"Lei Maria da Penha comemora cinco anos -","isPartOf":{"@id":"https:\/\/inclusivenews.com.br\/#website"},"primaryImageOfPage":{"@id":"https:\/\/inclusivenews.com.br\/?p=20594#primaryimage"},"image":{"@id":"https:\/\/inclusivenews.com.br\/?p=20594#primaryimage"},"thumbnailUrl":"http:\/\/inclusivenews.com.br\/wp-content\/uploads\/2010\/10\/mulheres.jpg","datePublished":"2011-08-11T10:20:59+00:00","breadcrumb":{"@id":"https:\/\/inclusivenews.com.br\/?p=20594#breadcrumb"},"inLanguage":"pt-PT","potentialAction":[{"@type":"ReadAction","target":["https:\/\/inclusivenews.com.br\/?p=20594"]}]},{"@type":"ImageObject","inLanguage":"pt-PT","@id":"https:\/\/inclusivenews.com.br\/?p=20594#primaryimage","url":"","contentUrl":""},{"@type":"BreadcrumbList","@id":"https:\/\/inclusivenews.com.br\/?p=20594#breadcrumb","itemListElement":[{"@type":"ListItem","position":1,"name":"In\u00edcio","item":"https:\/\/inclusivenews.com.br\/"},{"@type":"ListItem","position":2,"name":"Lei Maria da Penha comemora cinco anos"}]},{"@type":"WebSite","@id":"https:\/\/inclusivenews.com.br\/#website","url":"https:\/\/inclusivenews.com.br\/","name":"Inclusive News","description":"Inclusive News","publisher":{"@id":"https:\/\/inclusivenews.com.br\/#organization"},"potentialAction":[{"@type":"SearchAction","target":{"@type":"EntryPoint","urlTemplate":"https:\/\/inclusivenews.com.br\/?s={search_term_string}"},"query-input":{"@type":"PropertyValueSpecification","valueRequired":true,"valueName":"search_term_string"}}],"inLanguage":"pt-PT"},{"@type":"Organization","@id":"https:\/\/inclusivenews.com.br\/#organization","name":"Inclusive - inclus\u00e3o e cidadania","url":"https:\/\/inclusivenews.com.br\/","logo":{"@type":"ImageObject","inLanguage":"pt-PT","@id":"https:\/\/inclusivenews.com.br\/#\/schema\/logo\/image\/","url":"https:\/\/inclusivenews.com.br\/wp-content\/uploads\/2024\/03\/@grandesite.png","contentUrl":"https:\/\/inclusivenews.com.br\/wp-content\/uploads\/2024\/03\/@grandesite.png","width":1080,"height":1080,"caption":"Inclusive - inclus\u00e3o e cidadania"},"image":{"@id":"https:\/\/inclusivenews.com.br\/#\/schema\/logo\/image\/"},"sameAs":["https:\/\/www.facebook.com\/agenciainclusive\/","https:\/\/www.instagram.com\/newsinclusive\/"]},{"@type":"Person","@id":"https:\/\/inclusivenews.com.br\/#\/schema\/person\/ae4ec7087559b8692fb33b6fffd2273b","name":"inclusivenews2024","image":{"@type":"ImageObject","inLanguage":"pt-PT","@id":"https:\/\/secure.gravatar.com\/avatar\/c5a7ef84c66fa914f55bc4f7ce26cfa275a3b9a1c5568b907bd184fb4dde7b40?s=96&d=mm&r=g","url":"https:\/\/secure.gravatar.com\/avatar\/c5a7ef84c66fa914f55bc4f7ce26cfa275a3b9a1c5568b907bd184fb4dde7b40?s=96&d=mm&r=g","contentUrl":"https:\/\/secure.gravatar.com\/avatar\/c5a7ef84c66fa914f55bc4f7ce26cfa275a3b9a1c5568b907bd184fb4dde7b40?s=96&d=mm&r=g","caption":"inclusivenews2024"},"sameAs":["https:\/\/inclusivenews.com.br"],"url":"https:\/\/inclusivenews.com.br\/?author=1"}]}},"_links":{"self":[{"href":"https:\/\/inclusivenews.com.br\/index.php?rest_route=\/wp\/v2\/posts\/20594","targetHints":{"allow":["GET"]}}],"collection":[{"href":"https:\/\/inclusivenews.com.br\/index.php?rest_route=\/wp\/v2\/posts"}],"about":[{"href":"https:\/\/inclusivenews.com.br\/index.php?rest_route=\/wp\/v2\/types\/post"}],"author":[{"embeddable":true,"href":"https:\/\/inclusivenews.com.br\/index.php?rest_route=\/wp\/v2\/users\/1"}],"replies":[{"embeddable":true,"href":"https:\/\/inclusivenews.com.br\/index.php?rest_route=%2Fwp%2Fv2%2Fcomments&post=20594"}],"version-history":[{"count":0,"href":"https:\/\/inclusivenews.com.br\/index.php?rest_route=\/wp\/v2\/posts\/20594\/revisions"}],"wp:attachment":[{"href":"https:\/\/inclusivenews.com.br\/index.php?rest_route=%2Fwp%2Fv2%2Fmedia&parent=20594"}],"wp:term":[{"taxonomy":"category","embeddable":true,"href":"https:\/\/inclusivenews.com.br\/index.php?rest_route=%2Fwp%2Fv2%2Fcategories&post=20594"},{"taxonomy":"post_tag","embeddable":true,"href":"https:\/\/inclusivenews.com.br\/index.php?rest_route=%2Fwp%2Fv2%2Ftags&post=20594"}],"curies":[{"name":"wp","href":"https:\/\/api.w.org\/{rel}","templated":true}]}}