{"id":20595,"date":"2011-08-11T07:30:02","date_gmt":"2011-08-11T10:30:02","guid":{"rendered":"http:\/\/www.inclusive.org.br\/?p=20595"},"modified":"2011-08-11T07:30:02","modified_gmt":"2011-08-11T10:30:02","slug":"relatorio-anual-das-desigualdades-raciais-no-brasil-2009-2010","status":"publish","type":"post","link":"https:\/\/inclusivenews.com.br\/?p=20595","title":{"rendered":"Relat\u00f3rio Anual das Desigualdades Raciais no Brasil 2009 \u2013 2010"},"content":{"rendered":"<figure id=\"attachment_12403\" aria-describedby=\"caption-attachment-12403\" style=\"width: 240px\" class=\"wp-caption alignleft\"><a href=\"http:\/\/www.google.com.br\/url?sa=t&amp;source=web&amp;cd=1&amp;ved=0CCMQFjAA&amp;url=http%3A%2F%2Fwww.redesaude.org.br%2Fportal%2Fcomunica%2F2011-07%2Fincludes_publicacoes%2F01_Relatorio_2009-2010_desigualdades%2520raciais.pdf&amp;ei=Rn1ATpjwBIXl0QHr08jGBw&amp;usg=AFQjCNE9YV0Ll15GtdkC4B_YVPf5_hHyKA\" target=\"_blank\" rel=\"noopener\"><img loading=\"lazy\" decoding=\"async\" class=\"size-medium wp-image-12403\" title=\"Inclusive - Diferente - s\u00edmbolo matem\u00e1tico da diferen\u00e7a. Dois tra\u00e7os paralelos cortados na diagonal por outro tra\u00e7o.\" src=\"http:\/\/inclusivenews.com.br\/wp-content\/uploads\/2009\/11\/diferente-300x209.jpg\" alt=\"Inclusive - Diferente - s\u00edmbolo matem\u00e1tico da diferen\u00e7a. Dois tra\u00e7os paralelos cortados na diagonal por outro tra\u00e7o.\" width=\"240\" height=\"167\" \/><\/a><figcaption id=\"caption-attachment-12403\" class=\"wp-caption-text\"> <\/figcaption><\/figure>\n<p><a href=\"http:\/\/www.google.com.br\/url?sa=t&amp;source=web&amp;cd=1&amp;ved=0CCMQFjAA&amp;url=http%3A%2F%2Fwww.redesaude.org.br%2Fportal%2Fcomunica%2F2011-07%2Fincludes_publicacoes%2F01_Relatorio_2009-2010_desigualdades%2520raciais.pdf&amp;ei=Rn1ATpjwBIXl0QHr08jGBw&amp;usg=AFQjCNE9YV0Ll15GtdkC4B_YVPf5_hHyKA\" target=\"_blank\" rel=\"noopener\">Fa\u00e7a download do relat\u00f3rio neste link. <img loading=\"lazy\" decoding=\"async\" title=\"Link abrir\u00e1 em uma nova janela ou aba.\" src=\"http:\/\/www.inclusive.org.br\/images\/new_window.gif\" alt=\"Link abrir\u00e1 em uma nova janela ou aba.\" width=\"16\" height=\"14\" \/><\/a><\/p>\n<p>No dia 28 de julho, \u00e0s 17h30, foi lan\u00e7ado na sede da CESE em Salvador o Relat\u00f3rio Anual das Desigualdades Raciais no Brasil 2009 \u2013 2010. Marcelo Paix\u00e3o, que \u00e9 um dos autores, apresentou o Relat\u00f3rio. Ele atua no Laborat\u00f3rio de An\u00e1lises Econ\u00f4micas, Hist\u00f3ricas, Sociais e Estat\u00edsticas das Rela\u00e7\u00f5es Raciais (LAESER) da Universidade Federal do Rio de Janeiro. A pesquisa comprova a real assimetria no acesso a direitos entre brancos e negros.<\/p>\n<p>As organiza\u00e7\u00f5es n\u00e3o-governamentais CESE, HEIFER Internacional e AVINA promovem o lan\u00e7amento do Relat\u00f3rio Anual das Desigualdades Raciais no Brasil, porque traz subs\u00eddios para os movimentos sociais na luta anti-racista. Tamb\u00e9m contribui na divulga\u00e7\u00e3o das condi\u00e7\u00f5es de vida da popula\u00e7\u00e3o negra e na formula\u00e7\u00e3o de pol\u00edticas p\u00fablicas para a popula\u00e7\u00e3o negra no Brasil.<\/p>\n<p>O Relat\u00f3rio Anual das Desigualdades Raciais no Brasil analisa a evolu\u00e7\u00e3o das desigualdades de cor ou ra\u00e7a no Brasil, por meio de indicadores econ\u00f4micos, sociais e demogr\u00e1ficos desde a Constitui\u00e7\u00e3o de 1988, e promove reflex\u00e3o a respeito dos avan\u00e7os e recuos existentes, verificando a capacidade dos dispositivos constitucionais em reduzir tais assimetrias.<\/p>\n<p>Segundo o professor Marcelo Paix\u00e3o, \u201co projeto usa instrumentos de monitoramento das desigualdades raciais sem excluir as quest\u00f5es de g\u00eanero. Para promover alternativas \u00e0s quest\u00f5es de segrega\u00e7\u00e3o, \u00e9 preciso conhecer as desigualdades\u201d.<\/p>\n<p>Para realizar o estudo, foram utilizadas diversas bases de dados relacionados a aspectos da realidade brasileira e que continham a vari\u00e1vel cor ou ra\u00e7a, como os n\u00fameros da Pesquisa Nacional por Amostra de Domic\u00edlios (PNAD), do Instituto Brasileiro de Geografia e Estat\u00edstica (IBGE), al\u00e9m de dados do Minist\u00e9rio da Sa\u00fade.<\/p>\n<p>Fonte: <a href=\"http:\/\/www.cese.org.br\/site\/noticias\/lancamento-do-relatorio-das-desigualdades-raciais\/\">CESE<\/a><\/p>\n","protected":false},"excerpt":{"rendered":"<p>O Relat\u00f3rio Anual das Desigualdades Raciais (dispon\u00edvel para download) no Brasil analisa a evolu\u00e7\u00e3o das desigualdades de cor ou ra\u00e7a no Brasil, por meio de indicadores econ\u00f4micos, sociais e demogr\u00e1ficos desde a Constitui\u00e7\u00e3o de 1988, e promove reflex\u00e3o a respeito dos avan\u00e7os e recuos existentes, verificando a capacidade dos dispositivos constitucionais em reduzir tais assimetrias.<\/p>\n","protected":false},"author":1,"featured_media":0,"comment_status":"open","ping_status":"open","sticky":false,"template":"","format":"standard","meta":{"site-container-style":"default","site-container-layout":"default","site-sidebar-layout":"default","disable-article-header":"default","disable-site-header":"default","disable-site-footer":"default","disable-content-area-spacing":"default","footnotes":""},"categories":[11,52,4,10,117],"tags":[],"class_list":["post-20595","post","type-post","status-publish","format-standard","hentry","category-direitos-humanos","category-downloadables","category-noticias","category-publicacoes","category-relatorios"],"yoast_head":"<!-- This site is optimized with the Yoast SEO plugin v27.4 - https:\/\/yoast.com\/product\/yoast-seo-wordpress\/ -->\n<title>Relat\u00f3rio Anual das Desigualdades Raciais no Brasil 2009 \u2013 2010 -<\/title>\n<meta name=\"robots\" content=\"index, follow, max-snippet:-1, max-image-preview:large, max-video-preview:-1\" \/>\n<link rel=\"canonical\" href=\"https:\/\/inclusivenews.com.br\/?p=20595\" \/>\n<meta property=\"og:locale\" content=\"pt_PT\" \/>\n<meta property=\"og:type\" content=\"article\" \/>\n<meta property=\"og:title\" content=\"Relat\u00f3rio Anual das Desigualdades Raciais no Brasil 2009 \u2013 2010 -\" \/>\n<meta property=\"og:description\" content=\"O Relat\u00f3rio Anual das Desigualdades Raciais (dispon\u00edvel para download) no Brasil analisa a evolu\u00e7\u00e3o das desigualdades de cor ou ra\u00e7a no Brasil, por meio de indicadores econ\u00f4micos, sociais e demogr\u00e1ficos desde a Constitui\u00e7\u00e3o de 1988, e promove reflex\u00e3o a respeito dos avan\u00e7os e recuos existentes, verificando a capacidade dos dispositivos constitucionais em reduzir tais assimetrias.\" \/>\n<meta property=\"og:url\" content=\"https:\/\/inclusivenews.com.br\/?p=20595\" \/>\n<meta property=\"article:publisher\" content=\"https:\/\/www.facebook.com\/agenciainclusive\/\" \/>\n<meta property=\"article:published_time\" content=\"2011-08-11T10:30:02+00:00\" \/>\n<meta property=\"og:image\" content=\"http:\/\/inclusivenews.com.br\/wp-content\/uploads\/2009\/11\/diferente-300x209.jpg\" \/>\n<meta name=\"author\" content=\"inclusivenews2024\" \/>\n<meta name=\"twitter:card\" content=\"summary_large_image\" \/>\n<meta name=\"twitter:label1\" content=\"Escrito por\" \/>\n\t<meta name=\"twitter:data1\" content=\"inclusivenews2024\" \/>\n\t<meta name=\"twitter:label2\" content=\"Tempo estimado de leitura\" \/>\n\t<meta name=\"twitter:data2\" content=\"2 minutos\" \/>\n<script type=\"application\/ld+json\" class=\"yoast-schema-graph\">{\"@context\":\"https:\\\/\\\/schema.org\",\"@graph\":[{\"@type\":\"Article\",\"@id\":\"https:\\\/\\\/inclusivenews.com.br\\\/?p=20595#article\",\"isPartOf\":{\"@id\":\"https:\\\/\\\/inclusivenews.com.br\\\/?p=20595\"},\"author\":{\"name\":\"inclusivenews2024\",\"@id\":\"https:\\\/\\\/inclusivenews.com.br\\\/#\\\/schema\\\/person\\\/ae4ec7087559b8692fb33b6fffd2273b\"},\"headline\":\"Relat\u00f3rio Anual das Desigualdades Raciais no Brasil 2009 \u2013 2010\",\"datePublished\":\"2011-08-11T10:30:02+00:00\",\"mainEntityOfPage\":{\"@id\":\"https:\\\/\\\/inclusivenews.com.br\\\/?p=20595\"},\"wordCount\":321,\"commentCount\":1,\"publisher\":{\"@id\":\"https:\\\/\\\/inclusivenews.com.br\\\/#organization\"},\"image\":{\"@id\":\"https:\\\/\\\/inclusivenews.com.br\\\/?p=20595#primaryimage\"},\"thumbnailUrl\":\"http:\\\/\\\/inclusivenews.com.br\\\/wp-content\\\/uploads\\\/2009\\\/11\\\/diferente-300x209.jpg\",\"articleSection\":[\"DIREITOS HUMANOS\",\"Downloadables\",\"NOT\u00cdCIAS\",\"PUBLICA\u00c7\u00d5ES\",\"Relat\u00f3rios\"],\"inLanguage\":\"pt-PT\",\"potentialAction\":[{\"@type\":\"CommentAction\",\"name\":\"Comment\",\"target\":[\"https:\\\/\\\/inclusivenews.com.br\\\/?p=20595#respond\"]}]},{\"@type\":\"WebPage\",\"@id\":\"https:\\\/\\\/inclusivenews.com.br\\\/?p=20595\",\"url\":\"https:\\\/\\\/inclusivenews.com.br\\\/?p=20595\",\"name\":\"Relat\u00f3rio Anual das Desigualdades Raciais no Brasil 2009 \u2013 2010 -\",\"isPartOf\":{\"@id\":\"https:\\\/\\\/inclusivenews.com.br\\\/#website\"},\"primaryImageOfPage\":{\"@id\":\"https:\\\/\\\/inclusivenews.com.br\\\/?p=20595#primaryimage\"},\"image\":{\"@id\":\"https:\\\/\\\/inclusivenews.com.br\\\/?p=20595#primaryimage\"},\"thumbnailUrl\":\"http:\\\/\\\/inclusivenews.com.br\\\/wp-content\\\/uploads\\\/2009\\\/11\\\/diferente-300x209.jpg\",\"datePublished\":\"2011-08-11T10:30:02+00:00\",\"breadcrumb\":{\"@id\":\"https:\\\/\\\/inclusivenews.com.br\\\/?p=20595#breadcrumb\"},\"inLanguage\":\"pt-PT\",\"potentialAction\":[{\"@type\":\"ReadAction\",\"target\":[\"https:\\\/\\\/inclusivenews.com.br\\\/?p=20595\"]}]},{\"@type\":\"ImageObject\",\"inLanguage\":\"pt-PT\",\"@id\":\"https:\\\/\\\/inclusivenews.com.br\\\/?p=20595#primaryimage\",\"url\":\"https:\\\/\\\/inclusivenews.com.br\\\/wp-content\\\/uploads\\\/2009\\\/11\\\/diferente.jpg\",\"contentUrl\":\"https:\\\/\\\/inclusivenews.com.br\\\/wp-content\\\/uploads\\\/2009\\\/11\\\/diferente.jpg\",\"width\":356,\"height\":249,\"caption\":\"Inclusive - Diferente - s\u00edmbolo matem\u00e1tico da diferen\u00e7a. Dois tra\u00e7os paralelos cortados na diagonal por outro tra\u00e7o.\"},{\"@type\":\"BreadcrumbList\",\"@id\":\"https:\\\/\\\/inclusivenews.com.br\\\/?p=20595#breadcrumb\",\"itemListElement\":[{\"@type\":\"ListItem\",\"position\":1,\"name\":\"In\u00edcio\",\"item\":\"https:\\\/\\\/inclusivenews.com.br\\\/\"},{\"@type\":\"ListItem\",\"position\":2,\"name\":\"Relat\u00f3rio Anual das Desigualdades Raciais no Brasil 2009 \u2013 2010\"}]},{\"@type\":\"WebSite\",\"@id\":\"https:\\\/\\\/inclusivenews.com.br\\\/#website\",\"url\":\"https:\\\/\\\/inclusivenews.com.br\\\/\",\"name\":\"Inclusive News\",\"description\":\"Inclusive News\",\"publisher\":{\"@id\":\"https:\\\/\\\/inclusivenews.com.br\\\/#organization\"},\"potentialAction\":[{\"@type\":\"SearchAction\",\"target\":{\"@type\":\"EntryPoint\",\"urlTemplate\":\"https:\\\/\\\/inclusivenews.com.br\\\/?s={search_term_string}\"},\"query-input\":{\"@type\":\"PropertyValueSpecification\",\"valueRequired\":true,\"valueName\":\"search_term_string\"}}],\"inLanguage\":\"pt-PT\"},{\"@type\":\"Organization\",\"@id\":\"https:\\\/\\\/inclusivenews.com.br\\\/#organization\",\"name\":\"Inclusive - inclus\u00e3o e cidadania\",\"url\":\"https:\\\/\\\/inclusivenews.com.br\\\/\",\"logo\":{\"@type\":\"ImageObject\",\"inLanguage\":\"pt-PT\",\"@id\":\"https:\\\/\\\/inclusivenews.com.br\\\/#\\\/schema\\\/logo\\\/image\\\/\",\"url\":\"https:\\\/\\\/inclusivenews.com.br\\\/wp-content\\\/uploads\\\/2024\\\/03\\\/@grandesite.png\",\"contentUrl\":\"https:\\\/\\\/inclusivenews.com.br\\\/wp-content\\\/uploads\\\/2024\\\/03\\\/@grandesite.png\",\"width\":1080,\"height\":1080,\"caption\":\"Inclusive - inclus\u00e3o e cidadania\"},\"image\":{\"@id\":\"https:\\\/\\\/inclusivenews.com.br\\\/#\\\/schema\\\/logo\\\/image\\\/\"},\"sameAs\":[\"https:\\\/\\\/www.facebook.com\\\/agenciainclusive\\\/\",\"https:\\\/\\\/www.instagram.com\\\/newsinclusive\\\/\"]},{\"@type\":\"Person\",\"@id\":\"https:\\\/\\\/inclusivenews.com.br\\\/#\\\/schema\\\/person\\\/ae4ec7087559b8692fb33b6fffd2273b\",\"name\":\"inclusivenews2024\",\"image\":{\"@type\":\"ImageObject\",\"inLanguage\":\"pt-PT\",\"@id\":\"https:\\\/\\\/secure.gravatar.com\\\/avatar\\\/c5a7ef84c66fa914f55bc4f7ce26cfa275a3b9a1c5568b907bd184fb4dde7b40?s=96&d=mm&r=g\",\"url\":\"https:\\\/\\\/secure.gravatar.com\\\/avatar\\\/c5a7ef84c66fa914f55bc4f7ce26cfa275a3b9a1c5568b907bd184fb4dde7b40?s=96&d=mm&r=g\",\"contentUrl\":\"https:\\\/\\\/secure.gravatar.com\\\/avatar\\\/c5a7ef84c66fa914f55bc4f7ce26cfa275a3b9a1c5568b907bd184fb4dde7b40?s=96&d=mm&r=g\",\"caption\":\"inclusivenews2024\"},\"sameAs\":[\"https:\\\/\\\/inclusivenews.com.br\"],\"url\":\"https:\\\/\\\/inclusivenews.com.br\\\/?author=1\"}]}<\/script>\n<!-- \/ Yoast SEO plugin. -->","yoast_head_json":{"title":"Relat\u00f3rio Anual das Desigualdades Raciais no Brasil 2009 \u2013 2010 -","robots":{"index":"index","follow":"follow","max-snippet":"max-snippet:-1","max-image-preview":"max-image-preview:large","max-video-preview":"max-video-preview:-1"},"canonical":"https:\/\/inclusivenews.com.br\/?p=20595","og_locale":"pt_PT","og_type":"article","og_title":"Relat\u00f3rio Anual das Desigualdades Raciais no Brasil 2009 \u2013 2010 -","og_description":"O Relat\u00f3rio Anual das Desigualdades Raciais (dispon\u00edvel para download) no Brasil analisa a evolu\u00e7\u00e3o das desigualdades de cor ou ra\u00e7a no Brasil, por meio de indicadores econ\u00f4micos, sociais e demogr\u00e1ficos desde a Constitui\u00e7\u00e3o de 1988, e promove reflex\u00e3o a respeito dos avan\u00e7os e recuos existentes, verificando a capacidade dos dispositivos constitucionais em reduzir tais assimetrias.","og_url":"https:\/\/inclusivenews.com.br\/?p=20595","article_publisher":"https:\/\/www.facebook.com\/agenciainclusive\/","article_published_time":"2011-08-11T10:30:02+00:00","og_image":[{"url":"http:\/\/inclusivenews.com.br\/wp-content\/uploads\/2009\/11\/diferente-300x209.jpg","type":"","width":"","height":""}],"author":"inclusivenews2024","twitter_card":"summary_large_image","twitter_misc":{"Escrito por":"inclusivenews2024","Tempo estimado de leitura":"2 minutos"},"schema":{"@context":"https:\/\/schema.org","@graph":[{"@type":"Article","@id":"https:\/\/inclusivenews.com.br\/?p=20595#article","isPartOf":{"@id":"https:\/\/inclusivenews.com.br\/?p=20595"},"author":{"name":"inclusivenews2024","@id":"https:\/\/inclusivenews.com.br\/#\/schema\/person\/ae4ec7087559b8692fb33b6fffd2273b"},"headline":"Relat\u00f3rio Anual das Desigualdades Raciais no Brasil 2009 \u2013 2010","datePublished":"2011-08-11T10:30:02+00:00","mainEntityOfPage":{"@id":"https:\/\/inclusivenews.com.br\/?p=20595"},"wordCount":321,"commentCount":1,"publisher":{"@id":"https:\/\/inclusivenews.com.br\/#organization"},"image":{"@id":"https:\/\/inclusivenews.com.br\/?p=20595#primaryimage"},"thumbnailUrl":"http:\/\/inclusivenews.com.br\/wp-content\/uploads\/2009\/11\/diferente-300x209.jpg","articleSection":["DIREITOS HUMANOS","Downloadables","NOT\u00cdCIAS","PUBLICA\u00c7\u00d5ES","Relat\u00f3rios"],"inLanguage":"pt-PT","potentialAction":[{"@type":"CommentAction","name":"Comment","target":["https:\/\/inclusivenews.com.br\/?p=20595#respond"]}]},{"@type":"WebPage","@id":"https:\/\/inclusivenews.com.br\/?p=20595","url":"https:\/\/inclusivenews.com.br\/?p=20595","name":"Relat\u00f3rio Anual das Desigualdades Raciais no Brasil 2009 \u2013 2010 -","isPartOf":{"@id":"https:\/\/inclusivenews.com.br\/#website"},"primaryImageOfPage":{"@id":"https:\/\/inclusivenews.com.br\/?p=20595#primaryimage"},"image":{"@id":"https:\/\/inclusivenews.com.br\/?p=20595#primaryimage"},"thumbnailUrl":"http:\/\/inclusivenews.com.br\/wp-content\/uploads\/2009\/11\/diferente-300x209.jpg","datePublished":"2011-08-11T10:30:02+00:00","breadcrumb":{"@id":"https:\/\/inclusivenews.com.br\/?p=20595#breadcrumb"},"inLanguage":"pt-PT","potentialAction":[{"@type":"ReadAction","target":["https:\/\/inclusivenews.com.br\/?p=20595"]}]},{"@type":"ImageObject","inLanguage":"pt-PT","@id":"https:\/\/inclusivenews.com.br\/?p=20595#primaryimage","url":"https:\/\/inclusivenews.com.br\/wp-content\/uploads\/2009\/11\/diferente.jpg","contentUrl":"https:\/\/inclusivenews.com.br\/wp-content\/uploads\/2009\/11\/diferente.jpg","width":356,"height":249,"caption":"Inclusive - Diferente - s\u00edmbolo matem\u00e1tico da diferen\u00e7a. Dois tra\u00e7os paralelos cortados na diagonal por outro tra\u00e7o."},{"@type":"BreadcrumbList","@id":"https:\/\/inclusivenews.com.br\/?p=20595#breadcrumb","itemListElement":[{"@type":"ListItem","position":1,"name":"In\u00edcio","item":"https:\/\/inclusivenews.com.br\/"},{"@type":"ListItem","position":2,"name":"Relat\u00f3rio Anual das Desigualdades Raciais no Brasil 2009 \u2013 2010"}]},{"@type":"WebSite","@id":"https:\/\/inclusivenews.com.br\/#website","url":"https:\/\/inclusivenews.com.br\/","name":"Inclusive News","description":"Inclusive News","publisher":{"@id":"https:\/\/inclusivenews.com.br\/#organization"},"potentialAction":[{"@type":"SearchAction","target":{"@type":"EntryPoint","urlTemplate":"https:\/\/inclusivenews.com.br\/?s={search_term_string}"},"query-input":{"@type":"PropertyValueSpecification","valueRequired":true,"valueName":"search_term_string"}}],"inLanguage":"pt-PT"},{"@type":"Organization","@id":"https:\/\/inclusivenews.com.br\/#organization","name":"Inclusive - inclus\u00e3o e cidadania","url":"https:\/\/inclusivenews.com.br\/","logo":{"@type":"ImageObject","inLanguage":"pt-PT","@id":"https:\/\/inclusivenews.com.br\/#\/schema\/logo\/image\/","url":"https:\/\/inclusivenews.com.br\/wp-content\/uploads\/2024\/03\/@grandesite.png","contentUrl":"https:\/\/inclusivenews.com.br\/wp-content\/uploads\/2024\/03\/@grandesite.png","width":1080,"height":1080,"caption":"Inclusive - inclus\u00e3o e cidadania"},"image":{"@id":"https:\/\/inclusivenews.com.br\/#\/schema\/logo\/image\/"},"sameAs":["https:\/\/www.facebook.com\/agenciainclusive\/","https:\/\/www.instagram.com\/newsinclusive\/"]},{"@type":"Person","@id":"https:\/\/inclusivenews.com.br\/#\/schema\/person\/ae4ec7087559b8692fb33b6fffd2273b","name":"inclusivenews2024","image":{"@type":"ImageObject","inLanguage":"pt-PT","@id":"https:\/\/secure.gravatar.com\/avatar\/c5a7ef84c66fa914f55bc4f7ce26cfa275a3b9a1c5568b907bd184fb4dde7b40?s=96&d=mm&r=g","url":"https:\/\/secure.gravatar.com\/avatar\/c5a7ef84c66fa914f55bc4f7ce26cfa275a3b9a1c5568b907bd184fb4dde7b40?s=96&d=mm&r=g","contentUrl":"https:\/\/secure.gravatar.com\/avatar\/c5a7ef84c66fa914f55bc4f7ce26cfa275a3b9a1c5568b907bd184fb4dde7b40?s=96&d=mm&r=g","caption":"inclusivenews2024"},"sameAs":["https:\/\/inclusivenews.com.br"],"url":"https:\/\/inclusivenews.com.br\/?author=1"}]}},"_links":{"self":[{"href":"https:\/\/inclusivenews.com.br\/index.php?rest_route=\/wp\/v2\/posts\/20595","targetHints":{"allow":["GET"]}}],"collection":[{"href":"https:\/\/inclusivenews.com.br\/index.php?rest_route=\/wp\/v2\/posts"}],"about":[{"href":"https:\/\/inclusivenews.com.br\/index.php?rest_route=\/wp\/v2\/types\/post"}],"author":[{"embeddable":true,"href":"https:\/\/inclusivenews.com.br\/index.php?rest_route=\/wp\/v2\/users\/1"}],"replies":[{"embeddable":true,"href":"https:\/\/inclusivenews.com.br\/index.php?rest_route=%2Fwp%2Fv2%2Fcomments&post=20595"}],"version-history":[{"count":0,"href":"https:\/\/inclusivenews.com.br\/index.php?rest_route=\/wp\/v2\/posts\/20595\/revisions"}],"wp:attachment":[{"href":"https:\/\/inclusivenews.com.br\/index.php?rest_route=%2Fwp%2Fv2%2Fmedia&parent=20595"}],"wp:term":[{"taxonomy":"category","embeddable":true,"href":"https:\/\/inclusivenews.com.br\/index.php?rest_route=%2Fwp%2Fv2%2Fcategories&post=20595"},{"taxonomy":"post_tag","embeddable":true,"href":"https:\/\/inclusivenews.com.br\/index.php?rest_route=%2Fwp%2Fv2%2Ftags&post=20595"}],"curies":[{"name":"wp","href":"https:\/\/api.w.org\/{rel}","templated":true}]}}